{"id":3429,"date":"2024-04-07T19:14:21","date_gmt":"2024-04-07T17:14:21","guid":{"rendered":"https:\/\/www.ondernemendvenlo.nl\/jonge-logistieke-dienstverlener-kiest-voor-maatwerk-zonder-vaste-menukaart\/"},"modified":"2025-04-07T19:23:26","modified_gmt":"2025-04-07T17:23:26","slug":"jonge-logistieke-dienstverlener-kiest-voor-maatwerk-zonder-vaste-menukaart","status":"publish","type":"post","link":"https:\/\/www.ondernemendvenlo.nl\/de\/jonge-logistieke-dienstverlener-kiest-voor-maatwerk-zonder-vaste-menukaart\/","title":{"rendered":"Junger Logistikdienstleister setzt auf Individualisierung ohne festes Men\u00fc"},"content":{"rendered":"<p class=\"p1\"><strong><span class=\"s1\">Die BF Global Group ist ein relativ junger Logistikdienstleister, der seit 2012 t\u00e4tig ist. Ein Teil dieser Gruppe ist BF Global Warehouse BV. Im Jahr 2022 entschied sich das Unternehmen, seine Aktivit\u00e4ten in Belfeld zu erweitern, wo es derzeit ein 38.000 m2 gro\u00dfes Distributionszentrum betreibt. <\/span><\/strong><\/p>\n<blockquote>\n<p class=\"p1\"><span class=\"s1\">Unser Slogan lautet: <\/span><span class=\"s1\">Wir nehmen es pers\u00f6nlich'.<\/span><\/p>\n<\/blockquote>\n<p class=\"p1\"><span class=\"s1\">\"In Venlo hatten wir Zugang zu 12.000 Quadratmetern, aber unsere Kunden wollten mehr, und wir wollten wachsen\", erkl\u00e4rt Roy Hanraets, Leiter des Lagerbetriebs. \"Au\u00dferdem stellen wir fest, dass dank dieses Standorts mehr Kunden aus dem S\u00fcden der Provinz leichter zu uns finden. Wir sind f\u00fcr die Zukunft ger\u00fcstet, k\u00f6nnen weiter wachsen und bei Bedarf zus\u00e4tzlichen Platz schaffen. Nat\u00fcrlich haben wir immer einige Quadratmeter oder Regalpl\u00e4tze frei, damit Interessenten auf uns zukommen k\u00f6nnen. Wir haben in Belfeld unter anderem 35.000 Palettenstellpl\u00e4tze, Mezzanine und ausreichend Bodenfl\u00e4che.\"<\/span><\/p>\n<p class=\"p3\"><strong>Lagerverwaltungssystem<\/strong><b><br \/>\n<\/b>BF <span class=\"s1\">Die Global Group bietet Stra\u00dfen-, See- und Lufttransporte und nat\u00fcrlich auch Lagert\u00e4tigkeiten an. Neben Belfeld gibt es einen weiteren Standort in Raamsdonksveer mit 6.000 Quadratmetern. In beiden Lagern ist es m\u00f6glich, Waren f\u00fcr kurze oder lange Zeit zu lagern. Die Sendungen k\u00f6nnen auf Richtigkeit, Qualit\u00e4t und Quantit\u00e4t gepr\u00fcft, sortiert und neu verpackt werden. Mit dem hauseigenen WMS ist es m\u00f6glich, die Best\u00e4nde zu verfolgen, den Auftragsfortschritt zu \u00fcberpr\u00fcfen und Online-Bestellungen zu bearbeiten. \"Dies erm\u00f6glicht den Kunden eine effiziente Verwaltung ihres gesamten Lagerbestands\", so Hanraets.<\/span><\/p>\n<blockquote>\n<p class=\"p1\"><span class=\"s1\">Die BF Global Group bietet Transporte auf der Stra\u00dfe, zur See, in der Luft und nat\u00fcrlich auch im Lager an.<\/span><\/p>\n<\/blockquote>\n<p class=\"p3\"><strong>Kein Standardmen\u00fc<\/strong><b><br \/>\n<\/b>V<span class=\"s1\">as Tegeler Unternehmen Hanraets ist gerne auch regional aktiv. \"Wir arbeiten regelm\u00e4\u00dfig mit Kollegen von Wettbewerbern und lokalen Lieferanten zusammen. Es ist sch\u00f6n, sich gegenseitig zu helfen. Nat\u00fcrlich haben wir viele verschiedene Kunden: nationale und internationale, aber sie sind auch unterschiedlich gro\u00df und haben unterschiedliche Produkte. Zum Beispiel Solarprodukte, Sportartikel, Kochutensilien, Spielzeug oder Pflegehilfsmittel. Es gibt nichts, was nicht bei uns vorbeikommt.\" Neben den regul\u00e4ren Aufgaben als Logistikdienstleister wird am Standort Belfeld auch ein E-Fulfillment betrieben. Wir fragen immer nach den W\u00fcnschen der Kunden. Auch wenn etwas nicht klappt, sind wir ehrlich zu ihm. Den Kunden wird kein Standardmen\u00fc angeboten. Wir bieten verschiedene Mehrwertdienste an, die die Parteien in Anspruch nehmen k\u00f6nnen. Manche Unternehmen wenden sich an uns und fragen, ob sie eine bestimmte Menge an Paletten f\u00fcr einen l\u00e4ngeren Zeitraum bei uns lagern k\u00f6nnen. Bei anderen Kunden kommen die Produkte an, werden sortiert und sind einen halben Tag sp\u00e4ter wieder weg. Unsere Partner k\u00f6nnen aus verschiedenen Optionen w\u00e4hlen.\" <\/span><\/p>\n<p class=\"p1\"><span class=\"s1\">Um den Ansatz dieses Logistikdienstleisters zu konkretisieren, gibt Hanraets ein praktisches Beispiel. \"Wir k\u00f6nnen Produkte in China abholen, sie in Belfeld lagern, verarbeiten und dann an ihre Kunden liefern. Das kann ein Gesch\u00e4ft in Paris oder eine Fabrik in England sein. Nein, wir haben keine eigenen LKWs auf der Stra\u00dfe. Wir sind ein Spediteur und arbeiten mit exklusiven Partnern zusammen.\"<\/span><\/p>\n<blockquote>\n<p class=\"p1\"><span class=\"s1\">Die St\u00e4rke von Markeninhalten liegt in ihrer F\u00e4higkeit, Menschen zu ber\u00fchren und sie mit Ihrer Marke zu verbinden.<\/span><\/p>\n<\/blockquote>\n<p class=\"p3\"><strong>Team<br \/>\n<\/strong><span class=\"s1\">Zu diesen Partnern geh\u00f6ren eine Reihe von Personalvermittlern<\/span>Organisationen. Wir wissen morgens oft nicht, was wir abends machen sollen, was einen schnellen Wechsel bedeutet, auch bei Zeitarbeitskr\u00e4ften. Zum Gl\u00fcck haben wir gen\u00fcgend Vollzeitstellen und dar\u00fcber hinaus Mitarbeiter mit variablen Vertr\u00e4gen. Diese Mitarbeiter sind flexibel einsetzbar, was in diesem Sektor sehr wichtig ist. Au\u00dferdem entscheiden sich viele bewusst daf\u00fcr. Der eine arbeitet gerne nachmittags, ein anderer bevorzugt die Abendschicht oder arbeitet nachts. Jeder hat seine eigene Vorliebe f\u00fcr eine ausgewogene Work-Life-Balance. Wenn sie einmal etwas l\u00e4nger arbeiten m\u00fcssen, beklagt sich niemand. Denn ein anderes Mal k\u00f6nnen sie ein bisschen fr\u00fcher nach Hause gehen. Wir arbeiten auch mit einem Cross-Training-Programm, damit die Leute in mehreren Abteilungen eingesetzt werden k\u00f6nnen.<\/p>\n<p class=\"p3\"><strong>Offene flache Organisation<br \/>\n<\/strong><span class=\"s1\">Wie bereits erw\u00e4hnt, verf\u00fcgt die BF Global Group \u00fcber ein gro\u00dfes Netzwerk. \"Wir sind ein junges Unternehmen, und oft werden neue Kontakte durch Mundpropaganda gekn\u00fcpft. Unser Slogan lautet nicht umsonst 'Wir nehmen es pers\u00f6nlich'. Alles, was wir tun, tun wir aufrichtig.\" Hanraets zufolge \u00fcberlegt das gesamte Team auch, wie es bestimmte Abl\u00e4ufe intelligenter gestalten kann. \"Alle 170 Mitarbeiter der BF Global Group sind in dieser Hinsicht wichtig. Davon sind knapp 70 im Lager t\u00e4tig. Wir haben eine flache, offene Organisation, in der jeder bis zum obersten Chef leicht erreichbar ist. Das tr\u00e4gt zu einer angenehmen Arbeitsatmosph\u00e4re bei. Ich bin jetzt seit acht Jahren hier besch\u00e4ftigt und die meisten der alten Hasen arbeiten immer noch gerne hier. Darauf sind wir stolz! Wir verbringen mehrere Stunden am Tag miteinander. Da ist es wichtig, regelm\u00e4\u00dfig zu scherzen, sich aber auch gegenseitig aufzur\u00fctteln. Dabei achten wir die W\u00fcrde eines jeden. Unsere Leute haben Spa\u00df bei der Arbeit. Das ist das Wichtigste.\"<\/span><\/p>\n<p class=\"p1\"><strong><em><img fetchpriority=\"high\" decoding=\"async\" class=\"size-medium wp-image-21763 alignleft\" src=\"https:\/\/www.ondernemendvenlo.nl\/wp-content\/uploads\/2025\/04\/OVenlo_2_2024_RoyHanraets_1080x1080-300x300.jpg\" alt=\"\" width=\"300\" height=\"300\" \/>Roy <\/em><\/strong><strong><em>Hanraets<br \/>\n<\/em><\/strong><em>Der in Tegelen geborene und wohnhafte Roy Hanraets ist verheiratet, hat eine 17-j\u00e4hrige Tochter und einen 20-j\u00e4hrigen Sohn und ist seit Dezember 2016 bei BF Global t\u00e4tig. \"Ich habe mehrere Berufsausbildungen gemacht und nat\u00fcrlich viel in der Praxis in verschiedenen Unternehmen gelernt. Der Eigent\u00fcmer Fons Verbunt kam vor acht Jahren auf mich zu und bat mich, ein Lager in Venlo aufzubauen, d.h. einzurichten und in Betrieb zu nehmen. Es hat sofort Klick gemacht und dieses gute Gef\u00fchl hat mich \u00fcberzeugt, mich f\u00fcr Fons und seine BF zu entscheiden, und das hat uns dorthin gebracht, wo wir heute sind.<\/em><\/p>\n<p class=\"p3\"><em>Hanraets hat keine wirklichen Hobbys, er genie\u00dft es, zu leben und den Tag zu gestalten. \"Ich gehe viel mit unserem Hund spazieren oder fahre mit meiner Frau oder Freunden Rad. Au\u00dferdem gehen wir manchmal ins Theater, ich gehe gerne essen oder einfach nur auf eine Terrasse. So kann ich gut entspannen und BF ist nat\u00fcrlich auch ein bisschen ein Hobby.\"<\/em><\/p>\n<p class=\"p3\"><a href=\"http:\/\/www.bfglogistics.com\" target=\"_blank\" rel=\"noopener\"><strong>www.bfglogistics.com<\/strong><\/a><\/p>\n<p><em>TEXT: ROB BUCHHOLZ - FOTOGRAFIE: BRAM BECKS<\/em><\/p>","protected":false},"excerpt":{"rendered":"<p>De BF Global Group is een relatief jonge logistieke dienstverlener die sinds 2012 actief is. Een onderdeel van deze Group is BF Global Warehouse BV. In 2022 koos het bedrijf voor een uitbreiding van de activiteiten in Belfeld, waar het tegenwoordig vanuit een 38.000m2 groot distributiecentrum actief is. \u2018Onze slogan luidt: We take it personally.\u2019 [&hellip;]<\/p>","protected":false},"author":1,"featured_media":3430,"comment_status":"closed","ping_status":"closed","sticky":false,"template":"","format":"standard","meta":{"_acf_changed":false,"footnotes":""},"categories":[21],"tags":[],"class_list":["post-3429","post","type-post","status-publish","format-standard","has-post-thumbnail","hentry","category-magazine"],"acf":[],"yoast_head":"<!-- This site is optimized with the Yoast SEO plugin v26.3 - https:\/\/yoast.com\/wordpress\/plugins\/seo\/ -->\n<title>Jonge logistieke dienstverlener kiest voor maatwerk zonder vaste menukaart - Ondernemend Venlo<\/title>\n<meta name=\"robots\" content=\"index, follow, max-snippet:-1, max-image-preview:large, max-video-preview:-1\" \/>\n<link rel=\"canonical\" href=\"https:\/\/www.ondernemendvenlo.nl\/de\/jonge-logistieke-dienstverlener-kiest-voor-maatwerk-zonder-vaste-menukaart\/\" \/>\n<meta property=\"og:locale\" content=\"de_DE\" \/>\n<meta property=\"og:type\" content=\"article\" \/>\n<meta property=\"og:title\" content=\"Jonge logistieke dienstverlener kiest voor maatwerk zonder vaste menukaart - Ondernemend Venlo\" \/>\n<meta property=\"og:description\" content=\"De BF Global Group is een relatief jonge logistieke dienstverlener die sinds 2012 actief is. Een onderdeel van deze Group is BF Global Warehouse BV. In 2022 koos het bedrijf voor een uitbreiding van de activiteiten in Belfeld, waar het tegenwoordig vanuit een 38.000m2 groot distributiecentrum actief is. \u2018Onze slogan luidt: We take it personally.\u2019 [&hellip;]\" \/>\n<meta property=\"og:url\" content=\"https:\/\/www.ondernemendvenlo.nl\/de\/jonge-logistieke-dienstverlener-kiest-voor-maatwerk-zonder-vaste-menukaart\/\" \/>\n<meta property=\"og:site_name\" content=\"Ondernemend Venlo\" \/>\n<meta property=\"article:published_time\" content=\"2024-04-07T17:14:21+00:00\" \/>\n<meta property=\"article:modified_time\" content=\"2025-04-07T17:23:26+00:00\" \/>\n<meta property=\"og:image\" content=\"https:\/\/www.ondernemendvenlo.nl\/wp-content\/uploads\/2025\/04\/OVenlo_2_2024_RoyHanraets_1080x1080.jpg\" \/>\n\t<meta property=\"og:image:width\" content=\"1080\" \/>\n\t<meta property=\"og:image:height\" content=\"1080\" \/>\n\t<meta property=\"og:image:type\" content=\"image\/jpeg\" \/>\n<meta name=\"author\" content=\"admin\" \/>\n<meta name=\"twitter:card\" content=\"summary_large_image\" \/>\n<meta name=\"twitter:label1\" content=\"Verfasst von\" \/>\n\t<meta name=\"twitter:data1\" content=\"admin\" \/>\n\t<meta name=\"twitter:label2\" content=\"Gesch\u00e4tzte Lesezeit\" \/>\n\t<meta name=\"twitter:data2\" content=\"5\u00a0Minuten\" \/>\n<script type=\"application\/ld+json\" class=\"yoast-schema-graph\">{\"@context\":\"https:\/\/schema.org\",\"@graph\":[{\"@type\":\"Article\",\"@id\":\"https:\/\/www.ondernemendvenlo.nl\/jonge-logistieke-dienstverlener-kiest-voor-maatwerk-zonder-vaste-menukaart\/#article\",\"isPartOf\":{\"@id\":\"https:\/\/www.ondernemendvenlo.nl\/jonge-logistieke-dienstverlener-kiest-voor-maatwerk-zonder-vaste-menukaart\/\"},\"author\":{\"name\":\"admin\",\"@id\":\"https:\/\/www.ondernemendvenlo.nl\/#\/schema\/person\/347e935f8ad4c7030608ef74bb57aa6e\"},\"headline\":\"Jonge logistieke dienstverlener kiest voor maatwerk zonder vaste menukaart\",\"datePublished\":\"2024-04-07T17:14:21+00:00\",\"dateModified\":\"2025-04-07T17:23:26+00:00\",\"mainEntityOfPage\":{\"@id\":\"https:\/\/www.ondernemendvenlo.nl\/jonge-logistieke-dienstverlener-kiest-voor-maatwerk-zonder-vaste-menukaart\/\"},\"wordCount\":1017,\"publisher\":{\"@id\":\"https:\/\/www.ondernemendvenlo.nl\/#organization\"},\"image\":{\"@id\":\"https:\/\/www.ondernemendvenlo.nl\/jonge-logistieke-dienstverlener-kiest-voor-maatwerk-zonder-vaste-menukaart\/#primaryimage\"},\"thumbnailUrl\":\"https:\/\/www.ondernemendvenlo.nl\/wp-content\/uploads\/2025\/04\/OVenlo_2_2024_RoyHanraets_1080x1080.jpg\",\"articleSection\":[\"Magazine Ondernemend Venlo\"],\"inLanguage\":\"de\"},{\"@type\":\"WebPage\",\"@id\":\"https:\/\/www.ondernemendvenlo.nl\/jonge-logistieke-dienstverlener-kiest-voor-maatwerk-zonder-vaste-menukaart\/\",\"url\":\"https:\/\/www.ondernemendvenlo.nl\/jonge-logistieke-dienstverlener-kiest-voor-maatwerk-zonder-vaste-menukaart\/\",\"name\":\"Jonge logistieke dienstverlener kiest voor maatwerk zonder vaste menukaart - Ondernemend Venlo\",\"isPartOf\":{\"@id\":\"https:\/\/www.ondernemendvenlo.nl\/#website\"},\"primaryImageOfPage\":{\"@id\":\"https:\/\/www.ondernemendvenlo.nl\/jonge-logistieke-dienstverlener-kiest-voor-maatwerk-zonder-vaste-menukaart\/#primaryimage\"},\"image\":{\"@id\":\"https:\/\/www.ondernemendvenlo.nl\/jonge-logistieke-dienstverlener-kiest-voor-maatwerk-zonder-vaste-menukaart\/#primaryimage\"},\"thumbnailUrl\":\"https:\/\/www.ondernemendvenlo.nl\/wp-content\/uploads\/2025\/04\/OVenlo_2_2024_RoyHanraets_1080x1080.jpg\",\"datePublished\":\"2024-04-07T17:14:21+00:00\",\"dateModified\":\"2025-04-07T17:23:26+00:00\",\"breadcrumb\":{\"@id\":\"https:\/\/www.ondernemendvenlo.nl\/jonge-logistieke-dienstverlener-kiest-voor-maatwerk-zonder-vaste-menukaart\/#breadcrumb\"},\"inLanguage\":\"de\",\"potentialAction\":[{\"@type\":\"ReadAction\",\"target\":[\"https:\/\/www.ondernemendvenlo.nl\/jonge-logistieke-dienstverlener-kiest-voor-maatwerk-zonder-vaste-menukaart\/\"]}]},{\"@type\":\"ImageObject\",\"inLanguage\":\"de\",\"@id\":\"https:\/\/www.ondernemendvenlo.nl\/jonge-logistieke-dienstverlener-kiest-voor-maatwerk-zonder-vaste-menukaart\/#primaryimage\",\"url\":\"https:\/\/www.ondernemendvenlo.nl\/wp-content\/uploads\/2025\/04\/OVenlo_2_2024_RoyHanraets_1080x1080.jpg\",\"contentUrl\":\"https:\/\/www.ondernemendvenlo.nl\/wp-content\/uploads\/2025\/04\/OVenlo_2_2024_RoyHanraets_1080x1080.jpg\",\"width\":1080,\"height\":1080},{\"@type\":\"BreadcrumbList\",\"@id\":\"https:\/\/www.ondernemendvenlo.nl\/jonge-logistieke-dienstverlener-kiest-voor-maatwerk-zonder-vaste-menukaart\/#breadcrumb\",\"itemListElement\":[{\"@type\":\"ListItem\",\"position\":1,\"name\":\"Ondernemend Venlo\",\"item\":\"https:\/\/www.ondernemendvenlo.nl\/\"},{\"@type\":\"ListItem\",\"position\":2,\"name\":\"Magazine Ondernemend Venlo\",\"item\":\"https:\/\/www.ondernemendvenlo.nl\/categorie\/magazine\/\"},{\"@type\":\"ListItem\",\"position\":3,\"name\":\"Jonge logistieke dienstverlener kiest voor maatwerk zonder vaste menukaart\"}]},{\"@type\":\"WebSite\",\"@id\":\"https:\/\/www.ondernemendvenlo.nl\/#website\",\"url\":\"https:\/\/www.ondernemendvenlo.nl\/\",\"name\":\"Ondernemend Venlo\",\"description\":\"Samen succesvol ondernemen\",\"publisher\":{\"@id\":\"https:\/\/www.ondernemendvenlo.nl\/#organization\"},\"potentialAction\":[{\"@type\":\"SearchAction\",\"target\":{\"@type\":\"EntryPoint\",\"urlTemplate\":\"https:\/\/www.ondernemendvenlo.nl\/?s={search_term_string}\"},\"query-input\":{\"@type\":\"PropertyValueSpecification\",\"valueRequired\":true,\"valueName\":\"search_term_string\"}}],\"inLanguage\":\"de\"},{\"@type\":\"Organization\",\"@id\":\"https:\/\/www.ondernemendvenlo.nl\/#organization\",\"name\":\"Ondernemend Venlo\",\"url\":\"https:\/\/www.ondernemendvenlo.nl\/\",\"logo\":{\"@type\":\"ImageObject\",\"inLanguage\":\"de\",\"@id\":\"https:\/\/www.ondernemendvenlo.nl\/#\/schema\/logo\/image\/\",\"url\":\"https:\/\/www.ondernemendvenlo.nl\/wp-content\/uploads\/2025\/02\/Ondernemend-Venlo-logo-scaled.webp\",\"contentUrl\":\"https:\/\/www.ondernemendvenlo.nl\/wp-content\/uploads\/2025\/02\/Ondernemend-Venlo-logo-scaled.webp\",\"width\":2560,\"height\":1010,\"caption\":\"Ondernemend Venlo\"},\"image\":{\"@id\":\"https:\/\/www.ondernemendvenlo.nl\/#\/schema\/logo\/image\/\"},\"sameAs\":[\"https:\/\/www.linkedin.com\/company\/ondernemend-venlo\/\"]},{\"@type\":\"Person\",\"@id\":\"https:\/\/www.ondernemendvenlo.nl\/#\/schema\/person\/347e935f8ad4c7030608ef74bb57aa6e\",\"name\":\"admin\",\"image\":{\"@type\":\"ImageObject\",\"inLanguage\":\"de\",\"@id\":\"https:\/\/www.ondernemendvenlo.nl\/#\/schema\/person\/image\/\",\"url\":\"https:\/\/www.ondernemendvenlo.nl\/wp-content\/litespeed\/avatar\/720af750b037aecf6e33e12833479059.jpg?ver=1777382954\",\"contentUrl\":\"https:\/\/www.ondernemendvenlo.nl\/wp-content\/litespeed\/avatar\/720af750b037aecf6e33e12833479059.jpg?ver=1777382954\",\"caption\":\"admin\"},\"sameAs\":[\"https:\/\/www.ondernemendvenlo.nl\"]}]}<\/script>\n<!-- \/ Yoast SEO plugin. -->","yoast_head_json":{"title":"Jonge logistieke dienstverlener kiest voor maatwerk zonder vaste menukaart - Ondernemend Venlo","robots":{"index":"index","follow":"follow","max-snippet":"max-snippet:-1","max-image-preview":"max-image-preview:large","max-video-preview":"max-video-preview:-1"},"canonical":"https:\/\/www.ondernemendvenlo.nl\/de\/jonge-logistieke-dienstverlener-kiest-voor-maatwerk-zonder-vaste-menukaart\/","og_locale":"de_DE","og_type":"article","og_title":"Jonge logistieke dienstverlener kiest voor maatwerk zonder vaste menukaart - Ondernemend Venlo","og_description":"De BF Global Group is een relatief jonge logistieke dienstverlener die sinds 2012 actief is. Een onderdeel van deze Group is BF Global Warehouse BV. In 2022 koos het bedrijf voor een uitbreiding van de activiteiten in Belfeld, waar het tegenwoordig vanuit een 38.000m2 groot distributiecentrum actief is. \u2018Onze slogan luidt: We take it personally.\u2019 [&hellip;]","og_url":"https:\/\/www.ondernemendvenlo.nl\/de\/jonge-logistieke-dienstverlener-kiest-voor-maatwerk-zonder-vaste-menukaart\/","og_site_name":"Ondernemend Venlo","article_published_time":"2024-04-07T17:14:21+00:00","article_modified_time":"2025-04-07T17:23:26+00:00","og_image":[{"width":1080,"height":1080,"url":"https:\/\/www.ondernemendvenlo.nl\/wp-content\/uploads\/2025\/04\/OVenlo_2_2024_RoyHanraets_1080x1080.jpg","type":"image\/jpeg"}],"author":"admin","twitter_card":"summary_large_image","twitter_misc":{"Verfasst von":"admin","Gesch\u00e4tzte Lesezeit":"5\u00a0Minuten"},"schema":{"@context":"https:\/\/schema.org","@graph":[{"@type":"Article","@id":"https:\/\/www.ondernemendvenlo.nl\/jonge-logistieke-dienstverlener-kiest-voor-maatwerk-zonder-vaste-menukaart\/#article","isPartOf":{"@id":"https:\/\/www.ondernemendvenlo.nl\/jonge-logistieke-dienstverlener-kiest-voor-maatwerk-zonder-vaste-menukaart\/"},"author":{"name":"admin","@id":"https:\/\/www.ondernemendvenlo.nl\/#\/schema\/person\/347e935f8ad4c7030608ef74bb57aa6e"},"headline":"Jonge logistieke dienstverlener kiest voor maatwerk zonder vaste menukaart","datePublished":"2024-04-07T17:14:21+00:00","dateModified":"2025-04-07T17:23:26+00:00","mainEntityOfPage":{"@id":"https:\/\/www.ondernemendvenlo.nl\/jonge-logistieke-dienstverlener-kiest-voor-maatwerk-zonder-vaste-menukaart\/"},"wordCount":1017,"publisher":{"@id":"https:\/\/www.ondernemendvenlo.nl\/#organization"},"image":{"@id":"https:\/\/www.ondernemendvenlo.nl\/jonge-logistieke-dienstverlener-kiest-voor-maatwerk-zonder-vaste-menukaart\/#primaryimage"},"thumbnailUrl":"https:\/\/www.ondernemendvenlo.nl\/wp-content\/uploads\/2025\/04\/OVenlo_2_2024_RoyHanraets_1080x1080.jpg","articleSection":["Magazine Ondernemend Venlo"],"inLanguage":"de"},{"@type":"WebPage","@id":"https:\/\/www.ondernemendvenlo.nl\/jonge-logistieke-dienstverlener-kiest-voor-maatwerk-zonder-vaste-menukaart\/","url":"https:\/\/www.ondernemendvenlo.nl\/jonge-logistieke-dienstverlener-kiest-voor-maatwerk-zonder-vaste-menukaart\/","name":"Jonge logistieke dienstverlener kiest voor maatwerk zonder vaste menukaart - Ondernemend Venlo","isPartOf":{"@id":"https:\/\/www.ondernemendvenlo.nl\/#website"},"primaryImageOfPage":{"@id":"https:\/\/www.ondernemendvenlo.nl\/jonge-logistieke-dienstverlener-kiest-voor-maatwerk-zonder-vaste-menukaart\/#primaryimage"},"image":{"@id":"https:\/\/www.ondernemendvenlo.nl\/jonge-logistieke-dienstverlener-kiest-voor-maatwerk-zonder-vaste-menukaart\/#primaryimage"},"thumbnailUrl":"https:\/\/www.ondernemendvenlo.nl\/wp-content\/uploads\/2025\/04\/OVenlo_2_2024_RoyHanraets_1080x1080.jpg","datePublished":"2024-04-07T17:14:21+00:00","dateModified":"2025-04-07T17:23:26+00:00","breadcrumb":{"@id":"https:\/\/www.ondernemendvenlo.nl\/jonge-logistieke-dienstverlener-kiest-voor-maatwerk-zonder-vaste-menukaart\/#breadcrumb"},"inLanguage":"de","potentialAction":[{"@type":"ReadAction","target":["https:\/\/www.ondernemendvenlo.nl\/jonge-logistieke-dienstverlener-kiest-voor-maatwerk-zonder-vaste-menukaart\/"]}]},{"@type":"ImageObject","inLanguage":"de","@id":"https:\/\/www.ondernemendvenlo.nl\/jonge-logistieke-dienstverlener-kiest-voor-maatwerk-zonder-vaste-menukaart\/#primaryimage","url":"https:\/\/www.ondernemendvenlo.nl\/wp-content\/uploads\/2025\/04\/OVenlo_2_2024_RoyHanraets_1080x1080.jpg","contentUrl":"https:\/\/www.ondernemendvenlo.nl\/wp-content\/uploads\/2025\/04\/OVenlo_2_2024_RoyHanraets_1080x1080.jpg","width":1080,"height":1080},{"@type":"BreadcrumbList","@id":"https:\/\/www.ondernemendvenlo.nl\/jonge-logistieke-dienstverlener-kiest-voor-maatwerk-zonder-vaste-menukaart\/#breadcrumb","itemListElement":[{"@type":"ListItem","position":1,"name":"Ondernemend Venlo","item":"https:\/\/www.ondernemendvenlo.nl\/"},{"@type":"ListItem","position":2,"name":"Magazine Ondernemend Venlo","item":"https:\/\/www.ondernemendvenlo.nl\/categorie\/magazine\/"},{"@type":"ListItem","position":3,"name":"Jonge logistieke dienstverlener kiest voor maatwerk zonder vaste menukaart"}]},{"@type":"WebSite","@id":"https:\/\/www.ondernemendvenlo.nl\/#website","url":"https:\/\/www.ondernemendvenlo.nl\/","name":"Unternehmerisches Venlo","description":"Samen succesvol ondernemen","publisher":{"@id":"https:\/\/www.ondernemendvenlo.nl\/#organization"},"potentialAction":[{"@type":"SearchAction","target":{"@type":"EntryPoint","urlTemplate":"https:\/\/www.ondernemendvenlo.nl\/?s={search_term_string}"},"query-input":{"@type":"PropertyValueSpecification","valueRequired":true,"valueName":"search_term_string"}}],"inLanguage":"de"},{"@type":"Organization","@id":"https:\/\/www.ondernemendvenlo.nl\/#organization","name":"Unternehmerisches Venlo","url":"https:\/\/www.ondernemendvenlo.nl\/","logo":{"@type":"ImageObject","inLanguage":"de","@id":"https:\/\/www.ondernemendvenlo.nl\/#\/schema\/logo\/image\/","url":"https:\/\/www.ondernemendvenlo.nl\/wp-content\/uploads\/2025\/02\/Ondernemend-Venlo-logo-scaled.webp","contentUrl":"https:\/\/www.ondernemendvenlo.nl\/wp-content\/uploads\/2025\/02\/Ondernemend-Venlo-logo-scaled.webp","width":2560,"height":1010,"caption":"Ondernemend Venlo"},"image":{"@id":"https:\/\/www.ondernemendvenlo.nl\/#\/schema\/logo\/image\/"},"sameAs":["https:\/\/www.linkedin.com\/company\/ondernemend-venlo\/"]},{"@type":"Person","@id":"https:\/\/www.ondernemendvenlo.nl\/#\/schema\/person\/347e935f8ad4c7030608ef74bb57aa6e","name":"admin","image":{"@type":"ImageObject","inLanguage":"de","@id":"https:\/\/www.ondernemendvenlo.nl\/#\/schema\/person\/image\/","url":"https:\/\/www.ondernemendvenlo.nl\/wp-content\/litespeed\/avatar\/720af750b037aecf6e33e12833479059.jpg?ver=1777382954","contentUrl":"https:\/\/www.ondernemendvenlo.nl\/wp-content\/litespeed\/avatar\/720af750b037aecf6e33e12833479059.jpg?ver=1777382954","caption":"admin"},"sameAs":["https:\/\/www.ondernemendvenlo.nl"]}]}},"_links":{"self":[{"href":"https:\/\/www.ondernemendvenlo.nl\/de\/wp-json\/wp\/v2\/posts\/3429","targetHints":{"allow":["GET"]}}],"collection":[{"href":"https:\/\/www.ondernemendvenlo.nl\/de\/wp-json\/wp\/v2\/posts"}],"about":[{"href":"https:\/\/www.ondernemendvenlo.nl\/de\/wp-json\/wp\/v2\/types\/post"}],"author":[{"embeddable":true,"href":"https:\/\/www.ondernemendvenlo.nl\/de\/wp-json\/wp\/v2\/users\/1"}],"replies":[{"embeddable":true,"href":"https:\/\/www.ondernemendvenlo.nl\/de\/wp-json\/wp\/v2\/comments?post=3429"}],"version-history":[{"count":0,"href":"https:\/\/www.ondernemendvenlo.nl\/de\/wp-json\/wp\/v2\/posts\/3429\/revisions"}],"wp:featuredmedia":[{"embeddable":true,"href":"https:\/\/www.ondernemendvenlo.nl\/de\/wp-json\/wp\/v2\/media\/3430"}],"wp:attachment":[{"href":"https:\/\/www.ondernemendvenlo.nl\/de\/wp-json\/wp\/v2\/media?parent=3429"}],"wp:term":[{"taxonomy":"category","embeddable":true,"href":"https:\/\/www.ondernemendvenlo.nl\/de\/wp-json\/wp\/v2\/categories?post=3429"},{"taxonomy":"post_tag","embeddable":true,"href":"https:\/\/www.ondernemendvenlo.nl\/de\/wp-json\/wp\/v2\/tags?post=3429"}],"curies":[{"name":"wp","href":"https:\/\/api.w.org\/{rel}","templated":true}]}}