{"id":3445,"date":"2024-04-07T19:14:21","date_gmt":"2024-04-07T17:14:21","guid":{"rendered":"https:\/\/www.ondernemendvenlo.nl\/rob-ewalds-genomineerde-voor-de-ondernemersprijs-lvdg\/"},"modified":"2025-04-07T19:24:03","modified_gmt":"2025-04-07T17:24:03","slug":"rob-ewalds-genomineerde-voor-de-ondernemersprijs-lvdg","status":"publish","type":"post","link":"https:\/\/www.ondernemendvenlo.nl\/de\/rob-ewalds-genomineerde-voor-de-ondernemersprijs-lvdg\/","title":{"rendered":"Rob Ewalds: Nominiert f\u00fcr den LvdG-Unternehmerpreis"},"content":{"rendered":"<h2>Ein Unternehmer ist ein Querdenker\".<\/h2>\n<p><strong>Die Nominierung f\u00fcr den Lodewijk van der Grinten-Preis (LvdG) hat Rob Ewalds \u00fcberrascht. Als Direktor und Inhaber von Gaston Schul, einem Spezialisten f\u00fcr Zollabfertigung und internationalen Handel, steht er relativ wenig im Rampenlicht. Und das st\u00f6rt den 53-j\u00e4hrigen Belfeldener nicht im Geringsten.\u00a0<\/strong><\/p>\n<p>Dennoch ist er \u00fcberrascht von der enormen Wirkung des Preises. Wie die Tatsache, dass die Nominierung lange Zeit geheim bleiben musste. \"Ich glaube, es ist das gr\u00f6\u00dfte Geheimnis der Stadt Venlo nach der Wahl des Karnevalsprinzen\", sagt er lachend. \"Ich wei\u00df, dass es sich um einen Unternehmerpreis handelt und nicht um einen Wirtschaftspreis. Aber f\u00fcr mich geht es immer um das Unternehmen, nicht um mich. Das \u00e4ndert aber nichts an der Tatsache, dass ich mich durch diese Nominierung sehr geehrt f\u00fchle.\"<\/p>\n<p><strong>Gaston Schul<br \/>\n<\/strong>Nach seinem Studium der Wirtschaftswissenschaften an der Universit\u00e4t Amsterdam (UvA) kehrte Ewalds nach Venlo zur\u00fcck. Er begann bei der in Venlo ans\u00e4ssigen Speditionsfirma Jacob Meijer. \"Meinem Vater geh\u00f6rte Jacob Meijer, ein Unternehmen, das sich haupts\u00e4chlich mit der Bearbeitung und Verwaltung von Zolldokumenten befasste\", erz\u00e4hlt er. Eines Tages meldete sich ein Berater und bot das Unternehmen Gaston Schul zum Kauf an. \"Vielleicht hatte ich w\u00e4hrend des Studiums eine Vorahnung von meiner Zukunft, denn ich hatte einen Abschluss in Logistikmanagement und Management Accounting. Die Chance, auf eigenen Beinen zu stehen, habe ich nur zu gerne genutzt\", sagt Ewalds.<\/p>\n<blockquote><p>Mein Unternehmen hat sich von einer Dokumentenfabrik zu einem Full-Service-Zolldienstleister entwickelt.<\/p><\/blockquote>\n<p><strong>Millionenkredit<br \/>\n<\/strong>Ewalds senior riet seinem Sohn, das Unternehmen zu kaufen, lie\u00df dabei aber gleich wissen, dass er selbst nicht mehr beteiligt sein w\u00fcrde. \"Also musste ich nach Geld suchen. Das gelang. Am 1. Oktober 1999 habe ich Gaston Schul \u00fcbernommen. Anderthalb Jahre sp\u00e4ter entledigte sich mein Vater von Jacob Meijer. F\u00fcnfzig Prozent der Anteile f\u00fcr mich, die andere H\u00e4lfte f\u00fcr meine Schwester. Sechs Jahre sp\u00e4ter \u00fcbernahm ich ihren Anteil, integrierte beide Unternehmen und w\u00e4hlte den Namen Gaston Schul.\" \u00dcber das Millionendarlehen sagt Ewalds: \"Es spukte mir im Kopf herum: Was mache ich eigentlich? Es war ein ziemliches Risiko. Aber nach ein paar Monaten juckte es mich wieder und ich dachte: Was kommt als n\u00e4chstes?\" Es folgten f\u00fcnfzehn weitere \u00dcbernahmen in seiner Laufbahn, von klein bis gro\u00df, alle aus eigener Kraft und selbstfinanziert.\"<\/p>\n<p><strong>Venlo als logistische Drehscheibe<br \/>\n<\/strong>Ewalds beschreibt sein Unternehmen als ein spezialisiertes Verwaltungsb\u00fcro. \"Eigentlich sind wir Steuerberater. Wir sind ein kommerzielles Unternehmen, das eine elektronisch korrekte Zollanmeldung auf der Grundlage der von unserem Kunden bereitgestellten Daten erstellt. Der Zoll pr\u00fcft dann seinerseits unsere Arbeit. Er ist eine Vollzugsorganisation, die pr\u00fcft, ob die Anmeldung und die Daten korrekt sind. Tats\u00e4chlich hat sich mein Unternehmen von einer Dokumentenfabrik zu einem Full-Service-Zolldienstleister entwickelt. Wir haben auch zunehmend eine beratende Funktion gegen\u00fcber unseren Kunden. Und das alles geschieht unter anderem ganz einfach von seiner Heimatstadt Venlo aus. Einer der wichtigsten Logistikknotenpunkte in unserem Land. \"Das ist das logistische Herz von Europa. Zumindest eines der wichtigsten. Venlo verf\u00fcgt \u00fcber hervorragende Stra\u00dfen-, Wasser- und auch Schienenverbindungen sowie \u00fcber eine gute Anbindung an die Seeh\u00e4fen. Au\u00dferdem gibt es ein riesiges Hinterland. Das bietet Unternehmern eine Vielzahl von M\u00f6glichkeiten.\"<\/p>\n<p><strong>Umdenken und Herausforderungen<br \/>\n<\/strong>Chancen, die Ewalds eigentlich immer sieht. Das Konzept des Umdenkens ist ihm also alles andere als fremd. Ein Unternehmer ist ein Omdenker\", lautet seine Philosophie. \"Ein ber\u00fchmter Amsterdamer sagte einmal: 'Jeder Nachteil hat seinen Vorteil'. Vergleichen Sie meine Aussage damit. Unternehmer verwandeln Herausforderungen oft in Chancen. Unternehmertum ist eine Form des Spitzensports. Sehen Sie sich die Herausforderungen an, mit denen wir heute konfrontiert sind: Geopolitische Entwicklungen, die rasanten Ver\u00e4nderungen im Internet und der Digitalisierung sowie die enorme Konsolidierung (durch \u00dcbernahmen) auf dem Zollmarkt.\"<\/p>\n<p>Als die Grenzen 1993 verschwanden, dachten viele, die Arbeit des Zolls sei erledigt. \"Das war sie aber nicht. Anno 2024 schaffen Herausforderungen wieder neue Chancen. Der Brexit zum Beispiel hat einen Markt verschlossen. Aber f\u00fcr uns hat das tats\u00e4chlich zus\u00e4tzliche Arbeit geschaffen. Wir besch\u00e4ftigen auch selbst mehrere Entwickler. So stellen wir sicher, dass nicht irgendein KI- oder Internetspezialist auf dem Dachboden ein neues System auf Kosten unserer Arbeit entwickelt. Man muss mit der Entwicklung Schritt halten, sonst ist man zu sp\u00e4t dran. Wir sehen Bedrohungen als Chancen. Der globale Handel wird weitergehen und der Markt wird immer Spezialisten brauchen. Ich sage immer: \"Think customs, think Gaston Schul!\"<\/p>\n<p><a href=\"http:\/\/www.gaston-schul.com\/nl\"><strong>www.gaston-schul.com\/nl<\/strong><\/a><\/p>\n<p><em>Text: Rob Buchholz - Fotografie: Bram Becks<\/em><\/p>","protected":false},"excerpt":{"rendered":"<p>\u2018Een ondernemer\u00a0is een omdenker\u2019 De nominatie voor de Lodewijk van der Grinten Prijs (LvdG) verraste Rob Ewalds.\u00a0Als\u00a0directeur en eigenaar van Gaston Schul, specialist op het gebied van douaneafhandelingen en internationale handel, staat hij relatief weinig in de spotlights.\u00a0En\u00a0dat vindt de 53-jarige geboren Belfeldenaar allesbehalve erg.\u00a0 Toch is hij wel verrast door de enorme impact van [&hellip;]<\/p>","protected":false},"author":1,"featured_media":3446,"comment_status":"closed","ping_status":"closed","sticky":false,"template":"","format":"standard","meta":{"_acf_changed":false,"footnotes":""},"categories":[21],"tags":[],"class_list":["post-3445","post","type-post","status-publish","format-standard","has-post-thumbnail","hentry","category-magazine"],"acf":[],"yoast_head":"<!-- This site is optimized with the Yoast SEO plugin v26.3 - https:\/\/yoast.com\/wordpress\/plugins\/seo\/ -->\n<title>Rob Ewalds: genomineerde voor de ondernemersprijs LvdG - Ondernemend Venlo<\/title>\n<meta name=\"robots\" content=\"index, follow, max-snippet:-1, max-image-preview:large, max-video-preview:-1\" \/>\n<link rel=\"canonical\" href=\"https:\/\/www.ondernemendvenlo.nl\/de\/rob-ewalds-genomineerde-voor-de-ondernemersprijs-lvdg\/\" \/>\n<meta property=\"og:locale\" content=\"de_DE\" \/>\n<meta property=\"og:type\" content=\"article\" \/>\n<meta property=\"og:title\" content=\"Rob Ewalds: genomineerde voor de ondernemersprijs LvdG - Ondernemend Venlo\" \/>\n<meta property=\"og:description\" content=\"\u2018Een ondernemer\u00a0is een omdenker\u2019 De nominatie voor de Lodewijk van der Grinten Prijs (LvdG) verraste Rob Ewalds.\u00a0Als\u00a0directeur en eigenaar van Gaston Schul, specialist op het gebied van douaneafhandelingen en internationale handel, staat hij relatief weinig in de spotlights.\u00a0En\u00a0dat vindt de 53-jarige geboren Belfeldenaar allesbehalve erg.\u00a0 Toch is hij wel verrast door de enorme impact van [&hellip;]\" \/>\n<meta property=\"og:url\" content=\"https:\/\/www.ondernemendvenlo.nl\/de\/rob-ewalds-genomineerde-voor-de-ondernemersprijs-lvdg\/\" \/>\n<meta property=\"og:site_name\" content=\"Ondernemend Venlo\" \/>\n<meta property=\"article:published_time\" content=\"2024-04-07T17:14:21+00:00\" \/>\n<meta property=\"article:modified_time\" content=\"2025-04-07T17:24:03+00:00\" \/>\n<meta property=\"og:image\" content=\"https:\/\/www.ondernemendvenlo.nl\/wp-content\/uploads\/2025\/04\/DSC1096BB_RobEwalds_1920x1080.jpg\" \/>\n\t<meta property=\"og:image:width\" content=\"1920\" \/>\n\t<meta property=\"og:image:height\" content=\"1080\" \/>\n\t<meta property=\"og:image:type\" content=\"image\/jpeg\" \/>\n<meta name=\"author\" content=\"admin\" \/>\n<meta name=\"twitter:card\" content=\"summary_large_image\" \/>\n<meta name=\"twitter:label1\" content=\"Verfasst von\" \/>\n\t<meta name=\"twitter:data1\" content=\"admin\" \/>\n\t<meta name=\"twitter:label2\" content=\"Gesch\u00e4tzte Lesezeit\" \/>\n\t<meta name=\"twitter:data2\" content=\"4\u00a0Minuten\" \/>\n<script type=\"application\/ld+json\" class=\"yoast-schema-graph\">{\"@context\":\"https:\/\/schema.org\",\"@graph\":[{\"@type\":\"Article\",\"@id\":\"https:\/\/www.ondernemendvenlo.nl\/rob-ewalds-genomineerde-voor-de-ondernemersprijs-lvdg\/#article\",\"isPartOf\":{\"@id\":\"https:\/\/www.ondernemendvenlo.nl\/rob-ewalds-genomineerde-voor-de-ondernemersprijs-lvdg\/\"},\"author\":{\"name\":\"admin\",\"@id\":\"https:\/\/www.ondernemendvenlo.nl\/#\/schema\/person\/347e935f8ad4c7030608ef74bb57aa6e\"},\"headline\":\"Rob Ewalds: genomineerde voor de ondernemersprijs LvdG\",\"datePublished\":\"2024-04-07T17:14:21+00:00\",\"dateModified\":\"2025-04-07T17:24:03+00:00\",\"mainEntityOfPage\":{\"@id\":\"https:\/\/www.ondernemendvenlo.nl\/rob-ewalds-genomineerde-voor-de-ondernemersprijs-lvdg\/\"},\"wordCount\":750,\"publisher\":{\"@id\":\"https:\/\/www.ondernemendvenlo.nl\/#organization\"},\"image\":{\"@id\":\"https:\/\/www.ondernemendvenlo.nl\/rob-ewalds-genomineerde-voor-de-ondernemersprijs-lvdg\/#primaryimage\"},\"thumbnailUrl\":\"https:\/\/www.ondernemendvenlo.nl\/wp-content\/uploads\/2025\/04\/DSC1096BB_RobEwalds_1920x1080.jpg\",\"articleSection\":[\"Magazine Ondernemend Venlo\"],\"inLanguage\":\"de\"},{\"@type\":\"WebPage\",\"@id\":\"https:\/\/www.ondernemendvenlo.nl\/rob-ewalds-genomineerde-voor-de-ondernemersprijs-lvdg\/\",\"url\":\"https:\/\/www.ondernemendvenlo.nl\/rob-ewalds-genomineerde-voor-de-ondernemersprijs-lvdg\/\",\"name\":\"Rob Ewalds: genomineerde voor de ondernemersprijs LvdG - Ondernemend Venlo\",\"isPartOf\":{\"@id\":\"https:\/\/www.ondernemendvenlo.nl\/#website\"},\"primaryImageOfPage\":{\"@id\":\"https:\/\/www.ondernemendvenlo.nl\/rob-ewalds-genomineerde-voor-de-ondernemersprijs-lvdg\/#primaryimage\"},\"image\":{\"@id\":\"https:\/\/www.ondernemendvenlo.nl\/rob-ewalds-genomineerde-voor-de-ondernemersprijs-lvdg\/#primaryimage\"},\"thumbnailUrl\":\"https:\/\/www.ondernemendvenlo.nl\/wp-content\/uploads\/2025\/04\/DSC1096BB_RobEwalds_1920x1080.jpg\",\"datePublished\":\"2024-04-07T17:14:21+00:00\",\"dateModified\":\"2025-04-07T17:24:03+00:00\",\"breadcrumb\":{\"@id\":\"https:\/\/www.ondernemendvenlo.nl\/rob-ewalds-genomineerde-voor-de-ondernemersprijs-lvdg\/#breadcrumb\"},\"inLanguage\":\"de\",\"potentialAction\":[{\"@type\":\"ReadAction\",\"target\":[\"https:\/\/www.ondernemendvenlo.nl\/rob-ewalds-genomineerde-voor-de-ondernemersprijs-lvdg\/\"]}]},{\"@type\":\"ImageObject\",\"inLanguage\":\"de\",\"@id\":\"https:\/\/www.ondernemendvenlo.nl\/rob-ewalds-genomineerde-voor-de-ondernemersprijs-lvdg\/#primaryimage\",\"url\":\"https:\/\/www.ondernemendvenlo.nl\/wp-content\/uploads\/2025\/04\/DSC1096BB_RobEwalds_1920x1080.jpg\",\"contentUrl\":\"https:\/\/www.ondernemendvenlo.nl\/wp-content\/uploads\/2025\/04\/DSC1096BB_RobEwalds_1920x1080.jpg\",\"width\":1920,\"height\":1080},{\"@type\":\"BreadcrumbList\",\"@id\":\"https:\/\/www.ondernemendvenlo.nl\/rob-ewalds-genomineerde-voor-de-ondernemersprijs-lvdg\/#breadcrumb\",\"itemListElement\":[{\"@type\":\"ListItem\",\"position\":1,\"name\":\"Ondernemend Venlo\",\"item\":\"https:\/\/www.ondernemendvenlo.nl\/\"},{\"@type\":\"ListItem\",\"position\":2,\"name\":\"Magazine Ondernemend Venlo\",\"item\":\"https:\/\/www.ondernemendvenlo.nl\/categorie\/magazine\/\"},{\"@type\":\"ListItem\",\"position\":3,\"name\":\"Rob Ewalds: genomineerde voor de ondernemersprijs LvdG\"}]},{\"@type\":\"WebSite\",\"@id\":\"https:\/\/www.ondernemendvenlo.nl\/#website\",\"url\":\"https:\/\/www.ondernemendvenlo.nl\/\",\"name\":\"Ondernemend Venlo\",\"description\":\"Samen succesvol ondernemen\",\"publisher\":{\"@id\":\"https:\/\/www.ondernemendvenlo.nl\/#organization\"},\"potentialAction\":[{\"@type\":\"SearchAction\",\"target\":{\"@type\":\"EntryPoint\",\"urlTemplate\":\"https:\/\/www.ondernemendvenlo.nl\/?s={search_term_string}\"},\"query-input\":{\"@type\":\"PropertyValueSpecification\",\"valueRequired\":true,\"valueName\":\"search_term_string\"}}],\"inLanguage\":\"de\"},{\"@type\":\"Organization\",\"@id\":\"https:\/\/www.ondernemendvenlo.nl\/#organization\",\"name\":\"Ondernemend Venlo\",\"url\":\"https:\/\/www.ondernemendvenlo.nl\/\",\"logo\":{\"@type\":\"ImageObject\",\"inLanguage\":\"de\",\"@id\":\"https:\/\/www.ondernemendvenlo.nl\/#\/schema\/logo\/image\/\",\"url\":\"https:\/\/www.ondernemendvenlo.nl\/wp-content\/uploads\/2025\/02\/Ondernemend-Venlo-logo-scaled.webp\",\"contentUrl\":\"https:\/\/www.ondernemendvenlo.nl\/wp-content\/uploads\/2025\/02\/Ondernemend-Venlo-logo-scaled.webp\",\"width\":2560,\"height\":1010,\"caption\":\"Ondernemend Venlo\"},\"image\":{\"@id\":\"https:\/\/www.ondernemendvenlo.nl\/#\/schema\/logo\/image\/\"},\"sameAs\":[\"https:\/\/www.linkedin.com\/company\/ondernemend-venlo\/\"]},{\"@type\":\"Person\",\"@id\":\"https:\/\/www.ondernemendvenlo.nl\/#\/schema\/person\/347e935f8ad4c7030608ef74bb57aa6e\",\"name\":\"admin\",\"image\":{\"@type\":\"ImageObject\",\"inLanguage\":\"de\",\"@id\":\"https:\/\/www.ondernemendvenlo.nl\/#\/schema\/person\/image\/\",\"url\":\"https:\/\/www.ondernemendvenlo.nl\/wp-content\/litespeed\/avatar\/720af750b037aecf6e33e12833479059.jpg?ver=1777382954\",\"contentUrl\":\"https:\/\/www.ondernemendvenlo.nl\/wp-content\/litespeed\/avatar\/720af750b037aecf6e33e12833479059.jpg?ver=1777382954\",\"caption\":\"admin\"},\"sameAs\":[\"https:\/\/www.ondernemendvenlo.nl\"]}]}<\/script>\n<!-- \/ Yoast SEO plugin. -->","yoast_head_json":{"title":"Rob Ewalds: genomineerde voor de ondernemersprijs LvdG - Ondernemend Venlo","robots":{"index":"index","follow":"follow","max-snippet":"max-snippet:-1","max-image-preview":"max-image-preview:large","max-video-preview":"max-video-preview:-1"},"canonical":"https:\/\/www.ondernemendvenlo.nl\/de\/rob-ewalds-genomineerde-voor-de-ondernemersprijs-lvdg\/","og_locale":"de_DE","og_type":"article","og_title":"Rob Ewalds: genomineerde voor de ondernemersprijs LvdG - Ondernemend Venlo","og_description":"\u2018Een ondernemer\u00a0is een omdenker\u2019 De nominatie voor de Lodewijk van der Grinten Prijs (LvdG) verraste Rob Ewalds.\u00a0Als\u00a0directeur en eigenaar van Gaston Schul, specialist op het gebied van douaneafhandelingen en internationale handel, staat hij relatief weinig in de spotlights.\u00a0En\u00a0dat vindt de 53-jarige geboren Belfeldenaar allesbehalve erg.\u00a0 Toch is hij wel verrast door de enorme impact van [&hellip;]","og_url":"https:\/\/www.ondernemendvenlo.nl\/de\/rob-ewalds-genomineerde-voor-de-ondernemersprijs-lvdg\/","og_site_name":"Ondernemend Venlo","article_published_time":"2024-04-07T17:14:21+00:00","article_modified_time":"2025-04-07T17:24:03+00:00","og_image":[{"width":1920,"height":1080,"url":"https:\/\/www.ondernemendvenlo.nl\/wp-content\/uploads\/2025\/04\/DSC1096BB_RobEwalds_1920x1080.jpg","type":"image\/jpeg"}],"author":"admin","twitter_card":"summary_large_image","twitter_misc":{"Verfasst von":"admin","Gesch\u00e4tzte Lesezeit":"4\u00a0Minuten"},"schema":{"@context":"https:\/\/schema.org","@graph":[{"@type":"Article","@id":"https:\/\/www.ondernemendvenlo.nl\/rob-ewalds-genomineerde-voor-de-ondernemersprijs-lvdg\/#article","isPartOf":{"@id":"https:\/\/www.ondernemendvenlo.nl\/rob-ewalds-genomineerde-voor-de-ondernemersprijs-lvdg\/"},"author":{"name":"admin","@id":"https:\/\/www.ondernemendvenlo.nl\/#\/schema\/person\/347e935f8ad4c7030608ef74bb57aa6e"},"headline":"Rob Ewalds: genomineerde voor de ondernemersprijs LvdG","datePublished":"2024-04-07T17:14:21+00:00","dateModified":"2025-04-07T17:24:03+00:00","mainEntityOfPage":{"@id":"https:\/\/www.ondernemendvenlo.nl\/rob-ewalds-genomineerde-voor-de-ondernemersprijs-lvdg\/"},"wordCount":750,"publisher":{"@id":"https:\/\/www.ondernemendvenlo.nl\/#organization"},"image":{"@id":"https:\/\/www.ondernemendvenlo.nl\/rob-ewalds-genomineerde-voor-de-ondernemersprijs-lvdg\/#primaryimage"},"thumbnailUrl":"https:\/\/www.ondernemendvenlo.nl\/wp-content\/uploads\/2025\/04\/DSC1096BB_RobEwalds_1920x1080.jpg","articleSection":["Magazine Ondernemend Venlo"],"inLanguage":"de"},{"@type":"WebPage","@id":"https:\/\/www.ondernemendvenlo.nl\/rob-ewalds-genomineerde-voor-de-ondernemersprijs-lvdg\/","url":"https:\/\/www.ondernemendvenlo.nl\/rob-ewalds-genomineerde-voor-de-ondernemersprijs-lvdg\/","name":"Rob Ewalds: genomineerde voor de ondernemersprijs LvdG - Ondernemend Venlo","isPartOf":{"@id":"https:\/\/www.ondernemendvenlo.nl\/#website"},"primaryImageOfPage":{"@id":"https:\/\/www.ondernemendvenlo.nl\/rob-ewalds-genomineerde-voor-de-ondernemersprijs-lvdg\/#primaryimage"},"image":{"@id":"https:\/\/www.ondernemendvenlo.nl\/rob-ewalds-genomineerde-voor-de-ondernemersprijs-lvdg\/#primaryimage"},"thumbnailUrl":"https:\/\/www.ondernemendvenlo.nl\/wp-content\/uploads\/2025\/04\/DSC1096BB_RobEwalds_1920x1080.jpg","datePublished":"2024-04-07T17:14:21+00:00","dateModified":"2025-04-07T17:24:03+00:00","breadcrumb":{"@id":"https:\/\/www.ondernemendvenlo.nl\/rob-ewalds-genomineerde-voor-de-ondernemersprijs-lvdg\/#breadcrumb"},"inLanguage":"de","potentialAction":[{"@type":"ReadAction","target":["https:\/\/www.ondernemendvenlo.nl\/rob-ewalds-genomineerde-voor-de-ondernemersprijs-lvdg\/"]}]},{"@type":"ImageObject","inLanguage":"de","@id":"https:\/\/www.ondernemendvenlo.nl\/rob-ewalds-genomineerde-voor-de-ondernemersprijs-lvdg\/#primaryimage","url":"https:\/\/www.ondernemendvenlo.nl\/wp-content\/uploads\/2025\/04\/DSC1096BB_RobEwalds_1920x1080.jpg","contentUrl":"https:\/\/www.ondernemendvenlo.nl\/wp-content\/uploads\/2025\/04\/DSC1096BB_RobEwalds_1920x1080.jpg","width":1920,"height":1080},{"@type":"BreadcrumbList","@id":"https:\/\/www.ondernemendvenlo.nl\/rob-ewalds-genomineerde-voor-de-ondernemersprijs-lvdg\/#breadcrumb","itemListElement":[{"@type":"ListItem","position":1,"name":"Ondernemend Venlo","item":"https:\/\/www.ondernemendvenlo.nl\/"},{"@type":"ListItem","position":2,"name":"Magazine Ondernemend Venlo","item":"https:\/\/www.ondernemendvenlo.nl\/categorie\/magazine\/"},{"@type":"ListItem","position":3,"name":"Rob Ewalds: genomineerde voor de ondernemersprijs LvdG"}]},{"@type":"WebSite","@id":"https:\/\/www.ondernemendvenlo.nl\/#website","url":"https:\/\/www.ondernemendvenlo.nl\/","name":"Unternehmerisches Venlo","description":"Samen succesvol ondernemen","publisher":{"@id":"https:\/\/www.ondernemendvenlo.nl\/#organization"},"potentialAction":[{"@type":"SearchAction","target":{"@type":"EntryPoint","urlTemplate":"https:\/\/www.ondernemendvenlo.nl\/?s={search_term_string}"},"query-input":{"@type":"PropertyValueSpecification","valueRequired":true,"valueName":"search_term_string"}}],"inLanguage":"de"},{"@type":"Organization","@id":"https:\/\/www.ondernemendvenlo.nl\/#organization","name":"Unternehmerisches Venlo","url":"https:\/\/www.ondernemendvenlo.nl\/","logo":{"@type":"ImageObject","inLanguage":"de","@id":"https:\/\/www.ondernemendvenlo.nl\/#\/schema\/logo\/image\/","url":"https:\/\/www.ondernemendvenlo.nl\/wp-content\/uploads\/2025\/02\/Ondernemend-Venlo-logo-scaled.webp","contentUrl":"https:\/\/www.ondernemendvenlo.nl\/wp-content\/uploads\/2025\/02\/Ondernemend-Venlo-logo-scaled.webp","width":2560,"height":1010,"caption":"Ondernemend Venlo"},"image":{"@id":"https:\/\/www.ondernemendvenlo.nl\/#\/schema\/logo\/image\/"},"sameAs":["https:\/\/www.linkedin.com\/company\/ondernemend-venlo\/"]},{"@type":"Person","@id":"https:\/\/www.ondernemendvenlo.nl\/#\/schema\/person\/347e935f8ad4c7030608ef74bb57aa6e","name":"admin","image":{"@type":"ImageObject","inLanguage":"de","@id":"https:\/\/www.ondernemendvenlo.nl\/#\/schema\/person\/image\/","url":"https:\/\/www.ondernemendvenlo.nl\/wp-content\/litespeed\/avatar\/720af750b037aecf6e33e12833479059.jpg?ver=1777382954","contentUrl":"https:\/\/www.ondernemendvenlo.nl\/wp-content\/litespeed\/avatar\/720af750b037aecf6e33e12833479059.jpg?ver=1777382954","caption":"admin"},"sameAs":["https:\/\/www.ondernemendvenlo.nl"]}]}},"_links":{"self":[{"href":"https:\/\/www.ondernemendvenlo.nl\/de\/wp-json\/wp\/v2\/posts\/3445","targetHints":{"allow":["GET"]}}],"collection":[{"href":"https:\/\/www.ondernemendvenlo.nl\/de\/wp-json\/wp\/v2\/posts"}],"about":[{"href":"https:\/\/www.ondernemendvenlo.nl\/de\/wp-json\/wp\/v2\/types\/post"}],"author":[{"embeddable":true,"href":"https:\/\/www.ondernemendvenlo.nl\/de\/wp-json\/wp\/v2\/users\/1"}],"replies":[{"embeddable":true,"href":"https:\/\/www.ondernemendvenlo.nl\/de\/wp-json\/wp\/v2\/comments?post=3445"}],"version-history":[{"count":0,"href":"https:\/\/www.ondernemendvenlo.nl\/de\/wp-json\/wp\/v2\/posts\/3445\/revisions"}],"wp:featuredmedia":[{"embeddable":true,"href":"https:\/\/www.ondernemendvenlo.nl\/de\/wp-json\/wp\/v2\/media\/3446"}],"wp:attachment":[{"href":"https:\/\/www.ondernemendvenlo.nl\/de\/wp-json\/wp\/v2\/media?parent=3445"}],"wp:term":[{"taxonomy":"category","embeddable":true,"href":"https:\/\/www.ondernemendvenlo.nl\/de\/wp-json\/wp\/v2\/categories?post=3445"},{"taxonomy":"post_tag","embeddable":true,"href":"https:\/\/www.ondernemendvenlo.nl\/de\/wp-json\/wp\/v2\/tags?post=3445"}],"curies":[{"name":"wp","href":"https:\/\/api.w.org\/{rel}","templated":true}]}}