{"id":3464,"date":"2024-04-07T19:14:21","date_gmt":"2024-04-07T17:14:21","guid":{"rendered":"https:\/\/www.ondernemendvenlo.nl\/column-lidy-rutten-de-cirkel-is-rond\/"},"modified":"2025-04-07T19:23:46","modified_gmt":"2025-04-07T17:23:46","slug":"column-lidy-rutten-de-cirkel-is-rond","status":"publish","type":"post","link":"https:\/\/www.ondernemendvenlo.nl\/de\/column-lidy-rutten-de-cirkel-is-rond\/","title":{"rendered":"Kolumne Lidy Rutten: \"Der Kreis schlie\u00dft sich"},"content":{"rendered":"<p>Wie sch\u00f6n ist es, wenn Sie in Ihrer letzten Kolumne im OV Magazine feststellen k\u00f6nnen, dass sich \"der Kreis geschlossen hat\"? Als ich 2014 als Parkmanager bei Ondernemend Venlo anfing, bestand eines meiner ersten Projekte darin, ein Seminar \u00fcber Abfall und Kreislaufwirtschaft zu organisieren. Dieses Jahr, genau 10 Jahre sp\u00e4ter, organisiert OV ein weiteres Seminar zum selben Thema. W\u00e4hrend es damals zu wenige Anmeldungen gab, weil das Thema Kreislaufwirtschaft noch in den Kinderschuhen steckte und noch nicht \"hei\u00df\" genug war, ist nun - neben dem Seminar - auch diese Themenausgabe des OV-Magazins ganz der Kreislaufwirtschaft gewidmet.<\/p>\n<p>Als scheidender Parkmanager blicke ich mit gro\u00dfer Freude auf zehn wunderbare Jahre in einem Unternehmerclub zur\u00fcck, der 'etwas bedeutet'. Aus den vielen guten Kontakten mit anderen Parkmanagern im ganzen Land wei\u00df ich, dass Ondernemend Venlo von anderen Clubs mit gro\u00dfem Interesse verfolgt wird. Nicht zuletzt wegen der vielen erfolgreichen Projekte, die wir hier realisiert haben. Dazu geh\u00f6ren unter anderem ein fl\u00e4chendeckendes AED-Netz in allen 20 Gewerbegebieten und nicht zu vergessen die effektive Eiskontrolle in allen angeschlossenen Gewerbegebieten. Ich erinnere mich auch gerne an die Studienreise nach Washington, wo die besichtigten Projekte direkt zur Einf\u00fchrung der Lkw-Parkplatzkontrolle in der gesamten Gemeinde Venlo gef\u00fchrt haben. Ein weiteres Beispiel war das Seminar 'Water for Later', das ich zusammen mit meinem Kollegen aus Roermond organisieren durfte und das den Ausgangspunkt f\u00fcr die Gr\u00fcndung der Stiftung f\u00fcr nachhaltige Gewerbegebiete bildete. Nicht zu vergessen sind auch die Nominierungen f\u00fcr den besten BIZ-Plan 2016 und f\u00fcr den klimaangepasstesten und naturvertr\u00e4glichsten Gewerbepark der Niederlande. Alles Beispiele f\u00fcr Projekte, die durch gute Zusammenarbeit mit mehreren Parteien zustande gekommen sind, und ich bin stolz darauf, dass ich meinen Teil dazu beitragen konnte.<\/p>\n<p>Bei einer Mitgliederzahl von mehr als 1.200 Unternehmern ist es nat\u00fcrlich unm\u00f6glich, sich von allen pers\u00f6nlich zu verabschieden. Ich m\u00f6chte daher die Gelegenheit nutzen, um mich bei allen f\u00fcr die angenehme Zusammenarbeit in den vergangenen zehn Jahren zu bedanken und f\u00fcr ihren Beitrag zu meinen guten Erinnerungen an Ondernemend Venlo. Danke und wer wei\u00df, vielleicht sehen wir uns bald wieder; alles Gute f\u00fcr Sie!<\/p>\n<p><strong>Lidy Rutten<br \/>\n<\/strong><em>Parkleiter<\/em><\/p>","protected":false},"excerpt":{"rendered":"<p>Hoe mooi is het als je in je laatste column in OV Magazine kunt constateren dat \u2018de cirkel rond is\u2019? Toen ik in 2014 begon als parkmanager bij Ondernemend Venlo was een van mijn eerste projecten het organiseren van een seminar over afval en circulariteit. Dit jaar, precies 10 jaar later, organiseert OV opnieuw een [&hellip;]<\/p>","protected":false},"author":1,"featured_media":3436,"comment_status":"closed","ping_status":"closed","sticky":false,"template":"","format":"standard","meta":{"_acf_changed":false,"footnotes":""},"categories":[21],"tags":[],"class_list":["post-3464","post","type-post","status-publish","format-standard","has-post-thumbnail","hentry","category-magazine"],"acf":[],"yoast_head":"<!-- This site is optimized with the Yoast SEO plugin v26.3 - https:\/\/yoast.com\/wordpress\/plugins\/seo\/ -->\n<title>Column Lidy Rutten: &#039;De cirkel is rond&#039; - Ondernemend Venlo<\/title>\n<meta name=\"robots\" content=\"index, follow, max-snippet:-1, max-image-preview:large, max-video-preview:-1\" \/>\n<link rel=\"canonical\" href=\"https:\/\/www.ondernemendvenlo.nl\/de\/column-lidy-rutten-de-cirkel-is-rond\/\" \/>\n<meta property=\"og:locale\" content=\"de_DE\" \/>\n<meta property=\"og:type\" content=\"article\" \/>\n<meta property=\"og:title\" content=\"Column Lidy Rutten: &#039;De cirkel is rond&#039; - Ondernemend Venlo\" \/>\n<meta property=\"og:description\" content=\"Hoe mooi is het als je in je laatste column in OV Magazine kunt constateren dat \u2018de cirkel rond is\u2019? Toen ik in 2014 begon als parkmanager bij Ondernemend Venlo was een van mijn eerste projecten het organiseren van een seminar over afval en circulariteit. Dit jaar, precies 10 jaar later, organiseert OV opnieuw een [&hellip;]\" \/>\n<meta property=\"og:url\" content=\"https:\/\/www.ondernemendvenlo.nl\/de\/column-lidy-rutten-de-cirkel-is-rond\/\" \/>\n<meta property=\"og:site_name\" content=\"Ondernemend Venlo\" \/>\n<meta property=\"article:published_time\" content=\"2024-04-07T17:14:21+00:00\" \/>\n<meta property=\"article:modified_time\" content=\"2025-04-07T17:23:46+00:00\" \/>\n<meta property=\"og:image\" content=\"https:\/\/www.ondernemendvenlo.nl\/wp-content\/uploads\/2025\/04\/OVenlo_2_2024_Column_Lidy.jpg\" \/>\n\t<meta property=\"og:image:width\" content=\"1920\" \/>\n\t<meta property=\"og:image:height\" content=\"1080\" \/>\n\t<meta property=\"og:image:type\" content=\"image\/jpeg\" \/>\n<meta name=\"author\" content=\"admin\" \/>\n<meta name=\"twitter:card\" content=\"summary_large_image\" \/>\n<meta name=\"twitter:label1\" content=\"Verfasst von\" \/>\n\t<meta name=\"twitter:data1\" content=\"admin\" \/>\n\t<meta name=\"twitter:label2\" content=\"Gesch\u00e4tzte Lesezeit\" \/>\n\t<meta name=\"twitter:data2\" content=\"2\u00a0Minuten\" \/>\n<script type=\"application\/ld+json\" class=\"yoast-schema-graph\">{\"@context\":\"https:\/\/schema.org\",\"@graph\":[{\"@type\":\"Article\",\"@id\":\"https:\/\/www.ondernemendvenlo.nl\/column-lidy-rutten-de-cirkel-is-rond\/#article\",\"isPartOf\":{\"@id\":\"https:\/\/www.ondernemendvenlo.nl\/column-lidy-rutten-de-cirkel-is-rond\/\"},\"author\":{\"name\":\"admin\",\"@id\":\"https:\/\/www.ondernemendvenlo.nl\/#\/schema\/person\/347e935f8ad4c7030608ef74bb57aa6e\"},\"headline\":\"Column Lidy Rutten: &#8216;De cirkel is rond&#8217;\",\"datePublished\":\"2024-04-07T17:14:21+00:00\",\"dateModified\":\"2025-04-07T17:23:46+00:00\",\"mainEntityOfPage\":{\"@id\":\"https:\/\/www.ondernemendvenlo.nl\/column-lidy-rutten-de-cirkel-is-rond\/\"},\"wordCount\":350,\"publisher\":{\"@id\":\"https:\/\/www.ondernemendvenlo.nl\/#organization\"},\"image\":{\"@id\":\"https:\/\/www.ondernemendvenlo.nl\/column-lidy-rutten-de-cirkel-is-rond\/#primaryimage\"},\"thumbnailUrl\":\"https:\/\/www.ondernemendvenlo.nl\/wp-content\/uploads\/2025\/04\/OVenlo_2_2024_Column_Lidy.jpg\",\"articleSection\":[\"Magazine Ondernemend Venlo\"],\"inLanguage\":\"de\"},{\"@type\":\"WebPage\",\"@id\":\"https:\/\/www.ondernemendvenlo.nl\/column-lidy-rutten-de-cirkel-is-rond\/\",\"url\":\"https:\/\/www.ondernemendvenlo.nl\/column-lidy-rutten-de-cirkel-is-rond\/\",\"name\":\"Column Lidy Rutten: 'De cirkel is rond' - Ondernemend Venlo\",\"isPartOf\":{\"@id\":\"https:\/\/www.ondernemendvenlo.nl\/#website\"},\"primaryImageOfPage\":{\"@id\":\"https:\/\/www.ondernemendvenlo.nl\/column-lidy-rutten-de-cirkel-is-rond\/#primaryimage\"},\"image\":{\"@id\":\"https:\/\/www.ondernemendvenlo.nl\/column-lidy-rutten-de-cirkel-is-rond\/#primaryimage\"},\"thumbnailUrl\":\"https:\/\/www.ondernemendvenlo.nl\/wp-content\/uploads\/2025\/04\/OVenlo_2_2024_Column_Lidy.jpg\",\"datePublished\":\"2024-04-07T17:14:21+00:00\",\"dateModified\":\"2025-04-07T17:23:46+00:00\",\"breadcrumb\":{\"@id\":\"https:\/\/www.ondernemendvenlo.nl\/column-lidy-rutten-de-cirkel-is-rond\/#breadcrumb\"},\"inLanguage\":\"de\",\"potentialAction\":[{\"@type\":\"ReadAction\",\"target\":[\"https:\/\/www.ondernemendvenlo.nl\/column-lidy-rutten-de-cirkel-is-rond\/\"]}]},{\"@type\":\"ImageObject\",\"inLanguage\":\"de\",\"@id\":\"https:\/\/www.ondernemendvenlo.nl\/column-lidy-rutten-de-cirkel-is-rond\/#primaryimage\",\"url\":\"https:\/\/www.ondernemendvenlo.nl\/wp-content\/uploads\/2025\/04\/OVenlo_2_2024_Column_Lidy.jpg\",\"contentUrl\":\"https:\/\/www.ondernemendvenlo.nl\/wp-content\/uploads\/2025\/04\/OVenlo_2_2024_Column_Lidy.jpg\",\"width\":1920,\"height\":1080},{\"@type\":\"BreadcrumbList\",\"@id\":\"https:\/\/www.ondernemendvenlo.nl\/column-lidy-rutten-de-cirkel-is-rond\/#breadcrumb\",\"itemListElement\":[{\"@type\":\"ListItem\",\"position\":1,\"name\":\"Ondernemend Venlo\",\"item\":\"https:\/\/www.ondernemendvenlo.nl\/\"},{\"@type\":\"ListItem\",\"position\":2,\"name\":\"Magazine Ondernemend Venlo\",\"item\":\"https:\/\/www.ondernemendvenlo.nl\/categorie\/magazine\/\"},{\"@type\":\"ListItem\",\"position\":3,\"name\":\"Column Lidy Rutten: &#8216;De cirkel is rond&#8217;\"}]},{\"@type\":\"WebSite\",\"@id\":\"https:\/\/www.ondernemendvenlo.nl\/#website\",\"url\":\"https:\/\/www.ondernemendvenlo.nl\/\",\"name\":\"Ondernemend Venlo\",\"description\":\"Samen succesvol ondernemen\",\"publisher\":{\"@id\":\"https:\/\/www.ondernemendvenlo.nl\/#organization\"},\"potentialAction\":[{\"@type\":\"SearchAction\",\"target\":{\"@type\":\"EntryPoint\",\"urlTemplate\":\"https:\/\/www.ondernemendvenlo.nl\/?s={search_term_string}\"},\"query-input\":{\"@type\":\"PropertyValueSpecification\",\"valueRequired\":true,\"valueName\":\"search_term_string\"}}],\"inLanguage\":\"de\"},{\"@type\":\"Organization\",\"@id\":\"https:\/\/www.ondernemendvenlo.nl\/#organization\",\"name\":\"Ondernemend Venlo\",\"url\":\"https:\/\/www.ondernemendvenlo.nl\/\",\"logo\":{\"@type\":\"ImageObject\",\"inLanguage\":\"de\",\"@id\":\"https:\/\/www.ondernemendvenlo.nl\/#\/schema\/logo\/image\/\",\"url\":\"https:\/\/www.ondernemendvenlo.nl\/wp-content\/uploads\/2025\/02\/Ondernemend-Venlo-logo-scaled.webp\",\"contentUrl\":\"https:\/\/www.ondernemendvenlo.nl\/wp-content\/uploads\/2025\/02\/Ondernemend-Venlo-logo-scaled.webp\",\"width\":2560,\"height\":1010,\"caption\":\"Ondernemend Venlo\"},\"image\":{\"@id\":\"https:\/\/www.ondernemendvenlo.nl\/#\/schema\/logo\/image\/\"},\"sameAs\":[\"https:\/\/www.linkedin.com\/company\/ondernemend-venlo\/\"]},{\"@type\":\"Person\",\"@id\":\"https:\/\/www.ondernemendvenlo.nl\/#\/schema\/person\/347e935f8ad4c7030608ef74bb57aa6e\",\"name\":\"admin\",\"image\":{\"@type\":\"ImageObject\",\"inLanguage\":\"de\",\"@id\":\"https:\/\/www.ondernemendvenlo.nl\/#\/schema\/person\/image\/\",\"url\":\"https:\/\/www.ondernemendvenlo.nl\/wp-content\/litespeed\/avatar\/720af750b037aecf6e33e12833479059.jpg?ver=1777382954\",\"contentUrl\":\"https:\/\/www.ondernemendvenlo.nl\/wp-content\/litespeed\/avatar\/720af750b037aecf6e33e12833479059.jpg?ver=1777382954\",\"caption\":\"admin\"},\"sameAs\":[\"https:\/\/www.ondernemendvenlo.nl\"]}]}<\/script>\n<!-- \/ Yoast SEO plugin. -->","yoast_head_json":{"title":"Column Lidy Rutten: 'De cirkel is rond' - Ondernemend Venlo","robots":{"index":"index","follow":"follow","max-snippet":"max-snippet:-1","max-image-preview":"max-image-preview:large","max-video-preview":"max-video-preview:-1"},"canonical":"https:\/\/www.ondernemendvenlo.nl\/de\/column-lidy-rutten-de-cirkel-is-rond\/","og_locale":"de_DE","og_type":"article","og_title":"Column Lidy Rutten: 'De cirkel is rond' - Ondernemend Venlo","og_description":"Hoe mooi is het als je in je laatste column in OV Magazine kunt constateren dat \u2018de cirkel rond is\u2019? Toen ik in 2014 begon als parkmanager bij Ondernemend Venlo was een van mijn eerste projecten het organiseren van een seminar over afval en circulariteit. Dit jaar, precies 10 jaar later, organiseert OV opnieuw een [&hellip;]","og_url":"https:\/\/www.ondernemendvenlo.nl\/de\/column-lidy-rutten-de-cirkel-is-rond\/","og_site_name":"Ondernemend Venlo","article_published_time":"2024-04-07T17:14:21+00:00","article_modified_time":"2025-04-07T17:23:46+00:00","og_image":[{"width":1920,"height":1080,"url":"https:\/\/www.ondernemendvenlo.nl\/wp-content\/uploads\/2025\/04\/OVenlo_2_2024_Column_Lidy.jpg","type":"image\/jpeg"}],"author":"admin","twitter_card":"summary_large_image","twitter_misc":{"Verfasst von":"admin","Gesch\u00e4tzte Lesezeit":"2\u00a0Minuten"},"schema":{"@context":"https:\/\/schema.org","@graph":[{"@type":"Article","@id":"https:\/\/www.ondernemendvenlo.nl\/column-lidy-rutten-de-cirkel-is-rond\/#article","isPartOf":{"@id":"https:\/\/www.ondernemendvenlo.nl\/column-lidy-rutten-de-cirkel-is-rond\/"},"author":{"name":"admin","@id":"https:\/\/www.ondernemendvenlo.nl\/#\/schema\/person\/347e935f8ad4c7030608ef74bb57aa6e"},"headline":"Column Lidy Rutten: &#8216;De cirkel is rond&#8217;","datePublished":"2024-04-07T17:14:21+00:00","dateModified":"2025-04-07T17:23:46+00:00","mainEntityOfPage":{"@id":"https:\/\/www.ondernemendvenlo.nl\/column-lidy-rutten-de-cirkel-is-rond\/"},"wordCount":350,"publisher":{"@id":"https:\/\/www.ondernemendvenlo.nl\/#organization"},"image":{"@id":"https:\/\/www.ondernemendvenlo.nl\/column-lidy-rutten-de-cirkel-is-rond\/#primaryimage"},"thumbnailUrl":"https:\/\/www.ondernemendvenlo.nl\/wp-content\/uploads\/2025\/04\/OVenlo_2_2024_Column_Lidy.jpg","articleSection":["Magazine Ondernemend Venlo"],"inLanguage":"de"},{"@type":"WebPage","@id":"https:\/\/www.ondernemendvenlo.nl\/column-lidy-rutten-de-cirkel-is-rond\/","url":"https:\/\/www.ondernemendvenlo.nl\/column-lidy-rutten-de-cirkel-is-rond\/","name":"Column Lidy Rutten: 'De cirkel is rond' - Ondernemend Venlo","isPartOf":{"@id":"https:\/\/www.ondernemendvenlo.nl\/#website"},"primaryImageOfPage":{"@id":"https:\/\/www.ondernemendvenlo.nl\/column-lidy-rutten-de-cirkel-is-rond\/#primaryimage"},"image":{"@id":"https:\/\/www.ondernemendvenlo.nl\/column-lidy-rutten-de-cirkel-is-rond\/#primaryimage"},"thumbnailUrl":"https:\/\/www.ondernemendvenlo.nl\/wp-content\/uploads\/2025\/04\/OVenlo_2_2024_Column_Lidy.jpg","datePublished":"2024-04-07T17:14:21+00:00","dateModified":"2025-04-07T17:23:46+00:00","breadcrumb":{"@id":"https:\/\/www.ondernemendvenlo.nl\/column-lidy-rutten-de-cirkel-is-rond\/#breadcrumb"},"inLanguage":"de","potentialAction":[{"@type":"ReadAction","target":["https:\/\/www.ondernemendvenlo.nl\/column-lidy-rutten-de-cirkel-is-rond\/"]}]},{"@type":"ImageObject","inLanguage":"de","@id":"https:\/\/www.ondernemendvenlo.nl\/column-lidy-rutten-de-cirkel-is-rond\/#primaryimage","url":"https:\/\/www.ondernemendvenlo.nl\/wp-content\/uploads\/2025\/04\/OVenlo_2_2024_Column_Lidy.jpg","contentUrl":"https:\/\/www.ondernemendvenlo.nl\/wp-content\/uploads\/2025\/04\/OVenlo_2_2024_Column_Lidy.jpg","width":1920,"height":1080},{"@type":"BreadcrumbList","@id":"https:\/\/www.ondernemendvenlo.nl\/column-lidy-rutten-de-cirkel-is-rond\/#breadcrumb","itemListElement":[{"@type":"ListItem","position":1,"name":"Ondernemend Venlo","item":"https:\/\/www.ondernemendvenlo.nl\/"},{"@type":"ListItem","position":2,"name":"Magazine Ondernemend Venlo","item":"https:\/\/www.ondernemendvenlo.nl\/categorie\/magazine\/"},{"@type":"ListItem","position":3,"name":"Column Lidy Rutten: &#8216;De cirkel is rond&#8217;"}]},{"@type":"WebSite","@id":"https:\/\/www.ondernemendvenlo.nl\/#website","url":"https:\/\/www.ondernemendvenlo.nl\/","name":"Unternehmerisches Venlo","description":"Samen succesvol ondernemen","publisher":{"@id":"https:\/\/www.ondernemendvenlo.nl\/#organization"},"potentialAction":[{"@type":"SearchAction","target":{"@type":"EntryPoint","urlTemplate":"https:\/\/www.ondernemendvenlo.nl\/?s={search_term_string}"},"query-input":{"@type":"PropertyValueSpecification","valueRequired":true,"valueName":"search_term_string"}}],"inLanguage":"de"},{"@type":"Organization","@id":"https:\/\/www.ondernemendvenlo.nl\/#organization","name":"Unternehmerisches Venlo","url":"https:\/\/www.ondernemendvenlo.nl\/","logo":{"@type":"ImageObject","inLanguage":"de","@id":"https:\/\/www.ondernemendvenlo.nl\/#\/schema\/logo\/image\/","url":"https:\/\/www.ondernemendvenlo.nl\/wp-content\/uploads\/2025\/02\/Ondernemend-Venlo-logo-scaled.webp","contentUrl":"https:\/\/www.ondernemendvenlo.nl\/wp-content\/uploads\/2025\/02\/Ondernemend-Venlo-logo-scaled.webp","width":2560,"height":1010,"caption":"Ondernemend Venlo"},"image":{"@id":"https:\/\/www.ondernemendvenlo.nl\/#\/schema\/logo\/image\/"},"sameAs":["https:\/\/www.linkedin.com\/company\/ondernemend-venlo\/"]},{"@type":"Person","@id":"https:\/\/www.ondernemendvenlo.nl\/#\/schema\/person\/347e935f8ad4c7030608ef74bb57aa6e","name":"admin","image":{"@type":"ImageObject","inLanguage":"de","@id":"https:\/\/www.ondernemendvenlo.nl\/#\/schema\/person\/image\/","url":"https:\/\/www.ondernemendvenlo.nl\/wp-content\/litespeed\/avatar\/720af750b037aecf6e33e12833479059.jpg?ver=1777382954","contentUrl":"https:\/\/www.ondernemendvenlo.nl\/wp-content\/litespeed\/avatar\/720af750b037aecf6e33e12833479059.jpg?ver=1777382954","caption":"admin"},"sameAs":["https:\/\/www.ondernemendvenlo.nl"]}]}},"_links":{"self":[{"href":"https:\/\/www.ondernemendvenlo.nl\/de\/wp-json\/wp\/v2\/posts\/3464","targetHints":{"allow":["GET"]}}],"collection":[{"href":"https:\/\/www.ondernemendvenlo.nl\/de\/wp-json\/wp\/v2\/posts"}],"about":[{"href":"https:\/\/www.ondernemendvenlo.nl\/de\/wp-json\/wp\/v2\/types\/post"}],"author":[{"embeddable":true,"href":"https:\/\/www.ondernemendvenlo.nl\/de\/wp-json\/wp\/v2\/users\/1"}],"replies":[{"embeddable":true,"href":"https:\/\/www.ondernemendvenlo.nl\/de\/wp-json\/wp\/v2\/comments?post=3464"}],"version-history":[{"count":0,"href":"https:\/\/www.ondernemendvenlo.nl\/de\/wp-json\/wp\/v2\/posts\/3464\/revisions"}],"wp:featuredmedia":[{"embeddable":true,"href":"https:\/\/www.ondernemendvenlo.nl\/de\/wp-json\/wp\/v2\/media\/3436"}],"wp:attachment":[{"href":"https:\/\/www.ondernemendvenlo.nl\/de\/wp-json\/wp\/v2\/media?parent=3464"}],"wp:term":[{"taxonomy":"category","embeddable":true,"href":"https:\/\/www.ondernemendvenlo.nl\/de\/wp-json\/wp\/v2\/categories?post=3464"},{"taxonomy":"post_tag","embeddable":true,"href":"https:\/\/www.ondernemendvenlo.nl\/de\/wp-json\/wp\/v2\/tags?post=3464"}],"curies":[{"name":"wp","href":"https:\/\/api.w.org\/{rel}","templated":true}]}}