{"id":3470,"date":"2024-04-07T19:14:32","date_gmt":"2024-04-07T17:14:32","guid":{"rendered":"https:\/\/www.ondernemendvenlo.nl\/rob-ewalds-winnaar-lvdg-prijs-en-emiel-zeevenhoven-wint-de-talent-award-2024\/"},"modified":"2025-04-07T19:22:50","modified_gmt":"2025-04-07T17:22:50","slug":"rob-ewalds-winnaar-lvdg-prijs-en-emiel-zeevenhoven-wint-de-talent-award-2024","status":"publish","type":"post","link":"https:\/\/www.ondernemendvenlo.nl\/de\/rob-ewalds-winnaar-lvdg-prijs-en-emiel-zeevenhoven-wint-de-talent-award-2024\/","title":{"rendered":"Rob Ewalds: Gewinner des LvdG-Preises und Emiel Zeevenhoven gewinnt den Talent Award 2024"},"content":{"rendered":"<div id=\"_idContainer062\" class=\"_idGenObjectStyleOverride-1\">\n<p class=\"Intro-zwart ParaOverride-4\"><strong>W\u00e4hrend eines festlichen Abends im Maaspoort wurde Rob Ewalds (Gaston Schul) zum Gewinner des Lodewijk van der Grinten-Preises 2024 erkl\u00e4rt. <span class=\"afbreken-einde-zin\">Die <\/span>Der Talentpreis ging in diesem Jahr an Emiel Zeevenhoven.<\/strong><\/p>\n<\/div>\n<div id=\"_idContainer063\" class=\"Basistekstkader\">\n<p class=\"Platte-tekst\">Die Verleihung des Lodewijk-van-der-Grinten-Preises hat sich zu einem bedeutenden Ereignis in der unternehmerischen Gemeinschaft der Gemeinde Venlo entwickelt. <span class=\"afbreken-einde-zin\">A <\/span>eine Veranstaltung, bei der Unternehmern und jungen Fachkr\u00e4ften eine B\u00fchne geboten wird und bei der sich die Wirtschaft der Region, die Verwaltung und andere Akteure treffen. <span class=\"afbreken-einde-zin\">Die <\/span>Der Lodewijk van der Grinten-Preis unterstreicht die Bedeutung eines Unternehmertums, das nicht nur erfolgreich ist, sondern auch einen innovativen und inspirierenden Beitrag zur Region Venlo leistet.<\/p>\n<p class=\"Tussenkopje ParaOverride-2\"><strong>Lodewijk-van-der-Grinten-Preis<br \/>\n<\/strong>Die drei nominierten Unternehmer in diesem Jahr waren: Rob Beurskens (Maashof), Fred Spijksma (GEBA Trans), Rob Ewalds (Gaston Schul). Bei den Pitches der Kandidaten, ausf\u00fchrlichen Unternehmensbesuchen und einer Podiumsdiskussion erhielten die Jurymitglieder einen einzigartigen Einblick in den Ansatz und die Vision der Nominierten. <span class=\"afbreken-einde-zin\">Rob <\/span>Ewalds konnte mit seinen innovativen Einsichten und Strategien am meisten beeindrucken.<\/p>\n<p class=\"Tussenkopje ParaOverride-2\"><strong>Inspirierender Abend<br \/>\n<\/strong>Die Moderatorin Vivian Lataster, inzwischen ein bekanntes Gesicht beim Lodewijk van der Grinten-Preis, f\u00fchrte durch das vielf\u00e4ltige und inspirierende Programm. <span class=\"afbreken-einde-zin\">Die <\/span>Der Abend begann mit den Pitches der nominierten Talente. Anschlie\u00dfend half das Publikum, den endg\u00fcltigen Gewinner dieser Talente durch eine digitale Abstimmung zu bestimmen. <span class=\"afbreken-einde-zin\">Die <\/span>Das Programm wurde durch beeindruckende Lasershows, Videopr\u00e4sentationen und Interviews visuell aufgewertet und von Scarcity musikalisch untermalt. <span class=\"afbreken-einde-zin\">Die <\/span>Der H\u00f6hepunkt des Abends war die Verleihung des prestigetr\u00e4chtigen Unternehmerpreises durch B\u00fcrgermeister Scholten aus Venlo.<\/p>\n<blockquote><p><span class=\"CharOverride-16\">Eine vision\u00e4re und entschlossene F\u00fchrungspers\u00f6nlichkeit, die einen beeindruckenden Wandel in ihrem Unternehmen erreicht hat.<\/span><\/p><\/blockquote>\n<p class=\"Platte-tekst\">Das Kunstwerk f\u00fcr die Gewinnerin, ein Werk der renommierten Venloer K\u00fcnstlerin Suzanne Berkers, ist eine bleibende Erinnerung an diese besondere Anerkennung. Dar\u00fcber hinaus erhielten beide Gewinner einen Bildungsgutschein der Universit\u00e4t UMIO Maastricht als Anreiz f\u00fcr die weitere pers\u00f6nliche und berufliche Entwicklung.<\/p>\n<p class=\"Tussenkopje ParaOverride-2\"><strong>Gewinner Rob Ewalds<br \/>\n<\/strong>Aus dem Bericht der Jury: \"Der betreffende Unternehmer hat sich als vision\u00e4re und entschlossene F\u00fchrungspers\u00f6nlichkeit erwiesen, die einen beeindruckenden Wandel in seinem Unternehmen vollzogen hat. <span class=\"afbreken-einde-zin\">A <\/span>Eine besondere St\u00e4rke ist seine F\u00e4higkeit, einen scheinbar \"langweiligen\" Sektor attraktiv und relevant zu machen. <span class=\"afbreken-einde-zin\">Mit <\/span>Mit einer neuen Perspektive und strategischen Investitionen, unter anderem in KI und Digitalisierung, gelingt es ihm, sein Unternehmen unverwechselbar zu positionieren.<\/p>\n<p class=\"Platte-tekst\">Das Thema \"Umdenken\" zieht sich wie ein roter Faden durch seine Geschichte: von der kreativen Reaktion auf die Auswirkungen des Brexit bis zur Entwicklung neuer Strategien, die seinen Kunden helfen, einen Schritt voraus zu sein.<\/p>\n<p class=\"Tussenkopje ParaOverride-2\"><strong>Talentpreis an Emiel Zeevenhoven<br \/>\n<\/strong>In diesem Jahr konkurrierten Emiel Zeevenhoven (IJsco Fantastico), Joni Sloesen (Restaurant Sober und Wijndomein Zavel) und Saar Gansner (Kloosterbrouwerij Steijl) um den Talent Award, eine Auszeichnung f\u00fcr den f\u00fchrenden jungen Fachmann unter 35 Jahren in der Gemeinde Venlo.<\/p>\n<blockquote><p>Sein Engagement, sein Ehrgeiz und sein ausgepr\u00e4gter Gesch\u00e4ftssinn haben ihn zu einem Vorbild f\u00fcr die Selbstst\u00e4ndigkeit gemacht.<\/p><\/blockquote>\n<p class=\"Platte-tekst\">Es wurde ein Kopf-an-Kopf-Rennen, aber die \u00f6ffentliche Abstimmung entschied schlie\u00dflich \u00fcber den Sieger: Emiel Zeevenhoven.<\/p>\n<p class=\"Platte-tekst\">Aus dem Bericht der Jury: \"Dieser junge Unternehmer ist eine feste Gr\u00f6\u00dfe in seiner Branche und hat seit der Gr\u00fcndung seines Unternehmens im Alter von 18 Jahren einen beeindruckenden Werdegang hinter sich. Heute, 14 Jahre sp\u00e4ter, kann er auf ein solides und erfolgreiches Unternehmen verweisen, das er ganz allein mit seinen eigenen Mitteln aufgebaut hat. Sein Engagement, sein Ehrgeiz und sein ausgepr\u00e4gter Gesch\u00e4ftssinn haben ihn zu einem Vorbild f\u00fcr Selbstst\u00e4ndigkeit gemacht.<\/p>\n<p class=\"Tussenkopje ParaOverride-2\"><strong>Partner und Sponsoren<br \/>\n<\/strong>Im Laufe der Jahre hat die Stiftung des Lodewijk van der Grinten-Preises ein wertvolles Netzwerk aus zahlreichen Partnern, Stiftern und Sponsoren aufgebaut. Dank dieser intensiven Zusammenarbeit und der breiten Unterst\u00fctzung innerhalb der Venloer Gesch\u00e4ftswelt ist die Stiftung in der Lage, jedes Jahr einen professionellen und inspirierenden Abend zu organisieren.<\/p>\n<p class=\"Platte-tekst\">Der Preis ist eine Initiative der Stiftung Lodewijk van der Grinten-Preis, in der LLTB, MKB Noord-Limburg, Ondernemend Venlo und die Gemeinde Venlo zusammenarbeiten. Der Namensgeber des Preises ist Lodewijk van der Grinten (1831 - 1895), der Gr\u00fcnder der ehemaligen Oc\u00e9, heute Canon Production Printing. <span class=\"afbreken-einde-zin\">Diese <\/span>Das Unternehmen hat sich zu einem der gr\u00f6\u00dften Wirtschaftsfaktoren in Venlo entwickelt.<\/p>\n<p class=\"Tussenkopje ParaOverride-2\"><a href=\"http:\/\/www.lvdgprijs.nl\"><strong>www.lvdgprijs.nl<\/strong><\/a><img decoding=\"async\" class=\"_idGenObjectAttribute-1\" src=\"OVenlo_nr4_2024_Binnenwerk-web-resources\/image\/BB20241212_dsc_7713.jpg\" alt=\"\" \/><\/p>\n<p><em>Fotografie: Bram Becks<\/em><\/p>\n<\/div>","protected":false},"excerpt":{"rendered":"<p>Tijdens een feestelijke avond in de Maaspoort werd Rob Ewalds (Gaston Schul) uitgeroepen als winnaar van de Lodewijk van der Grinten Prijs 2024. De Talent Award ging dit jaar naar Emiel Zeevenhoven. De uitreiking van de Lodewijk van der Grinten Prijs is uitgegroeid tot een toonaangevend evenement binnen de ondernemersgemeenschap van gemeente Venlo. Een evenement [&hellip;]<\/p>","protected":false},"author":1,"featured_media":3249,"comment_status":"closed","ping_status":"closed","sticky":false,"template":"","format":"standard","meta":{"_acf_changed":false,"footnotes":""},"categories":[21],"tags":[],"class_list":["post-3470","post","type-post","status-publish","format-standard","has-post-thumbnail","hentry","category-magazine"],"acf":[],"yoast_head":"<!-- This site is optimized with the Yoast SEO plugin v26.3 - https:\/\/yoast.com\/wordpress\/plugins\/seo\/ -->\n<title>Rob Ewalds: winnaar LvdG Prijs en Emiel Zeevenhoven wint de Talent Award 2024 - Ondernemend Venlo<\/title>\n<meta name=\"robots\" content=\"index, follow, max-snippet:-1, max-image-preview:large, max-video-preview:-1\" \/>\n<link rel=\"canonical\" href=\"https:\/\/www.ondernemendvenlo.nl\/de\/rob-ewalds-winnaar-lvdg-prijs-en-emiel-zeevenhoven-wint-de-talent-award-2024\/\" \/>\n<meta property=\"og:locale\" content=\"de_DE\" \/>\n<meta property=\"og:type\" content=\"article\" \/>\n<meta property=\"og:title\" content=\"Rob Ewalds: winnaar LvdG Prijs en Emiel Zeevenhoven wint de Talent Award 2024 - Ondernemend Venlo\" \/>\n<meta property=\"og:description\" content=\"Tijdens een feestelijke avond in de Maaspoort werd Rob Ewalds (Gaston Schul) uitgeroepen als winnaar van de Lodewijk van der Grinten Prijs 2024. De Talent Award ging dit jaar naar Emiel Zeevenhoven. De uitreiking van de Lodewijk van der Grinten Prijs is uitgegroeid tot een toonaangevend evenement binnen de ondernemersgemeenschap van gemeente Venlo. Een evenement [&hellip;]\" \/>\n<meta property=\"og:url\" content=\"https:\/\/www.ondernemendvenlo.nl\/de\/rob-ewalds-winnaar-lvdg-prijs-en-emiel-zeevenhoven-wint-de-talent-award-2024\/\" \/>\n<meta property=\"og:site_name\" content=\"Ondernemend Venlo\" \/>\n<meta property=\"article:published_time\" content=\"2024-04-07T17:14:32+00:00\" \/>\n<meta property=\"article:modified_time\" content=\"2025-04-07T17:22:50+00:00\" \/>\n<meta property=\"og:image\" content=\"https:\/\/www.ondernemendvenlo.nl\/wp-content\/uploads\/2025\/04\/Winnaars_LvdGPrijs_2024.jpg\" \/>\n\t<meta property=\"og:image:width\" content=\"1920\" \/>\n\t<meta property=\"og:image:height\" content=\"1080\" \/>\n\t<meta property=\"og:image:type\" content=\"image\/jpeg\" \/>\n<meta name=\"author\" content=\"admin\" \/>\n<meta name=\"twitter:card\" content=\"summary_large_image\" \/>\n<meta name=\"twitter:label1\" content=\"Verfasst von\" \/>\n\t<meta name=\"twitter:data1\" content=\"admin\" \/>\n\t<meta name=\"twitter:label2\" content=\"Gesch\u00e4tzte Lesezeit\" \/>\n\t<meta name=\"twitter:data2\" content=\"3\u00a0Minuten\" \/>\n<script type=\"application\/ld+json\" class=\"yoast-schema-graph\">{\"@context\":\"https:\/\/schema.org\",\"@graph\":[{\"@type\":\"Article\",\"@id\":\"https:\/\/www.ondernemendvenlo.nl\/rob-ewalds-winnaar-lvdg-prijs-en-emiel-zeevenhoven-wint-de-talent-award-2024\/#article\",\"isPartOf\":{\"@id\":\"https:\/\/www.ondernemendvenlo.nl\/rob-ewalds-winnaar-lvdg-prijs-en-emiel-zeevenhoven-wint-de-talent-award-2024\/\"},\"author\":{\"name\":\"admin\",\"@id\":\"https:\/\/www.ondernemendvenlo.nl\/#\/schema\/person\/347e935f8ad4c7030608ef74bb57aa6e\"},\"headline\":\"Rob Ewalds: winnaar LvdG Prijs en Emiel Zeevenhoven wint de Talent Award 2024\",\"datePublished\":\"2024-04-07T17:14:32+00:00\",\"dateModified\":\"2025-04-07T17:22:50+00:00\",\"mainEntityOfPage\":{\"@id\":\"https:\/\/www.ondernemendvenlo.nl\/rob-ewalds-winnaar-lvdg-prijs-en-emiel-zeevenhoven-wint-de-talent-award-2024\/\"},\"wordCount\":674,\"publisher\":{\"@id\":\"https:\/\/www.ondernemendvenlo.nl\/#organization\"},\"image\":{\"@id\":\"https:\/\/www.ondernemendvenlo.nl\/rob-ewalds-winnaar-lvdg-prijs-en-emiel-zeevenhoven-wint-de-talent-award-2024\/#primaryimage\"},\"thumbnailUrl\":\"https:\/\/www.ondernemendvenlo.nl\/wp-content\/uploads\/2025\/04\/Winnaars_LvdGPrijs_2024.jpg\",\"articleSection\":[\"Magazine Ondernemend Venlo\"],\"inLanguage\":\"de\"},{\"@type\":\"WebPage\",\"@id\":\"https:\/\/www.ondernemendvenlo.nl\/rob-ewalds-winnaar-lvdg-prijs-en-emiel-zeevenhoven-wint-de-talent-award-2024\/\",\"url\":\"https:\/\/www.ondernemendvenlo.nl\/rob-ewalds-winnaar-lvdg-prijs-en-emiel-zeevenhoven-wint-de-talent-award-2024\/\",\"name\":\"Rob Ewalds: winnaar LvdG Prijs en Emiel Zeevenhoven wint de Talent Award 2024 - Ondernemend Venlo\",\"isPartOf\":{\"@id\":\"https:\/\/www.ondernemendvenlo.nl\/#website\"},\"primaryImageOfPage\":{\"@id\":\"https:\/\/www.ondernemendvenlo.nl\/rob-ewalds-winnaar-lvdg-prijs-en-emiel-zeevenhoven-wint-de-talent-award-2024\/#primaryimage\"},\"image\":{\"@id\":\"https:\/\/www.ondernemendvenlo.nl\/rob-ewalds-winnaar-lvdg-prijs-en-emiel-zeevenhoven-wint-de-talent-award-2024\/#primaryimage\"},\"thumbnailUrl\":\"https:\/\/www.ondernemendvenlo.nl\/wp-content\/uploads\/2025\/04\/Winnaars_LvdGPrijs_2024.jpg\",\"datePublished\":\"2024-04-07T17:14:32+00:00\",\"dateModified\":\"2025-04-07T17:22:50+00:00\",\"breadcrumb\":{\"@id\":\"https:\/\/www.ondernemendvenlo.nl\/rob-ewalds-winnaar-lvdg-prijs-en-emiel-zeevenhoven-wint-de-talent-award-2024\/#breadcrumb\"},\"inLanguage\":\"de\",\"potentialAction\":[{\"@type\":\"ReadAction\",\"target\":[\"https:\/\/www.ondernemendvenlo.nl\/rob-ewalds-winnaar-lvdg-prijs-en-emiel-zeevenhoven-wint-de-talent-award-2024\/\"]}]},{\"@type\":\"ImageObject\",\"inLanguage\":\"de\",\"@id\":\"https:\/\/www.ondernemendvenlo.nl\/rob-ewalds-winnaar-lvdg-prijs-en-emiel-zeevenhoven-wint-de-talent-award-2024\/#primaryimage\",\"url\":\"https:\/\/www.ondernemendvenlo.nl\/wp-content\/uploads\/2025\/04\/Winnaars_LvdGPrijs_2024.jpg\",\"contentUrl\":\"https:\/\/www.ondernemendvenlo.nl\/wp-content\/uploads\/2025\/04\/Winnaars_LvdGPrijs_2024.jpg\",\"width\":1920,\"height\":1080},{\"@type\":\"BreadcrumbList\",\"@id\":\"https:\/\/www.ondernemendvenlo.nl\/rob-ewalds-winnaar-lvdg-prijs-en-emiel-zeevenhoven-wint-de-talent-award-2024\/#breadcrumb\",\"itemListElement\":[{\"@type\":\"ListItem\",\"position\":1,\"name\":\"Ondernemend Venlo\",\"item\":\"https:\/\/www.ondernemendvenlo.nl\/\"},{\"@type\":\"ListItem\",\"position\":2,\"name\":\"Magazine Ondernemend Venlo\",\"item\":\"https:\/\/www.ondernemendvenlo.nl\/categorie\/magazine\/\"},{\"@type\":\"ListItem\",\"position\":3,\"name\":\"Rob Ewalds: winnaar LvdG Prijs en Emiel Zeevenhoven wint de Talent Award 2024\"}]},{\"@type\":\"WebSite\",\"@id\":\"https:\/\/www.ondernemendvenlo.nl\/#website\",\"url\":\"https:\/\/www.ondernemendvenlo.nl\/\",\"name\":\"Ondernemend Venlo\",\"description\":\"Samen succesvol ondernemen\",\"publisher\":{\"@id\":\"https:\/\/www.ondernemendvenlo.nl\/#organization\"},\"potentialAction\":[{\"@type\":\"SearchAction\",\"target\":{\"@type\":\"EntryPoint\",\"urlTemplate\":\"https:\/\/www.ondernemendvenlo.nl\/?s={search_term_string}\"},\"query-input\":{\"@type\":\"PropertyValueSpecification\",\"valueRequired\":true,\"valueName\":\"search_term_string\"}}],\"inLanguage\":\"de\"},{\"@type\":\"Organization\",\"@id\":\"https:\/\/www.ondernemendvenlo.nl\/#organization\",\"name\":\"Ondernemend Venlo\",\"url\":\"https:\/\/www.ondernemendvenlo.nl\/\",\"logo\":{\"@type\":\"ImageObject\",\"inLanguage\":\"de\",\"@id\":\"https:\/\/www.ondernemendvenlo.nl\/#\/schema\/logo\/image\/\",\"url\":\"https:\/\/www.ondernemendvenlo.nl\/wp-content\/uploads\/2025\/02\/Ondernemend-Venlo-logo-scaled.webp\",\"contentUrl\":\"https:\/\/www.ondernemendvenlo.nl\/wp-content\/uploads\/2025\/02\/Ondernemend-Venlo-logo-scaled.webp\",\"width\":2560,\"height\":1010,\"caption\":\"Ondernemend Venlo\"},\"image\":{\"@id\":\"https:\/\/www.ondernemendvenlo.nl\/#\/schema\/logo\/image\/\"},\"sameAs\":[\"https:\/\/www.linkedin.com\/company\/ondernemend-venlo\/\"]},{\"@type\":\"Person\",\"@id\":\"https:\/\/www.ondernemendvenlo.nl\/#\/schema\/person\/347e935f8ad4c7030608ef74bb57aa6e\",\"name\":\"admin\",\"image\":{\"@type\":\"ImageObject\",\"inLanguage\":\"de\",\"@id\":\"https:\/\/www.ondernemendvenlo.nl\/#\/schema\/person\/image\/\",\"url\":\"https:\/\/www.ondernemendvenlo.nl\/wp-content\/litespeed\/avatar\/720af750b037aecf6e33e12833479059.jpg?ver=1777382954\",\"contentUrl\":\"https:\/\/www.ondernemendvenlo.nl\/wp-content\/litespeed\/avatar\/720af750b037aecf6e33e12833479059.jpg?ver=1777382954\",\"caption\":\"admin\"},\"sameAs\":[\"https:\/\/www.ondernemendvenlo.nl\"]}]}<\/script>\n<!-- \/ Yoast SEO plugin. -->","yoast_head_json":{"title":"Rob Ewalds: winnaar LvdG Prijs en Emiel Zeevenhoven wint de Talent Award 2024 - Ondernemend Venlo","robots":{"index":"index","follow":"follow","max-snippet":"max-snippet:-1","max-image-preview":"max-image-preview:large","max-video-preview":"max-video-preview:-1"},"canonical":"https:\/\/www.ondernemendvenlo.nl\/de\/rob-ewalds-winnaar-lvdg-prijs-en-emiel-zeevenhoven-wint-de-talent-award-2024\/","og_locale":"de_DE","og_type":"article","og_title":"Rob Ewalds: winnaar LvdG Prijs en Emiel Zeevenhoven wint de Talent Award 2024 - Ondernemend Venlo","og_description":"Tijdens een feestelijke avond in de Maaspoort werd Rob Ewalds (Gaston Schul) uitgeroepen als winnaar van de Lodewijk van der Grinten Prijs 2024. De Talent Award ging dit jaar naar Emiel Zeevenhoven. De uitreiking van de Lodewijk van der Grinten Prijs is uitgegroeid tot een toonaangevend evenement binnen de ondernemersgemeenschap van gemeente Venlo. Een evenement [&hellip;]","og_url":"https:\/\/www.ondernemendvenlo.nl\/de\/rob-ewalds-winnaar-lvdg-prijs-en-emiel-zeevenhoven-wint-de-talent-award-2024\/","og_site_name":"Ondernemend Venlo","article_published_time":"2024-04-07T17:14:32+00:00","article_modified_time":"2025-04-07T17:22:50+00:00","og_image":[{"width":1920,"height":1080,"url":"https:\/\/www.ondernemendvenlo.nl\/wp-content\/uploads\/2025\/04\/Winnaars_LvdGPrijs_2024.jpg","type":"image\/jpeg"}],"author":"admin","twitter_card":"summary_large_image","twitter_misc":{"Verfasst von":"admin","Gesch\u00e4tzte Lesezeit":"3\u00a0Minuten"},"schema":{"@context":"https:\/\/schema.org","@graph":[{"@type":"Article","@id":"https:\/\/www.ondernemendvenlo.nl\/rob-ewalds-winnaar-lvdg-prijs-en-emiel-zeevenhoven-wint-de-talent-award-2024\/#article","isPartOf":{"@id":"https:\/\/www.ondernemendvenlo.nl\/rob-ewalds-winnaar-lvdg-prijs-en-emiel-zeevenhoven-wint-de-talent-award-2024\/"},"author":{"name":"admin","@id":"https:\/\/www.ondernemendvenlo.nl\/#\/schema\/person\/347e935f8ad4c7030608ef74bb57aa6e"},"headline":"Rob Ewalds: winnaar LvdG Prijs en Emiel Zeevenhoven wint de Talent Award 2024","datePublished":"2024-04-07T17:14:32+00:00","dateModified":"2025-04-07T17:22:50+00:00","mainEntityOfPage":{"@id":"https:\/\/www.ondernemendvenlo.nl\/rob-ewalds-winnaar-lvdg-prijs-en-emiel-zeevenhoven-wint-de-talent-award-2024\/"},"wordCount":674,"publisher":{"@id":"https:\/\/www.ondernemendvenlo.nl\/#organization"},"image":{"@id":"https:\/\/www.ondernemendvenlo.nl\/rob-ewalds-winnaar-lvdg-prijs-en-emiel-zeevenhoven-wint-de-talent-award-2024\/#primaryimage"},"thumbnailUrl":"https:\/\/www.ondernemendvenlo.nl\/wp-content\/uploads\/2025\/04\/Winnaars_LvdGPrijs_2024.jpg","articleSection":["Magazine Ondernemend Venlo"],"inLanguage":"de"},{"@type":"WebPage","@id":"https:\/\/www.ondernemendvenlo.nl\/rob-ewalds-winnaar-lvdg-prijs-en-emiel-zeevenhoven-wint-de-talent-award-2024\/","url":"https:\/\/www.ondernemendvenlo.nl\/rob-ewalds-winnaar-lvdg-prijs-en-emiel-zeevenhoven-wint-de-talent-award-2024\/","name":"Rob Ewalds: winnaar LvdG Prijs en Emiel Zeevenhoven wint de Talent Award 2024 - Ondernemend Venlo","isPartOf":{"@id":"https:\/\/www.ondernemendvenlo.nl\/#website"},"primaryImageOfPage":{"@id":"https:\/\/www.ondernemendvenlo.nl\/rob-ewalds-winnaar-lvdg-prijs-en-emiel-zeevenhoven-wint-de-talent-award-2024\/#primaryimage"},"image":{"@id":"https:\/\/www.ondernemendvenlo.nl\/rob-ewalds-winnaar-lvdg-prijs-en-emiel-zeevenhoven-wint-de-talent-award-2024\/#primaryimage"},"thumbnailUrl":"https:\/\/www.ondernemendvenlo.nl\/wp-content\/uploads\/2025\/04\/Winnaars_LvdGPrijs_2024.jpg","datePublished":"2024-04-07T17:14:32+00:00","dateModified":"2025-04-07T17:22:50+00:00","breadcrumb":{"@id":"https:\/\/www.ondernemendvenlo.nl\/rob-ewalds-winnaar-lvdg-prijs-en-emiel-zeevenhoven-wint-de-talent-award-2024\/#breadcrumb"},"inLanguage":"de","potentialAction":[{"@type":"ReadAction","target":["https:\/\/www.ondernemendvenlo.nl\/rob-ewalds-winnaar-lvdg-prijs-en-emiel-zeevenhoven-wint-de-talent-award-2024\/"]}]},{"@type":"ImageObject","inLanguage":"de","@id":"https:\/\/www.ondernemendvenlo.nl\/rob-ewalds-winnaar-lvdg-prijs-en-emiel-zeevenhoven-wint-de-talent-award-2024\/#primaryimage","url":"https:\/\/www.ondernemendvenlo.nl\/wp-content\/uploads\/2025\/04\/Winnaars_LvdGPrijs_2024.jpg","contentUrl":"https:\/\/www.ondernemendvenlo.nl\/wp-content\/uploads\/2025\/04\/Winnaars_LvdGPrijs_2024.jpg","width":1920,"height":1080},{"@type":"BreadcrumbList","@id":"https:\/\/www.ondernemendvenlo.nl\/rob-ewalds-winnaar-lvdg-prijs-en-emiel-zeevenhoven-wint-de-talent-award-2024\/#breadcrumb","itemListElement":[{"@type":"ListItem","position":1,"name":"Ondernemend Venlo","item":"https:\/\/www.ondernemendvenlo.nl\/"},{"@type":"ListItem","position":2,"name":"Magazine Ondernemend Venlo","item":"https:\/\/www.ondernemendvenlo.nl\/categorie\/magazine\/"},{"@type":"ListItem","position":3,"name":"Rob Ewalds: winnaar LvdG Prijs en Emiel Zeevenhoven wint de Talent Award 2024"}]},{"@type":"WebSite","@id":"https:\/\/www.ondernemendvenlo.nl\/#website","url":"https:\/\/www.ondernemendvenlo.nl\/","name":"Unternehmerisches Venlo","description":"Samen succesvol ondernemen","publisher":{"@id":"https:\/\/www.ondernemendvenlo.nl\/#organization"},"potentialAction":[{"@type":"SearchAction","target":{"@type":"EntryPoint","urlTemplate":"https:\/\/www.ondernemendvenlo.nl\/?s={search_term_string}"},"query-input":{"@type":"PropertyValueSpecification","valueRequired":true,"valueName":"search_term_string"}}],"inLanguage":"de"},{"@type":"Organization","@id":"https:\/\/www.ondernemendvenlo.nl\/#organization","name":"Unternehmerisches Venlo","url":"https:\/\/www.ondernemendvenlo.nl\/","logo":{"@type":"ImageObject","inLanguage":"de","@id":"https:\/\/www.ondernemendvenlo.nl\/#\/schema\/logo\/image\/","url":"https:\/\/www.ondernemendvenlo.nl\/wp-content\/uploads\/2025\/02\/Ondernemend-Venlo-logo-scaled.webp","contentUrl":"https:\/\/www.ondernemendvenlo.nl\/wp-content\/uploads\/2025\/02\/Ondernemend-Venlo-logo-scaled.webp","width":2560,"height":1010,"caption":"Ondernemend Venlo"},"image":{"@id":"https:\/\/www.ondernemendvenlo.nl\/#\/schema\/logo\/image\/"},"sameAs":["https:\/\/www.linkedin.com\/company\/ondernemend-venlo\/"]},{"@type":"Person","@id":"https:\/\/www.ondernemendvenlo.nl\/#\/schema\/person\/347e935f8ad4c7030608ef74bb57aa6e","name":"admin","image":{"@type":"ImageObject","inLanguage":"de","@id":"https:\/\/www.ondernemendvenlo.nl\/#\/schema\/person\/image\/","url":"https:\/\/www.ondernemendvenlo.nl\/wp-content\/litespeed\/avatar\/720af750b037aecf6e33e12833479059.jpg?ver=1777382954","contentUrl":"https:\/\/www.ondernemendvenlo.nl\/wp-content\/litespeed\/avatar\/720af750b037aecf6e33e12833479059.jpg?ver=1777382954","caption":"admin"},"sameAs":["https:\/\/www.ondernemendvenlo.nl"]}]}},"_links":{"self":[{"href":"https:\/\/www.ondernemendvenlo.nl\/de\/wp-json\/wp\/v2\/posts\/3470","targetHints":{"allow":["GET"]}}],"collection":[{"href":"https:\/\/www.ondernemendvenlo.nl\/de\/wp-json\/wp\/v2\/posts"}],"about":[{"href":"https:\/\/www.ondernemendvenlo.nl\/de\/wp-json\/wp\/v2\/types\/post"}],"author":[{"embeddable":true,"href":"https:\/\/www.ondernemendvenlo.nl\/de\/wp-json\/wp\/v2\/users\/1"}],"replies":[{"embeddable":true,"href":"https:\/\/www.ondernemendvenlo.nl\/de\/wp-json\/wp\/v2\/comments?post=3470"}],"version-history":[{"count":0,"href":"https:\/\/www.ondernemendvenlo.nl\/de\/wp-json\/wp\/v2\/posts\/3470\/revisions"}],"wp:featuredmedia":[{"embeddable":true,"href":"https:\/\/www.ondernemendvenlo.nl\/de\/wp-json\/wp\/v2\/media\/3249"}],"wp:attachment":[{"href":"https:\/\/www.ondernemendvenlo.nl\/de\/wp-json\/wp\/v2\/media?parent=3470"}],"wp:term":[{"taxonomy":"category","embeddable":true,"href":"https:\/\/www.ondernemendvenlo.nl\/de\/wp-json\/wp\/v2\/categories?post=3470"},{"taxonomy":"post_tag","embeddable":true,"href":"https:\/\/www.ondernemendvenlo.nl\/de\/wp-json\/wp\/v2\/tags?post=3470"}],"curies":[{"name":"wp","href":"https:\/\/api.w.org\/{rel}","templated":true}]}}