{"id":1467,"date":"2018-11-07T15:07:47","date_gmt":"2018-11-07T14:07:47","guid":{"rendered":"https:\/\/www.ondernemendvenlo.nl\/logistiek-limburg-slaat-opnieuw-handen-ineen\/"},"modified":"2018-11-07T15:07:47","modified_gmt":"2018-11-07T14:07:47","slug":"logistiek-limburg-slaat-opnieuw-handen-ineen","status":"publish","type":"post","link":"https:\/\/www.ondernemendvenlo.nl\/en\/logistiek-limburg-slaat-opnieuw-handen-ineen\/","title":{"rendered":"Logistiek Limburg slaat opnieuw handen ineen"},"content":{"rendered":"<h2>Limburgse logistieke bedrijven presenteren zich gezamenlijk op internationale topbeurs M\u00fcnchen<\/h2>\n<p><strong>Het Limburgse logistieke bedrijfsleven slaat wederom de handen ineen om zich gezamenlijk te presenteren op Transport Logistic M\u00fcnchen, de grootste beurs ter wereld op het gebied van transport en logistiek. ELC Limburg en LIOF organiseren mede op verzoek van Provincie Limburg en door hen financieel ondersteund de gezamenlijke beursdeelname. 16 Limburgse partijen presenteren zich van 4 t\/m 7 juni 2019 in M\u00fcnchen om te laten zien dat Limburg, al jarenlang d\u00e9 logistieke hotspot van Nederland, op het gebied van logistiek echt alles in huis heeft.<\/strong><\/p>\n<p>Limburg excelleert al jaren op haar logistieke competenties. Dankzij de veelvoud aan transporteurs, logistiek dienstverleners, ketenregisseurs en gespecialiseerde support diensten is er een uitstekende mix aan logistieke ketenpartners. Tel daarbij op een zeer gunstige ligging ten opzichte van het Europese achterland; vanuit Limburg zijn zo\u2019n 35 miljoen consumenten binnen twee uur te bereiken. Een omzet van zo\u2019n 5 miljard euro maakt logistiek voor Limburg dan ook \u00e9\u00e9n van de belangrijkste economische sectoren.<\/p>\n<p>Zo beaamt Joost van den Akker, Gedeputeerde Economie en Kennisinfrastructuur van Provincie Limburg. \u201cDe gezamenlijke deelname van logistiek Limburg aan deze beurs in M\u00fcnchen, draagt bij aan het positioneren van logistiek Limburg op de internationale kaart. Limburg kent als doorvoer, distributie en productieregio een groeiende logistieke positie, die met ruim 60.000 banen voor 12% bijdraagt aan onze werkgelegenheid. Dit wordt bevestigd door het groot aantal nieuwe vestigingen en infrastructurele investeringen.\u201d<\/p>\n<p>VIA Recruitment is een van de deelnemers. Managing Director Paul Custers over de overwegingen mee te gaan naar M\u00fcnchen. \u201cWij zien het belang van een netwerk dat elkaar wil helpen, versterken en ontmoeten. Daarbij vinden wij het prettig om gezamenlijk ons te laten zien op een internationaal speelveld.\u201d Ren\u00e9 Knapen, namens ELC Limburg vult aan: \u201cSamen vanuit Limburg naar de beurs in M\u00fcnchen gaan om onze logistieke kracht en kennis wereldkundig te maken is niet alleen nuttig en effici\u00ebnt, maar het is ook een plezierige samenwerking.\u201d<\/p>\n<p><strong>E\u00e9n veelzijdig team<\/strong><\/p>\n<p>De deelnemers laten weer de veelzijdigheid en breedte van de Limburgse logistiek zien met de aanwezigheid van transport en logistieke dienstverlening, douane, onderwijs, recruitment, ICT en regionale overheid. Om als \u00e9\u00e9n team aanwezig te zijn, waarbij ieders sterktes aan bod komt, is de beursdeelname gisteren officieel van start gegaan met een gezamenlijke kick-off. Deze stond in het teken van kennismaken en het ophalen van idee\u00ebn, wensen en behoeften, zodat logistiek in Limburg \u00e9n de Limburgse bedrijven zo sterk mogelijk worden gepositioneerd.<\/p>\n<p>\u201cNa een succesvolle Limburgse beursdeelname in 2017 starten wij vol enthousiasme aan de voorbereidingen voor 2019. Input van de deelnemers is hierbij van grote waarde. Met behulp van deze kick-off cre\u00ebren wij \u00e9\u00e9n krachtige gezamenlijke visie hoe wij logistiek Limburg in M\u00fcnchen op de kaart zetten\u201d, aldus Kyra Manders, Programma Manager binnen LIOF en verantwoordelijk voor de Limburgse deelname.<\/p>\n<p>Paul vult daarbij aan \u201cDe kick-off is de aftrap naar een succesvolle beurs in 2019. Als ervaren beursbezoekers willen wij het goede behouden, maar zijn wij ook positief-kritisch hoe we ons kunnen verbeteren. De kick-off diende hiervoor als podium.\u201d<\/p>\n<p><strong>Spelers op Limburg-stand<\/strong><\/p>\n<p>De deelnemers die Logistiek Limburg vertegenwoordigen zijn; Broekman Logistics, Emons Group BV, Fontys Hogescholen\/KennisDC Logistiek Limburg, Gehlen Schols Logistics, KLG Europe, Koopman Automotive Solutions BV, LIOF\/Provincie Limburg, Multitax Transport International, TANS, VIA Recruitment, Welsi BV, Wessem Port Services Group BV, Everest Export B.V., Curfs Logistics, Gaston Schul Group en Cabooter Group.<\/p>\n<p><strong>Transport Logistic M\u00fcnchen<\/strong><\/p>\n<p>De tweejaarlijkse beurs Transport Logistic (www.transportlogistic.de) is met meer dan 2.000 exposanten en ruim 60.000 bezoekers \u00e9\u00e9n van de belangrijkste internationale beurzen als het gaat om logistiek, mobiliteit, IT en supply-chain management. De beurs vindt in 2019 plaats van 4 t\/m 7 juni in M\u00fcnchen. Naast de huidige 16 Limburgse deelnemers is nog beperkt plek beschikbaar voor andere ge\u00efnteresseerden. Er is standruimte gereserveerd waar de regio zich als top logistieke regio presenteert, maar waarin ook voldoende ruimte is voor de deelnemers om zichzelf te profileren.<\/p>","protected":false},"excerpt":{"rendered":"<p>Limburgse logistieke bedrijven presenteren zich gezamenlijk op internationale topbeurs M\u00fcnchen Het Limburgse logistieke bedrijfsleven slaat wederom de handen ineen om zich gezamenlijk te presenteren op Transport Logistic M\u00fcnchen, de grootste beurs ter wereld op het gebied van transport en logistiek. ELC Limburg en LIOF organiseren mede op verzoek van Provincie Limburg en door hen financieel [&hellip;]<\/p>","protected":false},"author":1,"featured_media":1468,"comment_status":"closed","ping_status":"open","sticky":false,"template":"","format":"standard","meta":{"_acf_changed":false,"footnotes":""},"categories":[8],"tags":[],"class_list":["post-1467","post","type-post","status-publish","format-standard","has-post-thumbnail","hentry","category-nieuws"],"acf":[],"yoast_head":"<!-- This site is optimized with the Yoast SEO plugin v26.3 - https:\/\/yoast.com\/wordpress\/plugins\/seo\/ -->\n<title>Logistiek Limburg slaat opnieuw handen ineen - Ondernemend Venlo<\/title>\n<meta name=\"robots\" content=\"index, follow, max-snippet:-1, max-image-preview:large, max-video-preview:-1\" \/>\n<link rel=\"canonical\" href=\"https:\/\/www.ondernemendvenlo.nl\/en\/logistiek-limburg-slaat-opnieuw-handen-ineen\/\" \/>\n<meta property=\"og:locale\" content=\"en_GB\" \/>\n<meta property=\"og:type\" content=\"article\" \/>\n<meta property=\"og:title\" content=\"Logistiek Limburg slaat opnieuw handen ineen - Ondernemend Venlo\" \/>\n<meta property=\"og:description\" content=\"Limburgse logistieke bedrijven presenteren zich gezamenlijk op internationale topbeurs M\u00fcnchen Het Limburgse logistieke bedrijfsleven slaat wederom de handen ineen om zich gezamenlijk te presenteren op Transport Logistic M\u00fcnchen, de grootste beurs ter wereld op het gebied van transport en logistiek. ELC Limburg en LIOF organiseren mede op verzoek van Provincie Limburg en door hen financieel [&hellip;]\" \/>\n<meta property=\"og:url\" content=\"https:\/\/www.ondernemendvenlo.nl\/en\/logistiek-limburg-slaat-opnieuw-handen-ineen\/\" \/>\n<meta property=\"og:site_name\" content=\"Ondernemend Venlo\" \/>\n<meta property=\"article:published_time\" content=\"2018-11-07T14:07:47+00:00\" \/>\n<meta property=\"og:image\" content=\"https:\/\/www.ondernemendvenlo.nl\/wp-content\/uploads\/2025\/04\/TLM_kick-off-Limburgse-deelname-2018-e1541603233458.jpg\" \/>\n\t<meta property=\"og:image:width\" content=\"800\" \/>\n\t<meta property=\"og:image:height\" content=\"533\" \/>\n\t<meta property=\"og:image:type\" content=\"image\/jpeg\" \/>\n<meta name=\"author\" content=\"admin\" \/>\n<meta name=\"twitter:card\" content=\"summary_large_image\" \/>\n<meta name=\"twitter:label1\" content=\"Written by\" \/>\n\t<meta name=\"twitter:data1\" content=\"admin\" \/>\n\t<meta name=\"twitter:label2\" content=\"Estimated reading time\" \/>\n\t<meta name=\"twitter:data2\" content=\"3 minutes\" \/>\n<script type=\"application\/ld+json\" class=\"yoast-schema-graph\">{\"@context\":\"https:\/\/schema.org\",\"@graph\":[{\"@type\":\"Article\",\"@id\":\"https:\/\/www.ondernemendvenlo.nl\/logistiek-limburg-slaat-opnieuw-handen-ineen\/#article\",\"isPartOf\":{\"@id\":\"https:\/\/www.ondernemendvenlo.nl\/logistiek-limburg-slaat-opnieuw-handen-ineen\/\"},\"author\":{\"name\":\"admin\",\"@id\":\"https:\/\/www.ondernemendvenlo.nl\/#\/schema\/person\/347e935f8ad4c7030608ef74bb57aa6e\"},\"headline\":\"Logistiek Limburg slaat opnieuw handen ineen\",\"datePublished\":\"2018-11-07T14:07:47+00:00\",\"mainEntityOfPage\":{\"@id\":\"https:\/\/www.ondernemendvenlo.nl\/logistiek-limburg-slaat-opnieuw-handen-ineen\/\"},\"wordCount\":659,\"publisher\":{\"@id\":\"https:\/\/www.ondernemendvenlo.nl\/#organization\"},\"image\":{\"@id\":\"https:\/\/www.ondernemendvenlo.nl\/logistiek-limburg-slaat-opnieuw-handen-ineen\/#primaryimage\"},\"thumbnailUrl\":\"https:\/\/www.ondernemendvenlo.nl\/wp-content\/uploads\/2025\/04\/TLM_kick-off-Limburgse-deelname-2018-e1541603233458.jpg\",\"articleSection\":[\"Nieuws\"],\"inLanguage\":\"en-GB\"},{\"@type\":\"WebPage\",\"@id\":\"https:\/\/www.ondernemendvenlo.nl\/logistiek-limburg-slaat-opnieuw-handen-ineen\/\",\"url\":\"https:\/\/www.ondernemendvenlo.nl\/logistiek-limburg-slaat-opnieuw-handen-ineen\/\",\"name\":\"Logistiek Limburg slaat opnieuw handen ineen - Ondernemend Venlo\",\"isPartOf\":{\"@id\":\"https:\/\/www.ondernemendvenlo.nl\/#website\"},\"primaryImageOfPage\":{\"@id\":\"https:\/\/www.ondernemendvenlo.nl\/logistiek-limburg-slaat-opnieuw-handen-ineen\/#primaryimage\"},\"image\":{\"@id\":\"https:\/\/www.ondernemendvenlo.nl\/logistiek-limburg-slaat-opnieuw-handen-ineen\/#primaryimage\"},\"thumbnailUrl\":\"https:\/\/www.ondernemendvenlo.nl\/wp-content\/uploads\/2025\/04\/TLM_kick-off-Limburgse-deelname-2018-e1541603233458.jpg\",\"datePublished\":\"2018-11-07T14:07:47+00:00\",\"breadcrumb\":{\"@id\":\"https:\/\/www.ondernemendvenlo.nl\/logistiek-limburg-slaat-opnieuw-handen-ineen\/#breadcrumb\"},\"inLanguage\":\"en-GB\",\"potentialAction\":[{\"@type\":\"ReadAction\",\"target\":[\"https:\/\/www.ondernemendvenlo.nl\/logistiek-limburg-slaat-opnieuw-handen-ineen\/\"]}]},{\"@type\":\"ImageObject\",\"inLanguage\":\"en-GB\",\"@id\":\"https:\/\/www.ondernemendvenlo.nl\/logistiek-limburg-slaat-opnieuw-handen-ineen\/#primaryimage\",\"url\":\"https:\/\/www.ondernemendvenlo.nl\/wp-content\/uploads\/2025\/04\/TLM_kick-off-Limburgse-deelname-2018-e1541603233458.jpg\",\"contentUrl\":\"https:\/\/www.ondernemendvenlo.nl\/wp-content\/uploads\/2025\/04\/TLM_kick-off-Limburgse-deelname-2018-e1541603233458.jpg\",\"width\":800,\"height\":533},{\"@type\":\"BreadcrumbList\",\"@id\":\"https:\/\/www.ondernemendvenlo.nl\/logistiek-limburg-slaat-opnieuw-handen-ineen\/#breadcrumb\",\"itemListElement\":[{\"@type\":\"ListItem\",\"position\":1,\"name\":\"Ondernemend Venlo\",\"item\":\"https:\/\/www.ondernemendvenlo.nl\/\"},{\"@type\":\"ListItem\",\"position\":2,\"name\":\"Nieuws\",\"item\":\"https:\/\/www.ondernemendvenlo.nl\/categorie\/nieuws\/\"},{\"@type\":\"ListItem\",\"position\":3,\"name\":\"Logistiek Limburg slaat opnieuw handen ineen\"}]},{\"@type\":\"WebSite\",\"@id\":\"https:\/\/www.ondernemendvenlo.nl\/#website\",\"url\":\"https:\/\/www.ondernemendvenlo.nl\/\",\"name\":\"Ondernemend Venlo\",\"description\":\"Samen succesvol ondernemen\",\"publisher\":{\"@id\":\"https:\/\/www.ondernemendvenlo.nl\/#organization\"},\"potentialAction\":[{\"@type\":\"SearchAction\",\"target\":{\"@type\":\"EntryPoint\",\"urlTemplate\":\"https:\/\/www.ondernemendvenlo.nl\/?s={search_term_string}\"},\"query-input\":{\"@type\":\"PropertyValueSpecification\",\"valueRequired\":true,\"valueName\":\"search_term_string\"}}],\"inLanguage\":\"en-GB\"},{\"@type\":\"Organization\",\"@id\":\"https:\/\/www.ondernemendvenlo.nl\/#organization\",\"name\":\"Ondernemend Venlo\",\"url\":\"https:\/\/www.ondernemendvenlo.nl\/\",\"logo\":{\"@type\":\"ImageObject\",\"inLanguage\":\"en-GB\",\"@id\":\"https:\/\/www.ondernemendvenlo.nl\/#\/schema\/logo\/image\/\",\"url\":\"https:\/\/www.ondernemendvenlo.nl\/wp-content\/uploads\/2025\/02\/Ondernemend-Venlo-logo-scaled.webp\",\"contentUrl\":\"https:\/\/www.ondernemendvenlo.nl\/wp-content\/uploads\/2025\/02\/Ondernemend-Venlo-logo-scaled.webp\",\"width\":2560,\"height\":1010,\"caption\":\"Ondernemend Venlo\"},\"image\":{\"@id\":\"https:\/\/www.ondernemendvenlo.nl\/#\/schema\/logo\/image\/\"},\"sameAs\":[\"https:\/\/www.linkedin.com\/company\/ondernemend-venlo\/\"]},{\"@type\":\"Person\",\"@id\":\"https:\/\/www.ondernemendvenlo.nl\/#\/schema\/person\/347e935f8ad4c7030608ef74bb57aa6e\",\"name\":\"admin\",\"image\":{\"@type\":\"ImageObject\",\"inLanguage\":\"en-GB\",\"@id\":\"https:\/\/www.ondernemendvenlo.nl\/#\/schema\/person\/image\/\",\"url\":\"https:\/\/www.ondernemendvenlo.nl\/wp-content\/litespeed\/avatar\/720af750b037aecf6e33e12833479059.jpg?ver=1777382954\",\"contentUrl\":\"https:\/\/www.ondernemendvenlo.nl\/wp-content\/litespeed\/avatar\/720af750b037aecf6e33e12833479059.jpg?ver=1777382954\",\"caption\":\"admin\"},\"sameAs\":[\"https:\/\/www.ondernemendvenlo.nl\"]}]}<\/script>\n<!-- \/ Yoast SEO plugin. -->","yoast_head_json":{"title":"Logistiek Limburg slaat opnieuw handen ineen - Ondernemend Venlo","robots":{"index":"index","follow":"follow","max-snippet":"max-snippet:-1","max-image-preview":"max-image-preview:large","max-video-preview":"max-video-preview:-1"},"canonical":"https:\/\/www.ondernemendvenlo.nl\/en\/logistiek-limburg-slaat-opnieuw-handen-ineen\/","og_locale":"en_GB","og_type":"article","og_title":"Logistiek Limburg slaat opnieuw handen ineen - Ondernemend Venlo","og_description":"Limburgse logistieke bedrijven presenteren zich gezamenlijk op internationale topbeurs M\u00fcnchen Het Limburgse logistieke bedrijfsleven slaat wederom de handen ineen om zich gezamenlijk te presenteren op Transport Logistic M\u00fcnchen, de grootste beurs ter wereld op het gebied van transport en logistiek. ELC Limburg en LIOF organiseren mede op verzoek van Provincie Limburg en door hen financieel [&hellip;]","og_url":"https:\/\/www.ondernemendvenlo.nl\/en\/logistiek-limburg-slaat-opnieuw-handen-ineen\/","og_site_name":"Ondernemend Venlo","article_published_time":"2018-11-07T14:07:47+00:00","og_image":[{"width":800,"height":533,"url":"https:\/\/www.ondernemendvenlo.nl\/wp-content\/uploads\/2025\/04\/TLM_kick-off-Limburgse-deelname-2018-e1541603233458.jpg","type":"image\/jpeg"}],"author":"admin","twitter_card":"summary_large_image","twitter_misc":{"Written by":"admin","Estimated reading time":"3 minutes"},"schema":{"@context":"https:\/\/schema.org","@graph":[{"@type":"Article","@id":"https:\/\/www.ondernemendvenlo.nl\/logistiek-limburg-slaat-opnieuw-handen-ineen\/#article","isPartOf":{"@id":"https:\/\/www.ondernemendvenlo.nl\/logistiek-limburg-slaat-opnieuw-handen-ineen\/"},"author":{"name":"admin","@id":"https:\/\/www.ondernemendvenlo.nl\/#\/schema\/person\/347e935f8ad4c7030608ef74bb57aa6e"},"headline":"Logistiek Limburg slaat opnieuw handen ineen","datePublished":"2018-11-07T14:07:47+00:00","mainEntityOfPage":{"@id":"https:\/\/www.ondernemendvenlo.nl\/logistiek-limburg-slaat-opnieuw-handen-ineen\/"},"wordCount":659,"publisher":{"@id":"https:\/\/www.ondernemendvenlo.nl\/#organization"},"image":{"@id":"https:\/\/www.ondernemendvenlo.nl\/logistiek-limburg-slaat-opnieuw-handen-ineen\/#primaryimage"},"thumbnailUrl":"https:\/\/www.ondernemendvenlo.nl\/wp-content\/uploads\/2025\/04\/TLM_kick-off-Limburgse-deelname-2018-e1541603233458.jpg","articleSection":["Nieuws"],"inLanguage":"en-GB"},{"@type":"WebPage","@id":"https:\/\/www.ondernemendvenlo.nl\/logistiek-limburg-slaat-opnieuw-handen-ineen\/","url":"https:\/\/www.ondernemendvenlo.nl\/logistiek-limburg-slaat-opnieuw-handen-ineen\/","name":"Logistiek Limburg slaat opnieuw handen ineen - Ondernemend Venlo","isPartOf":{"@id":"https:\/\/www.ondernemendvenlo.nl\/#website"},"primaryImageOfPage":{"@id":"https:\/\/www.ondernemendvenlo.nl\/logistiek-limburg-slaat-opnieuw-handen-ineen\/#primaryimage"},"image":{"@id":"https:\/\/www.ondernemendvenlo.nl\/logistiek-limburg-slaat-opnieuw-handen-ineen\/#primaryimage"},"thumbnailUrl":"https:\/\/www.ondernemendvenlo.nl\/wp-content\/uploads\/2025\/04\/TLM_kick-off-Limburgse-deelname-2018-e1541603233458.jpg","datePublished":"2018-11-07T14:07:47+00:00","breadcrumb":{"@id":"https:\/\/www.ondernemendvenlo.nl\/logistiek-limburg-slaat-opnieuw-handen-ineen\/#breadcrumb"},"inLanguage":"en-GB","potentialAction":[{"@type":"ReadAction","target":["https:\/\/www.ondernemendvenlo.nl\/logistiek-limburg-slaat-opnieuw-handen-ineen\/"]}]},{"@type":"ImageObject","inLanguage":"en-GB","@id":"https:\/\/www.ondernemendvenlo.nl\/logistiek-limburg-slaat-opnieuw-handen-ineen\/#primaryimage","url":"https:\/\/www.ondernemendvenlo.nl\/wp-content\/uploads\/2025\/04\/TLM_kick-off-Limburgse-deelname-2018-e1541603233458.jpg","contentUrl":"https:\/\/www.ondernemendvenlo.nl\/wp-content\/uploads\/2025\/04\/TLM_kick-off-Limburgse-deelname-2018-e1541603233458.jpg","width":800,"height":533},{"@type":"BreadcrumbList","@id":"https:\/\/www.ondernemendvenlo.nl\/logistiek-limburg-slaat-opnieuw-handen-ineen\/#breadcrumb","itemListElement":[{"@type":"ListItem","position":1,"name":"Ondernemend Venlo","item":"https:\/\/www.ondernemendvenlo.nl\/"},{"@type":"ListItem","position":2,"name":"Nieuws","item":"https:\/\/www.ondernemendvenlo.nl\/categorie\/nieuws\/"},{"@type":"ListItem","position":3,"name":"Logistiek Limburg slaat opnieuw handen ineen"}]},{"@type":"WebSite","@id":"https:\/\/www.ondernemendvenlo.nl\/#website","url":"https:\/\/www.ondernemendvenlo.nl\/","name":"Entrepreneurial Venlo","description":"Samen succesvol ondernemen","publisher":{"@id":"https:\/\/www.ondernemendvenlo.nl\/#organization"},"potentialAction":[{"@type":"SearchAction","target":{"@type":"EntryPoint","urlTemplate":"https:\/\/www.ondernemendvenlo.nl\/?s={search_term_string}"},"query-input":{"@type":"PropertyValueSpecification","valueRequired":true,"valueName":"search_term_string"}}],"inLanguage":"en-GB"},{"@type":"Organization","@id":"https:\/\/www.ondernemendvenlo.nl\/#organization","name":"Entrepreneurial Venlo","url":"https:\/\/www.ondernemendvenlo.nl\/","logo":{"@type":"ImageObject","inLanguage":"en-GB","@id":"https:\/\/www.ondernemendvenlo.nl\/#\/schema\/logo\/image\/","url":"https:\/\/www.ondernemendvenlo.nl\/wp-content\/uploads\/2025\/02\/Ondernemend-Venlo-logo-scaled.webp","contentUrl":"https:\/\/www.ondernemendvenlo.nl\/wp-content\/uploads\/2025\/02\/Ondernemend-Venlo-logo-scaled.webp","width":2560,"height":1010,"caption":"Ondernemend Venlo"},"image":{"@id":"https:\/\/www.ondernemendvenlo.nl\/#\/schema\/logo\/image\/"},"sameAs":["https:\/\/www.linkedin.com\/company\/ondernemend-venlo\/"]},{"@type":"Person","@id":"https:\/\/www.ondernemendvenlo.nl\/#\/schema\/person\/347e935f8ad4c7030608ef74bb57aa6e","name":"admin","image":{"@type":"ImageObject","inLanguage":"en-GB","@id":"https:\/\/www.ondernemendvenlo.nl\/#\/schema\/person\/image\/","url":"https:\/\/www.ondernemendvenlo.nl\/wp-content\/litespeed\/avatar\/720af750b037aecf6e33e12833479059.jpg?ver=1777382954","contentUrl":"https:\/\/www.ondernemendvenlo.nl\/wp-content\/litespeed\/avatar\/720af750b037aecf6e33e12833479059.jpg?ver=1777382954","caption":"admin"},"sameAs":["https:\/\/www.ondernemendvenlo.nl"]}]}},"_links":{"self":[{"href":"https:\/\/www.ondernemendvenlo.nl\/en\/wp-json\/wp\/v2\/posts\/1467","targetHints":{"allow":["GET"]}}],"collection":[{"href":"https:\/\/www.ondernemendvenlo.nl\/en\/wp-json\/wp\/v2\/posts"}],"about":[{"href":"https:\/\/www.ondernemendvenlo.nl\/en\/wp-json\/wp\/v2\/types\/post"}],"author":[{"embeddable":true,"href":"https:\/\/www.ondernemendvenlo.nl\/en\/wp-json\/wp\/v2\/users\/1"}],"replies":[{"embeddable":true,"href":"https:\/\/www.ondernemendvenlo.nl\/en\/wp-json\/wp\/v2\/comments?post=1467"}],"version-history":[{"count":0,"href":"https:\/\/www.ondernemendvenlo.nl\/en\/wp-json\/wp\/v2\/posts\/1467\/revisions"}],"wp:featuredmedia":[{"embeddable":true,"href":"https:\/\/www.ondernemendvenlo.nl\/en\/wp-json\/wp\/v2\/media\/1468"}],"wp:attachment":[{"href":"https:\/\/www.ondernemendvenlo.nl\/en\/wp-json\/wp\/v2\/media?parent=1467"}],"wp:term":[{"taxonomy":"category","embeddable":true,"href":"https:\/\/www.ondernemendvenlo.nl\/en\/wp-json\/wp\/v2\/categories?post=1467"},{"taxonomy":"post_tag","embeddable":true,"href":"https:\/\/www.ondernemendvenlo.nl\/en\/wp-json\/wp\/v2\/tags?post=1467"}],"curies":[{"name":"wp","href":"https:\/\/api.w.org\/{rel}","templated":true}]}}