{"id":11610,"date":"2026-09-03T09:15:00","date_gmt":"2026-09-03T07:15:00","guid":{"rendered":"https:\/\/www.ondernemendvenlo.nl\/nieuws\/uitnodiging-lancering-vitaliteitsplatform-voor-venlose-bedrijven\/"},"modified":"2026-09-03T14:36:50","modified_gmt":"2026-09-03T12:36:50","slug":"uitnodiging-lancering-vitaliteitsplatform-voor-venlose-bedrijven","status":"publish","type":"bun_news","link":"https:\/\/www.ondernemendvenlo.nl\/fr\/nieuws\/uitnodiging-lancering-vitaliteitsplatform-voor-venlose-bedrijven\/","title":{"rendered":"UITNODIGING: Lancering vitaliteitsplatform voor Venlose bedrijven"},"content":{"rendered":"<p><strong>UITNODIGING: Lancering vitaliteitsplatform voor Venlose bedrijven | dinsdag 6 oktober<\/p>\n<p><img decoding=\"async\" src=\"https:\/\/ondernemendvenlo.bundeling.com\/file\/view\/full\/f9f6689ea0fd427cbcecad138205f183\/OV_uitnodiging_LEV_limburg_2026_A4DEF.jpg\" width=\"400\" data-original-url=\"https:\/\/ondernemendvenlo.bundeling.com\/file\/view\/full\/f9f6689ea0fd427cbcecad138205f183\/OV_uitnodiging_LEV_limburg_2026_A4DEF.jpg\" data-uuid=\"f9f6689ea0fd427cbcecad138205f183\"><br \/><\/strong><\/p>\n<p>Een hoog ziekteverzuim. Medewerkers die uitvallen door fysieke of mentale klachten. Toenemende druk op duurzame inzetbaarheid. En de uitdaging om mensen gezond, gemotiveerd en met plezier aan het werk te houden.<\/p>\n<p>Voor steeds meer organisaties zijn vitaliteit en werkgeluk geen losse HR-thema&rsquo;s meer, maar belangrijke voorwaarden voor een sterke en toekomstbestendige organisatie.<\/p>\n<p>Avec <strong>LEV! Limburg<\/strong> als overkoepelende beweging brengen we samen met onze partners VieCuri en Crossroads Limburg, kennis, expertise, inspiratie en praktische ondersteuning samen om organisaties te helpen hier concreet mee aan de slag te gaan.<\/p>\n<p>R\u00e9cup\u00e9r\u00e9 de <strong>dinsdag 6 oktober<\/strong> zetten we daarin een belangrijke volgende stap en lanceren we het aan LEV! verbonden digitale platform voor Venlose bedrijven. Het platform bevat een breed aanbod aan leefstijlinterventies voor bedrijven. Organisaties en medewerkers kunnen er terecht voor onder meer vitaliteitsscans, trainingen, masterclasses en interventies rond thema&rsquo;s als mentale gezondheid, leefstijl, leiderschap en duurzame inzetbaarheid. Tevens dient het platform als plek waar de laatste inzichten uit wetenschappelijk onderzoek worden gedeeld vanuit de Academische Werkplaats Gezondheid &amp; Vitaliteit en wordt de mogelijkheid geboden tot maatwerktrajecten voor organisaties met specifieke vraagstukken.<\/p>\n<p>De lancering markeert niet alleen de start van het platform, maar ook een bredere gezamenlijke ambitie voor een vitalere regio. Daarom brengen we op 6 oktober ondernemers, zorg, kennispartners en belangrijke regionale stakeholders bij elkaar, waaronder vertegenwoordigers en wethouders van de gemeente Venlo.<\/p>\n<p>Dat vraagt om een feestelijke lancering. Tijdens deze middag nemen we je mee in de ambities van LEV!, gaan we in gesprek over de gezamenlijke opgave voor de regio &eacute;n geven we een live demo van het nieuwe vitaliteitsplatform.<\/p>\n<p><strong>Datum: dinsdag 6 oktober<\/strong><br \/><strong>Tijdstip: 15.00 &ndash; 17.00 uur<\/strong><br \/><strong>Locatie: Auditorium VieCuri<\/strong><\/p>\n<p>We nodigen je van harte uit om hierbij aanwezig te zijn.<\/p>\n<p>Aanmelden kan via:&nbsp;<a href=\"https:\/\/p.easydus.com\/project\/d9362810-6b3b-4158-875d-a21e2f1dfe83\/form\/3?sig=a37c6f7e4c16a16d06ad8421ba3187806612f95ba4550637868d9dae66c6b066\" data-url=\"https:\/\/p.easydus.com\/project\/d9362810-6b3b-4158-875d-a21e2f1dfe83\/form\/3?sig=a37c6f7e4c16a16d06ad8421ba3187806612f95ba4550637868d9dae66c6b066\" style=\"text-decoration: none;color: #2b9fd9\" target=\"_blank\">Aanmelden Lancering 6 oktober LEV! Platform<\/a><\/p>\n<p>Graag tot ziens op dinsdag 6 oktober!<\/p>","protected":false},"excerpt":{"rendered":"<p>UITNODIGING: Lancering vitaliteitsplatform voor Venlose bedrijven | dinsdag 6 oktober Een hoog ziekteverzuim. Medewerkers die uitvallen door fysieke of mentale klachten. Toenemende druk op duurzame inzetbaarheid. En de uitdaging om mensen gezond, gemotiveerd en met plezier aan het werk te houden. Voor steeds meer organisaties zijn vitaliteit en werkgeluk geen losse HR-thema&rsquo;s meer, maar belangrijke [&hellip;]<\/p>\n","protected":false},"featured_media":11611,"template":"","tags":[32],"class_list":["post-11610","bun_news","type-bun_news","status-publish","has-post-thumbnail","hentry","tag-website","news_categories-algemeen"],"acf":[],"yoast_head":"<!-- This site is optimized with the Yoast SEO plugin v26.3 - https:\/\/yoast.com\/wordpress\/plugins\/seo\/ -->\n<title>UITNODIGING: Lancering vitaliteitsplatform voor Venlose bedrijven - Ondernemend Venlo<\/title>\n<meta name=\"robots\" content=\"index, follow, max-snippet:-1, max-image-preview:large, max-video-preview:-1\" \/>\n<link rel=\"canonical\" href=\"https:\/\/www.ondernemendvenlo.nl\/fr\/nieuws\/uitnodiging-lancering-vitaliteitsplatform-voor-venlose-bedrijven\/\" \/>\n<meta property=\"og:locale\" content=\"fr_FR\" \/>\n<meta property=\"og:type\" content=\"article\" \/>\n<meta property=\"og:title\" content=\"UITNODIGING: Lancering vitaliteitsplatform voor Venlose bedrijven - Ondernemend Venlo\" \/>\n<meta property=\"og:description\" content=\"UITNODIGING: Lancering vitaliteitsplatform voor Venlose bedrijven | dinsdag 6 oktober Een hoog ziekteverzuim. Medewerkers die uitvallen door fysieke of mentale klachten. Toenemende druk op duurzame inzetbaarheid. En de uitdaging om mensen gezond, gemotiveerd en met plezier aan het werk te houden. Voor steeds meer organisaties zijn vitaliteit en werkgeluk geen losse HR-thema&rsquo;s meer, maar belangrijke [&hellip;]\" \/>\n<meta property=\"og:url\" content=\"https:\/\/www.ondernemendvenlo.nl\/fr\/nieuws\/uitnodiging-lancering-vitaliteitsplatform-voor-venlose-bedrijven\/\" \/>\n<meta property=\"og:site_name\" content=\"Ondernemend Venlo\" \/>\n<meta property=\"article:modified_time\" content=\"2026-09-03T12:36:50+00:00\" \/>\n<meta property=\"og:image\" content=\"https:\/\/www.ondernemendvenlo.nl\/wp-content\/uploads\/2026\/09\/Logo_LEV__def.png\" \/>\n\t<meta property=\"og:image:width\" content=\"1024\" \/>\n\t<meta property=\"og:image:height\" content=\"592\" \/>\n\t<meta property=\"og:image:type\" content=\"image\/png\" \/>\n<meta name=\"twitter:card\" content=\"summary_large_image\" \/>\n<meta name=\"twitter:label1\" content=\"Dur\u00e9e de lecture estim\u00e9e\" \/>\n\t<meta name=\"twitter:data1\" content=\"2 minutes\" \/>\n<script type=\"application\/ld+json\" class=\"yoast-schema-graph\">{\"@context\":\"https:\/\/schema.org\",\"@graph\":[{\"@type\":\"WebPage\",\"@id\":\"https:\/\/www.ondernemendvenlo.nl\/nieuws\/uitnodiging-lancering-vitaliteitsplatform-voor-venlose-bedrijven\/\",\"url\":\"https:\/\/www.ondernemendvenlo.nl\/nieuws\/uitnodiging-lancering-vitaliteitsplatform-voor-venlose-bedrijven\/\",\"name\":\"UITNODIGING: Lancering vitaliteitsplatform voor Venlose bedrijven - Ondernemend Venlo\",\"isPartOf\":{\"@id\":\"https:\/\/www.ondernemendvenlo.nl\/#website\"},\"primaryImageOfPage\":{\"@id\":\"https:\/\/www.ondernemendvenlo.nl\/nieuws\/uitnodiging-lancering-vitaliteitsplatform-voor-venlose-bedrijven\/#primaryimage\"},\"image\":{\"@id\":\"https:\/\/www.ondernemendvenlo.nl\/nieuws\/uitnodiging-lancering-vitaliteitsplatform-voor-venlose-bedrijven\/#primaryimage\"},\"thumbnailUrl\":\"https:\/\/www.ondernemendvenlo.nl\/wp-content\/uploads\/2026\/09\/Logo_LEV__def.png\",\"datePublished\":\"2026-09-03T07:15:00+00:00\",\"dateModified\":\"2026-09-03T12:36:50+00:00\",\"breadcrumb\":{\"@id\":\"https:\/\/www.ondernemendvenlo.nl\/nieuws\/uitnodiging-lancering-vitaliteitsplatform-voor-venlose-bedrijven\/#breadcrumb\"},\"inLanguage\":\"fr-FR\",\"potentialAction\":[{\"@type\":\"ReadAction\",\"target\":[\"https:\/\/www.ondernemendvenlo.nl\/nieuws\/uitnodiging-lancering-vitaliteitsplatform-voor-venlose-bedrijven\/\"]}]},{\"@type\":\"ImageObject\",\"inLanguage\":\"fr-FR\",\"@id\":\"https:\/\/www.ondernemendvenlo.nl\/nieuws\/uitnodiging-lancering-vitaliteitsplatform-voor-venlose-bedrijven\/#primaryimage\",\"url\":\"https:\/\/www.ondernemendvenlo.nl\/wp-content\/uploads\/2026\/09\/Logo_LEV__def.png\",\"contentUrl\":\"https:\/\/www.ondernemendvenlo.nl\/wp-content\/uploads\/2026\/09\/Logo_LEV__def.png\",\"width\":1024,\"height\":592},{\"@type\":\"BreadcrumbList\",\"@id\":\"https:\/\/www.ondernemendvenlo.nl\/nieuws\/uitnodiging-lancering-vitaliteitsplatform-voor-venlose-bedrijven\/#breadcrumb\",\"itemListElement\":[{\"@type\":\"ListItem\",\"position\":1,\"name\":\"Ondernemend Venlo\",\"item\":\"https:\/\/www.ondernemendvenlo.nl\/\"},{\"@type\":\"ListItem\",\"position\":2,\"name\":\"Nieuws\",\"item\":\"https:\/\/www.ondernemendvenlo.nl\/website\/\"},{\"@type\":\"ListItem\",\"position\":3,\"name\":\"UITNODIGING: Lancering vitaliteitsplatform voor Venlose bedrijven\"}]},{\"@type\":\"WebSite\",\"@id\":\"https:\/\/www.ondernemendvenlo.nl\/#website\",\"url\":\"https:\/\/www.ondernemendvenlo.nl\/\",\"name\":\"Ondernemend Venlo\",\"description\":\"Samen succesvol ondernemen\",\"publisher\":{\"@id\":\"https:\/\/www.ondernemendvenlo.nl\/#organization\"},\"potentialAction\":[{\"@type\":\"SearchAction\",\"target\":{\"@type\":\"EntryPoint\",\"urlTemplate\":\"https:\/\/www.ondernemendvenlo.nl\/?s={search_term_string}\"},\"query-input\":{\"@type\":\"PropertyValueSpecification\",\"valueRequired\":true,\"valueName\":\"search_term_string\"}}],\"inLanguage\":\"fr-FR\"},{\"@type\":\"Organization\",\"@id\":\"https:\/\/www.ondernemendvenlo.nl\/#organization\",\"name\":\"Ondernemend Venlo\",\"url\":\"https:\/\/www.ondernemendvenlo.nl\/\",\"logo\":{\"@type\":\"ImageObject\",\"inLanguage\":\"fr-FR\",\"@id\":\"https:\/\/www.ondernemendvenlo.nl\/#\/schema\/logo\/image\/\",\"url\":\"https:\/\/www.ondernemendvenlo.nl\/wp-content\/uploads\/2025\/02\/Ondernemend-Venlo-logo-scaled.webp\",\"contentUrl\":\"https:\/\/www.ondernemendvenlo.nl\/wp-content\/uploads\/2025\/02\/Ondernemend-Venlo-logo-scaled.webp\",\"width\":2560,\"height\":1010,\"caption\":\"Ondernemend Venlo\"},\"image\":{\"@id\":\"https:\/\/www.ondernemendvenlo.nl\/#\/schema\/logo\/image\/\"},\"sameAs\":[\"https:\/\/www.linkedin.com\/company\/ondernemend-venlo\/\"]}]}<\/script>\n<!-- \/ Yoast SEO plugin. -->","yoast_head_json":{"title":"UITNODIGING: Lancering vitaliteitsplatform voor Venlose bedrijven - Ondernemend Venlo","robots":{"index":"index","follow":"follow","max-snippet":"max-snippet:-1","max-image-preview":"max-image-preview:large","max-video-preview":"max-video-preview:-1"},"canonical":"https:\/\/www.ondernemendvenlo.nl\/fr\/nieuws\/uitnodiging-lancering-vitaliteitsplatform-voor-venlose-bedrijven\/","og_locale":"fr_FR","og_type":"article","og_title":"UITNODIGING: Lancering vitaliteitsplatform voor Venlose bedrijven - Ondernemend Venlo","og_description":"UITNODIGING: Lancering vitaliteitsplatform voor Venlose bedrijven | dinsdag 6 oktober Een hoog ziekteverzuim. Medewerkers die uitvallen door fysieke of mentale klachten. Toenemende druk op duurzame inzetbaarheid. En de uitdaging om mensen gezond, gemotiveerd en met plezier aan het werk te houden. Voor steeds meer organisaties zijn vitaliteit en werkgeluk geen losse HR-thema&rsquo;s meer, maar belangrijke [&hellip;]","og_url":"https:\/\/www.ondernemendvenlo.nl\/fr\/nieuws\/uitnodiging-lancering-vitaliteitsplatform-voor-venlose-bedrijven\/","og_site_name":"Ondernemend Venlo","article_modified_time":"2026-09-03T12:36:50+00:00","og_image":[{"width":1024,"height":592,"url":"https:\/\/www.ondernemendvenlo.nl\/wp-content\/uploads\/2026\/09\/Logo_LEV__def.png","type":"image\/png"}],"twitter_card":"summary_large_image","twitter_misc":{"Dur\u00e9e de lecture estim\u00e9e":"2 minutes"},"schema":{"@context":"https:\/\/schema.org","@graph":[{"@type":"WebPage","@id":"https:\/\/www.ondernemendvenlo.nl\/nieuws\/uitnodiging-lancering-vitaliteitsplatform-voor-venlose-bedrijven\/","url":"https:\/\/www.ondernemendvenlo.nl\/nieuws\/uitnodiging-lancering-vitaliteitsplatform-voor-venlose-bedrijven\/","name":"UITNODIGING: Lancering vitaliteitsplatform voor Venlose bedrijven - Ondernemend Venlo","isPartOf":{"@id":"https:\/\/www.ondernemendvenlo.nl\/#website"},"primaryImageOfPage":{"@id":"https:\/\/www.ondernemendvenlo.nl\/nieuws\/uitnodiging-lancering-vitaliteitsplatform-voor-venlose-bedrijven\/#primaryimage"},"image":{"@id":"https:\/\/www.ondernemendvenlo.nl\/nieuws\/uitnodiging-lancering-vitaliteitsplatform-voor-venlose-bedrijven\/#primaryimage"},"thumbnailUrl":"https:\/\/www.ondernemendvenlo.nl\/wp-content\/uploads\/2026\/09\/Logo_LEV__def.png","datePublished":"2026-09-03T07:15:00+00:00","dateModified":"2026-09-03T12:36:50+00:00","breadcrumb":{"@id":"https:\/\/www.ondernemendvenlo.nl\/nieuws\/uitnodiging-lancering-vitaliteitsplatform-voor-venlose-bedrijven\/#breadcrumb"},"inLanguage":"fr-FR","potentialAction":[{"@type":"ReadAction","target":["https:\/\/www.ondernemendvenlo.nl\/nieuws\/uitnodiging-lancering-vitaliteitsplatform-voor-venlose-bedrijven\/"]}]},{"@type":"ImageObject","inLanguage":"fr-FR","@id":"https:\/\/www.ondernemendvenlo.nl\/nieuws\/uitnodiging-lancering-vitaliteitsplatform-voor-venlose-bedrijven\/#primaryimage","url":"https:\/\/www.ondernemendvenlo.nl\/wp-content\/uploads\/2026\/09\/Logo_LEV__def.png","contentUrl":"https:\/\/www.ondernemendvenlo.nl\/wp-content\/uploads\/2026\/09\/Logo_LEV__def.png","width":1024,"height":592},{"@type":"BreadcrumbList","@id":"https:\/\/www.ondernemendvenlo.nl\/nieuws\/uitnodiging-lancering-vitaliteitsplatform-voor-venlose-bedrijven\/#breadcrumb","itemListElement":[{"@type":"ListItem","position":1,"name":"Ondernemend Venlo","item":"https:\/\/www.ondernemendvenlo.nl\/"},{"@type":"ListItem","position":2,"name":"Nieuws","item":"https:\/\/www.ondernemendvenlo.nl\/website\/"},{"@type":"ListItem","position":3,"name":"UITNODIGING: Lancering vitaliteitsplatform voor Venlose bedrijven"}]},{"@type":"WebSite","@id":"https:\/\/www.ondernemendvenlo.nl\/#website","url":"https:\/\/www.ondernemendvenlo.nl\/","name":"Venlo entrepreneurial","description":"Travailler ensemble avec succ\u00e8s","publisher":{"@id":"https:\/\/www.ondernemendvenlo.nl\/#organization"},"potentialAction":[{"@type":"SearchAction","target":{"@type":"EntryPoint","urlTemplate":"https:\/\/www.ondernemendvenlo.nl\/?s={search_term_string}"},"query-input":{"@type":"PropertyValueSpecification","valueRequired":true,"valueName":"search_term_string"}}],"inLanguage":"fr-FR"},{"@type":"Organization","@id":"https:\/\/www.ondernemendvenlo.nl\/#organization","name":"Venlo entrepreneurial","url":"https:\/\/www.ondernemendvenlo.nl\/","logo":{"@type":"ImageObject","inLanguage":"fr-FR","@id":"https:\/\/www.ondernemendvenlo.nl\/#\/schema\/logo\/image\/","url":"https:\/\/www.ondernemendvenlo.nl\/wp-content\/uploads\/2025\/02\/Ondernemend-Venlo-logo-scaled.webp","contentUrl":"https:\/\/www.ondernemendvenlo.nl\/wp-content\/uploads\/2025\/02\/Ondernemend-Venlo-logo-scaled.webp","width":2560,"height":1010,"caption":"Ondernemend Venlo"},"image":{"@id":"https:\/\/www.ondernemendvenlo.nl\/#\/schema\/logo\/image\/"},"sameAs":["https:\/\/www.linkedin.com\/company\/ondernemend-venlo\/"]}]}},"_links":{"self":[{"href":"https:\/\/www.ondernemendvenlo.nl\/fr\/wp-json\/wp\/v2\/bun_news\/11610","targetHints":{"allow":["GET"]}}],"collection":[{"href":"https:\/\/www.ondernemendvenlo.nl\/fr\/wp-json\/wp\/v2\/bun_news"}],"about":[{"href":"https:\/\/www.ondernemendvenlo.nl\/fr\/wp-json\/wp\/v2\/types\/bun_news"}],"wp:featuredmedia":[{"embeddable":true,"href":"https:\/\/www.ondernemendvenlo.nl\/fr\/wp-json\/wp\/v2\/media\/11611"}],"wp:attachment":[{"href":"https:\/\/www.ondernemendvenlo.nl\/fr\/wp-json\/wp\/v2\/media?parent=11610"}],"wp:term":[{"taxonomy":"post_tag","embeddable":true,"href":"https:\/\/www.ondernemendvenlo.nl\/fr\/wp-json\/wp\/v2\/tags?post=11610"}],"curies":[{"name":"wp","href":"https:\/\/api.w.org\/{rel}","templated":true}]}}