{"id":1392,"date":"2018-08-07T13:17:49","date_gmt":"2018-08-07T11:17:49","guid":{"rendered":"https:\/\/www.ondernemendvenlo.nl\/grote-brand-bij-ahc-benelux\/"},"modified":"2018-08-07T13:17:49","modified_gmt":"2018-08-07T11:17:49","slug":"grote-brand-bij-ahc-benelux","status":"publish","type":"post","link":"https:\/\/www.ondernemendvenlo.nl\/fr\/grote-brand-bij-ahc-benelux\/","title":{"rendered":"Grand incendie chez AHC Benelux"},"content":{"rendered":"<p>La nuit derni\u00e8re, un incendie majeur a ravag\u00e9 l'entreprise de m\u00e9tallurgie AHC Benelux \u00e0 Blerick. La municipalit\u00e9 et les services d'urgence ont imm\u00e9diatement donn\u00e9 l'alerte, car des substances dangereuses risquaient d'\u00eatre lib\u00e9r\u00e9es et les flammes pouvaient se propager aux locaux commerciaux adjacents.<\/p>\n<p>Le RIVM continue d'enqu\u00eater sur les substances dangereuses. Ce qui est s\u00fbr, c'est que du dioxyde de soufre a \u00e9t\u00e9 lib\u00e9r\u00e9. \u00c0 Venlo, l'alarme a\u00e9rienne s'est donc d\u00e9clench\u00e9e vers 3h40 et un message a \u00e9t\u00e9 envoy\u00e9 via NL Alert pour demander \u00e0 la population de fermer les fen\u00eatres et les portes.<\/p>\n<p>Les pompiers se sont pr\u00e9cipit\u00e9s avec du mat\u00e9riel important et ont re\u00e7u l'aide de corps de la r\u00e9gion et du Brabant. Le bourgmestre Scholten a indiqu\u00e9 que la cause de l'incendie n'\u00e9tait pas encore connue. Elle fait l'objet d'une enqu\u00eate. Entre-temps, la zone industrielle est \u00e0 nouveau ouverte et tout le monde peut aller travailler. Les pompiers sont toujours en train d'\u00e9teindre l'incendie.<\/p>\n<p>Si vous souhaitez plus d'informations, vous pouvez regarder la conf\u00e9rence de presse via le site web de la Commission europ\u00e9enne.\u00a0<a title=\"https:\/\/www.facebook.com\/omroepvenlo\/videos\/2224386654257667\/\" href=\"https:\/\/www.facebook.com\/omroepvenlo\/videos\/2224386654257667\/\" target=\"_blank\" rel=\"noopener\">Page facebook de l'Omroep Venlo<\/a>.<\/p>","protected":false},"excerpt":{"rendered":"<p>Er heeft vannacht een grote brand gewoed bij metaalbewerkingsbedrijf AHC Benelux in Blerick. Door de gemeente en hulpdiensten werd meteen groot alarm geslagen omdat er mogelijk gevaarlijke stoffen konden vrijkomen en de vlammen konden overslaan naar naastgelegen bedrijfspanden. Het RIVM doet nog onderzoek naar de gevaarlijke stoffen. Duidelijk is dat er in ieder geval zwaveldioxide [&hellip;]<\/p>","protected":false},"author":1,"featured_media":1393,"comment_status":"closed","ping_status":"open","sticky":false,"template":"","format":"standard","meta":{"_acf_changed":false,"footnotes":""},"categories":[8],"tags":[],"class_list":["post-1392","post","type-post","status-publish","format-standard","has-post-thumbnail","hentry","category-nieuws"],"acf":[],"yoast_head":"<!-- This site is optimized with the Yoast SEO plugin v26.3 - https:\/\/yoast.com\/wordpress\/plugins\/seo\/ -->\n<title>Grote brand bij AHC Benelux - Ondernemend Venlo<\/title>\n<meta name=\"robots\" content=\"index, follow, max-snippet:-1, max-image-preview:large, max-video-preview:-1\" \/>\n<link rel=\"canonical\" href=\"https:\/\/www.ondernemendvenlo.nl\/fr\/grote-brand-bij-ahc-benelux\/\" \/>\n<meta property=\"og:locale\" content=\"fr_FR\" \/>\n<meta property=\"og:type\" content=\"article\" \/>\n<meta property=\"og:title\" content=\"Grote brand bij AHC Benelux - Ondernemend Venlo\" \/>\n<meta property=\"og:description\" content=\"Er heeft vannacht een grote brand gewoed bij metaalbewerkingsbedrijf AHC Benelux in Blerick. Door de gemeente en hulpdiensten werd meteen groot alarm geslagen omdat er mogelijk gevaarlijke stoffen konden vrijkomen en de vlammen konden overslaan naar naastgelegen bedrijfspanden. Het RIVM doet nog onderzoek naar de gevaarlijke stoffen. Duidelijk is dat er in ieder geval zwaveldioxide [&hellip;]\" \/>\n<meta property=\"og:url\" content=\"https:\/\/www.ondernemendvenlo.nl\/fr\/grote-brand-bij-ahc-benelux\/\" \/>\n<meta property=\"og:site_name\" content=\"Ondernemend Venlo\" \/>\n<meta property=\"article:published_time\" content=\"2018-08-07T11:17:49+00:00\" \/>\n<meta property=\"og:image\" content=\"https:\/\/www.ondernemendvenlo.nl\/wp-content\/uploads\/2025\/04\/brand-persconferentie.jpg\" \/>\n\t<meta property=\"og:image:width\" content=\"1280\" \/>\n\t<meta property=\"og:image:height\" content=\"720\" \/>\n\t<meta property=\"og:image:type\" content=\"image\/jpeg\" \/>\n<meta name=\"author\" content=\"admin\" \/>\n<meta name=\"twitter:card\" content=\"summary_large_image\" \/>\n<meta name=\"twitter:label1\" content=\"\u00c9crit par\" \/>\n\t<meta name=\"twitter:data1\" content=\"admin\" \/>\n\t<meta name=\"twitter:label2\" content=\"Dur\u00e9e de lecture estim\u00e9e\" \/>\n\t<meta name=\"twitter:data2\" content=\"1 minute\" \/>\n<script type=\"application\/ld+json\" class=\"yoast-schema-graph\">{\"@context\":\"https:\/\/schema.org\",\"@graph\":[{\"@type\":\"Article\",\"@id\":\"https:\/\/www.ondernemendvenlo.nl\/grote-brand-bij-ahc-benelux\/#article\",\"isPartOf\":{\"@id\":\"https:\/\/www.ondernemendvenlo.nl\/grote-brand-bij-ahc-benelux\/\"},\"author\":{\"name\":\"admin\",\"@id\":\"https:\/\/www.ondernemendvenlo.nl\/#\/schema\/person\/347e935f8ad4c7030608ef74bb57aa6e\"},\"headline\":\"Grote brand bij AHC Benelux\",\"datePublished\":\"2018-08-07T11:17:49+00:00\",\"mainEntityOfPage\":{\"@id\":\"https:\/\/www.ondernemendvenlo.nl\/grote-brand-bij-ahc-benelux\/\"},\"wordCount\":159,\"publisher\":{\"@id\":\"https:\/\/www.ondernemendvenlo.nl\/#organization\"},\"image\":{\"@id\":\"https:\/\/www.ondernemendvenlo.nl\/grote-brand-bij-ahc-benelux\/#primaryimage\"},\"thumbnailUrl\":\"https:\/\/www.ondernemendvenlo.nl\/wp-content\/uploads\/2025\/04\/brand-persconferentie.jpg\",\"articleSection\":[\"Nieuws\"],\"inLanguage\":\"fr-FR\"},{\"@type\":\"WebPage\",\"@id\":\"https:\/\/www.ondernemendvenlo.nl\/grote-brand-bij-ahc-benelux\/\",\"url\":\"https:\/\/www.ondernemendvenlo.nl\/grote-brand-bij-ahc-benelux\/\",\"name\":\"Grote brand bij AHC Benelux - Ondernemend Venlo\",\"isPartOf\":{\"@id\":\"https:\/\/www.ondernemendvenlo.nl\/#website\"},\"primaryImageOfPage\":{\"@id\":\"https:\/\/www.ondernemendvenlo.nl\/grote-brand-bij-ahc-benelux\/#primaryimage\"},\"image\":{\"@id\":\"https:\/\/www.ondernemendvenlo.nl\/grote-brand-bij-ahc-benelux\/#primaryimage\"},\"thumbnailUrl\":\"https:\/\/www.ondernemendvenlo.nl\/wp-content\/uploads\/2025\/04\/brand-persconferentie.jpg\",\"datePublished\":\"2018-08-07T11:17:49+00:00\",\"breadcrumb\":{\"@id\":\"https:\/\/www.ondernemendvenlo.nl\/grote-brand-bij-ahc-benelux\/#breadcrumb\"},\"inLanguage\":\"fr-FR\",\"potentialAction\":[{\"@type\":\"ReadAction\",\"target\":[\"https:\/\/www.ondernemendvenlo.nl\/grote-brand-bij-ahc-benelux\/\"]}]},{\"@type\":\"ImageObject\",\"inLanguage\":\"fr-FR\",\"@id\":\"https:\/\/www.ondernemendvenlo.nl\/grote-brand-bij-ahc-benelux\/#primaryimage\",\"url\":\"https:\/\/www.ondernemendvenlo.nl\/wp-content\/uploads\/2025\/04\/brand-persconferentie.jpg\",\"contentUrl\":\"https:\/\/www.ondernemendvenlo.nl\/wp-content\/uploads\/2025\/04\/brand-persconferentie.jpg\",\"width\":1280,\"height\":720},{\"@type\":\"BreadcrumbList\",\"@id\":\"https:\/\/www.ondernemendvenlo.nl\/grote-brand-bij-ahc-benelux\/#breadcrumb\",\"itemListElement\":[{\"@type\":\"ListItem\",\"position\":1,\"name\":\"Ondernemend Venlo\",\"item\":\"https:\/\/www.ondernemendvenlo.nl\/\"},{\"@type\":\"ListItem\",\"position\":2,\"name\":\"Nieuws\",\"item\":\"https:\/\/www.ondernemendvenlo.nl\/categorie\/nieuws\/\"},{\"@type\":\"ListItem\",\"position\":3,\"name\":\"Grote brand bij AHC Benelux\"}]},{\"@type\":\"WebSite\",\"@id\":\"https:\/\/www.ondernemendvenlo.nl\/#website\",\"url\":\"https:\/\/www.ondernemendvenlo.nl\/\",\"name\":\"Ondernemend Venlo\",\"description\":\"Samen succesvol ondernemen\",\"publisher\":{\"@id\":\"https:\/\/www.ondernemendvenlo.nl\/#organization\"},\"potentialAction\":[{\"@type\":\"SearchAction\",\"target\":{\"@type\":\"EntryPoint\",\"urlTemplate\":\"https:\/\/www.ondernemendvenlo.nl\/?s={search_term_string}\"},\"query-input\":{\"@type\":\"PropertyValueSpecification\",\"valueRequired\":true,\"valueName\":\"search_term_string\"}}],\"inLanguage\":\"fr-FR\"},{\"@type\":\"Organization\",\"@id\":\"https:\/\/www.ondernemendvenlo.nl\/#organization\",\"name\":\"Ondernemend Venlo\",\"url\":\"https:\/\/www.ondernemendvenlo.nl\/\",\"logo\":{\"@type\":\"ImageObject\",\"inLanguage\":\"fr-FR\",\"@id\":\"https:\/\/www.ondernemendvenlo.nl\/#\/schema\/logo\/image\/\",\"url\":\"https:\/\/www.ondernemendvenlo.nl\/wp-content\/uploads\/2025\/02\/Ondernemend-Venlo-logo-scaled.webp\",\"contentUrl\":\"https:\/\/www.ondernemendvenlo.nl\/wp-content\/uploads\/2025\/02\/Ondernemend-Venlo-logo-scaled.webp\",\"width\":2560,\"height\":1010,\"caption\":\"Ondernemend Venlo\"},\"image\":{\"@id\":\"https:\/\/www.ondernemendvenlo.nl\/#\/schema\/logo\/image\/\"},\"sameAs\":[\"https:\/\/www.linkedin.com\/company\/ondernemend-venlo\/\"]},{\"@type\":\"Person\",\"@id\":\"https:\/\/www.ondernemendvenlo.nl\/#\/schema\/person\/347e935f8ad4c7030608ef74bb57aa6e\",\"name\":\"admin\",\"image\":{\"@type\":\"ImageObject\",\"inLanguage\":\"fr-FR\",\"@id\":\"https:\/\/www.ondernemendvenlo.nl\/#\/schema\/person\/image\/\",\"url\":\"https:\/\/www.ondernemendvenlo.nl\/wp-content\/litespeed\/avatar\/720af750b037aecf6e33e12833479059.jpg?ver=1777382954\",\"contentUrl\":\"https:\/\/www.ondernemendvenlo.nl\/wp-content\/litespeed\/avatar\/720af750b037aecf6e33e12833479059.jpg?ver=1777382954\",\"caption\":\"admin\"},\"sameAs\":[\"https:\/\/www.ondernemendvenlo.nl\"]}]}<\/script>\n<!-- \/ Yoast SEO plugin. -->","yoast_head_json":{"title":"Grote brand bij AHC Benelux - Ondernemend Venlo","robots":{"index":"index","follow":"follow","max-snippet":"max-snippet:-1","max-image-preview":"max-image-preview:large","max-video-preview":"max-video-preview:-1"},"canonical":"https:\/\/www.ondernemendvenlo.nl\/fr\/grote-brand-bij-ahc-benelux\/","og_locale":"fr_FR","og_type":"article","og_title":"Grote brand bij AHC Benelux - Ondernemend Venlo","og_description":"Er heeft vannacht een grote brand gewoed bij metaalbewerkingsbedrijf AHC Benelux in Blerick. Door de gemeente en hulpdiensten werd meteen groot alarm geslagen omdat er mogelijk gevaarlijke stoffen konden vrijkomen en de vlammen konden overslaan naar naastgelegen bedrijfspanden. Het RIVM doet nog onderzoek naar de gevaarlijke stoffen. Duidelijk is dat er in ieder geval zwaveldioxide [&hellip;]","og_url":"https:\/\/www.ondernemendvenlo.nl\/fr\/grote-brand-bij-ahc-benelux\/","og_site_name":"Ondernemend Venlo","article_published_time":"2018-08-07T11:17:49+00:00","og_image":[{"width":1280,"height":720,"url":"https:\/\/www.ondernemendvenlo.nl\/wp-content\/uploads\/2025\/04\/brand-persconferentie.jpg","type":"image\/jpeg"}],"author":"admin","twitter_card":"summary_large_image","twitter_misc":{"\u00c9crit par":"admin","Dur\u00e9e de lecture estim\u00e9e":"1 minute"},"schema":{"@context":"https:\/\/schema.org","@graph":[{"@type":"Article","@id":"https:\/\/www.ondernemendvenlo.nl\/grote-brand-bij-ahc-benelux\/#article","isPartOf":{"@id":"https:\/\/www.ondernemendvenlo.nl\/grote-brand-bij-ahc-benelux\/"},"author":{"name":"admin","@id":"https:\/\/www.ondernemendvenlo.nl\/#\/schema\/person\/347e935f8ad4c7030608ef74bb57aa6e"},"headline":"Grote brand bij AHC Benelux","datePublished":"2018-08-07T11:17:49+00:00","mainEntityOfPage":{"@id":"https:\/\/www.ondernemendvenlo.nl\/grote-brand-bij-ahc-benelux\/"},"wordCount":159,"publisher":{"@id":"https:\/\/www.ondernemendvenlo.nl\/#organization"},"image":{"@id":"https:\/\/www.ondernemendvenlo.nl\/grote-brand-bij-ahc-benelux\/#primaryimage"},"thumbnailUrl":"https:\/\/www.ondernemendvenlo.nl\/wp-content\/uploads\/2025\/04\/brand-persconferentie.jpg","articleSection":["Nieuws"],"inLanguage":"fr-FR"},{"@type":"WebPage","@id":"https:\/\/www.ondernemendvenlo.nl\/grote-brand-bij-ahc-benelux\/","url":"https:\/\/www.ondernemendvenlo.nl\/grote-brand-bij-ahc-benelux\/","name":"Grote brand bij AHC Benelux - Ondernemend Venlo","isPartOf":{"@id":"https:\/\/www.ondernemendvenlo.nl\/#website"},"primaryImageOfPage":{"@id":"https:\/\/www.ondernemendvenlo.nl\/grote-brand-bij-ahc-benelux\/#primaryimage"},"image":{"@id":"https:\/\/www.ondernemendvenlo.nl\/grote-brand-bij-ahc-benelux\/#primaryimage"},"thumbnailUrl":"https:\/\/www.ondernemendvenlo.nl\/wp-content\/uploads\/2025\/04\/brand-persconferentie.jpg","datePublished":"2018-08-07T11:17:49+00:00","breadcrumb":{"@id":"https:\/\/www.ondernemendvenlo.nl\/grote-brand-bij-ahc-benelux\/#breadcrumb"},"inLanguage":"fr-FR","potentialAction":[{"@type":"ReadAction","target":["https:\/\/www.ondernemendvenlo.nl\/grote-brand-bij-ahc-benelux\/"]}]},{"@type":"ImageObject","inLanguage":"fr-FR","@id":"https:\/\/www.ondernemendvenlo.nl\/grote-brand-bij-ahc-benelux\/#primaryimage","url":"https:\/\/www.ondernemendvenlo.nl\/wp-content\/uploads\/2025\/04\/brand-persconferentie.jpg","contentUrl":"https:\/\/www.ondernemendvenlo.nl\/wp-content\/uploads\/2025\/04\/brand-persconferentie.jpg","width":1280,"height":720},{"@type":"BreadcrumbList","@id":"https:\/\/www.ondernemendvenlo.nl\/grote-brand-bij-ahc-benelux\/#breadcrumb","itemListElement":[{"@type":"ListItem","position":1,"name":"Ondernemend Venlo","item":"https:\/\/www.ondernemendvenlo.nl\/"},{"@type":"ListItem","position":2,"name":"Nieuws","item":"https:\/\/www.ondernemendvenlo.nl\/categorie\/nieuws\/"},{"@type":"ListItem","position":3,"name":"Grote brand bij AHC Benelux"}]},{"@type":"WebSite","@id":"https:\/\/www.ondernemendvenlo.nl\/#website","url":"https:\/\/www.ondernemendvenlo.nl\/","name":"Venlo entrepreneurial","description":"Travailler ensemble avec succ\u00e8s","publisher":{"@id":"https:\/\/www.ondernemendvenlo.nl\/#organization"},"potentialAction":[{"@type":"SearchAction","target":{"@type":"EntryPoint","urlTemplate":"https:\/\/www.ondernemendvenlo.nl\/?s={search_term_string}"},"query-input":{"@type":"PropertyValueSpecification","valueRequired":true,"valueName":"search_term_string"}}],"inLanguage":"fr-FR"},{"@type":"Organization","@id":"https:\/\/www.ondernemendvenlo.nl\/#organization","name":"Venlo entrepreneurial","url":"https:\/\/www.ondernemendvenlo.nl\/","logo":{"@type":"ImageObject","inLanguage":"fr-FR","@id":"https:\/\/www.ondernemendvenlo.nl\/#\/schema\/logo\/image\/","url":"https:\/\/www.ondernemendvenlo.nl\/wp-content\/uploads\/2025\/02\/Ondernemend-Venlo-logo-scaled.webp","contentUrl":"https:\/\/www.ondernemendvenlo.nl\/wp-content\/uploads\/2025\/02\/Ondernemend-Venlo-logo-scaled.webp","width":2560,"height":1010,"caption":"Ondernemend Venlo"},"image":{"@id":"https:\/\/www.ondernemendvenlo.nl\/#\/schema\/logo\/image\/"},"sameAs":["https:\/\/www.linkedin.com\/company\/ondernemend-venlo\/"]},{"@type":"Person","@id":"https:\/\/www.ondernemendvenlo.nl\/#\/schema\/person\/347e935f8ad4c7030608ef74bb57aa6e","name":"admin","image":{"@type":"ImageObject","inLanguage":"fr-FR","@id":"https:\/\/www.ondernemendvenlo.nl\/#\/schema\/person\/image\/","url":"https:\/\/www.ondernemendvenlo.nl\/wp-content\/litespeed\/avatar\/720af750b037aecf6e33e12833479059.jpg?ver=1777382954","contentUrl":"https:\/\/www.ondernemendvenlo.nl\/wp-content\/litespeed\/avatar\/720af750b037aecf6e33e12833479059.jpg?ver=1777382954","caption":"admin"},"sameAs":["https:\/\/www.ondernemendvenlo.nl"]}]}},"_links":{"self":[{"href":"https:\/\/www.ondernemendvenlo.nl\/fr\/wp-json\/wp\/v2\/posts\/1392","targetHints":{"allow":["GET"]}}],"collection":[{"href":"https:\/\/www.ondernemendvenlo.nl\/fr\/wp-json\/wp\/v2\/posts"}],"about":[{"href":"https:\/\/www.ondernemendvenlo.nl\/fr\/wp-json\/wp\/v2\/types\/post"}],"author":[{"embeddable":true,"href":"https:\/\/www.ondernemendvenlo.nl\/fr\/wp-json\/wp\/v2\/users\/1"}],"replies":[{"embeddable":true,"href":"https:\/\/www.ondernemendvenlo.nl\/fr\/wp-json\/wp\/v2\/comments?post=1392"}],"version-history":[{"count":0,"href":"https:\/\/www.ondernemendvenlo.nl\/fr\/wp-json\/wp\/v2\/posts\/1392\/revisions"}],"wp:featuredmedia":[{"embeddable":true,"href":"https:\/\/www.ondernemendvenlo.nl\/fr\/wp-json\/wp\/v2\/media\/1393"}],"wp:attachment":[{"href":"https:\/\/www.ondernemendvenlo.nl\/fr\/wp-json\/wp\/v2\/media?parent=1392"}],"wp:term":[{"taxonomy":"category","embeddable":true,"href":"https:\/\/www.ondernemendvenlo.nl\/fr\/wp-json\/wp\/v2\/categories?post=1392"},{"taxonomy":"post_tag","embeddable":true,"href":"https:\/\/www.ondernemendvenlo.nl\/fr\/wp-json\/wp\/v2\/tags?post=1392"}],"curies":[{"name":"wp","href":"https:\/\/api.w.org\/{rel}","templated":true}]}}