{"id":1402,"date":"2018-08-24T13:48:23","date_gmt":"2018-08-24T11:48:23","guid":{"rendered":"https:\/\/www.ondernemendvenlo.nl\/bezoek-deltaport-havens-wesel-voerde-20-september\/"},"modified":"2018-08-24T13:48:23","modified_gmt":"2018-08-24T11:48:23","slug":"bezoek-deltaport-havens-wesel-voerde-20-september","status":"publish","type":"post","link":"https:\/\/www.ondernemendvenlo.nl\/fr\/bezoek-deltaport-havens-wesel-voerde-20-september\/","title":{"rendered":"Bezoek DeltaPort havens Wesel\/Voerde 20 september"},"content":{"rendered":"<p>Het bestuur van Business Club Maas-Rhein nodigt leden van Ondernemend Venlo uit voor een bezoek aan de DeltaPort havens in Wesel\/Voerde aan de Nederrijn:<\/p>\n<p><strong>Quand : <\/strong>Donderdag, 20 september 2018, 16.00 \u2013 20.30 uur<\/p>\n<p><strong>O\u00f9 ? <\/strong>DeltaPort GmbH &amp; Co. KG, Moltkestr. 8, D-46483 Wesel<\/p>\n<p>Voor meer gedetailleerde informatie voor deze bijeenkomst klikt u <a href=\"https:\/\/www.bc-maasrhein.eu\/event\/rondrit-havens-deltaport-wesel\/\" target=\"_blank\" rel=\"noopener\">op deze link<\/a>.<\/p>\n<p>Wij zijn heel blij dat we de havens van DeltaPort mogen bezichtigen en verheugen ons op uw deelname!<\/p>\n<p><strong>S'inscrire : <\/strong>U kunt zich tot uiterlijk dinsdag 11 september aanmelden via deze <u><a href=\"https:\/\/www.bc-maasrhein.eu\/event\/rondrit-havens-deltaport-wesel\/\" target=\"_blank\" rel=\"noopener\">lien<\/a><\/u>. Reserveer uw deelname tijdig, voor dit evenement is maar een beperkt aantal plaatsen beschikbaar! Een registratie is noodzakelijk i.s.m. de organisatie van deze bijeenkomst bij DeltaPort en de reservering van de catering.<\/p>","protected":false},"excerpt":{"rendered":"<p>Het bestuur van Business Club Maas-Rhein nodigt leden van Ondernemend Venlo uit voor een bezoek aan de DeltaPort havens in Wesel\/Voerde aan de Nederrijn: Wanneer: Donderdag, 20 september 2018, 16.00 \u2013 20.30 uur Waar: DeltaPort GmbH &amp; Co. KG, Moltkestr. 8, D-46483 Wesel Voor meer gedetailleerde informatie voor deze bijeenkomst klikt u op deze link. [&hellip;]<\/p>","protected":false},"author":1,"featured_media":1403,"comment_status":"closed","ping_status":"open","sticky":false,"template":"","format":"standard","meta":{"_acf_changed":false,"footnotes":""},"categories":[8],"tags":[],"class_list":["post-1402","post","type-post","status-publish","format-standard","has-post-thumbnail","hentry","category-nieuws"],"acf":[],"yoast_head":"<!-- This site is optimized with the Yoast SEO plugin v26.3 - https:\/\/yoast.com\/wordpress\/plugins\/seo\/ -->\n<title>Bezoek DeltaPort havens Wesel\/Voerde 20 september - Ondernemend Venlo<\/title>\n<meta name=\"robots\" content=\"index, follow, max-snippet:-1, max-image-preview:large, max-video-preview:-1\" \/>\n<link rel=\"canonical\" href=\"https:\/\/www.ondernemendvenlo.nl\/fr\/bezoek-deltaport-havens-wesel-voerde-20-september\/\" \/>\n<meta property=\"og:locale\" content=\"fr_FR\" \/>\n<meta property=\"og:type\" content=\"article\" \/>\n<meta property=\"og:title\" content=\"Bezoek DeltaPort havens Wesel\/Voerde 20 september - Ondernemend Venlo\" \/>\n<meta property=\"og:description\" content=\"Het bestuur van Business Club Maas-Rhein nodigt leden van Ondernemend Venlo uit voor een bezoek aan de DeltaPort havens in Wesel\/Voerde aan de Nederrijn: Wanneer: Donderdag, 20 september 2018, 16.00 \u2013 20.30 uur Waar: DeltaPort GmbH &amp; Co. KG, Moltkestr. 8, D-46483 Wesel Voor meer gedetailleerde informatie voor deze bijeenkomst klikt u op deze link. [&hellip;]\" \/>\n<meta property=\"og:url\" content=\"https:\/\/www.ondernemendvenlo.nl\/fr\/bezoek-deltaport-havens-wesel-voerde-20-september\/\" \/>\n<meta property=\"og:site_name\" content=\"Ondernemend Venlo\" \/>\n<meta property=\"article:published_time\" content=\"2018-08-24T11:48:23+00:00\" \/>\n<meta property=\"og:image\" content=\"https:\/\/www.ondernemendvenlo.nl\/wp-content\/uploads\/2025\/04\/haven-wesel.png\" \/>\n\t<meta property=\"og:image:width\" content=\"800\" \/>\n\t<meta property=\"og:image:height\" content=\"484\" \/>\n\t<meta property=\"og:image:type\" content=\"image\/png\" \/>\n<meta name=\"author\" content=\"admin\" \/>\n<meta name=\"twitter:card\" content=\"summary_large_image\" \/>\n<meta name=\"twitter:label1\" content=\"\u00c9crit par\" \/>\n\t<meta name=\"twitter:data1\" content=\"admin\" \/>\n\t<meta name=\"twitter:label2\" content=\"Dur\u00e9e de lecture estim\u00e9e\" \/>\n\t<meta name=\"twitter:data2\" content=\"1 minute\" \/>\n<script type=\"application\/ld+json\" class=\"yoast-schema-graph\">{\"@context\":\"https:\/\/schema.org\",\"@graph\":[{\"@type\":\"Article\",\"@id\":\"https:\/\/www.ondernemendvenlo.nl\/bezoek-deltaport-havens-wesel-voerde-20-september\/#article\",\"isPartOf\":{\"@id\":\"https:\/\/www.ondernemendvenlo.nl\/bezoek-deltaport-havens-wesel-voerde-20-september\/\"},\"author\":{\"name\":\"admin\",\"@id\":\"https:\/\/www.ondernemendvenlo.nl\/#\/schema\/person\/347e935f8ad4c7030608ef74bb57aa6e\"},\"headline\":\"Bezoek DeltaPort havens Wesel\/Voerde 20 september\",\"datePublished\":\"2018-08-24T11:48:23+00:00\",\"mainEntityOfPage\":{\"@id\":\"https:\/\/www.ondernemendvenlo.nl\/bezoek-deltaport-havens-wesel-voerde-20-september\/\"},\"wordCount\":120,\"publisher\":{\"@id\":\"https:\/\/www.ondernemendvenlo.nl\/#organization\"},\"image\":{\"@id\":\"https:\/\/www.ondernemendvenlo.nl\/bezoek-deltaport-havens-wesel-voerde-20-september\/#primaryimage\"},\"thumbnailUrl\":\"https:\/\/www.ondernemendvenlo.nl\/wp-content\/uploads\/2025\/04\/haven-wesel.png\",\"articleSection\":[\"Nieuws\"],\"inLanguage\":\"fr-FR\"},{\"@type\":\"WebPage\",\"@id\":\"https:\/\/www.ondernemendvenlo.nl\/bezoek-deltaport-havens-wesel-voerde-20-september\/\",\"url\":\"https:\/\/www.ondernemendvenlo.nl\/bezoek-deltaport-havens-wesel-voerde-20-september\/\",\"name\":\"Bezoek DeltaPort havens Wesel\/Voerde 20 september - Ondernemend Venlo\",\"isPartOf\":{\"@id\":\"https:\/\/www.ondernemendvenlo.nl\/#website\"},\"primaryImageOfPage\":{\"@id\":\"https:\/\/www.ondernemendvenlo.nl\/bezoek-deltaport-havens-wesel-voerde-20-september\/#primaryimage\"},\"image\":{\"@id\":\"https:\/\/www.ondernemendvenlo.nl\/bezoek-deltaport-havens-wesel-voerde-20-september\/#primaryimage\"},\"thumbnailUrl\":\"https:\/\/www.ondernemendvenlo.nl\/wp-content\/uploads\/2025\/04\/haven-wesel.png\",\"datePublished\":\"2018-08-24T11:48:23+00:00\",\"breadcrumb\":{\"@id\":\"https:\/\/www.ondernemendvenlo.nl\/bezoek-deltaport-havens-wesel-voerde-20-september\/#breadcrumb\"},\"inLanguage\":\"fr-FR\",\"potentialAction\":[{\"@type\":\"ReadAction\",\"target\":[\"https:\/\/www.ondernemendvenlo.nl\/bezoek-deltaport-havens-wesel-voerde-20-september\/\"]}]},{\"@type\":\"ImageObject\",\"inLanguage\":\"fr-FR\",\"@id\":\"https:\/\/www.ondernemendvenlo.nl\/bezoek-deltaport-havens-wesel-voerde-20-september\/#primaryimage\",\"url\":\"https:\/\/www.ondernemendvenlo.nl\/wp-content\/uploads\/2025\/04\/haven-wesel.png\",\"contentUrl\":\"https:\/\/www.ondernemendvenlo.nl\/wp-content\/uploads\/2025\/04\/haven-wesel.png\",\"width\":800,\"height\":484},{\"@type\":\"BreadcrumbList\",\"@id\":\"https:\/\/www.ondernemendvenlo.nl\/bezoek-deltaport-havens-wesel-voerde-20-september\/#breadcrumb\",\"itemListElement\":[{\"@type\":\"ListItem\",\"position\":1,\"name\":\"Ondernemend Venlo\",\"item\":\"https:\/\/www.ondernemendvenlo.nl\/\"},{\"@type\":\"ListItem\",\"position\":2,\"name\":\"Nieuws\",\"item\":\"https:\/\/www.ondernemendvenlo.nl\/categorie\/nieuws\/\"},{\"@type\":\"ListItem\",\"position\":3,\"name\":\"Bezoek DeltaPort havens Wesel\/Voerde 20 september\"}]},{\"@type\":\"WebSite\",\"@id\":\"https:\/\/www.ondernemendvenlo.nl\/#website\",\"url\":\"https:\/\/www.ondernemendvenlo.nl\/\",\"name\":\"Ondernemend Venlo\",\"description\":\"Samen succesvol ondernemen\",\"publisher\":{\"@id\":\"https:\/\/www.ondernemendvenlo.nl\/#organization\"},\"potentialAction\":[{\"@type\":\"SearchAction\",\"target\":{\"@type\":\"EntryPoint\",\"urlTemplate\":\"https:\/\/www.ondernemendvenlo.nl\/?s={search_term_string}\"},\"query-input\":{\"@type\":\"PropertyValueSpecification\",\"valueRequired\":true,\"valueName\":\"search_term_string\"}}],\"inLanguage\":\"fr-FR\"},{\"@type\":\"Organization\",\"@id\":\"https:\/\/www.ondernemendvenlo.nl\/#organization\",\"name\":\"Ondernemend Venlo\",\"url\":\"https:\/\/www.ondernemendvenlo.nl\/\",\"logo\":{\"@type\":\"ImageObject\",\"inLanguage\":\"fr-FR\",\"@id\":\"https:\/\/www.ondernemendvenlo.nl\/#\/schema\/logo\/image\/\",\"url\":\"https:\/\/www.ondernemendvenlo.nl\/wp-content\/uploads\/2025\/02\/Ondernemend-Venlo-logo-scaled.webp\",\"contentUrl\":\"https:\/\/www.ondernemendvenlo.nl\/wp-content\/uploads\/2025\/02\/Ondernemend-Venlo-logo-scaled.webp\",\"width\":2560,\"height\":1010,\"caption\":\"Ondernemend Venlo\"},\"image\":{\"@id\":\"https:\/\/www.ondernemendvenlo.nl\/#\/schema\/logo\/image\/\"},\"sameAs\":[\"https:\/\/www.linkedin.com\/company\/ondernemend-venlo\/\"]},{\"@type\":\"Person\",\"@id\":\"https:\/\/www.ondernemendvenlo.nl\/#\/schema\/person\/347e935f8ad4c7030608ef74bb57aa6e\",\"name\":\"admin\",\"image\":{\"@type\":\"ImageObject\",\"inLanguage\":\"fr-FR\",\"@id\":\"https:\/\/www.ondernemendvenlo.nl\/#\/schema\/person\/image\/\",\"url\":\"https:\/\/www.ondernemendvenlo.nl\/wp-content\/litespeed\/avatar\/720af750b037aecf6e33e12833479059.jpg?ver=1777382954\",\"contentUrl\":\"https:\/\/www.ondernemendvenlo.nl\/wp-content\/litespeed\/avatar\/720af750b037aecf6e33e12833479059.jpg?ver=1777382954\",\"caption\":\"admin\"},\"sameAs\":[\"https:\/\/www.ondernemendvenlo.nl\"]}]}<\/script>\n<!-- \/ Yoast SEO plugin. -->","yoast_head_json":{"title":"Bezoek DeltaPort havens Wesel\/Voerde 20 september - Ondernemend Venlo","robots":{"index":"index","follow":"follow","max-snippet":"max-snippet:-1","max-image-preview":"max-image-preview:large","max-video-preview":"max-video-preview:-1"},"canonical":"https:\/\/www.ondernemendvenlo.nl\/fr\/bezoek-deltaport-havens-wesel-voerde-20-september\/","og_locale":"fr_FR","og_type":"article","og_title":"Bezoek DeltaPort havens Wesel\/Voerde 20 september - Ondernemend Venlo","og_description":"Het bestuur van Business Club Maas-Rhein nodigt leden van Ondernemend Venlo uit voor een bezoek aan de DeltaPort havens in Wesel\/Voerde aan de Nederrijn: Wanneer: Donderdag, 20 september 2018, 16.00 \u2013 20.30 uur Waar: DeltaPort GmbH &amp; Co. KG, Moltkestr. 8, D-46483 Wesel Voor meer gedetailleerde informatie voor deze bijeenkomst klikt u op deze link. [&hellip;]","og_url":"https:\/\/www.ondernemendvenlo.nl\/fr\/bezoek-deltaport-havens-wesel-voerde-20-september\/","og_site_name":"Ondernemend Venlo","article_published_time":"2018-08-24T11:48:23+00:00","og_image":[{"width":800,"height":484,"url":"https:\/\/www.ondernemendvenlo.nl\/wp-content\/uploads\/2025\/04\/haven-wesel.png","type":"image\/png"}],"author":"admin","twitter_card":"summary_large_image","twitter_misc":{"\u00c9crit par":"admin","Dur\u00e9e de lecture estim\u00e9e":"1 minute"},"schema":{"@context":"https:\/\/schema.org","@graph":[{"@type":"Article","@id":"https:\/\/www.ondernemendvenlo.nl\/bezoek-deltaport-havens-wesel-voerde-20-september\/#article","isPartOf":{"@id":"https:\/\/www.ondernemendvenlo.nl\/bezoek-deltaport-havens-wesel-voerde-20-september\/"},"author":{"name":"admin","@id":"https:\/\/www.ondernemendvenlo.nl\/#\/schema\/person\/347e935f8ad4c7030608ef74bb57aa6e"},"headline":"Bezoek DeltaPort havens Wesel\/Voerde 20 september","datePublished":"2018-08-24T11:48:23+00:00","mainEntityOfPage":{"@id":"https:\/\/www.ondernemendvenlo.nl\/bezoek-deltaport-havens-wesel-voerde-20-september\/"},"wordCount":120,"publisher":{"@id":"https:\/\/www.ondernemendvenlo.nl\/#organization"},"image":{"@id":"https:\/\/www.ondernemendvenlo.nl\/bezoek-deltaport-havens-wesel-voerde-20-september\/#primaryimage"},"thumbnailUrl":"https:\/\/www.ondernemendvenlo.nl\/wp-content\/uploads\/2025\/04\/haven-wesel.png","articleSection":["Nieuws"],"inLanguage":"fr-FR"},{"@type":"WebPage","@id":"https:\/\/www.ondernemendvenlo.nl\/bezoek-deltaport-havens-wesel-voerde-20-september\/","url":"https:\/\/www.ondernemendvenlo.nl\/bezoek-deltaport-havens-wesel-voerde-20-september\/","name":"Bezoek DeltaPort havens Wesel\/Voerde 20 september - Ondernemend Venlo","isPartOf":{"@id":"https:\/\/www.ondernemendvenlo.nl\/#website"},"primaryImageOfPage":{"@id":"https:\/\/www.ondernemendvenlo.nl\/bezoek-deltaport-havens-wesel-voerde-20-september\/#primaryimage"},"image":{"@id":"https:\/\/www.ondernemendvenlo.nl\/bezoek-deltaport-havens-wesel-voerde-20-september\/#primaryimage"},"thumbnailUrl":"https:\/\/www.ondernemendvenlo.nl\/wp-content\/uploads\/2025\/04\/haven-wesel.png","datePublished":"2018-08-24T11:48:23+00:00","breadcrumb":{"@id":"https:\/\/www.ondernemendvenlo.nl\/bezoek-deltaport-havens-wesel-voerde-20-september\/#breadcrumb"},"inLanguage":"fr-FR","potentialAction":[{"@type":"ReadAction","target":["https:\/\/www.ondernemendvenlo.nl\/bezoek-deltaport-havens-wesel-voerde-20-september\/"]}]},{"@type":"ImageObject","inLanguage":"fr-FR","@id":"https:\/\/www.ondernemendvenlo.nl\/bezoek-deltaport-havens-wesel-voerde-20-september\/#primaryimage","url":"https:\/\/www.ondernemendvenlo.nl\/wp-content\/uploads\/2025\/04\/haven-wesel.png","contentUrl":"https:\/\/www.ondernemendvenlo.nl\/wp-content\/uploads\/2025\/04\/haven-wesel.png","width":800,"height":484},{"@type":"BreadcrumbList","@id":"https:\/\/www.ondernemendvenlo.nl\/bezoek-deltaport-havens-wesel-voerde-20-september\/#breadcrumb","itemListElement":[{"@type":"ListItem","position":1,"name":"Ondernemend Venlo","item":"https:\/\/www.ondernemendvenlo.nl\/"},{"@type":"ListItem","position":2,"name":"Nieuws","item":"https:\/\/www.ondernemendvenlo.nl\/categorie\/nieuws\/"},{"@type":"ListItem","position":3,"name":"Bezoek DeltaPort havens Wesel\/Voerde 20 september"}]},{"@type":"WebSite","@id":"https:\/\/www.ondernemendvenlo.nl\/#website","url":"https:\/\/www.ondernemendvenlo.nl\/","name":"Venlo entrepreneurial","description":"Travailler ensemble avec succ\u00e8s","publisher":{"@id":"https:\/\/www.ondernemendvenlo.nl\/#organization"},"potentialAction":[{"@type":"SearchAction","target":{"@type":"EntryPoint","urlTemplate":"https:\/\/www.ondernemendvenlo.nl\/?s={search_term_string}"},"query-input":{"@type":"PropertyValueSpecification","valueRequired":true,"valueName":"search_term_string"}}],"inLanguage":"fr-FR"},{"@type":"Organization","@id":"https:\/\/www.ondernemendvenlo.nl\/#organization","name":"Venlo entrepreneurial","url":"https:\/\/www.ondernemendvenlo.nl\/","logo":{"@type":"ImageObject","inLanguage":"fr-FR","@id":"https:\/\/www.ondernemendvenlo.nl\/#\/schema\/logo\/image\/","url":"https:\/\/www.ondernemendvenlo.nl\/wp-content\/uploads\/2025\/02\/Ondernemend-Venlo-logo-scaled.webp","contentUrl":"https:\/\/www.ondernemendvenlo.nl\/wp-content\/uploads\/2025\/02\/Ondernemend-Venlo-logo-scaled.webp","width":2560,"height":1010,"caption":"Ondernemend Venlo"},"image":{"@id":"https:\/\/www.ondernemendvenlo.nl\/#\/schema\/logo\/image\/"},"sameAs":["https:\/\/www.linkedin.com\/company\/ondernemend-venlo\/"]},{"@type":"Person","@id":"https:\/\/www.ondernemendvenlo.nl\/#\/schema\/person\/347e935f8ad4c7030608ef74bb57aa6e","name":"admin","image":{"@type":"ImageObject","inLanguage":"fr-FR","@id":"https:\/\/www.ondernemendvenlo.nl\/#\/schema\/person\/image\/","url":"https:\/\/www.ondernemendvenlo.nl\/wp-content\/litespeed\/avatar\/720af750b037aecf6e33e12833479059.jpg?ver=1777382954","contentUrl":"https:\/\/www.ondernemendvenlo.nl\/wp-content\/litespeed\/avatar\/720af750b037aecf6e33e12833479059.jpg?ver=1777382954","caption":"admin"},"sameAs":["https:\/\/www.ondernemendvenlo.nl"]}]}},"_links":{"self":[{"href":"https:\/\/www.ondernemendvenlo.nl\/fr\/wp-json\/wp\/v2\/posts\/1402","targetHints":{"allow":["GET"]}}],"collection":[{"href":"https:\/\/www.ondernemendvenlo.nl\/fr\/wp-json\/wp\/v2\/posts"}],"about":[{"href":"https:\/\/www.ondernemendvenlo.nl\/fr\/wp-json\/wp\/v2\/types\/post"}],"author":[{"embeddable":true,"href":"https:\/\/www.ondernemendvenlo.nl\/fr\/wp-json\/wp\/v2\/users\/1"}],"replies":[{"embeddable":true,"href":"https:\/\/www.ondernemendvenlo.nl\/fr\/wp-json\/wp\/v2\/comments?post=1402"}],"version-history":[{"count":0,"href":"https:\/\/www.ondernemendvenlo.nl\/fr\/wp-json\/wp\/v2\/posts\/1402\/revisions"}],"wp:featuredmedia":[{"embeddable":true,"href":"https:\/\/www.ondernemendvenlo.nl\/fr\/wp-json\/wp\/v2\/media\/1403"}],"wp:attachment":[{"href":"https:\/\/www.ondernemendvenlo.nl\/fr\/wp-json\/wp\/v2\/media?parent=1402"}],"wp:term":[{"taxonomy":"category","embeddable":true,"href":"https:\/\/www.ondernemendvenlo.nl\/fr\/wp-json\/wp\/v2\/categories?post=1402"},{"taxonomy":"post_tag","embeddable":true,"href":"https:\/\/www.ondernemendvenlo.nl\/fr\/wp-json\/wp\/v2\/tags?post=1402"}],"curies":[{"name":"wp","href":"https:\/\/api.w.org\/{rel}","templated":true}]}}