{"id":1439,"date":"2018-09-27T07:48:56","date_gmt":"2018-09-27T05:48:56","guid":{"rendered":"https:\/\/www.ondernemendvenlo.nl\/bedrijfsleven-wil-verbreding-a67\/"},"modified":"2018-09-27T07:48:56","modified_gmt":"2018-09-27T05:48:56","slug":"bedrijfsleven-wil-verbreding-a67","status":"publish","type":"post","link":"https:\/\/www.ondernemendvenlo.nl\/fr\/bedrijfsleven-wil-verbreding-a67\/","title":{"rendered":"Les entreprises souhaitent l'\u00e9largissement de l'A67"},"content":{"rendered":"<p>Cela fait des ann\u00e9es que l'on parle d'\u00e9largir l'A67, l'autoroute entre Venlo et Eindhoven. On l'appelle commun\u00e9ment la route des accidents. Le trafic y est r\u00e9guli\u00e8rement bloqu\u00e9 en raison d'accidents. Actuellement, la situation est r\u00e9examin\u00e9e et des mesures visant \u00e0 am\u00e9liorer la fluidit\u00e9 du trafic sont discut\u00e9es.<\/p>\n<p>Selon l'association des entreprises du sud-est du Brabant, VNO-NCW Brabant-Zeeland, la seule solution consiste \u00e0 \u00e9largir \u00e0 trois voies l'ensemble de l'autoroute entre Eindhoven et Venlo. Il n'est pas judicieux d'\u00e9largir un tron\u00e7on de l'autoroute, car les probl\u00e8mes de circulation subsisteront \u00e0 l'endroit o\u00f9 l'autoroute redeviendra \u00e0 deux voies.<\/p>\n<p>Dans l'Eindhovens Dagblad, les chefs d'entreprise indiquent qu'une approche par \u00e9tapes serait acceptable. Cependant, il devrait y avoir peu de temps entre la premi\u00e8re et la deuxi\u00e8me phase d'\u00e9largissement.<\/p>\n<p>La ministre des transports, Cora van Nieuwenhuizen, prendra une d\u00e9cision sur le sort de l'autoroute apr\u00e8s le 21 novembre. Si l'\u00e9largissement de l'A67 est d\u00e9cid\u00e9, il faudra des ann\u00e9es avant qu'il ne soit effectivement r\u00e9alis\u00e9.<\/p>","protected":false},"excerpt":{"rendered":"<p>Er wordt al jaren gesproken over verbreding van de A67, de snelweg tussen Venlo en Eindhoven. In de volksmond wordt het ook wel de ongeluksweg genoemd. Regelmatig staat het verkeer vast omdat er een ongeval is gebeurd. Op dit moment wordt er weer naar de situatie gekeken en worden maatregelen besproken om de doorstroming te [&hellip;]<\/p>","protected":false},"author":1,"featured_media":1440,"comment_status":"closed","ping_status":"open","sticky":false,"template":"","format":"standard","meta":{"_acf_changed":false,"footnotes":""},"categories":[8],"tags":[],"class_list":["post-1439","post","type-post","status-publish","format-standard","has-post-thumbnail","hentry","category-nieuws"],"acf":[],"yoast_head":"<!-- This site is optimized with the Yoast SEO plugin v26.3 - https:\/\/yoast.com\/wordpress\/plugins\/seo\/ -->\n<title>Bedrijfsleven wil verbreding A67 - Ondernemend Venlo<\/title>\n<meta name=\"robots\" content=\"index, follow, max-snippet:-1, max-image-preview:large, max-video-preview:-1\" \/>\n<link rel=\"canonical\" href=\"https:\/\/www.ondernemendvenlo.nl\/fr\/bedrijfsleven-wil-verbreding-a67\/\" \/>\n<meta property=\"og:locale\" content=\"fr_FR\" \/>\n<meta property=\"og:type\" content=\"article\" \/>\n<meta property=\"og:title\" content=\"Bedrijfsleven wil verbreding A67 - Ondernemend Venlo\" \/>\n<meta property=\"og:description\" content=\"Er wordt al jaren gesproken over verbreding van de A67, de snelweg tussen Venlo en Eindhoven. In de volksmond wordt het ook wel de ongeluksweg genoemd. Regelmatig staat het verkeer vast omdat er een ongeval is gebeurd. Op dit moment wordt er weer naar de situatie gekeken en worden maatregelen besproken om de doorstroming te [&hellip;]\" \/>\n<meta property=\"og:url\" content=\"https:\/\/www.ondernemendvenlo.nl\/fr\/bedrijfsleven-wil-verbreding-a67\/\" \/>\n<meta property=\"og:site_name\" content=\"Ondernemend Venlo\" \/>\n<meta property=\"article:published_time\" content=\"2018-09-27T05:48:56+00:00\" \/>\n<meta property=\"og:image\" content=\"https:\/\/www.ondernemendvenlo.nl\/wp-content\/uploads\/2025\/04\/a67.jpg\" \/>\n\t<meta property=\"og:image:width\" content=\"1280\" \/>\n\t<meta property=\"og:image:height\" content=\"720\" \/>\n\t<meta property=\"og:image:type\" content=\"image\/jpeg\" \/>\n<meta name=\"author\" content=\"admin\" \/>\n<meta name=\"twitter:card\" content=\"summary_large_image\" \/>\n<meta name=\"twitter:label1\" content=\"\u00c9crit par\" \/>\n\t<meta name=\"twitter:data1\" content=\"admin\" \/>\n\t<meta name=\"twitter:label2\" content=\"Dur\u00e9e de lecture estim\u00e9e\" \/>\n\t<meta name=\"twitter:data2\" content=\"1 minute\" \/>\n<script type=\"application\/ld+json\" class=\"yoast-schema-graph\">{\"@context\":\"https:\/\/schema.org\",\"@graph\":[{\"@type\":\"Article\",\"@id\":\"https:\/\/www.ondernemendvenlo.nl\/bedrijfsleven-wil-verbreding-a67\/#article\",\"isPartOf\":{\"@id\":\"https:\/\/www.ondernemendvenlo.nl\/bedrijfsleven-wil-verbreding-a67\/\"},\"author\":{\"name\":\"admin\",\"@id\":\"https:\/\/www.ondernemendvenlo.nl\/#\/schema\/person\/347e935f8ad4c7030608ef74bb57aa6e\"},\"headline\":\"Bedrijfsleven wil verbreding A67\",\"datePublished\":\"2018-09-27T05:48:56+00:00\",\"mainEntityOfPage\":{\"@id\":\"https:\/\/www.ondernemendvenlo.nl\/bedrijfsleven-wil-verbreding-a67\/\"},\"wordCount\":179,\"publisher\":{\"@id\":\"https:\/\/www.ondernemendvenlo.nl\/#organization\"},\"image\":{\"@id\":\"https:\/\/www.ondernemendvenlo.nl\/bedrijfsleven-wil-verbreding-a67\/#primaryimage\"},\"thumbnailUrl\":\"https:\/\/www.ondernemendvenlo.nl\/wp-content\/uploads\/2025\/04\/a67.jpg\",\"articleSection\":[\"Nieuws\"],\"inLanguage\":\"fr-FR\"},{\"@type\":\"WebPage\",\"@id\":\"https:\/\/www.ondernemendvenlo.nl\/bedrijfsleven-wil-verbreding-a67\/\",\"url\":\"https:\/\/www.ondernemendvenlo.nl\/bedrijfsleven-wil-verbreding-a67\/\",\"name\":\"Bedrijfsleven wil verbreding A67 - Ondernemend Venlo\",\"isPartOf\":{\"@id\":\"https:\/\/www.ondernemendvenlo.nl\/#website\"},\"primaryImageOfPage\":{\"@id\":\"https:\/\/www.ondernemendvenlo.nl\/bedrijfsleven-wil-verbreding-a67\/#primaryimage\"},\"image\":{\"@id\":\"https:\/\/www.ondernemendvenlo.nl\/bedrijfsleven-wil-verbreding-a67\/#primaryimage\"},\"thumbnailUrl\":\"https:\/\/www.ondernemendvenlo.nl\/wp-content\/uploads\/2025\/04\/a67.jpg\",\"datePublished\":\"2018-09-27T05:48:56+00:00\",\"breadcrumb\":{\"@id\":\"https:\/\/www.ondernemendvenlo.nl\/bedrijfsleven-wil-verbreding-a67\/#breadcrumb\"},\"inLanguage\":\"fr-FR\",\"potentialAction\":[{\"@type\":\"ReadAction\",\"target\":[\"https:\/\/www.ondernemendvenlo.nl\/bedrijfsleven-wil-verbreding-a67\/\"]}]},{\"@type\":\"ImageObject\",\"inLanguage\":\"fr-FR\",\"@id\":\"https:\/\/www.ondernemendvenlo.nl\/bedrijfsleven-wil-verbreding-a67\/#primaryimage\",\"url\":\"https:\/\/www.ondernemendvenlo.nl\/wp-content\/uploads\/2025\/04\/a67.jpg\",\"contentUrl\":\"https:\/\/www.ondernemendvenlo.nl\/wp-content\/uploads\/2025\/04\/a67.jpg\",\"width\":1280,\"height\":720},{\"@type\":\"BreadcrumbList\",\"@id\":\"https:\/\/www.ondernemendvenlo.nl\/bedrijfsleven-wil-verbreding-a67\/#breadcrumb\",\"itemListElement\":[{\"@type\":\"ListItem\",\"position\":1,\"name\":\"Ondernemend Venlo\",\"item\":\"https:\/\/www.ondernemendvenlo.nl\/\"},{\"@type\":\"ListItem\",\"position\":2,\"name\":\"Nieuws\",\"item\":\"https:\/\/www.ondernemendvenlo.nl\/categorie\/nieuws\/\"},{\"@type\":\"ListItem\",\"position\":3,\"name\":\"Bedrijfsleven wil verbreding A67\"}]},{\"@type\":\"WebSite\",\"@id\":\"https:\/\/www.ondernemendvenlo.nl\/#website\",\"url\":\"https:\/\/www.ondernemendvenlo.nl\/\",\"name\":\"Ondernemend Venlo\",\"description\":\"Samen succesvol ondernemen\",\"publisher\":{\"@id\":\"https:\/\/www.ondernemendvenlo.nl\/#organization\"},\"potentialAction\":[{\"@type\":\"SearchAction\",\"target\":{\"@type\":\"EntryPoint\",\"urlTemplate\":\"https:\/\/www.ondernemendvenlo.nl\/?s={search_term_string}\"},\"query-input\":{\"@type\":\"PropertyValueSpecification\",\"valueRequired\":true,\"valueName\":\"search_term_string\"}}],\"inLanguage\":\"fr-FR\"},{\"@type\":\"Organization\",\"@id\":\"https:\/\/www.ondernemendvenlo.nl\/#organization\",\"name\":\"Ondernemend Venlo\",\"url\":\"https:\/\/www.ondernemendvenlo.nl\/\",\"logo\":{\"@type\":\"ImageObject\",\"inLanguage\":\"fr-FR\",\"@id\":\"https:\/\/www.ondernemendvenlo.nl\/#\/schema\/logo\/image\/\",\"url\":\"https:\/\/www.ondernemendvenlo.nl\/wp-content\/uploads\/2025\/02\/Ondernemend-Venlo-logo-scaled.webp\",\"contentUrl\":\"https:\/\/www.ondernemendvenlo.nl\/wp-content\/uploads\/2025\/02\/Ondernemend-Venlo-logo-scaled.webp\",\"width\":2560,\"height\":1010,\"caption\":\"Ondernemend Venlo\"},\"image\":{\"@id\":\"https:\/\/www.ondernemendvenlo.nl\/#\/schema\/logo\/image\/\"},\"sameAs\":[\"https:\/\/www.linkedin.com\/company\/ondernemend-venlo\/\"]},{\"@type\":\"Person\",\"@id\":\"https:\/\/www.ondernemendvenlo.nl\/#\/schema\/person\/347e935f8ad4c7030608ef74bb57aa6e\",\"name\":\"admin\",\"image\":{\"@type\":\"ImageObject\",\"inLanguage\":\"fr-FR\",\"@id\":\"https:\/\/www.ondernemendvenlo.nl\/#\/schema\/person\/image\/\",\"url\":\"https:\/\/www.ondernemendvenlo.nl\/wp-content\/litespeed\/avatar\/720af750b037aecf6e33e12833479059.jpg?ver=1777382954\",\"contentUrl\":\"https:\/\/www.ondernemendvenlo.nl\/wp-content\/litespeed\/avatar\/720af750b037aecf6e33e12833479059.jpg?ver=1777382954\",\"caption\":\"admin\"},\"sameAs\":[\"https:\/\/www.ondernemendvenlo.nl\"]}]}<\/script>\n<!-- \/ Yoast SEO plugin. -->","yoast_head_json":{"title":"Bedrijfsleven wil verbreding A67 - Ondernemend Venlo","robots":{"index":"index","follow":"follow","max-snippet":"max-snippet:-1","max-image-preview":"max-image-preview:large","max-video-preview":"max-video-preview:-1"},"canonical":"https:\/\/www.ondernemendvenlo.nl\/fr\/bedrijfsleven-wil-verbreding-a67\/","og_locale":"fr_FR","og_type":"article","og_title":"Bedrijfsleven wil verbreding A67 - Ondernemend Venlo","og_description":"Er wordt al jaren gesproken over verbreding van de A67, de snelweg tussen Venlo en Eindhoven. In de volksmond wordt het ook wel de ongeluksweg genoemd. Regelmatig staat het verkeer vast omdat er een ongeval is gebeurd. Op dit moment wordt er weer naar de situatie gekeken en worden maatregelen besproken om de doorstroming te [&hellip;]","og_url":"https:\/\/www.ondernemendvenlo.nl\/fr\/bedrijfsleven-wil-verbreding-a67\/","og_site_name":"Ondernemend Venlo","article_published_time":"2018-09-27T05:48:56+00:00","og_image":[{"width":1280,"height":720,"url":"https:\/\/www.ondernemendvenlo.nl\/wp-content\/uploads\/2025\/04\/a67.jpg","type":"image\/jpeg"}],"author":"admin","twitter_card":"summary_large_image","twitter_misc":{"\u00c9crit par":"admin","Dur\u00e9e de lecture estim\u00e9e":"1 minute"},"schema":{"@context":"https:\/\/schema.org","@graph":[{"@type":"Article","@id":"https:\/\/www.ondernemendvenlo.nl\/bedrijfsleven-wil-verbreding-a67\/#article","isPartOf":{"@id":"https:\/\/www.ondernemendvenlo.nl\/bedrijfsleven-wil-verbreding-a67\/"},"author":{"name":"admin","@id":"https:\/\/www.ondernemendvenlo.nl\/#\/schema\/person\/347e935f8ad4c7030608ef74bb57aa6e"},"headline":"Bedrijfsleven wil verbreding A67","datePublished":"2018-09-27T05:48:56+00:00","mainEntityOfPage":{"@id":"https:\/\/www.ondernemendvenlo.nl\/bedrijfsleven-wil-verbreding-a67\/"},"wordCount":179,"publisher":{"@id":"https:\/\/www.ondernemendvenlo.nl\/#organization"},"image":{"@id":"https:\/\/www.ondernemendvenlo.nl\/bedrijfsleven-wil-verbreding-a67\/#primaryimage"},"thumbnailUrl":"https:\/\/www.ondernemendvenlo.nl\/wp-content\/uploads\/2025\/04\/a67.jpg","articleSection":["Nieuws"],"inLanguage":"fr-FR"},{"@type":"WebPage","@id":"https:\/\/www.ondernemendvenlo.nl\/bedrijfsleven-wil-verbreding-a67\/","url":"https:\/\/www.ondernemendvenlo.nl\/bedrijfsleven-wil-verbreding-a67\/","name":"Bedrijfsleven wil verbreding A67 - Ondernemend Venlo","isPartOf":{"@id":"https:\/\/www.ondernemendvenlo.nl\/#website"},"primaryImageOfPage":{"@id":"https:\/\/www.ondernemendvenlo.nl\/bedrijfsleven-wil-verbreding-a67\/#primaryimage"},"image":{"@id":"https:\/\/www.ondernemendvenlo.nl\/bedrijfsleven-wil-verbreding-a67\/#primaryimage"},"thumbnailUrl":"https:\/\/www.ondernemendvenlo.nl\/wp-content\/uploads\/2025\/04\/a67.jpg","datePublished":"2018-09-27T05:48:56+00:00","breadcrumb":{"@id":"https:\/\/www.ondernemendvenlo.nl\/bedrijfsleven-wil-verbreding-a67\/#breadcrumb"},"inLanguage":"fr-FR","potentialAction":[{"@type":"ReadAction","target":["https:\/\/www.ondernemendvenlo.nl\/bedrijfsleven-wil-verbreding-a67\/"]}]},{"@type":"ImageObject","inLanguage":"fr-FR","@id":"https:\/\/www.ondernemendvenlo.nl\/bedrijfsleven-wil-verbreding-a67\/#primaryimage","url":"https:\/\/www.ondernemendvenlo.nl\/wp-content\/uploads\/2025\/04\/a67.jpg","contentUrl":"https:\/\/www.ondernemendvenlo.nl\/wp-content\/uploads\/2025\/04\/a67.jpg","width":1280,"height":720},{"@type":"BreadcrumbList","@id":"https:\/\/www.ondernemendvenlo.nl\/bedrijfsleven-wil-verbreding-a67\/#breadcrumb","itemListElement":[{"@type":"ListItem","position":1,"name":"Ondernemend Venlo","item":"https:\/\/www.ondernemendvenlo.nl\/"},{"@type":"ListItem","position":2,"name":"Nieuws","item":"https:\/\/www.ondernemendvenlo.nl\/categorie\/nieuws\/"},{"@type":"ListItem","position":3,"name":"Bedrijfsleven wil verbreding A67"}]},{"@type":"WebSite","@id":"https:\/\/www.ondernemendvenlo.nl\/#website","url":"https:\/\/www.ondernemendvenlo.nl\/","name":"Venlo entrepreneurial","description":"Travailler ensemble avec succ\u00e8s","publisher":{"@id":"https:\/\/www.ondernemendvenlo.nl\/#organization"},"potentialAction":[{"@type":"SearchAction","target":{"@type":"EntryPoint","urlTemplate":"https:\/\/www.ondernemendvenlo.nl\/?s={search_term_string}"},"query-input":{"@type":"PropertyValueSpecification","valueRequired":true,"valueName":"search_term_string"}}],"inLanguage":"fr-FR"},{"@type":"Organization","@id":"https:\/\/www.ondernemendvenlo.nl\/#organization","name":"Venlo entrepreneurial","url":"https:\/\/www.ondernemendvenlo.nl\/","logo":{"@type":"ImageObject","inLanguage":"fr-FR","@id":"https:\/\/www.ondernemendvenlo.nl\/#\/schema\/logo\/image\/","url":"https:\/\/www.ondernemendvenlo.nl\/wp-content\/uploads\/2025\/02\/Ondernemend-Venlo-logo-scaled.webp","contentUrl":"https:\/\/www.ondernemendvenlo.nl\/wp-content\/uploads\/2025\/02\/Ondernemend-Venlo-logo-scaled.webp","width":2560,"height":1010,"caption":"Ondernemend Venlo"},"image":{"@id":"https:\/\/www.ondernemendvenlo.nl\/#\/schema\/logo\/image\/"},"sameAs":["https:\/\/www.linkedin.com\/company\/ondernemend-venlo\/"]},{"@type":"Person","@id":"https:\/\/www.ondernemendvenlo.nl\/#\/schema\/person\/347e935f8ad4c7030608ef74bb57aa6e","name":"admin","image":{"@type":"ImageObject","inLanguage":"fr-FR","@id":"https:\/\/www.ondernemendvenlo.nl\/#\/schema\/person\/image\/","url":"https:\/\/www.ondernemendvenlo.nl\/wp-content\/litespeed\/avatar\/720af750b037aecf6e33e12833479059.jpg?ver=1777382954","contentUrl":"https:\/\/www.ondernemendvenlo.nl\/wp-content\/litespeed\/avatar\/720af750b037aecf6e33e12833479059.jpg?ver=1777382954","caption":"admin"},"sameAs":["https:\/\/www.ondernemendvenlo.nl"]}]}},"_links":{"self":[{"href":"https:\/\/www.ondernemendvenlo.nl\/fr\/wp-json\/wp\/v2\/posts\/1439","targetHints":{"allow":["GET"]}}],"collection":[{"href":"https:\/\/www.ondernemendvenlo.nl\/fr\/wp-json\/wp\/v2\/posts"}],"about":[{"href":"https:\/\/www.ondernemendvenlo.nl\/fr\/wp-json\/wp\/v2\/types\/post"}],"author":[{"embeddable":true,"href":"https:\/\/www.ondernemendvenlo.nl\/fr\/wp-json\/wp\/v2\/users\/1"}],"replies":[{"embeddable":true,"href":"https:\/\/www.ondernemendvenlo.nl\/fr\/wp-json\/wp\/v2\/comments?post=1439"}],"version-history":[{"count":0,"href":"https:\/\/www.ondernemendvenlo.nl\/fr\/wp-json\/wp\/v2\/posts\/1439\/revisions"}],"wp:featuredmedia":[{"embeddable":true,"href":"https:\/\/www.ondernemendvenlo.nl\/fr\/wp-json\/wp\/v2\/media\/1440"}],"wp:attachment":[{"href":"https:\/\/www.ondernemendvenlo.nl\/fr\/wp-json\/wp\/v2\/media?parent=1439"}],"wp:term":[{"taxonomy":"category","embeddable":true,"href":"https:\/\/www.ondernemendvenlo.nl\/fr\/wp-json\/wp\/v2\/categories?post=1439"},{"taxonomy":"post_tag","embeddable":true,"href":"https:\/\/www.ondernemendvenlo.nl\/fr\/wp-json\/wp\/v2\/tags?post=1439"}],"curies":[{"name":"wp","href":"https:\/\/api.w.org\/{rel}","templated":true}]}}