{"id":1463,"date":"2018-11-02T14:16:03","date_gmt":"2018-11-02T13:16:03","guid":{"rendered":"https:\/\/www.ondernemendvenlo.nl\/succesvolle-dag-van-de-maakindustrie-krijgt-vervolg\/"},"modified":"2018-11-02T14:16:03","modified_gmt":"2018-11-02T13:16:03","slug":"succesvolle-dag-van-de-maakindustrie-krijgt-vervolg","status":"publish","type":"post","link":"https:\/\/www.ondernemendvenlo.nl\/fr\/succesvolle-dag-van-de-maakindustrie-krijgt-vervolg\/","title":{"rendered":"Le succ\u00e8s de la journ\u00e9e de l'industrie manufacturi\u00e8re se poursuit"},"content":{"rendered":"<p>Maar liefst 3.000 mensen bezochten in maart dit jaar 11 productiebedrijven in Venlo tijdens de Dag van de Maakindustrie. Jong en oud kregen een rondleiding in de fabriek van o.a. Leolux, Scheuten Glas, Vistaprint en MIFA om een beter en positiever beeld te krijgen van productieprocessen, producten \u00e9n stage &#8211; en carri\u00e8remogelijkheden. De meeste bezoekers gingen weg als ambassadeur, gemiddeld kregen de bedrijfsbezoeken een 8 als waardering. Bovendien konden diverse bedrijven nieuwe medewerkers verwelkomen.<\/p>\n<p>Op zondag 24 maart 2019 is de 2e editie van de Dag van de Maakindustrie in Venlo, waarvoor zich al meerdere bedrijven aangemeld hebben. Een mooie gelegenheid om als bedrijf met je producten meer zichtbaar te zijn en studenten en werkzoekenden enthousiast te maken voor een stage of carri\u00e8re in je bedrijf. In samenwerking met scholen worden er ook bezoeken van studenten georganiseerd op vrijdag 22 maart. Ge\u00efnteresseerden kunnen terecht op de website <a href=\"http:\/\/www.dagvdmaakindustrie.nl\" target=\"_blank\" rel=\"noopener\">www.dagvdmaakindustrie.nl<\/a> of contact opnemen met de organisatie per e-mail: <a href=\"mailto:info@dagvdmaakindustrie.nl\" target=\"_blank\" rel=\"noopener\">info@dagvdmaakindustrie.nl<\/a>.<\/p>","protected":false},"excerpt":{"rendered":"<p>Maar liefst 3.000 mensen bezochten in maart dit jaar 11 productiebedrijven in Venlo tijdens de Dag van de Maakindustrie. Jong en oud kregen een rondleiding in de fabriek van o.a. Leolux, Scheuten Glas, Vistaprint en MIFA om een beter en positiever beeld te krijgen van productieprocessen, producten \u00e9n stage &#8211; en carri\u00e8remogelijkheden. De meeste bezoekers [&hellip;]<\/p>","protected":false},"author":1,"featured_media":1464,"comment_status":"closed","ping_status":"open","sticky":false,"template":"","format":"standard","meta":{"_acf_changed":false,"footnotes":""},"categories":[8],"tags":[],"class_list":["post-1463","post","type-post","status-publish","format-standard","has-post-thumbnail","hentry","category-nieuws"],"acf":[],"yoast_head":"<!-- This site is optimized with the Yoast SEO plugin v26.3 - https:\/\/yoast.com\/wordpress\/plugins\/seo\/ -->\n<title>Succesvolle Dag van de Maakindustrie krijgt vervolg - Ondernemend Venlo<\/title>\n<meta name=\"robots\" content=\"index, follow, max-snippet:-1, max-image-preview:large, max-video-preview:-1\" \/>\n<link rel=\"canonical\" href=\"https:\/\/www.ondernemendvenlo.nl\/fr\/succesvolle-dag-van-de-maakindustrie-krijgt-vervolg\/\" \/>\n<meta property=\"og:locale\" content=\"fr_FR\" \/>\n<meta property=\"og:type\" content=\"article\" \/>\n<meta property=\"og:title\" content=\"Succesvolle Dag van de Maakindustrie krijgt vervolg - Ondernemend Venlo\" \/>\n<meta property=\"og:description\" content=\"Maar liefst 3.000 mensen bezochten in maart dit jaar 11 productiebedrijven in Venlo tijdens de Dag van de Maakindustrie. Jong en oud kregen een rondleiding in de fabriek van o.a. Leolux, Scheuten Glas, Vistaprint en MIFA om een beter en positiever beeld te krijgen van productieprocessen, producten \u00e9n stage &#8211; en carri\u00e8remogelijkheden. De meeste bezoekers [&hellip;]\" \/>\n<meta property=\"og:url\" content=\"https:\/\/www.ondernemendvenlo.nl\/fr\/succesvolle-dag-van-de-maakindustrie-krijgt-vervolg\/\" \/>\n<meta property=\"og:site_name\" content=\"Ondernemend Venlo\" \/>\n<meta property=\"article:published_time\" content=\"2018-11-02T13:16:03+00:00\" \/>\n<meta property=\"og:image\" content=\"https:\/\/www.ondernemendvenlo.nl\/wp-content\/uploads\/2025\/04\/Mifa2-dag-maakindustrie-2019-e1541168093245.png\" \/>\n\t<meta property=\"og:image:width\" content=\"800\" \/>\n\t<meta property=\"og:image:height\" content=\"533\" \/>\n\t<meta property=\"og:image:type\" content=\"image\/png\" \/>\n<meta name=\"author\" content=\"admin\" \/>\n<meta name=\"twitter:card\" content=\"summary_large_image\" \/>\n<meta name=\"twitter:label1\" content=\"\u00c9crit par\" \/>\n\t<meta name=\"twitter:data1\" content=\"admin\" \/>\n\t<meta name=\"twitter:label2\" content=\"Dur\u00e9e de lecture estim\u00e9e\" \/>\n\t<meta name=\"twitter:data2\" content=\"1 minute\" \/>\n<script type=\"application\/ld+json\" class=\"yoast-schema-graph\">{\"@context\":\"https:\/\/schema.org\",\"@graph\":[{\"@type\":\"Article\",\"@id\":\"https:\/\/www.ondernemendvenlo.nl\/succesvolle-dag-van-de-maakindustrie-krijgt-vervolg\/#article\",\"isPartOf\":{\"@id\":\"https:\/\/www.ondernemendvenlo.nl\/succesvolle-dag-van-de-maakindustrie-krijgt-vervolg\/\"},\"author\":{\"name\":\"admin\",\"@id\":\"https:\/\/www.ondernemendvenlo.nl\/#\/schema\/person\/347e935f8ad4c7030608ef74bb57aa6e\"},\"headline\":\"Succesvolle Dag van de Maakindustrie krijgt vervolg\",\"datePublished\":\"2018-11-02T13:16:03+00:00\",\"mainEntityOfPage\":{\"@id\":\"https:\/\/www.ondernemendvenlo.nl\/succesvolle-dag-van-de-maakindustrie-krijgt-vervolg\/\"},\"wordCount\":166,\"publisher\":{\"@id\":\"https:\/\/www.ondernemendvenlo.nl\/#organization\"},\"image\":{\"@id\":\"https:\/\/www.ondernemendvenlo.nl\/succesvolle-dag-van-de-maakindustrie-krijgt-vervolg\/#primaryimage\"},\"thumbnailUrl\":\"https:\/\/www.ondernemendvenlo.nl\/wp-content\/uploads\/2025\/04\/Mifa2-dag-maakindustrie-2019-e1541168093245.png\",\"articleSection\":[\"Nieuws\"],\"inLanguage\":\"fr-FR\"},{\"@type\":\"WebPage\",\"@id\":\"https:\/\/www.ondernemendvenlo.nl\/succesvolle-dag-van-de-maakindustrie-krijgt-vervolg\/\",\"url\":\"https:\/\/www.ondernemendvenlo.nl\/succesvolle-dag-van-de-maakindustrie-krijgt-vervolg\/\",\"name\":\"Succesvolle Dag van de Maakindustrie krijgt vervolg - Ondernemend Venlo\",\"isPartOf\":{\"@id\":\"https:\/\/www.ondernemendvenlo.nl\/#website\"},\"primaryImageOfPage\":{\"@id\":\"https:\/\/www.ondernemendvenlo.nl\/succesvolle-dag-van-de-maakindustrie-krijgt-vervolg\/#primaryimage\"},\"image\":{\"@id\":\"https:\/\/www.ondernemendvenlo.nl\/succesvolle-dag-van-de-maakindustrie-krijgt-vervolg\/#primaryimage\"},\"thumbnailUrl\":\"https:\/\/www.ondernemendvenlo.nl\/wp-content\/uploads\/2025\/04\/Mifa2-dag-maakindustrie-2019-e1541168093245.png\",\"datePublished\":\"2018-11-02T13:16:03+00:00\",\"breadcrumb\":{\"@id\":\"https:\/\/www.ondernemendvenlo.nl\/succesvolle-dag-van-de-maakindustrie-krijgt-vervolg\/#breadcrumb\"},\"inLanguage\":\"fr-FR\",\"potentialAction\":[{\"@type\":\"ReadAction\",\"target\":[\"https:\/\/www.ondernemendvenlo.nl\/succesvolle-dag-van-de-maakindustrie-krijgt-vervolg\/\"]}]},{\"@type\":\"ImageObject\",\"inLanguage\":\"fr-FR\",\"@id\":\"https:\/\/www.ondernemendvenlo.nl\/succesvolle-dag-van-de-maakindustrie-krijgt-vervolg\/#primaryimage\",\"url\":\"https:\/\/www.ondernemendvenlo.nl\/wp-content\/uploads\/2025\/04\/Mifa2-dag-maakindustrie-2019-e1541168093245.png\",\"contentUrl\":\"https:\/\/www.ondernemendvenlo.nl\/wp-content\/uploads\/2025\/04\/Mifa2-dag-maakindustrie-2019-e1541168093245.png\",\"width\":800,\"height\":533},{\"@type\":\"BreadcrumbList\",\"@id\":\"https:\/\/www.ondernemendvenlo.nl\/succesvolle-dag-van-de-maakindustrie-krijgt-vervolg\/#breadcrumb\",\"itemListElement\":[{\"@type\":\"ListItem\",\"position\":1,\"name\":\"Ondernemend Venlo\",\"item\":\"https:\/\/www.ondernemendvenlo.nl\/\"},{\"@type\":\"ListItem\",\"position\":2,\"name\":\"Nieuws\",\"item\":\"https:\/\/www.ondernemendvenlo.nl\/categorie\/nieuws\/\"},{\"@type\":\"ListItem\",\"position\":3,\"name\":\"Succesvolle Dag van de Maakindustrie krijgt vervolg\"}]},{\"@type\":\"WebSite\",\"@id\":\"https:\/\/www.ondernemendvenlo.nl\/#website\",\"url\":\"https:\/\/www.ondernemendvenlo.nl\/\",\"name\":\"Ondernemend Venlo\",\"description\":\"Samen succesvol ondernemen\",\"publisher\":{\"@id\":\"https:\/\/www.ondernemendvenlo.nl\/#organization\"},\"potentialAction\":[{\"@type\":\"SearchAction\",\"target\":{\"@type\":\"EntryPoint\",\"urlTemplate\":\"https:\/\/www.ondernemendvenlo.nl\/?s={search_term_string}\"},\"query-input\":{\"@type\":\"PropertyValueSpecification\",\"valueRequired\":true,\"valueName\":\"search_term_string\"}}],\"inLanguage\":\"fr-FR\"},{\"@type\":\"Organization\",\"@id\":\"https:\/\/www.ondernemendvenlo.nl\/#organization\",\"name\":\"Ondernemend Venlo\",\"url\":\"https:\/\/www.ondernemendvenlo.nl\/\",\"logo\":{\"@type\":\"ImageObject\",\"inLanguage\":\"fr-FR\",\"@id\":\"https:\/\/www.ondernemendvenlo.nl\/#\/schema\/logo\/image\/\",\"url\":\"https:\/\/www.ondernemendvenlo.nl\/wp-content\/uploads\/2025\/02\/Ondernemend-Venlo-logo-scaled.webp\",\"contentUrl\":\"https:\/\/www.ondernemendvenlo.nl\/wp-content\/uploads\/2025\/02\/Ondernemend-Venlo-logo-scaled.webp\",\"width\":2560,\"height\":1010,\"caption\":\"Ondernemend Venlo\"},\"image\":{\"@id\":\"https:\/\/www.ondernemendvenlo.nl\/#\/schema\/logo\/image\/\"},\"sameAs\":[\"https:\/\/www.linkedin.com\/company\/ondernemend-venlo\/\"]},{\"@type\":\"Person\",\"@id\":\"https:\/\/www.ondernemendvenlo.nl\/#\/schema\/person\/347e935f8ad4c7030608ef74bb57aa6e\",\"name\":\"admin\",\"image\":{\"@type\":\"ImageObject\",\"inLanguage\":\"fr-FR\",\"@id\":\"https:\/\/www.ondernemendvenlo.nl\/#\/schema\/person\/image\/\",\"url\":\"https:\/\/www.ondernemendvenlo.nl\/wp-content\/litespeed\/avatar\/720af750b037aecf6e33e12833479059.jpg?ver=1777382954\",\"contentUrl\":\"https:\/\/www.ondernemendvenlo.nl\/wp-content\/litespeed\/avatar\/720af750b037aecf6e33e12833479059.jpg?ver=1777382954\",\"caption\":\"admin\"},\"sameAs\":[\"https:\/\/www.ondernemendvenlo.nl\"]}]}<\/script>\n<!-- \/ Yoast SEO plugin. -->","yoast_head_json":{"title":"Succesvolle Dag van de Maakindustrie krijgt vervolg - Ondernemend Venlo","robots":{"index":"index","follow":"follow","max-snippet":"max-snippet:-1","max-image-preview":"max-image-preview:large","max-video-preview":"max-video-preview:-1"},"canonical":"https:\/\/www.ondernemendvenlo.nl\/fr\/succesvolle-dag-van-de-maakindustrie-krijgt-vervolg\/","og_locale":"fr_FR","og_type":"article","og_title":"Succesvolle Dag van de Maakindustrie krijgt vervolg - Ondernemend Venlo","og_description":"Maar liefst 3.000 mensen bezochten in maart dit jaar 11 productiebedrijven in Venlo tijdens de Dag van de Maakindustrie. Jong en oud kregen een rondleiding in de fabriek van o.a. Leolux, Scheuten Glas, Vistaprint en MIFA om een beter en positiever beeld te krijgen van productieprocessen, producten \u00e9n stage &#8211; en carri\u00e8remogelijkheden. De meeste bezoekers [&hellip;]","og_url":"https:\/\/www.ondernemendvenlo.nl\/fr\/succesvolle-dag-van-de-maakindustrie-krijgt-vervolg\/","og_site_name":"Ondernemend Venlo","article_published_time":"2018-11-02T13:16:03+00:00","og_image":[{"width":800,"height":533,"url":"https:\/\/www.ondernemendvenlo.nl\/wp-content\/uploads\/2025\/04\/Mifa2-dag-maakindustrie-2019-e1541168093245.png","type":"image\/png"}],"author":"admin","twitter_card":"summary_large_image","twitter_misc":{"\u00c9crit par":"admin","Dur\u00e9e de lecture estim\u00e9e":"1 minute"},"schema":{"@context":"https:\/\/schema.org","@graph":[{"@type":"Article","@id":"https:\/\/www.ondernemendvenlo.nl\/succesvolle-dag-van-de-maakindustrie-krijgt-vervolg\/#article","isPartOf":{"@id":"https:\/\/www.ondernemendvenlo.nl\/succesvolle-dag-van-de-maakindustrie-krijgt-vervolg\/"},"author":{"name":"admin","@id":"https:\/\/www.ondernemendvenlo.nl\/#\/schema\/person\/347e935f8ad4c7030608ef74bb57aa6e"},"headline":"Succesvolle Dag van de Maakindustrie krijgt vervolg","datePublished":"2018-11-02T13:16:03+00:00","mainEntityOfPage":{"@id":"https:\/\/www.ondernemendvenlo.nl\/succesvolle-dag-van-de-maakindustrie-krijgt-vervolg\/"},"wordCount":166,"publisher":{"@id":"https:\/\/www.ondernemendvenlo.nl\/#organization"},"image":{"@id":"https:\/\/www.ondernemendvenlo.nl\/succesvolle-dag-van-de-maakindustrie-krijgt-vervolg\/#primaryimage"},"thumbnailUrl":"https:\/\/www.ondernemendvenlo.nl\/wp-content\/uploads\/2025\/04\/Mifa2-dag-maakindustrie-2019-e1541168093245.png","articleSection":["Nieuws"],"inLanguage":"fr-FR"},{"@type":"WebPage","@id":"https:\/\/www.ondernemendvenlo.nl\/succesvolle-dag-van-de-maakindustrie-krijgt-vervolg\/","url":"https:\/\/www.ondernemendvenlo.nl\/succesvolle-dag-van-de-maakindustrie-krijgt-vervolg\/","name":"Succesvolle Dag van de Maakindustrie krijgt vervolg - Ondernemend Venlo","isPartOf":{"@id":"https:\/\/www.ondernemendvenlo.nl\/#website"},"primaryImageOfPage":{"@id":"https:\/\/www.ondernemendvenlo.nl\/succesvolle-dag-van-de-maakindustrie-krijgt-vervolg\/#primaryimage"},"image":{"@id":"https:\/\/www.ondernemendvenlo.nl\/succesvolle-dag-van-de-maakindustrie-krijgt-vervolg\/#primaryimage"},"thumbnailUrl":"https:\/\/www.ondernemendvenlo.nl\/wp-content\/uploads\/2025\/04\/Mifa2-dag-maakindustrie-2019-e1541168093245.png","datePublished":"2018-11-02T13:16:03+00:00","breadcrumb":{"@id":"https:\/\/www.ondernemendvenlo.nl\/succesvolle-dag-van-de-maakindustrie-krijgt-vervolg\/#breadcrumb"},"inLanguage":"fr-FR","potentialAction":[{"@type":"ReadAction","target":["https:\/\/www.ondernemendvenlo.nl\/succesvolle-dag-van-de-maakindustrie-krijgt-vervolg\/"]}]},{"@type":"ImageObject","inLanguage":"fr-FR","@id":"https:\/\/www.ondernemendvenlo.nl\/succesvolle-dag-van-de-maakindustrie-krijgt-vervolg\/#primaryimage","url":"https:\/\/www.ondernemendvenlo.nl\/wp-content\/uploads\/2025\/04\/Mifa2-dag-maakindustrie-2019-e1541168093245.png","contentUrl":"https:\/\/www.ondernemendvenlo.nl\/wp-content\/uploads\/2025\/04\/Mifa2-dag-maakindustrie-2019-e1541168093245.png","width":800,"height":533},{"@type":"BreadcrumbList","@id":"https:\/\/www.ondernemendvenlo.nl\/succesvolle-dag-van-de-maakindustrie-krijgt-vervolg\/#breadcrumb","itemListElement":[{"@type":"ListItem","position":1,"name":"Ondernemend Venlo","item":"https:\/\/www.ondernemendvenlo.nl\/"},{"@type":"ListItem","position":2,"name":"Nieuws","item":"https:\/\/www.ondernemendvenlo.nl\/categorie\/nieuws\/"},{"@type":"ListItem","position":3,"name":"Succesvolle Dag van de Maakindustrie krijgt vervolg"}]},{"@type":"WebSite","@id":"https:\/\/www.ondernemendvenlo.nl\/#website","url":"https:\/\/www.ondernemendvenlo.nl\/","name":"Venlo entrepreneurial","description":"Travailler ensemble avec succ\u00e8s","publisher":{"@id":"https:\/\/www.ondernemendvenlo.nl\/#organization"},"potentialAction":[{"@type":"SearchAction","target":{"@type":"EntryPoint","urlTemplate":"https:\/\/www.ondernemendvenlo.nl\/?s={search_term_string}"},"query-input":{"@type":"PropertyValueSpecification","valueRequired":true,"valueName":"search_term_string"}}],"inLanguage":"fr-FR"},{"@type":"Organization","@id":"https:\/\/www.ondernemendvenlo.nl\/#organization","name":"Venlo entrepreneurial","url":"https:\/\/www.ondernemendvenlo.nl\/","logo":{"@type":"ImageObject","inLanguage":"fr-FR","@id":"https:\/\/www.ondernemendvenlo.nl\/#\/schema\/logo\/image\/","url":"https:\/\/www.ondernemendvenlo.nl\/wp-content\/uploads\/2025\/02\/Ondernemend-Venlo-logo-scaled.webp","contentUrl":"https:\/\/www.ondernemendvenlo.nl\/wp-content\/uploads\/2025\/02\/Ondernemend-Venlo-logo-scaled.webp","width":2560,"height":1010,"caption":"Ondernemend Venlo"},"image":{"@id":"https:\/\/www.ondernemendvenlo.nl\/#\/schema\/logo\/image\/"},"sameAs":["https:\/\/www.linkedin.com\/company\/ondernemend-venlo\/"]},{"@type":"Person","@id":"https:\/\/www.ondernemendvenlo.nl\/#\/schema\/person\/347e935f8ad4c7030608ef74bb57aa6e","name":"admin","image":{"@type":"ImageObject","inLanguage":"fr-FR","@id":"https:\/\/www.ondernemendvenlo.nl\/#\/schema\/person\/image\/","url":"https:\/\/www.ondernemendvenlo.nl\/wp-content\/litespeed\/avatar\/720af750b037aecf6e33e12833479059.jpg?ver=1777382954","contentUrl":"https:\/\/www.ondernemendvenlo.nl\/wp-content\/litespeed\/avatar\/720af750b037aecf6e33e12833479059.jpg?ver=1777382954","caption":"admin"},"sameAs":["https:\/\/www.ondernemendvenlo.nl"]}]}},"_links":{"self":[{"href":"https:\/\/www.ondernemendvenlo.nl\/fr\/wp-json\/wp\/v2\/posts\/1463","targetHints":{"allow":["GET"]}}],"collection":[{"href":"https:\/\/www.ondernemendvenlo.nl\/fr\/wp-json\/wp\/v2\/posts"}],"about":[{"href":"https:\/\/www.ondernemendvenlo.nl\/fr\/wp-json\/wp\/v2\/types\/post"}],"author":[{"embeddable":true,"href":"https:\/\/www.ondernemendvenlo.nl\/fr\/wp-json\/wp\/v2\/users\/1"}],"replies":[{"embeddable":true,"href":"https:\/\/www.ondernemendvenlo.nl\/fr\/wp-json\/wp\/v2\/comments?post=1463"}],"version-history":[{"count":0,"href":"https:\/\/www.ondernemendvenlo.nl\/fr\/wp-json\/wp\/v2\/posts\/1463\/revisions"}],"wp:featuredmedia":[{"embeddable":true,"href":"https:\/\/www.ondernemendvenlo.nl\/fr\/wp-json\/wp\/v2\/media\/1464"}],"wp:attachment":[{"href":"https:\/\/www.ondernemendvenlo.nl\/fr\/wp-json\/wp\/v2\/media?parent=1463"}],"wp:term":[{"taxonomy":"category","embeddable":true,"href":"https:\/\/www.ondernemendvenlo.nl\/fr\/wp-json\/wp\/v2\/categories?post=1463"},{"taxonomy":"post_tag","embeddable":true,"href":"https:\/\/www.ondernemendvenlo.nl\/fr\/wp-json\/wp\/v2\/tags?post=1463"}],"curies":[{"name":"wp","href":"https:\/\/api.w.org\/{rel}","templated":true}]}}