{"id":1473,"date":"2018-11-12T14:03:29","date_gmt":"2018-11-12T13:03:29","guid":{"rendered":"https:\/\/www.ondernemendvenlo.nl\/bijeenkomst-slim-werkgeven-op-27-november\/"},"modified":"2018-11-12T14:03:29","modified_gmt":"2018-11-12T13:03:29","slug":"bijeenkomst-slim-werkgeven-op-27-november","status":"publish","type":"post","link":"https:\/\/www.ondernemendvenlo.nl\/fr\/bijeenkomst-slim-werkgeven-op-27-november\/","title":{"rendered":"Bijeenkomst Slim Werkgeven op 27 november"},"content":{"rendered":"<div class=\"fktJzd AKpWA yMcSQd Ly6Unf G9Qloe KuNac\">\n<div class=\"UtePc RCETm\" dir=\"ltr\" role=\"main\" aria-hidden=\"false\">\n<section id=\"h.p_5EawUf6KWkVX\" class=\"yaqOZd lQAHbd\">\n<div class=\"mYVXT\">\n<div class=\"LS81yb VICjCf\" tabindex=\"-1\">\n<div class=\"hJDwNd-AhqUyc-uQSCkd purZT-AhqUyc-II5mzb pSzOP-AhqUyc-qWD73c JNdkSc\">\n<div class=\"oKdM2c\">\n<div id=\"h.p_FeYmkeuLWkVQ\" class=\"hJDwNd-AhqUyc-uQSCkd jXK9ad D2fZ2 OjCsFc wHaque GNzUNc\">\n<div class=\"jXK9ad-SmKAyb jXK9ad-SmKAyb-c4YZDc\">\n<div class=\"tyJCtd mGzaTb baZpAe\">\n<div>\n<div class=\"fktJzd AKpWA yMcSQd Ly6Unf G9Qloe KuNac\">\n<div class=\"UtePc RCETm\" dir=\"ltr\" role=\"main\" aria-hidden=\"false\">\n<section id=\"h.p_iMAnRkBSWVxl\" class=\"yaqOZd\">\n<div class=\"mYVXT\">\n<div class=\"LS81yb VICjCf\" tabindex=\"-1\">\n<div class=\"hJDwNd-AhqUyc-uQSCkd purZT-AhqUyc-II5mzb pSzOP-AhqUyc-qWD73c JNdkSc\">\n<div class=\"oKdM2c\">\n<div id=\"h.p_s4SUTnlrWVxe\" class=\"hJDwNd-AhqUyc-OwsYgb jXK9ad D2fZ2 OjCsFc wHaque GNzUNc\">\n<div class=\"jXK9ad-SmKAyb jXK9ad-SmKAyb-c4YZDc\">\n<div class=\"tyJCtd mGzaTb baZpAe\">\n<p>Op uitnodiging van het Ministerie van Sociale Zaken en Werkgelegenheid organiseert Ondernemersnetwerk BS Morgen een pilot sessie \u2018Slim Werkgeven\u2019. Het ministerie is op zoek naar vormen om een inhoudelijke dialoog met het MKB te starten en hun idee\u00ebn te horen over de krapte op de arbeidsmarkt.<\/p>\n<p>Hoe houd ik mijn bedrijf ook in de toekomst gezond? Hoe kan ik groeien, zeker nu het lastig is om goede mensen te krijgen? En hoe gaat dat straks, als de economie weer verandert? Stuk voor stuk vragen die veel werkgevers bezighouden. Vragen die draaien om wat de kern is van bijna ieder bedrijf: de mensen die er werken. Slim Werkgeven geeft antwoorden op die vragen.<\/p>\n<p>Slim Werkgeven is een nieuw platform. Een platform voor en vooral van werkgevers dat de vragen en behoeftes van werkgevers centraal stelt. Met verhalen van collega werkgevers over hoe zij bepaalde problemen hebben aangepakt. Met bijeenkomsten waar werkgevers met elkaar en experts in gesprek gaan over de personele uitdagingen binnen hun organisatie. Met tips en tricks om meer uit je team te halen. En nog veel meer inspirerende informatie. Allemaal met als doel om nieuwe inzichten te geven. Inzichten die zorgen voor een meer open, toekomstgerichte blik op je personeel. Bijvoorbeeld bij het vervullen van vacatures. Zo levert verder kijken dan de profielen waar je normaal zoekt een nieuwe bron op aan goed gemotiveerde medewerkers. Terwijl soms het opleiden van je bestaande team een betere optie is dan het aannemen van nieuwe mensen.<\/p>\n<p>En zo biedt Slim Werkgeven werkgevers nog tal van nieuwe inzichten voor een sterker personeelsbeleid. Goed voor je onderneming en daardoor ook goed voor de arbeidsmarkt. Dat is meteen ook de reden waarom Slim Werkgeven mede mogelijk wordt gemaakt door het ministerie van SZW. Meer weten? Kijk op slimwerkgeven.nl<\/p>\n<p>Wil je graag mee discussi\u00ebren , elkaar inspireren? Schrijf je dan nu in!<\/p>\n<p>Bijeenkomst \u201cSlim Werkgeven\u201d<br \/>\n\u2022Voor wie? Werkgevers en HR management<br \/>\n\u2022Locatie: Personato Venray<br \/>\n\u2022Adres: Keizersveld 91, 5803 AP Venray<br \/>\n\u2022Dag: Dinsdag 27 november<br \/>\n\u2022Tijd: 16.30 uur \u2013 20.00 uur<br \/>\n\u2022Inschrijven: mail jouw naam, functie en bedrijfsgegevens naar <a href=\"mailto:reneluijten@bsmorgen.nl\" target=\"_blank\" rel=\"noopener\">reneluijten@bsmorgen.nl<\/a><\/p>\n<\/div>\n<\/div>\n<\/div>\n<\/div>\n<\/div>\n<\/div>\n<\/div>\n<\/section>\n<\/div>\n<\/div>\n<\/div>\n<\/div>\n<\/div>\n<\/div>\n<\/div>\n<\/div>\n<\/div>\n<\/div>\n<\/section>\n<\/div>\n<\/div>","protected":false},"excerpt":{"rendered":"<p>Op uitnodiging van het Ministerie van Sociale Zaken en Werkgelegenheid organiseert Ondernemersnetwerk BS Morgen een pilot sessie \u2018Slim Werkgeven\u2019. Het ministerie is op zoek naar vormen om een inhoudelijke dialoog met het MKB te starten en hun idee\u00ebn te horen over de krapte op de arbeidsmarkt. Hoe houd ik mijn bedrijf ook in de toekomst [&hellip;]<\/p>","protected":false},"author":1,"featured_media":1474,"comment_status":"closed","ping_status":"open","sticky":false,"template":"","format":"standard","meta":{"_acf_changed":false,"footnotes":""},"categories":[8],"tags":[],"class_list":["post-1473","post","type-post","status-publish","format-standard","has-post-thumbnail","hentry","category-nieuws"],"acf":[],"yoast_head":"<!-- This site is optimized with the Yoast SEO plugin v26.3 - https:\/\/yoast.com\/wordpress\/plugins\/seo\/ -->\n<title>Bijeenkomst Slim Werkgeven op 27 november - Ondernemend Venlo<\/title>\n<meta name=\"robots\" content=\"index, follow, max-snippet:-1, max-image-preview:large, max-video-preview:-1\" \/>\n<link rel=\"canonical\" href=\"https:\/\/www.ondernemendvenlo.nl\/fr\/bijeenkomst-slim-werkgeven-op-27-november\/\" \/>\n<meta property=\"og:locale\" content=\"fr_FR\" \/>\n<meta property=\"og:type\" content=\"article\" \/>\n<meta property=\"og:title\" content=\"Bijeenkomst Slim Werkgeven op 27 november - Ondernemend Venlo\" \/>\n<meta property=\"og:description\" content=\"Op uitnodiging van het Ministerie van Sociale Zaken en Werkgelegenheid organiseert Ondernemersnetwerk BS Morgen een pilot sessie \u2018Slim Werkgeven\u2019. Het ministerie is op zoek naar vormen om een inhoudelijke dialoog met het MKB te starten en hun idee\u00ebn te horen over de krapte op de arbeidsmarkt. Hoe houd ik mijn bedrijf ook in de toekomst [&hellip;]\" \/>\n<meta property=\"og:url\" content=\"https:\/\/www.ondernemendvenlo.nl\/fr\/bijeenkomst-slim-werkgeven-op-27-november\/\" \/>\n<meta property=\"og:site_name\" content=\"Ondernemend Venlo\" \/>\n<meta property=\"article:published_time\" content=\"2018-11-12T13:03:29+00:00\" \/>\n<meta property=\"og:image\" content=\"https:\/\/www.ondernemendvenlo.nl\/wp-content\/uploads\/2025\/04\/slim-werkgeven-2018.png\" \/>\n\t<meta property=\"og:image:width\" content=\"419\" \/>\n\t<meta property=\"og:image:height\" content=\"308\" \/>\n\t<meta property=\"og:image:type\" content=\"image\/png\" \/>\n<meta name=\"author\" content=\"admin\" \/>\n<meta name=\"twitter:card\" content=\"summary_large_image\" \/>\n<meta name=\"twitter:label1\" content=\"\u00c9crit par\" \/>\n\t<meta name=\"twitter:data1\" content=\"admin\" \/>\n\t<meta name=\"twitter:label2\" content=\"Dur\u00e9e de lecture estim\u00e9e\" \/>\n\t<meta name=\"twitter:data2\" content=\"2 minutes\" \/>\n<script type=\"application\/ld+json\" class=\"yoast-schema-graph\">{\"@context\":\"https:\/\/schema.org\",\"@graph\":[{\"@type\":\"Article\",\"@id\":\"https:\/\/www.ondernemendvenlo.nl\/bijeenkomst-slim-werkgeven-op-27-november\/#article\",\"isPartOf\":{\"@id\":\"https:\/\/www.ondernemendvenlo.nl\/bijeenkomst-slim-werkgeven-op-27-november\/\"},\"author\":{\"name\":\"admin\",\"@id\":\"https:\/\/www.ondernemendvenlo.nl\/#\/schema\/person\/347e935f8ad4c7030608ef74bb57aa6e\"},\"headline\":\"Bijeenkomst Slim Werkgeven op 27 november\",\"datePublished\":\"2018-11-12T13:03:29+00:00\",\"mainEntityOfPage\":{\"@id\":\"https:\/\/www.ondernemendvenlo.nl\/bijeenkomst-slim-werkgeven-op-27-november\/\"},\"wordCount\":347,\"publisher\":{\"@id\":\"https:\/\/www.ondernemendvenlo.nl\/#organization\"},\"image\":{\"@id\":\"https:\/\/www.ondernemendvenlo.nl\/bijeenkomst-slim-werkgeven-op-27-november\/#primaryimage\"},\"thumbnailUrl\":\"https:\/\/www.ondernemendvenlo.nl\/wp-content\/uploads\/2025\/04\/slim-werkgeven-2018.png\",\"articleSection\":[\"Nieuws\"],\"inLanguage\":\"fr-FR\"},{\"@type\":\"WebPage\",\"@id\":\"https:\/\/www.ondernemendvenlo.nl\/bijeenkomst-slim-werkgeven-op-27-november\/\",\"url\":\"https:\/\/www.ondernemendvenlo.nl\/bijeenkomst-slim-werkgeven-op-27-november\/\",\"name\":\"Bijeenkomst Slim Werkgeven op 27 november - Ondernemend Venlo\",\"isPartOf\":{\"@id\":\"https:\/\/www.ondernemendvenlo.nl\/#website\"},\"primaryImageOfPage\":{\"@id\":\"https:\/\/www.ondernemendvenlo.nl\/bijeenkomst-slim-werkgeven-op-27-november\/#primaryimage\"},\"image\":{\"@id\":\"https:\/\/www.ondernemendvenlo.nl\/bijeenkomst-slim-werkgeven-op-27-november\/#primaryimage\"},\"thumbnailUrl\":\"https:\/\/www.ondernemendvenlo.nl\/wp-content\/uploads\/2025\/04\/slim-werkgeven-2018.png\",\"datePublished\":\"2018-11-12T13:03:29+00:00\",\"breadcrumb\":{\"@id\":\"https:\/\/www.ondernemendvenlo.nl\/bijeenkomst-slim-werkgeven-op-27-november\/#breadcrumb\"},\"inLanguage\":\"fr-FR\",\"potentialAction\":[{\"@type\":\"ReadAction\",\"target\":[\"https:\/\/www.ondernemendvenlo.nl\/bijeenkomst-slim-werkgeven-op-27-november\/\"]}]},{\"@type\":\"ImageObject\",\"inLanguage\":\"fr-FR\",\"@id\":\"https:\/\/www.ondernemendvenlo.nl\/bijeenkomst-slim-werkgeven-op-27-november\/#primaryimage\",\"url\":\"https:\/\/www.ondernemendvenlo.nl\/wp-content\/uploads\/2025\/04\/slim-werkgeven-2018.png\",\"contentUrl\":\"https:\/\/www.ondernemendvenlo.nl\/wp-content\/uploads\/2025\/04\/slim-werkgeven-2018.png\",\"width\":419,\"height\":308},{\"@type\":\"BreadcrumbList\",\"@id\":\"https:\/\/www.ondernemendvenlo.nl\/bijeenkomst-slim-werkgeven-op-27-november\/#breadcrumb\",\"itemListElement\":[{\"@type\":\"ListItem\",\"position\":1,\"name\":\"Ondernemend Venlo\",\"item\":\"https:\/\/www.ondernemendvenlo.nl\/\"},{\"@type\":\"ListItem\",\"position\":2,\"name\":\"Nieuws\",\"item\":\"https:\/\/www.ondernemendvenlo.nl\/categorie\/nieuws\/\"},{\"@type\":\"ListItem\",\"position\":3,\"name\":\"Bijeenkomst Slim Werkgeven op 27 november\"}]},{\"@type\":\"WebSite\",\"@id\":\"https:\/\/www.ondernemendvenlo.nl\/#website\",\"url\":\"https:\/\/www.ondernemendvenlo.nl\/\",\"name\":\"Ondernemend Venlo\",\"description\":\"Samen succesvol ondernemen\",\"publisher\":{\"@id\":\"https:\/\/www.ondernemendvenlo.nl\/#organization\"},\"potentialAction\":[{\"@type\":\"SearchAction\",\"target\":{\"@type\":\"EntryPoint\",\"urlTemplate\":\"https:\/\/www.ondernemendvenlo.nl\/?s={search_term_string}\"},\"query-input\":{\"@type\":\"PropertyValueSpecification\",\"valueRequired\":true,\"valueName\":\"search_term_string\"}}],\"inLanguage\":\"fr-FR\"},{\"@type\":\"Organization\",\"@id\":\"https:\/\/www.ondernemendvenlo.nl\/#organization\",\"name\":\"Ondernemend Venlo\",\"url\":\"https:\/\/www.ondernemendvenlo.nl\/\",\"logo\":{\"@type\":\"ImageObject\",\"inLanguage\":\"fr-FR\",\"@id\":\"https:\/\/www.ondernemendvenlo.nl\/#\/schema\/logo\/image\/\",\"url\":\"https:\/\/www.ondernemendvenlo.nl\/wp-content\/uploads\/2025\/02\/Ondernemend-Venlo-logo-scaled.webp\",\"contentUrl\":\"https:\/\/www.ondernemendvenlo.nl\/wp-content\/uploads\/2025\/02\/Ondernemend-Venlo-logo-scaled.webp\",\"width\":2560,\"height\":1010,\"caption\":\"Ondernemend Venlo\"},\"image\":{\"@id\":\"https:\/\/www.ondernemendvenlo.nl\/#\/schema\/logo\/image\/\"},\"sameAs\":[\"https:\/\/www.linkedin.com\/company\/ondernemend-venlo\/\"]},{\"@type\":\"Person\",\"@id\":\"https:\/\/www.ondernemendvenlo.nl\/#\/schema\/person\/347e935f8ad4c7030608ef74bb57aa6e\",\"name\":\"admin\",\"image\":{\"@type\":\"ImageObject\",\"inLanguage\":\"fr-FR\",\"@id\":\"https:\/\/www.ondernemendvenlo.nl\/#\/schema\/person\/image\/\",\"url\":\"https:\/\/www.ondernemendvenlo.nl\/wp-content\/litespeed\/avatar\/720af750b037aecf6e33e12833479059.jpg?ver=1777382954\",\"contentUrl\":\"https:\/\/www.ondernemendvenlo.nl\/wp-content\/litespeed\/avatar\/720af750b037aecf6e33e12833479059.jpg?ver=1777382954\",\"caption\":\"admin\"},\"sameAs\":[\"https:\/\/www.ondernemendvenlo.nl\"]}]}<\/script>\n<!-- \/ Yoast SEO plugin. -->","yoast_head_json":{"title":"Bijeenkomst Slim Werkgeven op 27 november - Ondernemend Venlo","robots":{"index":"index","follow":"follow","max-snippet":"max-snippet:-1","max-image-preview":"max-image-preview:large","max-video-preview":"max-video-preview:-1"},"canonical":"https:\/\/www.ondernemendvenlo.nl\/fr\/bijeenkomst-slim-werkgeven-op-27-november\/","og_locale":"fr_FR","og_type":"article","og_title":"Bijeenkomst Slim Werkgeven op 27 november - Ondernemend Venlo","og_description":"Op uitnodiging van het Ministerie van Sociale Zaken en Werkgelegenheid organiseert Ondernemersnetwerk BS Morgen een pilot sessie \u2018Slim Werkgeven\u2019. Het ministerie is op zoek naar vormen om een inhoudelijke dialoog met het MKB te starten en hun idee\u00ebn te horen over de krapte op de arbeidsmarkt. Hoe houd ik mijn bedrijf ook in de toekomst [&hellip;]","og_url":"https:\/\/www.ondernemendvenlo.nl\/fr\/bijeenkomst-slim-werkgeven-op-27-november\/","og_site_name":"Ondernemend Venlo","article_published_time":"2018-11-12T13:03:29+00:00","og_image":[{"width":419,"height":308,"url":"https:\/\/www.ondernemendvenlo.nl\/wp-content\/uploads\/2025\/04\/slim-werkgeven-2018.png","type":"image\/png"}],"author":"admin","twitter_card":"summary_large_image","twitter_misc":{"\u00c9crit par":"admin","Dur\u00e9e de lecture estim\u00e9e":"2 minutes"},"schema":{"@context":"https:\/\/schema.org","@graph":[{"@type":"Article","@id":"https:\/\/www.ondernemendvenlo.nl\/bijeenkomst-slim-werkgeven-op-27-november\/#article","isPartOf":{"@id":"https:\/\/www.ondernemendvenlo.nl\/bijeenkomst-slim-werkgeven-op-27-november\/"},"author":{"name":"admin","@id":"https:\/\/www.ondernemendvenlo.nl\/#\/schema\/person\/347e935f8ad4c7030608ef74bb57aa6e"},"headline":"Bijeenkomst Slim Werkgeven op 27 november","datePublished":"2018-11-12T13:03:29+00:00","mainEntityOfPage":{"@id":"https:\/\/www.ondernemendvenlo.nl\/bijeenkomst-slim-werkgeven-op-27-november\/"},"wordCount":347,"publisher":{"@id":"https:\/\/www.ondernemendvenlo.nl\/#organization"},"image":{"@id":"https:\/\/www.ondernemendvenlo.nl\/bijeenkomst-slim-werkgeven-op-27-november\/#primaryimage"},"thumbnailUrl":"https:\/\/www.ondernemendvenlo.nl\/wp-content\/uploads\/2025\/04\/slim-werkgeven-2018.png","articleSection":["Nieuws"],"inLanguage":"fr-FR"},{"@type":"WebPage","@id":"https:\/\/www.ondernemendvenlo.nl\/bijeenkomst-slim-werkgeven-op-27-november\/","url":"https:\/\/www.ondernemendvenlo.nl\/bijeenkomst-slim-werkgeven-op-27-november\/","name":"Bijeenkomst Slim Werkgeven op 27 november - Ondernemend Venlo","isPartOf":{"@id":"https:\/\/www.ondernemendvenlo.nl\/#website"},"primaryImageOfPage":{"@id":"https:\/\/www.ondernemendvenlo.nl\/bijeenkomst-slim-werkgeven-op-27-november\/#primaryimage"},"image":{"@id":"https:\/\/www.ondernemendvenlo.nl\/bijeenkomst-slim-werkgeven-op-27-november\/#primaryimage"},"thumbnailUrl":"https:\/\/www.ondernemendvenlo.nl\/wp-content\/uploads\/2025\/04\/slim-werkgeven-2018.png","datePublished":"2018-11-12T13:03:29+00:00","breadcrumb":{"@id":"https:\/\/www.ondernemendvenlo.nl\/bijeenkomst-slim-werkgeven-op-27-november\/#breadcrumb"},"inLanguage":"fr-FR","potentialAction":[{"@type":"ReadAction","target":["https:\/\/www.ondernemendvenlo.nl\/bijeenkomst-slim-werkgeven-op-27-november\/"]}]},{"@type":"ImageObject","inLanguage":"fr-FR","@id":"https:\/\/www.ondernemendvenlo.nl\/bijeenkomst-slim-werkgeven-op-27-november\/#primaryimage","url":"https:\/\/www.ondernemendvenlo.nl\/wp-content\/uploads\/2025\/04\/slim-werkgeven-2018.png","contentUrl":"https:\/\/www.ondernemendvenlo.nl\/wp-content\/uploads\/2025\/04\/slim-werkgeven-2018.png","width":419,"height":308},{"@type":"BreadcrumbList","@id":"https:\/\/www.ondernemendvenlo.nl\/bijeenkomst-slim-werkgeven-op-27-november\/#breadcrumb","itemListElement":[{"@type":"ListItem","position":1,"name":"Ondernemend Venlo","item":"https:\/\/www.ondernemendvenlo.nl\/"},{"@type":"ListItem","position":2,"name":"Nieuws","item":"https:\/\/www.ondernemendvenlo.nl\/categorie\/nieuws\/"},{"@type":"ListItem","position":3,"name":"Bijeenkomst Slim Werkgeven op 27 november"}]},{"@type":"WebSite","@id":"https:\/\/www.ondernemendvenlo.nl\/#website","url":"https:\/\/www.ondernemendvenlo.nl\/","name":"Venlo entrepreneurial","description":"Travailler ensemble avec succ\u00e8s","publisher":{"@id":"https:\/\/www.ondernemendvenlo.nl\/#organization"},"potentialAction":[{"@type":"SearchAction","target":{"@type":"EntryPoint","urlTemplate":"https:\/\/www.ondernemendvenlo.nl\/?s={search_term_string}"},"query-input":{"@type":"PropertyValueSpecification","valueRequired":true,"valueName":"search_term_string"}}],"inLanguage":"fr-FR"},{"@type":"Organization","@id":"https:\/\/www.ondernemendvenlo.nl\/#organization","name":"Venlo entrepreneurial","url":"https:\/\/www.ondernemendvenlo.nl\/","logo":{"@type":"ImageObject","inLanguage":"fr-FR","@id":"https:\/\/www.ondernemendvenlo.nl\/#\/schema\/logo\/image\/","url":"https:\/\/www.ondernemendvenlo.nl\/wp-content\/uploads\/2025\/02\/Ondernemend-Venlo-logo-scaled.webp","contentUrl":"https:\/\/www.ondernemendvenlo.nl\/wp-content\/uploads\/2025\/02\/Ondernemend-Venlo-logo-scaled.webp","width":2560,"height":1010,"caption":"Ondernemend Venlo"},"image":{"@id":"https:\/\/www.ondernemendvenlo.nl\/#\/schema\/logo\/image\/"},"sameAs":["https:\/\/www.linkedin.com\/company\/ondernemend-venlo\/"]},{"@type":"Person","@id":"https:\/\/www.ondernemendvenlo.nl\/#\/schema\/person\/347e935f8ad4c7030608ef74bb57aa6e","name":"admin","image":{"@type":"ImageObject","inLanguage":"fr-FR","@id":"https:\/\/www.ondernemendvenlo.nl\/#\/schema\/person\/image\/","url":"https:\/\/www.ondernemendvenlo.nl\/wp-content\/litespeed\/avatar\/720af750b037aecf6e33e12833479059.jpg?ver=1777382954","contentUrl":"https:\/\/www.ondernemendvenlo.nl\/wp-content\/litespeed\/avatar\/720af750b037aecf6e33e12833479059.jpg?ver=1777382954","caption":"admin"},"sameAs":["https:\/\/www.ondernemendvenlo.nl"]}]}},"_links":{"self":[{"href":"https:\/\/www.ondernemendvenlo.nl\/fr\/wp-json\/wp\/v2\/posts\/1473","targetHints":{"allow":["GET"]}}],"collection":[{"href":"https:\/\/www.ondernemendvenlo.nl\/fr\/wp-json\/wp\/v2\/posts"}],"about":[{"href":"https:\/\/www.ondernemendvenlo.nl\/fr\/wp-json\/wp\/v2\/types\/post"}],"author":[{"embeddable":true,"href":"https:\/\/www.ondernemendvenlo.nl\/fr\/wp-json\/wp\/v2\/users\/1"}],"replies":[{"embeddable":true,"href":"https:\/\/www.ondernemendvenlo.nl\/fr\/wp-json\/wp\/v2\/comments?post=1473"}],"version-history":[{"count":0,"href":"https:\/\/www.ondernemendvenlo.nl\/fr\/wp-json\/wp\/v2\/posts\/1473\/revisions"}],"wp:featuredmedia":[{"embeddable":true,"href":"https:\/\/www.ondernemendvenlo.nl\/fr\/wp-json\/wp\/v2\/media\/1474"}],"wp:attachment":[{"href":"https:\/\/www.ondernemendvenlo.nl\/fr\/wp-json\/wp\/v2\/media?parent=1473"}],"wp:term":[{"taxonomy":"category","embeddable":true,"href":"https:\/\/www.ondernemendvenlo.nl\/fr\/wp-json\/wp\/v2\/categories?post=1473"},{"taxonomy":"post_tag","embeddable":true,"href":"https:\/\/www.ondernemendvenlo.nl\/fr\/wp-json\/wp\/v2\/tags?post=1473"}],"curies":[{"name":"wp","href":"https:\/\/api.w.org\/{rel}","templated":true}]}}