{"id":1491,"date":"2018-12-07T12:14:32","date_gmt":"2018-12-07T11:14:32","guid":{"rendered":"https:\/\/www.ondernemendvenlo.nl\/regio-venlo-on-stage-beroepenfeest\/"},"modified":"2018-12-07T12:14:32","modified_gmt":"2018-12-07T11:14:32","slug":"regio-venlo-on-stage-beroepenfeest","status":"publish","type":"post","link":"https:\/\/www.ondernemendvenlo.nl\/fr\/regio-venlo-on-stage-beroepenfeest\/","title":{"rendered":"Festival professionnel Venlo Region On Stage"},"content":{"rendered":"<p>R\u00e9cup\u00e9r\u00e9 de <strong>5 f\u00e9vrier 2019 <\/strong>est la 6\u00e8me \u00e9dition du festival professionnel de <strong>Venlo Region On Stage<\/strong>un podium positif (professionnel) o\u00f9 des professionnels parlent aux \u00e9l\u00e8ves de l'\u00e9cole VMBO de leur profession et de leur journ\u00e9e de travail. L'abandon scolaire \u00e0 la MBO est souvent d\u00fb au fait que les jeunes font le mauvais choix. Gr\u00e2ce \u00e0 cette initiative, la communaut\u00e9 des entreprises de Venlo et de ses environs contribue \u00e0 donner une meilleure image professionnelle \u00e0 quelque 1 100 \u00e9l\u00e8ves du VMBO de Citaverde, Bouwens, Den Hulster, Blariacum, Valuas, De Velddijk et Wildveld. Il n'est pas n\u00e9cessaire d'\u00eatre une entreprise d'apprentissage reconnue pour participer. Il suffit de partager son enthousiasme et ses connaissances sur une profession avec des apprentis et de les accueillir lors d'une visite ponctuelle au comptoir. Les m\u00e9caniciens automobiles et les avocats sont les bienvenus, car le r\u00eave est autoris\u00e9 \u00e0 On Stage. Les pr\u00e9paratifs ont d\u00e9j\u00e0 commenc\u00e9 dans les \u00e9coles, avec notamment un apr\u00e8s-midi d'\u00e9tude pour les enseignants. La r\u00e9gion de Venlo On Stage a d\u00e9j\u00e0 commenc\u00e9 \u00e0 recruter plus de 250 professionnels. Des entreprises telles que KLG, Strabag, Seacon Logistics, Van der Valk, Tuincentrum Leurs et Ambulancezorg Limburg-Noord participent \u00e0 nouveau cette ann\u00e9e. Souhaitez-vous \u00eatre de la partie ? Via le site web <a href=\"http:\/\/www.regiovenloonstage.nl\" target=\"_blank\" rel=\"noopener\">www.regiovenloonstage.nl<\/a> peut s'appliquer.<\/p>\n<p>&nbsp;<\/p>\n<p><strong>Pour plus d'informations sur le projet, veuillez contacter Jori Noordhoek (0615271322) et Simone Jacobs (0626065205).<\/strong><\/p>\n<p><img fetchpriority=\"high\" decoding=\"async\" class=\"alignleft size-full wp-image-2068\" src=\"https:\/\/www.ondernemendvenlo.nl\/wp-content\/uploads\/2025\/04\/regio-venlo-on-stage-2019.png\" alt=\"\" width=\"1227\" height=\"523\" \/><\/p>","protected":false},"excerpt":{"rendered":"<p>Op 5 februari 2019 is de 6e editie van het beroepenfeest van Regio Venlo On Stage: een Positief (beroeps) Podium waar beroepsbeoefenaren praten met leerlingen van de VMBO scholen over hun beroep en werkdag. Schooluitval op het MBO heeft vaak als oorzaak dat jongeren een verkeerde keuze hebben gemaakt. Met dit initiatief draagt het bedrijfsleven [&hellip;]<\/p>","protected":false},"author":1,"featured_media":1492,"comment_status":"closed","ping_status":"open","sticky":false,"template":"","format":"standard","meta":{"_acf_changed":false,"footnotes":""},"categories":[8],"tags":[],"class_list":["post-1491","post","type-post","status-publish","format-standard","has-post-thumbnail","hentry","category-nieuws"],"acf":[],"yoast_head":"<!-- This site is optimized with the Yoast SEO plugin v26.3 - https:\/\/yoast.com\/wordpress\/plugins\/seo\/ -->\n<title>Regio Venlo On Stage beroepenfeest - Ondernemend Venlo<\/title>\n<meta name=\"robots\" content=\"index, follow, max-snippet:-1, max-image-preview:large, max-video-preview:-1\" \/>\n<link rel=\"canonical\" href=\"https:\/\/www.ondernemendvenlo.nl\/fr\/regio-venlo-on-stage-beroepenfeest\/\" \/>\n<meta property=\"og:locale\" content=\"fr_FR\" \/>\n<meta property=\"og:type\" content=\"article\" \/>\n<meta property=\"og:title\" content=\"Regio Venlo On Stage beroepenfeest - Ondernemend Venlo\" \/>\n<meta property=\"og:description\" content=\"Op 5 februari 2019 is de 6e editie van het beroepenfeest van Regio Venlo On Stage: een Positief (beroeps) Podium waar beroepsbeoefenaren praten met leerlingen van de VMBO scholen over hun beroep en werkdag. Schooluitval op het MBO heeft vaak als oorzaak dat jongeren een verkeerde keuze hebben gemaakt. Met dit initiatief draagt het bedrijfsleven [&hellip;]\" \/>\n<meta property=\"og:url\" content=\"https:\/\/www.ondernemendvenlo.nl\/fr\/regio-venlo-on-stage-beroepenfeest\/\" \/>\n<meta property=\"og:site_name\" content=\"Ondernemend Venlo\" \/>\n<meta property=\"article:published_time\" content=\"2018-12-07T11:14:32+00:00\" \/>\n<meta property=\"og:image\" content=\"https:\/\/www.ondernemendvenlo.nl\/wp-content\/uploads\/2025\/04\/regio-venlo-on-stage-2019.png\" \/>\n\t<meta property=\"og:image:width\" content=\"1227\" \/>\n\t<meta property=\"og:image:height\" content=\"523\" \/>\n\t<meta property=\"og:image:type\" content=\"image\/png\" \/>\n<meta name=\"author\" content=\"admin\" \/>\n<meta name=\"twitter:card\" content=\"summary_large_image\" \/>\n<meta name=\"twitter:label1\" content=\"\u00c9crit par\" \/>\n\t<meta name=\"twitter:data1\" content=\"admin\" \/>\n\t<meta name=\"twitter:label2\" content=\"Dur\u00e9e de lecture estim\u00e9e\" \/>\n\t<meta name=\"twitter:data2\" content=\"1 minute\" \/>\n<script type=\"application\/ld+json\" class=\"yoast-schema-graph\">{\"@context\":\"https:\/\/schema.org\",\"@graph\":[{\"@type\":\"Article\",\"@id\":\"https:\/\/www.ondernemendvenlo.nl\/regio-venlo-on-stage-beroepenfeest\/#article\",\"isPartOf\":{\"@id\":\"https:\/\/www.ondernemendvenlo.nl\/regio-venlo-on-stage-beroepenfeest\/\"},\"author\":{\"name\":\"admin\",\"@id\":\"https:\/\/www.ondernemendvenlo.nl\/#\/schema\/person\/347e935f8ad4c7030608ef74bb57aa6e\"},\"headline\":\"Regio Venlo On Stage beroepenfeest\",\"datePublished\":\"2018-12-07T11:14:32+00:00\",\"mainEntityOfPage\":{\"@id\":\"https:\/\/www.ondernemendvenlo.nl\/regio-venlo-on-stage-beroepenfeest\/\"},\"wordCount\":217,\"publisher\":{\"@id\":\"https:\/\/www.ondernemendvenlo.nl\/#organization\"},\"image\":{\"@id\":\"https:\/\/www.ondernemendvenlo.nl\/regio-venlo-on-stage-beroepenfeest\/#primaryimage\"},\"thumbnailUrl\":\"https:\/\/www.ondernemendvenlo.nl\/wp-content\/uploads\/2025\/04\/regio-venlo-on-stage-2019.png\",\"articleSection\":[\"Nieuws\"],\"inLanguage\":\"fr-FR\"},{\"@type\":\"WebPage\",\"@id\":\"https:\/\/www.ondernemendvenlo.nl\/regio-venlo-on-stage-beroepenfeest\/\",\"url\":\"https:\/\/www.ondernemendvenlo.nl\/regio-venlo-on-stage-beroepenfeest\/\",\"name\":\"Regio Venlo On Stage beroepenfeest - Ondernemend Venlo\",\"isPartOf\":{\"@id\":\"https:\/\/www.ondernemendvenlo.nl\/#website\"},\"primaryImageOfPage\":{\"@id\":\"https:\/\/www.ondernemendvenlo.nl\/regio-venlo-on-stage-beroepenfeest\/#primaryimage\"},\"image\":{\"@id\":\"https:\/\/www.ondernemendvenlo.nl\/regio-venlo-on-stage-beroepenfeest\/#primaryimage\"},\"thumbnailUrl\":\"https:\/\/www.ondernemendvenlo.nl\/wp-content\/uploads\/2025\/04\/regio-venlo-on-stage-2019.png\",\"datePublished\":\"2018-12-07T11:14:32+00:00\",\"breadcrumb\":{\"@id\":\"https:\/\/www.ondernemendvenlo.nl\/regio-venlo-on-stage-beroepenfeest\/#breadcrumb\"},\"inLanguage\":\"fr-FR\",\"potentialAction\":[{\"@type\":\"ReadAction\",\"target\":[\"https:\/\/www.ondernemendvenlo.nl\/regio-venlo-on-stage-beroepenfeest\/\"]}]},{\"@type\":\"ImageObject\",\"inLanguage\":\"fr-FR\",\"@id\":\"https:\/\/www.ondernemendvenlo.nl\/regio-venlo-on-stage-beroepenfeest\/#primaryimage\",\"url\":\"https:\/\/www.ondernemendvenlo.nl\/wp-content\/uploads\/2025\/04\/regio-venlo-on-stage-2019.png\",\"contentUrl\":\"https:\/\/www.ondernemendvenlo.nl\/wp-content\/uploads\/2025\/04\/regio-venlo-on-stage-2019.png\",\"width\":1227,\"height\":523},{\"@type\":\"BreadcrumbList\",\"@id\":\"https:\/\/www.ondernemendvenlo.nl\/regio-venlo-on-stage-beroepenfeest\/#breadcrumb\",\"itemListElement\":[{\"@type\":\"ListItem\",\"position\":1,\"name\":\"Ondernemend Venlo\",\"item\":\"https:\/\/www.ondernemendvenlo.nl\/\"},{\"@type\":\"ListItem\",\"position\":2,\"name\":\"Nieuws\",\"item\":\"https:\/\/www.ondernemendvenlo.nl\/categorie\/nieuws\/\"},{\"@type\":\"ListItem\",\"position\":3,\"name\":\"Regio Venlo On Stage beroepenfeest\"}]},{\"@type\":\"WebSite\",\"@id\":\"https:\/\/www.ondernemendvenlo.nl\/#website\",\"url\":\"https:\/\/www.ondernemendvenlo.nl\/\",\"name\":\"Ondernemend Venlo\",\"description\":\"Samen succesvol ondernemen\",\"publisher\":{\"@id\":\"https:\/\/www.ondernemendvenlo.nl\/#organization\"},\"potentialAction\":[{\"@type\":\"SearchAction\",\"target\":{\"@type\":\"EntryPoint\",\"urlTemplate\":\"https:\/\/www.ondernemendvenlo.nl\/?s={search_term_string}\"},\"query-input\":{\"@type\":\"PropertyValueSpecification\",\"valueRequired\":true,\"valueName\":\"search_term_string\"}}],\"inLanguage\":\"fr-FR\"},{\"@type\":\"Organization\",\"@id\":\"https:\/\/www.ondernemendvenlo.nl\/#organization\",\"name\":\"Ondernemend Venlo\",\"url\":\"https:\/\/www.ondernemendvenlo.nl\/\",\"logo\":{\"@type\":\"ImageObject\",\"inLanguage\":\"fr-FR\",\"@id\":\"https:\/\/www.ondernemendvenlo.nl\/#\/schema\/logo\/image\/\",\"url\":\"https:\/\/www.ondernemendvenlo.nl\/wp-content\/uploads\/2025\/02\/Ondernemend-Venlo-logo-scaled.webp\",\"contentUrl\":\"https:\/\/www.ondernemendvenlo.nl\/wp-content\/uploads\/2025\/02\/Ondernemend-Venlo-logo-scaled.webp\",\"width\":2560,\"height\":1010,\"caption\":\"Ondernemend Venlo\"},\"image\":{\"@id\":\"https:\/\/www.ondernemendvenlo.nl\/#\/schema\/logo\/image\/\"},\"sameAs\":[\"https:\/\/www.linkedin.com\/company\/ondernemend-venlo\/\"]},{\"@type\":\"Person\",\"@id\":\"https:\/\/www.ondernemendvenlo.nl\/#\/schema\/person\/347e935f8ad4c7030608ef74bb57aa6e\",\"name\":\"admin\",\"image\":{\"@type\":\"ImageObject\",\"inLanguage\":\"fr-FR\",\"@id\":\"https:\/\/www.ondernemendvenlo.nl\/#\/schema\/person\/image\/\",\"url\":\"https:\/\/www.ondernemendvenlo.nl\/wp-content\/litespeed\/avatar\/720af750b037aecf6e33e12833479059.jpg?ver=1777382954\",\"contentUrl\":\"https:\/\/www.ondernemendvenlo.nl\/wp-content\/litespeed\/avatar\/720af750b037aecf6e33e12833479059.jpg?ver=1777382954\",\"caption\":\"admin\"},\"sameAs\":[\"https:\/\/www.ondernemendvenlo.nl\"]}]}<\/script>\n<!-- \/ Yoast SEO plugin. -->","yoast_head_json":{"title":"Regio Venlo On Stage beroepenfeest - Ondernemend Venlo","robots":{"index":"index","follow":"follow","max-snippet":"max-snippet:-1","max-image-preview":"max-image-preview:large","max-video-preview":"max-video-preview:-1"},"canonical":"https:\/\/www.ondernemendvenlo.nl\/fr\/regio-venlo-on-stage-beroepenfeest\/","og_locale":"fr_FR","og_type":"article","og_title":"Regio Venlo On Stage beroepenfeest - Ondernemend Venlo","og_description":"Op 5 februari 2019 is de 6e editie van het beroepenfeest van Regio Venlo On Stage: een Positief (beroeps) Podium waar beroepsbeoefenaren praten met leerlingen van de VMBO scholen over hun beroep en werkdag. Schooluitval op het MBO heeft vaak als oorzaak dat jongeren een verkeerde keuze hebben gemaakt. Met dit initiatief draagt het bedrijfsleven [&hellip;]","og_url":"https:\/\/www.ondernemendvenlo.nl\/fr\/regio-venlo-on-stage-beroepenfeest\/","og_site_name":"Ondernemend Venlo","article_published_time":"2018-12-07T11:14:32+00:00","og_image":[{"width":1227,"height":523,"url":"https:\/\/www.ondernemendvenlo.nl\/wp-content\/uploads\/2025\/04\/regio-venlo-on-stage-2019.png","type":"image\/png"}],"author":"admin","twitter_card":"summary_large_image","twitter_misc":{"\u00c9crit par":"admin","Dur\u00e9e de lecture estim\u00e9e":"1 minute"},"schema":{"@context":"https:\/\/schema.org","@graph":[{"@type":"Article","@id":"https:\/\/www.ondernemendvenlo.nl\/regio-venlo-on-stage-beroepenfeest\/#article","isPartOf":{"@id":"https:\/\/www.ondernemendvenlo.nl\/regio-venlo-on-stage-beroepenfeest\/"},"author":{"name":"admin","@id":"https:\/\/www.ondernemendvenlo.nl\/#\/schema\/person\/347e935f8ad4c7030608ef74bb57aa6e"},"headline":"Regio Venlo On Stage beroepenfeest","datePublished":"2018-12-07T11:14:32+00:00","mainEntityOfPage":{"@id":"https:\/\/www.ondernemendvenlo.nl\/regio-venlo-on-stage-beroepenfeest\/"},"wordCount":217,"publisher":{"@id":"https:\/\/www.ondernemendvenlo.nl\/#organization"},"image":{"@id":"https:\/\/www.ondernemendvenlo.nl\/regio-venlo-on-stage-beroepenfeest\/#primaryimage"},"thumbnailUrl":"https:\/\/www.ondernemendvenlo.nl\/wp-content\/uploads\/2025\/04\/regio-venlo-on-stage-2019.png","articleSection":["Nieuws"],"inLanguage":"fr-FR"},{"@type":"WebPage","@id":"https:\/\/www.ondernemendvenlo.nl\/regio-venlo-on-stage-beroepenfeest\/","url":"https:\/\/www.ondernemendvenlo.nl\/regio-venlo-on-stage-beroepenfeest\/","name":"Regio Venlo On Stage beroepenfeest - Ondernemend Venlo","isPartOf":{"@id":"https:\/\/www.ondernemendvenlo.nl\/#website"},"primaryImageOfPage":{"@id":"https:\/\/www.ondernemendvenlo.nl\/regio-venlo-on-stage-beroepenfeest\/#primaryimage"},"image":{"@id":"https:\/\/www.ondernemendvenlo.nl\/regio-venlo-on-stage-beroepenfeest\/#primaryimage"},"thumbnailUrl":"https:\/\/www.ondernemendvenlo.nl\/wp-content\/uploads\/2025\/04\/regio-venlo-on-stage-2019.png","datePublished":"2018-12-07T11:14:32+00:00","breadcrumb":{"@id":"https:\/\/www.ondernemendvenlo.nl\/regio-venlo-on-stage-beroepenfeest\/#breadcrumb"},"inLanguage":"fr-FR","potentialAction":[{"@type":"ReadAction","target":["https:\/\/www.ondernemendvenlo.nl\/regio-venlo-on-stage-beroepenfeest\/"]}]},{"@type":"ImageObject","inLanguage":"fr-FR","@id":"https:\/\/www.ondernemendvenlo.nl\/regio-venlo-on-stage-beroepenfeest\/#primaryimage","url":"https:\/\/www.ondernemendvenlo.nl\/wp-content\/uploads\/2025\/04\/regio-venlo-on-stage-2019.png","contentUrl":"https:\/\/www.ondernemendvenlo.nl\/wp-content\/uploads\/2025\/04\/regio-venlo-on-stage-2019.png","width":1227,"height":523},{"@type":"BreadcrumbList","@id":"https:\/\/www.ondernemendvenlo.nl\/regio-venlo-on-stage-beroepenfeest\/#breadcrumb","itemListElement":[{"@type":"ListItem","position":1,"name":"Ondernemend Venlo","item":"https:\/\/www.ondernemendvenlo.nl\/"},{"@type":"ListItem","position":2,"name":"Nieuws","item":"https:\/\/www.ondernemendvenlo.nl\/categorie\/nieuws\/"},{"@type":"ListItem","position":3,"name":"Regio Venlo On Stage beroepenfeest"}]},{"@type":"WebSite","@id":"https:\/\/www.ondernemendvenlo.nl\/#website","url":"https:\/\/www.ondernemendvenlo.nl\/","name":"Venlo entrepreneurial","description":"Travailler ensemble avec succ\u00e8s","publisher":{"@id":"https:\/\/www.ondernemendvenlo.nl\/#organization"},"potentialAction":[{"@type":"SearchAction","target":{"@type":"EntryPoint","urlTemplate":"https:\/\/www.ondernemendvenlo.nl\/?s={search_term_string}"},"query-input":{"@type":"PropertyValueSpecification","valueRequired":true,"valueName":"search_term_string"}}],"inLanguage":"fr-FR"},{"@type":"Organization","@id":"https:\/\/www.ondernemendvenlo.nl\/#organization","name":"Venlo entrepreneurial","url":"https:\/\/www.ondernemendvenlo.nl\/","logo":{"@type":"ImageObject","inLanguage":"fr-FR","@id":"https:\/\/www.ondernemendvenlo.nl\/#\/schema\/logo\/image\/","url":"https:\/\/www.ondernemendvenlo.nl\/wp-content\/uploads\/2025\/02\/Ondernemend-Venlo-logo-scaled.webp","contentUrl":"https:\/\/www.ondernemendvenlo.nl\/wp-content\/uploads\/2025\/02\/Ondernemend-Venlo-logo-scaled.webp","width":2560,"height":1010,"caption":"Ondernemend Venlo"},"image":{"@id":"https:\/\/www.ondernemendvenlo.nl\/#\/schema\/logo\/image\/"},"sameAs":["https:\/\/www.linkedin.com\/company\/ondernemend-venlo\/"]},{"@type":"Person","@id":"https:\/\/www.ondernemendvenlo.nl\/#\/schema\/person\/347e935f8ad4c7030608ef74bb57aa6e","name":"admin","image":{"@type":"ImageObject","inLanguage":"fr-FR","@id":"https:\/\/www.ondernemendvenlo.nl\/#\/schema\/person\/image\/","url":"https:\/\/www.ondernemendvenlo.nl\/wp-content\/litespeed\/avatar\/720af750b037aecf6e33e12833479059.jpg?ver=1777382954","contentUrl":"https:\/\/www.ondernemendvenlo.nl\/wp-content\/litespeed\/avatar\/720af750b037aecf6e33e12833479059.jpg?ver=1777382954","caption":"admin"},"sameAs":["https:\/\/www.ondernemendvenlo.nl"]}]}},"_links":{"self":[{"href":"https:\/\/www.ondernemendvenlo.nl\/fr\/wp-json\/wp\/v2\/posts\/1491","targetHints":{"allow":["GET"]}}],"collection":[{"href":"https:\/\/www.ondernemendvenlo.nl\/fr\/wp-json\/wp\/v2\/posts"}],"about":[{"href":"https:\/\/www.ondernemendvenlo.nl\/fr\/wp-json\/wp\/v2\/types\/post"}],"author":[{"embeddable":true,"href":"https:\/\/www.ondernemendvenlo.nl\/fr\/wp-json\/wp\/v2\/users\/1"}],"replies":[{"embeddable":true,"href":"https:\/\/www.ondernemendvenlo.nl\/fr\/wp-json\/wp\/v2\/comments?post=1491"}],"version-history":[{"count":0,"href":"https:\/\/www.ondernemendvenlo.nl\/fr\/wp-json\/wp\/v2\/posts\/1491\/revisions"}],"wp:featuredmedia":[{"embeddable":true,"href":"https:\/\/www.ondernemendvenlo.nl\/fr\/wp-json\/wp\/v2\/media\/1492"}],"wp:attachment":[{"href":"https:\/\/www.ondernemendvenlo.nl\/fr\/wp-json\/wp\/v2\/media?parent=1491"}],"wp:term":[{"taxonomy":"category","embeddable":true,"href":"https:\/\/www.ondernemendvenlo.nl\/fr\/wp-json\/wp\/v2\/categories?post=1491"},{"taxonomy":"post_tag","embeddable":true,"href":"https:\/\/www.ondernemendvenlo.nl\/fr\/wp-json\/wp\/v2\/tags?post=1491"}],"curies":[{"name":"wp","href":"https:\/\/api.w.org\/{rel}","templated":true}]}}