{"id":1497,"date":"2018-12-10T18:36:13","date_gmt":"2018-12-10T17:36:13","guid":{"rendered":"https:\/\/www.ondernemendvenlo.nl\/greenport-venlo-biedt-medewerkers-haal-en-brengservice\/"},"modified":"2018-12-10T18:36:13","modified_gmt":"2018-12-10T17:36:13","slug":"greenport-venlo-biedt-medewerkers-haal-en-brengservice","status":"publish","type":"post","link":"https:\/\/www.ondernemendvenlo.nl\/fr\/greenport-venlo-biedt-medewerkers-haal-en-brengservice\/","title":{"rendered":"Service de ramassage et de d\u00e9p\u00f4t : une initiative r\u00e9ussie d'Entrepreneurial Venlo"},"content":{"rendered":"<p><strong>Vanaf\u00a0 10 december 2018 kunnen medewerkers van tot nu toe zes grote bedrijven op Greenport Venlo gebruik maken van de haal- en brengservice. Met een personenbus worden zij vanaf de Arriva-bushaltes op Greenport tot aan de voordeur van het bedrijf gebracht, en weer terug. Hiermee willen de bedrijven in samenwerking met de overheid zorgen voor een beter bereikbaar en daarmee aantrekkelijker Greenport Venlo.<\/strong><\/p>\n<p><strong>Vervoer van en naar de voordeur bedrijven<br \/>\n<\/strong>Medewerkers van de bedrijven: Michael Kors, PVH Logistics, Bleckmann, DSV Solutions, Stryker ESCS en VidaXL krijgen via het bedrijf een pas waarmee ze gebruik kunnen maken van de personenbus. Deze bussen rijden op werkdagen elk kwartier tussen 05.30 tot 10.00 uur en 15.00 tot 20.00 uur vanaf de twee bushaltes op Greenport. Hierbij wordt zoveel mogelijk aangesloten op de dienstregeling van Arriva buslijnen 70, 87 en 671.<\/p>\n<p><em>De eerste dag was de belangstelling meteen boven verwachting groot. In de ochtendspits maakten al ongeveer 80 medewerkers gebruik van de personenbus. Ook werden nog een paar &#8220;zwartrijders&#8221; geconstateerd. Dit geeft aan dat deze busdienst in een behoefte voorziet. Aan het einde van deze eerste week wordt een evaluatie gehouden. Eventuele knelpunten kunnen dan worden bijgesteld.<\/em><\/p>\n<p><strong>Veiliger en frequenter vervoer<br \/>\n<\/strong>Het bedrijventerrein Greenport was nog onvoldoende aangesloten op het OV-netwerk. In 2017 is al een tijdelijke oplossing geboden door de provincie Limburg in samenwerking met Arriva, waarbij een busroute over het bedrijventerrein en de Greenportlane werd gereden. Maar de afstanden die mensen te voet af moesten leggen van een bushalte tot aan de voordeur van een bedrijf zijn lang en onveilig door het ontbreken van voetpaden. Met de frequente haal- en breng service wordt dit nu sterk verbeterd.<\/p>\n<p><strong>Aantrekkelijk werk- en vestigingsklimaat<br \/>\n<\/strong>Verbeterde bereikbaarheid was eind 2017 de reden voor alle samenwerkende partijen om onder leiding van Ondernemend Venlo de haalbaarheid van een nieuwe service te onderzoeken en indien mogelijk te implementeren. Door het aanbieden van goed en veilig vervoer zorgen de ondernemers samen met de overheid voor een aantrekkelijke werk- en vestigingslocatie. De partijen in deze samenwerking zijn: de zes eerder genoemde bedrijven vertegenwoordigd door Ondernemend Venlo, de gemeenten Venlo, Horst en Venray, Trendsportal, Provincie Limburg, Arriva en ontwikkelbedrijf Greenport Venlo<\/p>\n<p><strong>Vanaf 2020<br \/>\n<\/strong>De haal-en-breng service is een onderdeel van een groter geheel aan mobiliteitsoplossingen voor Greenport. Zo is de ambitie om een mobiliteitshub aan te leggen bij de bushaltes. Waarbij je naast de personenbus ook een deelfiets of -auto zou kunnen gebruiken. Daarnaast wordt er ook gekeken naar fietsinfrastructuur op Greenport. Dit alles om te zorgen voor veilig en duurzaam vervoer op Greenport Venlo en daarbuiten.<\/p>\n<p>Nieuwsgierig naar de Greenport Shuttle reserveringssite? <a href=\"http:\/\/www.greenport-shuttle.nl\" target=\"_blank\" rel=\"noopener\">cliquez ici<\/a><\/p>","protected":false},"excerpt":{"rendered":"<p>Vanaf\u00a0 10 december 2018 kunnen medewerkers van tot nu toe zes grote bedrijven op Greenport Venlo gebruik maken van de haal- en brengservice. Met een personenbus worden zij vanaf de Arriva-bushaltes op Greenport tot aan de voordeur van het bedrijf gebracht, en weer terug. Hiermee willen de bedrijven in samenwerking met de overheid zorgen voor [&hellip;]<\/p>","protected":false},"author":1,"featured_media":1498,"comment_status":"closed","ping_status":"open","sticky":false,"template":"","format":"standard","meta":{"_acf_changed":false,"footnotes":""},"categories":[8],"tags":[],"class_list":["post-1497","post","type-post","status-publish","format-standard","has-post-thumbnail","hentry","category-nieuws"],"acf":[],"yoast_head":"<!-- This site is optimized with the Yoast SEO plugin v26.3 - https:\/\/yoast.com\/wordpress\/plugins\/seo\/ -->\n<title>Haal-en brengservice succesvol initiatief van Ondernemend Venlo - Ondernemend Venlo<\/title>\n<meta name=\"robots\" content=\"index, follow, max-snippet:-1, max-image-preview:large, max-video-preview:-1\" \/>\n<link rel=\"canonical\" href=\"https:\/\/www.ondernemendvenlo.nl\/fr\/greenport-venlo-biedt-medewerkers-haal-en-brengservice\/\" \/>\n<meta property=\"og:locale\" content=\"fr_FR\" \/>\n<meta property=\"og:type\" content=\"article\" \/>\n<meta property=\"og:title\" content=\"Haal-en brengservice succesvol initiatief van Ondernemend Venlo - Ondernemend Venlo\" \/>\n<meta property=\"og:description\" content=\"Vanaf\u00a0 10 december 2018 kunnen medewerkers van tot nu toe zes grote bedrijven op Greenport Venlo gebruik maken van de haal- en brengservice. Met een personenbus worden zij vanaf de Arriva-bushaltes op Greenport tot aan de voordeur van het bedrijf gebracht, en weer terug. Hiermee willen de bedrijven in samenwerking met de overheid zorgen voor [&hellip;]\" \/>\n<meta property=\"og:url\" content=\"https:\/\/www.ondernemendvenlo.nl\/fr\/greenport-venlo-biedt-medewerkers-haal-en-brengservice\/\" \/>\n<meta property=\"og:site_name\" content=\"Ondernemend Venlo\" \/>\n<meta property=\"article:published_time\" content=\"2018-12-10T17:36:13+00:00\" \/>\n<meta property=\"og:image\" content=\"https:\/\/www.ondernemendvenlo.nl\/wp-content\/uploads\/2025\/04\/Route-Greenport-Shuttle-haltes-4dec.png\" \/>\n\t<meta property=\"og:image:width\" content=\"1586\" \/>\n\t<meta property=\"og:image:height\" content=\"849\" \/>\n\t<meta property=\"og:image:type\" content=\"image\/png\" \/>\n<meta name=\"author\" content=\"admin\" \/>\n<meta name=\"twitter:card\" content=\"summary_large_image\" \/>\n<meta name=\"twitter:label1\" content=\"\u00c9crit par\" \/>\n\t<meta name=\"twitter:data1\" content=\"admin\" \/>\n\t<meta name=\"twitter:label2\" content=\"Dur\u00e9e de lecture estim\u00e9e\" \/>\n\t<meta name=\"twitter:data2\" content=\"2 minutes\" \/>\n<script type=\"application\/ld+json\" class=\"yoast-schema-graph\">{\"@context\":\"https:\/\/schema.org\",\"@graph\":[{\"@type\":\"Article\",\"@id\":\"https:\/\/www.ondernemendvenlo.nl\/greenport-venlo-biedt-medewerkers-haal-en-brengservice\/#article\",\"isPartOf\":{\"@id\":\"https:\/\/www.ondernemendvenlo.nl\/greenport-venlo-biedt-medewerkers-haal-en-brengservice\/\"},\"author\":{\"name\":\"admin\",\"@id\":\"https:\/\/www.ondernemendvenlo.nl\/#\/schema\/person\/347e935f8ad4c7030608ef74bb57aa6e\"},\"headline\":\"Haal-en brengservice succesvol initiatief van Ondernemend Venlo\",\"datePublished\":\"2018-12-10T17:36:13+00:00\",\"mainEntityOfPage\":{\"@id\":\"https:\/\/www.ondernemendvenlo.nl\/greenport-venlo-biedt-medewerkers-haal-en-brengservice\/\"},\"wordCount\":427,\"publisher\":{\"@id\":\"https:\/\/www.ondernemendvenlo.nl\/#organization\"},\"image\":{\"@id\":\"https:\/\/www.ondernemendvenlo.nl\/greenport-venlo-biedt-medewerkers-haal-en-brengservice\/#primaryimage\"},\"thumbnailUrl\":\"https:\/\/www.ondernemendvenlo.nl\/wp-content\/uploads\/2025\/04\/Route-Greenport-Shuttle-haltes-4dec.png\",\"articleSection\":[\"Nieuws\"],\"inLanguage\":\"fr-FR\"},{\"@type\":\"WebPage\",\"@id\":\"https:\/\/www.ondernemendvenlo.nl\/greenport-venlo-biedt-medewerkers-haal-en-brengservice\/\",\"url\":\"https:\/\/www.ondernemendvenlo.nl\/greenport-venlo-biedt-medewerkers-haal-en-brengservice\/\",\"name\":\"Haal-en brengservice succesvol initiatief van Ondernemend Venlo - Ondernemend Venlo\",\"isPartOf\":{\"@id\":\"https:\/\/www.ondernemendvenlo.nl\/#website\"},\"primaryImageOfPage\":{\"@id\":\"https:\/\/www.ondernemendvenlo.nl\/greenport-venlo-biedt-medewerkers-haal-en-brengservice\/#primaryimage\"},\"image\":{\"@id\":\"https:\/\/www.ondernemendvenlo.nl\/greenport-venlo-biedt-medewerkers-haal-en-brengservice\/#primaryimage\"},\"thumbnailUrl\":\"https:\/\/www.ondernemendvenlo.nl\/wp-content\/uploads\/2025\/04\/Route-Greenport-Shuttle-haltes-4dec.png\",\"datePublished\":\"2018-12-10T17:36:13+00:00\",\"breadcrumb\":{\"@id\":\"https:\/\/www.ondernemendvenlo.nl\/greenport-venlo-biedt-medewerkers-haal-en-brengservice\/#breadcrumb\"},\"inLanguage\":\"fr-FR\",\"potentialAction\":[{\"@type\":\"ReadAction\",\"target\":[\"https:\/\/www.ondernemendvenlo.nl\/greenport-venlo-biedt-medewerkers-haal-en-brengservice\/\"]}]},{\"@type\":\"ImageObject\",\"inLanguage\":\"fr-FR\",\"@id\":\"https:\/\/www.ondernemendvenlo.nl\/greenport-venlo-biedt-medewerkers-haal-en-brengservice\/#primaryimage\",\"url\":\"https:\/\/www.ondernemendvenlo.nl\/wp-content\/uploads\/2025\/04\/Route-Greenport-Shuttle-haltes-4dec.png\",\"contentUrl\":\"https:\/\/www.ondernemendvenlo.nl\/wp-content\/uploads\/2025\/04\/Route-Greenport-Shuttle-haltes-4dec.png\",\"width\":1586,\"height\":849},{\"@type\":\"BreadcrumbList\",\"@id\":\"https:\/\/www.ondernemendvenlo.nl\/greenport-venlo-biedt-medewerkers-haal-en-brengservice\/#breadcrumb\",\"itemListElement\":[{\"@type\":\"ListItem\",\"position\":1,\"name\":\"Ondernemend Venlo\",\"item\":\"https:\/\/www.ondernemendvenlo.nl\/\"},{\"@type\":\"ListItem\",\"position\":2,\"name\":\"Nieuws\",\"item\":\"https:\/\/www.ondernemendvenlo.nl\/categorie\/nieuws\/\"},{\"@type\":\"ListItem\",\"position\":3,\"name\":\"Haal-en brengservice succesvol initiatief van Ondernemend Venlo\"}]},{\"@type\":\"WebSite\",\"@id\":\"https:\/\/www.ondernemendvenlo.nl\/#website\",\"url\":\"https:\/\/www.ondernemendvenlo.nl\/\",\"name\":\"Ondernemend Venlo\",\"description\":\"Samen succesvol ondernemen\",\"publisher\":{\"@id\":\"https:\/\/www.ondernemendvenlo.nl\/#organization\"},\"potentialAction\":[{\"@type\":\"SearchAction\",\"target\":{\"@type\":\"EntryPoint\",\"urlTemplate\":\"https:\/\/www.ondernemendvenlo.nl\/?s={search_term_string}\"},\"query-input\":{\"@type\":\"PropertyValueSpecification\",\"valueRequired\":true,\"valueName\":\"search_term_string\"}}],\"inLanguage\":\"fr-FR\"},{\"@type\":\"Organization\",\"@id\":\"https:\/\/www.ondernemendvenlo.nl\/#organization\",\"name\":\"Ondernemend Venlo\",\"url\":\"https:\/\/www.ondernemendvenlo.nl\/\",\"logo\":{\"@type\":\"ImageObject\",\"inLanguage\":\"fr-FR\",\"@id\":\"https:\/\/www.ondernemendvenlo.nl\/#\/schema\/logo\/image\/\",\"url\":\"https:\/\/www.ondernemendvenlo.nl\/wp-content\/uploads\/2025\/02\/Ondernemend-Venlo-logo-scaled.webp\",\"contentUrl\":\"https:\/\/www.ondernemendvenlo.nl\/wp-content\/uploads\/2025\/02\/Ondernemend-Venlo-logo-scaled.webp\",\"width\":2560,\"height\":1010,\"caption\":\"Ondernemend Venlo\"},\"image\":{\"@id\":\"https:\/\/www.ondernemendvenlo.nl\/#\/schema\/logo\/image\/\"},\"sameAs\":[\"https:\/\/www.linkedin.com\/company\/ondernemend-venlo\/\"]},{\"@type\":\"Person\",\"@id\":\"https:\/\/www.ondernemendvenlo.nl\/#\/schema\/person\/347e935f8ad4c7030608ef74bb57aa6e\",\"name\":\"admin\",\"image\":{\"@type\":\"ImageObject\",\"inLanguage\":\"fr-FR\",\"@id\":\"https:\/\/www.ondernemendvenlo.nl\/#\/schema\/person\/image\/\",\"url\":\"https:\/\/www.ondernemendvenlo.nl\/wp-content\/litespeed\/avatar\/720af750b037aecf6e33e12833479059.jpg?ver=1777382954\",\"contentUrl\":\"https:\/\/www.ondernemendvenlo.nl\/wp-content\/litespeed\/avatar\/720af750b037aecf6e33e12833479059.jpg?ver=1777382954\",\"caption\":\"admin\"},\"sameAs\":[\"https:\/\/www.ondernemendvenlo.nl\"]}]}<\/script>\n<!-- \/ Yoast SEO plugin. -->","yoast_head_json":{"title":"Haal-en brengservice succesvol initiatief van Ondernemend Venlo - Ondernemend Venlo","robots":{"index":"index","follow":"follow","max-snippet":"max-snippet:-1","max-image-preview":"max-image-preview:large","max-video-preview":"max-video-preview:-1"},"canonical":"https:\/\/www.ondernemendvenlo.nl\/fr\/greenport-venlo-biedt-medewerkers-haal-en-brengservice\/","og_locale":"fr_FR","og_type":"article","og_title":"Haal-en brengservice succesvol initiatief van Ondernemend Venlo - Ondernemend Venlo","og_description":"Vanaf\u00a0 10 december 2018 kunnen medewerkers van tot nu toe zes grote bedrijven op Greenport Venlo gebruik maken van de haal- en brengservice. Met een personenbus worden zij vanaf de Arriva-bushaltes op Greenport tot aan de voordeur van het bedrijf gebracht, en weer terug. Hiermee willen de bedrijven in samenwerking met de overheid zorgen voor [&hellip;]","og_url":"https:\/\/www.ondernemendvenlo.nl\/fr\/greenport-venlo-biedt-medewerkers-haal-en-brengservice\/","og_site_name":"Ondernemend Venlo","article_published_time":"2018-12-10T17:36:13+00:00","og_image":[{"width":1586,"height":849,"url":"https:\/\/www.ondernemendvenlo.nl\/wp-content\/uploads\/2025\/04\/Route-Greenport-Shuttle-haltes-4dec.png","type":"image\/png"}],"author":"admin","twitter_card":"summary_large_image","twitter_misc":{"\u00c9crit par":"admin","Dur\u00e9e de lecture estim\u00e9e":"2 minutes"},"schema":{"@context":"https:\/\/schema.org","@graph":[{"@type":"Article","@id":"https:\/\/www.ondernemendvenlo.nl\/greenport-venlo-biedt-medewerkers-haal-en-brengservice\/#article","isPartOf":{"@id":"https:\/\/www.ondernemendvenlo.nl\/greenport-venlo-biedt-medewerkers-haal-en-brengservice\/"},"author":{"name":"admin","@id":"https:\/\/www.ondernemendvenlo.nl\/#\/schema\/person\/347e935f8ad4c7030608ef74bb57aa6e"},"headline":"Haal-en brengservice succesvol initiatief van Ondernemend Venlo","datePublished":"2018-12-10T17:36:13+00:00","mainEntityOfPage":{"@id":"https:\/\/www.ondernemendvenlo.nl\/greenport-venlo-biedt-medewerkers-haal-en-brengservice\/"},"wordCount":427,"publisher":{"@id":"https:\/\/www.ondernemendvenlo.nl\/#organization"},"image":{"@id":"https:\/\/www.ondernemendvenlo.nl\/greenport-venlo-biedt-medewerkers-haal-en-brengservice\/#primaryimage"},"thumbnailUrl":"https:\/\/www.ondernemendvenlo.nl\/wp-content\/uploads\/2025\/04\/Route-Greenport-Shuttle-haltes-4dec.png","articleSection":["Nieuws"],"inLanguage":"fr-FR"},{"@type":"WebPage","@id":"https:\/\/www.ondernemendvenlo.nl\/greenport-venlo-biedt-medewerkers-haal-en-brengservice\/","url":"https:\/\/www.ondernemendvenlo.nl\/greenport-venlo-biedt-medewerkers-haal-en-brengservice\/","name":"Haal-en brengservice succesvol initiatief van Ondernemend Venlo - Ondernemend Venlo","isPartOf":{"@id":"https:\/\/www.ondernemendvenlo.nl\/#website"},"primaryImageOfPage":{"@id":"https:\/\/www.ondernemendvenlo.nl\/greenport-venlo-biedt-medewerkers-haal-en-brengservice\/#primaryimage"},"image":{"@id":"https:\/\/www.ondernemendvenlo.nl\/greenport-venlo-biedt-medewerkers-haal-en-brengservice\/#primaryimage"},"thumbnailUrl":"https:\/\/www.ondernemendvenlo.nl\/wp-content\/uploads\/2025\/04\/Route-Greenport-Shuttle-haltes-4dec.png","datePublished":"2018-12-10T17:36:13+00:00","breadcrumb":{"@id":"https:\/\/www.ondernemendvenlo.nl\/greenport-venlo-biedt-medewerkers-haal-en-brengservice\/#breadcrumb"},"inLanguage":"fr-FR","potentialAction":[{"@type":"ReadAction","target":["https:\/\/www.ondernemendvenlo.nl\/greenport-venlo-biedt-medewerkers-haal-en-brengservice\/"]}]},{"@type":"ImageObject","inLanguage":"fr-FR","@id":"https:\/\/www.ondernemendvenlo.nl\/greenport-venlo-biedt-medewerkers-haal-en-brengservice\/#primaryimage","url":"https:\/\/www.ondernemendvenlo.nl\/wp-content\/uploads\/2025\/04\/Route-Greenport-Shuttle-haltes-4dec.png","contentUrl":"https:\/\/www.ondernemendvenlo.nl\/wp-content\/uploads\/2025\/04\/Route-Greenport-Shuttle-haltes-4dec.png","width":1586,"height":849},{"@type":"BreadcrumbList","@id":"https:\/\/www.ondernemendvenlo.nl\/greenport-venlo-biedt-medewerkers-haal-en-brengservice\/#breadcrumb","itemListElement":[{"@type":"ListItem","position":1,"name":"Ondernemend Venlo","item":"https:\/\/www.ondernemendvenlo.nl\/"},{"@type":"ListItem","position":2,"name":"Nieuws","item":"https:\/\/www.ondernemendvenlo.nl\/categorie\/nieuws\/"},{"@type":"ListItem","position":3,"name":"Haal-en brengservice succesvol initiatief van Ondernemend Venlo"}]},{"@type":"WebSite","@id":"https:\/\/www.ondernemendvenlo.nl\/#website","url":"https:\/\/www.ondernemendvenlo.nl\/","name":"Venlo entrepreneurial","description":"Travailler ensemble avec succ\u00e8s","publisher":{"@id":"https:\/\/www.ondernemendvenlo.nl\/#organization"},"potentialAction":[{"@type":"SearchAction","target":{"@type":"EntryPoint","urlTemplate":"https:\/\/www.ondernemendvenlo.nl\/?s={search_term_string}"},"query-input":{"@type":"PropertyValueSpecification","valueRequired":true,"valueName":"search_term_string"}}],"inLanguage":"fr-FR"},{"@type":"Organization","@id":"https:\/\/www.ondernemendvenlo.nl\/#organization","name":"Venlo entrepreneurial","url":"https:\/\/www.ondernemendvenlo.nl\/","logo":{"@type":"ImageObject","inLanguage":"fr-FR","@id":"https:\/\/www.ondernemendvenlo.nl\/#\/schema\/logo\/image\/","url":"https:\/\/www.ondernemendvenlo.nl\/wp-content\/uploads\/2025\/02\/Ondernemend-Venlo-logo-scaled.webp","contentUrl":"https:\/\/www.ondernemendvenlo.nl\/wp-content\/uploads\/2025\/02\/Ondernemend-Venlo-logo-scaled.webp","width":2560,"height":1010,"caption":"Ondernemend Venlo"},"image":{"@id":"https:\/\/www.ondernemendvenlo.nl\/#\/schema\/logo\/image\/"},"sameAs":["https:\/\/www.linkedin.com\/company\/ondernemend-venlo\/"]},{"@type":"Person","@id":"https:\/\/www.ondernemendvenlo.nl\/#\/schema\/person\/347e935f8ad4c7030608ef74bb57aa6e","name":"admin","image":{"@type":"ImageObject","inLanguage":"fr-FR","@id":"https:\/\/www.ondernemendvenlo.nl\/#\/schema\/person\/image\/","url":"https:\/\/www.ondernemendvenlo.nl\/wp-content\/litespeed\/avatar\/720af750b037aecf6e33e12833479059.jpg?ver=1777382954","contentUrl":"https:\/\/www.ondernemendvenlo.nl\/wp-content\/litespeed\/avatar\/720af750b037aecf6e33e12833479059.jpg?ver=1777382954","caption":"admin"},"sameAs":["https:\/\/www.ondernemendvenlo.nl"]}]}},"_links":{"self":[{"href":"https:\/\/www.ondernemendvenlo.nl\/fr\/wp-json\/wp\/v2\/posts\/1497","targetHints":{"allow":["GET"]}}],"collection":[{"href":"https:\/\/www.ondernemendvenlo.nl\/fr\/wp-json\/wp\/v2\/posts"}],"about":[{"href":"https:\/\/www.ondernemendvenlo.nl\/fr\/wp-json\/wp\/v2\/types\/post"}],"author":[{"embeddable":true,"href":"https:\/\/www.ondernemendvenlo.nl\/fr\/wp-json\/wp\/v2\/users\/1"}],"replies":[{"embeddable":true,"href":"https:\/\/www.ondernemendvenlo.nl\/fr\/wp-json\/wp\/v2\/comments?post=1497"}],"version-history":[{"count":0,"href":"https:\/\/www.ondernemendvenlo.nl\/fr\/wp-json\/wp\/v2\/posts\/1497\/revisions"}],"wp:featuredmedia":[{"embeddable":true,"href":"https:\/\/www.ondernemendvenlo.nl\/fr\/wp-json\/wp\/v2\/media\/1498"}],"wp:attachment":[{"href":"https:\/\/www.ondernemendvenlo.nl\/fr\/wp-json\/wp\/v2\/media?parent=1497"}],"wp:term":[{"taxonomy":"category","embeddable":true,"href":"https:\/\/www.ondernemendvenlo.nl\/fr\/wp-json\/wp\/v2\/categories?post=1497"},{"taxonomy":"post_tag","embeddable":true,"href":"https:\/\/www.ondernemendvenlo.nl\/fr\/wp-json\/wp\/v2\/tags?post=1497"}],"curies":[{"name":"wp","href":"https:\/\/api.w.org\/{rel}","templated":true}]}}