{"id":1546,"date":"2019-03-28T16:05:51","date_gmt":"2019-03-28T15:05:51","guid":{"rendered":"https:\/\/www.ondernemendvenlo.nl\/duitslandscan-helpt-noord-limburgse-bedrijven\/"},"modified":"2019-03-28T16:05:51","modified_gmt":"2019-03-28T15:05:51","slug":"duitslandscan-helpt-noord-limburgse-bedrijven","status":"publish","type":"post","link":"https:\/\/www.ondernemendvenlo.nl\/fr\/duitslandscan-helpt-noord-limburgse-bedrijven\/","title":{"rendered":"Le scan de l'Allemagne aide les entreprises du Limbourg du Nord"},"content":{"rendered":"<p><strong><span style=\"font-size: 13.5pt; color: black;\">Faire des affaires en Allemagne. Le scan de l'Allemagne aide les entreprises du Limbourg du Nord \u00e0 prendre un bon d\u00e9part !<\/span><\/strong><\/p>\n<p style=\"font-variant-ligatures: normal; font-variant-caps: normal; orphans: 2; text-align: start; widows: 2; -webkit-text-stroke-width: 0px; text-decoration-style: initial; text-decoration-color: initial; word-spacing: 0px;\"><strong><span style=\"font-size: 13.5pt; color: black;\">Le jeudi 28.03.2019, la <a href=\"https:\/\/www.ondernemendvenlo.nl\/fr\/commissie-internationalisering\/\">Comit\u00e9 d'internationalisation<\/a> Ondernemend Venlo a pr\u00e9sent\u00e9 le Germanlandscan au conseiller municipal Erwin Boom de la municipalit\u00e9 de Venlo. Le scan de l'Allemagne aide les entrepreneurs du Limbourg du Nord \u00e0 faire des affaires transfrontali\u00e8res et leur facilite l'acc\u00e8s au march\u00e9 allemand.<\/span><\/strong><\/p>\n<p style=\"font-variant-ligatures: normal; font-variant-caps: normal; orphans: 2; text-align: start; widows: 2; -webkit-text-stroke-width: 0px; text-decoration-style: initial; text-decoration-color: initial; word-spacing: 0px;\"><span style=\"font-size: 13.5pt; color: black;\"><strong>L'analyse de l'Allemagne<\/strong><br \/>\nL'analyse de l'Allemagne a \u00e9t\u00e9 d\u00e9velopp\u00e9e par le comit\u00e9 d'internationalisation d'Entrepreneurial Venlo et a pour but d'aider et de soutenir les entreprises du Limbourg du Nord ou de Venlo lorsqu'elles souhaitent faire des affaires de l'autre c\u00f4t\u00e9 de la fronti\u00e8re. En particulier en Allemagne, d'o\u00f9 l'appellation \"Germany scan\". Lorsqu'une entreprise fait appel \u00e0 ce service, un bref questionnaire permet \u00e0 l'entrepreneur de savoir quelles mesures il doit prendre pour p\u00e9n\u00e9trer le march\u00e9 allemand et il re\u00e7oit une analyse et un plan d'action sur mesure. La commission prend ensuite les entrepreneurs par la main pour convertir la strat\u00e9gie choisie en actions concr\u00e8tes. Pour ce faire, l'entrepreneur peut compter sur le soutien de diverses organisations, dont Fontys Venlo, LIOF, Export+, UWV et le Business Club Maas Rhein, qui ont une grande exp\u00e9rience de l'Allemagne en tant que zone de vente.<\/span><\/p>\n<p><span style=\"font-size: 13.5pt; color: black;\"><strong>Int\u00e9ressant pour les entrepreneurs<\/strong><br \/>\n<\/span><span style=\"font-size: 13.5pt; color: black;\">L'analyse de l'Allemagne offre aux entrepreneurs un moyen rapide et efficace de se faire une id\u00e9e pr\u00e9cise des mesures qu'ils doivent encore prendre et des conseils qu'ils peuvent obtenir \u00e0 cet \u00e9gard. L'analyse est disponible pour les entrepreneurs qui sont d\u00e9j\u00e0 actifs sur le march\u00e9 allemand et pour les entreprises qui envisagent de faire des affaires en Allemagne. L'objectif de l'analyse est de rendre les activit\u00e9s transfrontali\u00e8res aussi accessibles et faciles que possible pour les entrepreneurs de notre r\u00e9gion.<\/span><\/p>\n<p style=\"font-variant-ligatures: normal; font-variant-caps: normal; orphans: 2; text-align: start; widows: 2; -webkit-text-stroke-width: 0px; text-decoration-style: initial; text-decoration-color: initial; word-spacing: 0px;\"><span style=\"font-size: 13.5pt; color: black;\"><strong>Analyse rapide<\/strong><br \/>\n<\/span><span style=\"font-size: 13.5pt; color: black;\">En pr\u00e9paration de l'enqu\u00eate sur l'Allemagne, les entrepreneurs ont particip\u00e9 \u00e0 une enqu\u00eate rapide. Les r\u00e9sultats de cette \u00e9tude montrent que plus de la moiti\u00e9 des entreprises interrog\u00e9es sont d\u00e9j\u00e0 actives sur le march\u00e9 allemand. En m\u00eame temps, pour une grande partie d'entre elles, l'Allemagne reste un angle mort. On ne sait rien ou presque des consommateurs, des partenaires de coop\u00e9ration ou du march\u00e9 du travail. En outre, la mani\u00e8re et l'approche d'\u00eatre actif sont tr\u00e8s diff\u00e9rentes, ce qui ne correspond pas toujours \u00e0 la culture et aux m\u00e9thodes de travail allemandes. Ces r\u00e9sultats ont \u00e9t\u00e9 r\u00e9sum\u00e9s dans un rapport qui a \u00e9t\u00e9 pr\u00e9sent\u00e9 \u00e0 Alderman Boom.<\/span><\/p>\n<p style=\"font-variant-ligatures: normal; font-variant-caps: normal; orphans: 2; text-align: start; widows: 2; -webkit-text-stroke-width: 0px; text-decoration-style: initial; text-decoration-color: initial; word-spacing: 0px;\"><span style=\"font-size: 13.5pt; color: black;\"><strong><a href=\"https:\/\/www.ondernemendvenlo.nl\/fr\/commissie-internationalisering\/\">Comit\u00e9 d'internationalisation<\/a> <\/strong><br \/>\nLe comit\u00e9 d'internationalisation fait partie de Ondernemend Venlo et vise \u00e0 soutenir et \u00e0 d\u00e9couvrir les entrepreneurs de Venlo et de ses environs sur le march\u00e9 allemand. Un march\u00e9 potentiel qui, dans un rayon de 100 km, est aussi important que l'ensemble des Pays-Bas en termes de ventes et de march\u00e9 du travail. Les organisations suivantes sont repr\u00e9sent\u00e9es au sein du comit\u00e9 : Fontys Venlo, Standort Niederrhein GmbH, Backus aan de Grens, FOOD International Transfer &amp; Services, UWV WERKbedrijf Noord-Limburg, Pure Ingredients GmbH &amp; Co. Kg, Rabobank Venlo e.o., Ondernemend Venlo et la municipalit\u00e9 de Venlo.<\/span><\/p>\n<p><img fetchpriority=\"high\" decoding=\"async\" class=\"alignleft size-medium wp-image-2410\" src=\"https:\/\/www.ondernemendvenlo.nl\/wp-content\/uploads\/2025\/04\/Commissie-Internationalisering-O.V-300x200.jpg\" alt=\"\" width=\"300\" height=\"200\" \/><\/p>","protected":false},"excerpt":{"rendered":"<p>Zakendoen in Duitsland. De Duitslandscan helpt Noord-Limburgse bedrijven bij een soepele start! Op donderdag 28.03.2019 overhandigde de Commissie Internationalisering Ondernemend Venlo de Duitslandscan aan Wethouder Erwin Boom van Gemeente Venlo. De Duitslandscan ondersteunt Noord-Limburgse ondernemers bij het grensoverschrijdend zakendoen en maakt de toetreding op de Duitse markt een stuk gemakkelijker. De Duitslandscan De Duitslandscan is [&hellip;]<\/p>","protected":false},"author":1,"featured_media":1547,"comment_status":"closed","ping_status":"open","sticky":false,"template":"","format":"standard","meta":{"_acf_changed":false,"footnotes":""},"categories":[8],"tags":[],"class_list":["post-1546","post","type-post","status-publish","format-standard","has-post-thumbnail","hentry","category-nieuws"],"acf":[],"yoast_head":"<!-- This site is optimized with the Yoast SEO plugin v26.3 - https:\/\/yoast.com\/wordpress\/plugins\/seo\/ -->\n<title>Duitslandscan helpt Noord-Limburgse bedrijven - Ondernemend Venlo<\/title>\n<meta name=\"robots\" content=\"index, follow, max-snippet:-1, max-image-preview:large, max-video-preview:-1\" \/>\n<link rel=\"canonical\" href=\"https:\/\/www.ondernemendvenlo.nl\/fr\/duitslandscan-helpt-noord-limburgse-bedrijven\/\" \/>\n<meta property=\"og:locale\" content=\"fr_FR\" \/>\n<meta property=\"og:type\" content=\"article\" \/>\n<meta property=\"og:title\" content=\"Duitslandscan helpt Noord-Limburgse bedrijven - Ondernemend Venlo\" \/>\n<meta property=\"og:description\" content=\"Zakendoen in Duitsland. De Duitslandscan helpt Noord-Limburgse bedrijven bij een soepele start! Op donderdag 28.03.2019 overhandigde de Commissie Internationalisering Ondernemend Venlo de Duitslandscan aan Wethouder Erwin Boom van Gemeente Venlo. De Duitslandscan ondersteunt Noord-Limburgse ondernemers bij het grensoverschrijdend zakendoen en maakt de toetreding op de Duitse markt een stuk gemakkelijker. De Duitslandscan De Duitslandscan is [&hellip;]\" \/>\n<meta property=\"og:url\" content=\"https:\/\/www.ondernemendvenlo.nl\/fr\/duitslandscan-helpt-noord-limburgse-bedrijven\/\" \/>\n<meta property=\"og:site_name\" content=\"Ondernemend Venlo\" \/>\n<meta property=\"article:published_time\" content=\"2019-03-28T15:05:51+00:00\" \/>\n<meta property=\"og:image\" content=\"https:\/\/www.ondernemendvenlo.nl\/wp-content\/uploads\/2025\/04\/Commissie-Internationalisering-O.V.jpg\" \/>\n\t<meta property=\"og:image:width\" content=\"800\" \/>\n\t<meta property=\"og:image:height\" content=\"533\" \/>\n\t<meta property=\"og:image:type\" content=\"image\/jpeg\" \/>\n<meta name=\"author\" content=\"admin\" \/>\n<meta name=\"twitter:card\" content=\"summary_large_image\" \/>\n<meta name=\"twitter:label1\" content=\"\u00c9crit par\" \/>\n\t<meta name=\"twitter:data1\" content=\"admin\" \/>\n\t<meta name=\"twitter:label2\" content=\"Dur\u00e9e de lecture estim\u00e9e\" \/>\n\t<meta name=\"twitter:data2\" content=\"2 minutes\" \/>\n<script type=\"application\/ld+json\" class=\"yoast-schema-graph\">{\"@context\":\"https:\/\/schema.org\",\"@graph\":[{\"@type\":\"Article\",\"@id\":\"https:\/\/www.ondernemendvenlo.nl\/duitslandscan-helpt-noord-limburgse-bedrijven\/#article\",\"isPartOf\":{\"@id\":\"https:\/\/www.ondernemendvenlo.nl\/duitslandscan-helpt-noord-limburgse-bedrijven\/\"},\"author\":{\"name\":\"admin\",\"@id\":\"https:\/\/www.ondernemendvenlo.nl\/#\/schema\/person\/347e935f8ad4c7030608ef74bb57aa6e\"},\"headline\":\"Duitslandscan helpt Noord-Limburgse bedrijven\",\"datePublished\":\"2019-03-28T15:05:51+00:00\",\"mainEntityOfPage\":{\"@id\":\"https:\/\/www.ondernemendvenlo.nl\/duitslandscan-helpt-noord-limburgse-bedrijven\/\"},\"wordCount\":461,\"publisher\":{\"@id\":\"https:\/\/www.ondernemendvenlo.nl\/#organization\"},\"image\":{\"@id\":\"https:\/\/www.ondernemendvenlo.nl\/duitslandscan-helpt-noord-limburgse-bedrijven\/#primaryimage\"},\"thumbnailUrl\":\"https:\/\/www.ondernemendvenlo.nl\/wp-content\/uploads\/2025\/04\/Commissie-Internationalisering-O.V.jpg\",\"articleSection\":[\"Nieuws\"],\"inLanguage\":\"fr-FR\"},{\"@type\":\"WebPage\",\"@id\":\"https:\/\/www.ondernemendvenlo.nl\/duitslandscan-helpt-noord-limburgse-bedrijven\/\",\"url\":\"https:\/\/www.ondernemendvenlo.nl\/duitslandscan-helpt-noord-limburgse-bedrijven\/\",\"name\":\"Duitslandscan helpt Noord-Limburgse bedrijven - Ondernemend Venlo\",\"isPartOf\":{\"@id\":\"https:\/\/www.ondernemendvenlo.nl\/#website\"},\"primaryImageOfPage\":{\"@id\":\"https:\/\/www.ondernemendvenlo.nl\/duitslandscan-helpt-noord-limburgse-bedrijven\/#primaryimage\"},\"image\":{\"@id\":\"https:\/\/www.ondernemendvenlo.nl\/duitslandscan-helpt-noord-limburgse-bedrijven\/#primaryimage\"},\"thumbnailUrl\":\"https:\/\/www.ondernemendvenlo.nl\/wp-content\/uploads\/2025\/04\/Commissie-Internationalisering-O.V.jpg\",\"datePublished\":\"2019-03-28T15:05:51+00:00\",\"breadcrumb\":{\"@id\":\"https:\/\/www.ondernemendvenlo.nl\/duitslandscan-helpt-noord-limburgse-bedrijven\/#breadcrumb\"},\"inLanguage\":\"fr-FR\",\"potentialAction\":[{\"@type\":\"ReadAction\",\"target\":[\"https:\/\/www.ondernemendvenlo.nl\/duitslandscan-helpt-noord-limburgse-bedrijven\/\"]}]},{\"@type\":\"ImageObject\",\"inLanguage\":\"fr-FR\",\"@id\":\"https:\/\/www.ondernemendvenlo.nl\/duitslandscan-helpt-noord-limburgse-bedrijven\/#primaryimage\",\"url\":\"https:\/\/www.ondernemendvenlo.nl\/wp-content\/uploads\/2025\/04\/Commissie-Internationalisering-O.V.jpg\",\"contentUrl\":\"https:\/\/www.ondernemendvenlo.nl\/wp-content\/uploads\/2025\/04\/Commissie-Internationalisering-O.V.jpg\",\"width\":800,\"height\":533},{\"@type\":\"BreadcrumbList\",\"@id\":\"https:\/\/www.ondernemendvenlo.nl\/duitslandscan-helpt-noord-limburgse-bedrijven\/#breadcrumb\",\"itemListElement\":[{\"@type\":\"ListItem\",\"position\":1,\"name\":\"Ondernemend Venlo\",\"item\":\"https:\/\/www.ondernemendvenlo.nl\/\"},{\"@type\":\"ListItem\",\"position\":2,\"name\":\"Nieuws\",\"item\":\"https:\/\/www.ondernemendvenlo.nl\/categorie\/nieuws\/\"},{\"@type\":\"ListItem\",\"position\":3,\"name\":\"Duitslandscan helpt Noord-Limburgse bedrijven\"}]},{\"@type\":\"WebSite\",\"@id\":\"https:\/\/www.ondernemendvenlo.nl\/#website\",\"url\":\"https:\/\/www.ondernemendvenlo.nl\/\",\"name\":\"Ondernemend Venlo\",\"description\":\"Samen succesvol ondernemen\",\"publisher\":{\"@id\":\"https:\/\/www.ondernemendvenlo.nl\/#organization\"},\"potentialAction\":[{\"@type\":\"SearchAction\",\"target\":{\"@type\":\"EntryPoint\",\"urlTemplate\":\"https:\/\/www.ondernemendvenlo.nl\/?s={search_term_string}\"},\"query-input\":{\"@type\":\"PropertyValueSpecification\",\"valueRequired\":true,\"valueName\":\"search_term_string\"}}],\"inLanguage\":\"fr-FR\"},{\"@type\":\"Organization\",\"@id\":\"https:\/\/www.ondernemendvenlo.nl\/#organization\",\"name\":\"Ondernemend Venlo\",\"url\":\"https:\/\/www.ondernemendvenlo.nl\/\",\"logo\":{\"@type\":\"ImageObject\",\"inLanguage\":\"fr-FR\",\"@id\":\"https:\/\/www.ondernemendvenlo.nl\/#\/schema\/logo\/image\/\",\"url\":\"https:\/\/www.ondernemendvenlo.nl\/wp-content\/uploads\/2025\/02\/Ondernemend-Venlo-logo-scaled.webp\",\"contentUrl\":\"https:\/\/www.ondernemendvenlo.nl\/wp-content\/uploads\/2025\/02\/Ondernemend-Venlo-logo-scaled.webp\",\"width\":2560,\"height\":1010,\"caption\":\"Ondernemend Venlo\"},\"image\":{\"@id\":\"https:\/\/www.ondernemendvenlo.nl\/#\/schema\/logo\/image\/\"},\"sameAs\":[\"https:\/\/www.linkedin.com\/company\/ondernemend-venlo\/\"]},{\"@type\":\"Person\",\"@id\":\"https:\/\/www.ondernemendvenlo.nl\/#\/schema\/person\/347e935f8ad4c7030608ef74bb57aa6e\",\"name\":\"admin\",\"image\":{\"@type\":\"ImageObject\",\"inLanguage\":\"fr-FR\",\"@id\":\"https:\/\/www.ondernemendvenlo.nl\/#\/schema\/person\/image\/\",\"url\":\"https:\/\/www.ondernemendvenlo.nl\/wp-content\/litespeed\/avatar\/720af750b037aecf6e33e12833479059.jpg?ver=1777382954\",\"contentUrl\":\"https:\/\/www.ondernemendvenlo.nl\/wp-content\/litespeed\/avatar\/720af750b037aecf6e33e12833479059.jpg?ver=1777382954\",\"caption\":\"admin\"},\"sameAs\":[\"https:\/\/www.ondernemendvenlo.nl\"]}]}<\/script>\n<!-- \/ Yoast SEO plugin. -->","yoast_head_json":{"title":"Duitslandscan helpt Noord-Limburgse bedrijven - Ondernemend Venlo","robots":{"index":"index","follow":"follow","max-snippet":"max-snippet:-1","max-image-preview":"max-image-preview:large","max-video-preview":"max-video-preview:-1"},"canonical":"https:\/\/www.ondernemendvenlo.nl\/fr\/duitslandscan-helpt-noord-limburgse-bedrijven\/","og_locale":"fr_FR","og_type":"article","og_title":"Duitslandscan helpt Noord-Limburgse bedrijven - Ondernemend Venlo","og_description":"Zakendoen in Duitsland. De Duitslandscan helpt Noord-Limburgse bedrijven bij een soepele start! Op donderdag 28.03.2019 overhandigde de Commissie Internationalisering Ondernemend Venlo de Duitslandscan aan Wethouder Erwin Boom van Gemeente Venlo. De Duitslandscan ondersteunt Noord-Limburgse ondernemers bij het grensoverschrijdend zakendoen en maakt de toetreding op de Duitse markt een stuk gemakkelijker. De Duitslandscan De Duitslandscan is [&hellip;]","og_url":"https:\/\/www.ondernemendvenlo.nl\/fr\/duitslandscan-helpt-noord-limburgse-bedrijven\/","og_site_name":"Ondernemend Venlo","article_published_time":"2019-03-28T15:05:51+00:00","og_image":[{"width":800,"height":533,"url":"https:\/\/www.ondernemendvenlo.nl\/wp-content\/uploads\/2025\/04\/Commissie-Internationalisering-O.V.jpg","type":"image\/jpeg"}],"author":"admin","twitter_card":"summary_large_image","twitter_misc":{"\u00c9crit par":"admin","Dur\u00e9e de lecture estim\u00e9e":"2 minutes"},"schema":{"@context":"https:\/\/schema.org","@graph":[{"@type":"Article","@id":"https:\/\/www.ondernemendvenlo.nl\/duitslandscan-helpt-noord-limburgse-bedrijven\/#article","isPartOf":{"@id":"https:\/\/www.ondernemendvenlo.nl\/duitslandscan-helpt-noord-limburgse-bedrijven\/"},"author":{"name":"admin","@id":"https:\/\/www.ondernemendvenlo.nl\/#\/schema\/person\/347e935f8ad4c7030608ef74bb57aa6e"},"headline":"Duitslandscan helpt Noord-Limburgse bedrijven","datePublished":"2019-03-28T15:05:51+00:00","mainEntityOfPage":{"@id":"https:\/\/www.ondernemendvenlo.nl\/duitslandscan-helpt-noord-limburgse-bedrijven\/"},"wordCount":461,"publisher":{"@id":"https:\/\/www.ondernemendvenlo.nl\/#organization"},"image":{"@id":"https:\/\/www.ondernemendvenlo.nl\/duitslandscan-helpt-noord-limburgse-bedrijven\/#primaryimage"},"thumbnailUrl":"https:\/\/www.ondernemendvenlo.nl\/wp-content\/uploads\/2025\/04\/Commissie-Internationalisering-O.V.jpg","articleSection":["Nieuws"],"inLanguage":"fr-FR"},{"@type":"WebPage","@id":"https:\/\/www.ondernemendvenlo.nl\/duitslandscan-helpt-noord-limburgse-bedrijven\/","url":"https:\/\/www.ondernemendvenlo.nl\/duitslandscan-helpt-noord-limburgse-bedrijven\/","name":"Duitslandscan helpt Noord-Limburgse bedrijven - Ondernemend Venlo","isPartOf":{"@id":"https:\/\/www.ondernemendvenlo.nl\/#website"},"primaryImageOfPage":{"@id":"https:\/\/www.ondernemendvenlo.nl\/duitslandscan-helpt-noord-limburgse-bedrijven\/#primaryimage"},"image":{"@id":"https:\/\/www.ondernemendvenlo.nl\/duitslandscan-helpt-noord-limburgse-bedrijven\/#primaryimage"},"thumbnailUrl":"https:\/\/www.ondernemendvenlo.nl\/wp-content\/uploads\/2025\/04\/Commissie-Internationalisering-O.V.jpg","datePublished":"2019-03-28T15:05:51+00:00","breadcrumb":{"@id":"https:\/\/www.ondernemendvenlo.nl\/duitslandscan-helpt-noord-limburgse-bedrijven\/#breadcrumb"},"inLanguage":"fr-FR","potentialAction":[{"@type":"ReadAction","target":["https:\/\/www.ondernemendvenlo.nl\/duitslandscan-helpt-noord-limburgse-bedrijven\/"]}]},{"@type":"ImageObject","inLanguage":"fr-FR","@id":"https:\/\/www.ondernemendvenlo.nl\/duitslandscan-helpt-noord-limburgse-bedrijven\/#primaryimage","url":"https:\/\/www.ondernemendvenlo.nl\/wp-content\/uploads\/2025\/04\/Commissie-Internationalisering-O.V.jpg","contentUrl":"https:\/\/www.ondernemendvenlo.nl\/wp-content\/uploads\/2025\/04\/Commissie-Internationalisering-O.V.jpg","width":800,"height":533},{"@type":"BreadcrumbList","@id":"https:\/\/www.ondernemendvenlo.nl\/duitslandscan-helpt-noord-limburgse-bedrijven\/#breadcrumb","itemListElement":[{"@type":"ListItem","position":1,"name":"Ondernemend Venlo","item":"https:\/\/www.ondernemendvenlo.nl\/"},{"@type":"ListItem","position":2,"name":"Nieuws","item":"https:\/\/www.ondernemendvenlo.nl\/categorie\/nieuws\/"},{"@type":"ListItem","position":3,"name":"Duitslandscan helpt Noord-Limburgse bedrijven"}]},{"@type":"WebSite","@id":"https:\/\/www.ondernemendvenlo.nl\/#website","url":"https:\/\/www.ondernemendvenlo.nl\/","name":"Venlo entrepreneurial","description":"Travailler ensemble avec succ\u00e8s","publisher":{"@id":"https:\/\/www.ondernemendvenlo.nl\/#organization"},"potentialAction":[{"@type":"SearchAction","target":{"@type":"EntryPoint","urlTemplate":"https:\/\/www.ondernemendvenlo.nl\/?s={search_term_string}"},"query-input":{"@type":"PropertyValueSpecification","valueRequired":true,"valueName":"search_term_string"}}],"inLanguage":"fr-FR"},{"@type":"Organization","@id":"https:\/\/www.ondernemendvenlo.nl\/#organization","name":"Venlo entrepreneurial","url":"https:\/\/www.ondernemendvenlo.nl\/","logo":{"@type":"ImageObject","inLanguage":"fr-FR","@id":"https:\/\/www.ondernemendvenlo.nl\/#\/schema\/logo\/image\/","url":"https:\/\/www.ondernemendvenlo.nl\/wp-content\/uploads\/2025\/02\/Ondernemend-Venlo-logo-scaled.webp","contentUrl":"https:\/\/www.ondernemendvenlo.nl\/wp-content\/uploads\/2025\/02\/Ondernemend-Venlo-logo-scaled.webp","width":2560,"height":1010,"caption":"Ondernemend Venlo"},"image":{"@id":"https:\/\/www.ondernemendvenlo.nl\/#\/schema\/logo\/image\/"},"sameAs":["https:\/\/www.linkedin.com\/company\/ondernemend-venlo\/"]},{"@type":"Person","@id":"https:\/\/www.ondernemendvenlo.nl\/#\/schema\/person\/347e935f8ad4c7030608ef74bb57aa6e","name":"admin","image":{"@type":"ImageObject","inLanguage":"fr-FR","@id":"https:\/\/www.ondernemendvenlo.nl\/#\/schema\/person\/image\/","url":"https:\/\/www.ondernemendvenlo.nl\/wp-content\/litespeed\/avatar\/720af750b037aecf6e33e12833479059.jpg?ver=1777382954","contentUrl":"https:\/\/www.ondernemendvenlo.nl\/wp-content\/litespeed\/avatar\/720af750b037aecf6e33e12833479059.jpg?ver=1777382954","caption":"admin"},"sameAs":["https:\/\/www.ondernemendvenlo.nl"]}]}},"_links":{"self":[{"href":"https:\/\/www.ondernemendvenlo.nl\/fr\/wp-json\/wp\/v2\/posts\/1546","targetHints":{"allow":["GET"]}}],"collection":[{"href":"https:\/\/www.ondernemendvenlo.nl\/fr\/wp-json\/wp\/v2\/posts"}],"about":[{"href":"https:\/\/www.ondernemendvenlo.nl\/fr\/wp-json\/wp\/v2\/types\/post"}],"author":[{"embeddable":true,"href":"https:\/\/www.ondernemendvenlo.nl\/fr\/wp-json\/wp\/v2\/users\/1"}],"replies":[{"embeddable":true,"href":"https:\/\/www.ondernemendvenlo.nl\/fr\/wp-json\/wp\/v2\/comments?post=1546"}],"version-history":[{"count":0,"href":"https:\/\/www.ondernemendvenlo.nl\/fr\/wp-json\/wp\/v2\/posts\/1546\/revisions"}],"wp:featuredmedia":[{"embeddable":true,"href":"https:\/\/www.ondernemendvenlo.nl\/fr\/wp-json\/wp\/v2\/media\/1547"}],"wp:attachment":[{"href":"https:\/\/www.ondernemendvenlo.nl\/fr\/wp-json\/wp\/v2\/media?parent=1546"}],"wp:term":[{"taxonomy":"category","embeddable":true,"href":"https:\/\/www.ondernemendvenlo.nl\/fr\/wp-json\/wp\/v2\/categories?post=1546"},{"taxonomy":"post_tag","embeddable":true,"href":"https:\/\/www.ondernemendvenlo.nl\/fr\/wp-json\/wp\/v2\/tags?post=1546"}],"curies":[{"name":"wp","href":"https:\/\/api.w.org\/{rel}","templated":true}]}}