{"id":1599,"date":"2018-11-06T12:47:17","date_gmt":"2018-11-06T11:47:17","guid":{"rendered":"https:\/\/www.ondernemendvenlo.nl\/duurzame-dwarsdenkers-stad-van-de-toekomst\/"},"modified":"2018-11-06T12:47:17","modified_gmt":"2018-11-06T11:47:17","slug":"duurzame-dwarsdenkers-stad-van-de-toekomst","status":"publish","type":"post","link":"https:\/\/www.ondernemendvenlo.nl\/fr\/duurzame-dwarsdenkers-stad-van-de-toekomst\/","title":{"rendered":"Duurzame Dwarsdenkers &#8211; stad van de toekomst"},"content":{"rendered":"<p>[vc_row][vc_column][vc_column_text]Op vrijdag 26 oktober 2018 vond de eerste bijeenkomst van Duurzame Dwarsdenkers plaats in de Manufactuur in Venlo-Blerick. Arie Voorburg nam de aanwezigen mee in zijn femoneen \u2018stad\u2019 in al zijn facetten. Hoe kunnen we voorspellend en anticiperend omgaan met de toekomstige duurzame ontwikkelingen binnen de complexiteit van het fenomeen stad? Daarvoor gebruikt hij de Urban System Scan.<\/p>\n<p>Naast spreker Arie Voorburg kwamen diverse ondernemers aan het woord. Zij gaven een korte presentatie op de zeepkist over hoe duurzaamheid een rol speelt in hun vakgebied.<\/p>\n<p><a href=\"\/wp-content\/uploads\/2019\/06\/VerslagDuurzameDwarsdenkers-Stadvandetoekomst.pdf\" target=\"_blank\" rel=\"noopener noreferrer\">Klik hier om het hele verslag te lezen.<\/a>[\/vc_column_text][\/vc_column][\/vc_row]<\/p>","protected":false},"excerpt":{"rendered":"<p>[vc_row][vc_column][vc_column_text]Op vrijdag 26 oktober 2018 vond de eerste bijeenkomst van Duurzame Dwarsdenkers plaats in de Manufactuur in Venlo-Blerick. Arie Voorburg nam de aanwezigen mee in zijn femoneen \u2018stad\u2019 in al zijn facetten. Hoe kunnen we voorspellend en anticiperend omgaan met de toekomstige duurzame ontwikkelingen binnen de complexiteit van het fenomeen stad? Daarvoor gebruikt hij de [&hellip;]<\/p>","protected":false},"author":1,"featured_media":1600,"comment_status":"closed","ping_status":"open","sticky":false,"template":"","format":"standard","meta":{"_acf_changed":false,"footnotes":""},"categories":[8],"tags":[],"class_list":["post-1599","post","type-post","status-publish","format-standard","has-post-thumbnail","hentry","category-nieuws"],"acf":[],"yoast_head":"<!-- This site is optimized with the Yoast SEO plugin v26.3 - https:\/\/yoast.com\/wordpress\/plugins\/seo\/ -->\n<title>Duurzame Dwarsdenkers - stad van de toekomst - Ondernemend Venlo<\/title>\n<meta name=\"robots\" content=\"index, follow, max-snippet:-1, max-image-preview:large, max-video-preview:-1\" \/>\n<link rel=\"canonical\" href=\"https:\/\/www.ondernemendvenlo.nl\/fr\/duurzame-dwarsdenkers-stad-van-de-toekomst\/\" \/>\n<meta property=\"og:locale\" content=\"fr_FR\" \/>\n<meta property=\"og:type\" content=\"article\" \/>\n<meta property=\"og:title\" content=\"Duurzame Dwarsdenkers - stad van de toekomst - Ondernemend Venlo\" \/>\n<meta property=\"og:description\" content=\"[vc_row][vc_column][vc_column_text]Op vrijdag 26 oktober 2018 vond de eerste bijeenkomst van Duurzame Dwarsdenkers plaats in de Manufactuur in Venlo-Blerick. Arie Voorburg nam de aanwezigen mee in zijn femoneen \u2018stad\u2019 in al zijn facetten. Hoe kunnen we voorspellend en anticiperend omgaan met de toekomstige duurzame ontwikkelingen binnen de complexiteit van het fenomeen stad? Daarvoor gebruikt hij de [&hellip;]\" \/>\n<meta property=\"og:url\" content=\"https:\/\/www.ondernemendvenlo.nl\/fr\/duurzame-dwarsdenkers-stad-van-de-toekomst\/\" \/>\n<meta property=\"og:site_name\" content=\"Ondernemend Venlo\" \/>\n<meta property=\"article:published_time\" content=\"2018-11-06T11:47:17+00:00\" \/>\n<meta property=\"og:image\" content=\"https:\/\/www.ondernemendvenlo.nl\/wp-content\/uploads\/2025\/04\/stad-van-de-toekomst.png\" \/>\n\t<meta property=\"og:image:width\" content=\"1000\" \/>\n\t<meta property=\"og:image:height\" content=\"333\" \/>\n\t<meta property=\"og:image:type\" content=\"image\/png\" \/>\n<meta name=\"author\" content=\"admin\" \/>\n<meta name=\"twitter:card\" content=\"summary_large_image\" \/>\n<meta name=\"twitter:label1\" content=\"\u00c9crit par\" \/>\n\t<meta name=\"twitter:data1\" content=\"admin\" \/>\n\t<meta name=\"twitter:label2\" content=\"Dur\u00e9e de lecture estim\u00e9e\" \/>\n\t<meta name=\"twitter:data2\" content=\"1 minute\" \/>\n<script type=\"application\/ld+json\" class=\"yoast-schema-graph\">{\"@context\":\"https:\/\/schema.org\",\"@graph\":[{\"@type\":\"Article\",\"@id\":\"https:\/\/www.ondernemendvenlo.nl\/duurzame-dwarsdenkers-stad-van-de-toekomst\/#article\",\"isPartOf\":{\"@id\":\"https:\/\/www.ondernemendvenlo.nl\/duurzame-dwarsdenkers-stad-van-de-toekomst\/\"},\"author\":{\"name\":\"admin\",\"@id\":\"https:\/\/www.ondernemendvenlo.nl\/#\/schema\/person\/347e935f8ad4c7030608ef74bb57aa6e\"},\"headline\":\"Duurzame Dwarsdenkers &#8211; stad van de toekomst\",\"datePublished\":\"2018-11-06T11:47:17+00:00\",\"mainEntityOfPage\":{\"@id\":\"https:\/\/www.ondernemendvenlo.nl\/duurzame-dwarsdenkers-stad-van-de-toekomst\/\"},\"wordCount\":112,\"publisher\":{\"@id\":\"https:\/\/www.ondernemendvenlo.nl\/#organization\"},\"image\":{\"@id\":\"https:\/\/www.ondernemendvenlo.nl\/duurzame-dwarsdenkers-stad-van-de-toekomst\/#primaryimage\"},\"thumbnailUrl\":\"https:\/\/www.ondernemendvenlo.nl\/wp-content\/uploads\/2025\/04\/stad-van-de-toekomst.png\",\"articleSection\":[\"Nieuws\"],\"inLanguage\":\"fr-FR\"},{\"@type\":\"WebPage\",\"@id\":\"https:\/\/www.ondernemendvenlo.nl\/duurzame-dwarsdenkers-stad-van-de-toekomst\/\",\"url\":\"https:\/\/www.ondernemendvenlo.nl\/duurzame-dwarsdenkers-stad-van-de-toekomst\/\",\"name\":\"Duurzame Dwarsdenkers - stad van de toekomst - Ondernemend Venlo\",\"isPartOf\":{\"@id\":\"https:\/\/www.ondernemendvenlo.nl\/#website\"},\"primaryImageOfPage\":{\"@id\":\"https:\/\/www.ondernemendvenlo.nl\/duurzame-dwarsdenkers-stad-van-de-toekomst\/#primaryimage\"},\"image\":{\"@id\":\"https:\/\/www.ondernemendvenlo.nl\/duurzame-dwarsdenkers-stad-van-de-toekomst\/#primaryimage\"},\"thumbnailUrl\":\"https:\/\/www.ondernemendvenlo.nl\/wp-content\/uploads\/2025\/04\/stad-van-de-toekomst.png\",\"datePublished\":\"2018-11-06T11:47:17+00:00\",\"breadcrumb\":{\"@id\":\"https:\/\/www.ondernemendvenlo.nl\/duurzame-dwarsdenkers-stad-van-de-toekomst\/#breadcrumb\"},\"inLanguage\":\"fr-FR\",\"potentialAction\":[{\"@type\":\"ReadAction\",\"target\":[\"https:\/\/www.ondernemendvenlo.nl\/duurzame-dwarsdenkers-stad-van-de-toekomst\/\"]}]},{\"@type\":\"ImageObject\",\"inLanguage\":\"fr-FR\",\"@id\":\"https:\/\/www.ondernemendvenlo.nl\/duurzame-dwarsdenkers-stad-van-de-toekomst\/#primaryimage\",\"url\":\"https:\/\/www.ondernemendvenlo.nl\/wp-content\/uploads\/2025\/04\/stad-van-de-toekomst.png\",\"contentUrl\":\"https:\/\/www.ondernemendvenlo.nl\/wp-content\/uploads\/2025\/04\/stad-van-de-toekomst.png\",\"width\":1000,\"height\":333},{\"@type\":\"BreadcrumbList\",\"@id\":\"https:\/\/www.ondernemendvenlo.nl\/duurzame-dwarsdenkers-stad-van-de-toekomst\/#breadcrumb\",\"itemListElement\":[{\"@type\":\"ListItem\",\"position\":1,\"name\":\"Ondernemend Venlo\",\"item\":\"https:\/\/www.ondernemendvenlo.nl\/\"},{\"@type\":\"ListItem\",\"position\":2,\"name\":\"Nieuws\",\"item\":\"https:\/\/www.ondernemendvenlo.nl\/categorie\/nieuws\/\"},{\"@type\":\"ListItem\",\"position\":3,\"name\":\"Duurzame Dwarsdenkers &#8211; stad van de toekomst\"}]},{\"@type\":\"WebSite\",\"@id\":\"https:\/\/www.ondernemendvenlo.nl\/#website\",\"url\":\"https:\/\/www.ondernemendvenlo.nl\/\",\"name\":\"Ondernemend Venlo\",\"description\":\"Samen succesvol ondernemen\",\"publisher\":{\"@id\":\"https:\/\/www.ondernemendvenlo.nl\/#organization\"},\"potentialAction\":[{\"@type\":\"SearchAction\",\"target\":{\"@type\":\"EntryPoint\",\"urlTemplate\":\"https:\/\/www.ondernemendvenlo.nl\/?s={search_term_string}\"},\"query-input\":{\"@type\":\"PropertyValueSpecification\",\"valueRequired\":true,\"valueName\":\"search_term_string\"}}],\"inLanguage\":\"fr-FR\"},{\"@type\":\"Organization\",\"@id\":\"https:\/\/www.ondernemendvenlo.nl\/#organization\",\"name\":\"Ondernemend Venlo\",\"url\":\"https:\/\/www.ondernemendvenlo.nl\/\",\"logo\":{\"@type\":\"ImageObject\",\"inLanguage\":\"fr-FR\",\"@id\":\"https:\/\/www.ondernemendvenlo.nl\/#\/schema\/logo\/image\/\",\"url\":\"https:\/\/www.ondernemendvenlo.nl\/wp-content\/uploads\/2025\/02\/Ondernemend-Venlo-logo-scaled.webp\",\"contentUrl\":\"https:\/\/www.ondernemendvenlo.nl\/wp-content\/uploads\/2025\/02\/Ondernemend-Venlo-logo-scaled.webp\",\"width\":2560,\"height\":1010,\"caption\":\"Ondernemend Venlo\"},\"image\":{\"@id\":\"https:\/\/www.ondernemendvenlo.nl\/#\/schema\/logo\/image\/\"},\"sameAs\":[\"https:\/\/www.linkedin.com\/company\/ondernemend-venlo\/\"]},{\"@type\":\"Person\",\"@id\":\"https:\/\/www.ondernemendvenlo.nl\/#\/schema\/person\/347e935f8ad4c7030608ef74bb57aa6e\",\"name\":\"admin\",\"image\":{\"@type\":\"ImageObject\",\"inLanguage\":\"fr-FR\",\"@id\":\"https:\/\/www.ondernemendvenlo.nl\/#\/schema\/person\/image\/\",\"url\":\"https:\/\/www.ondernemendvenlo.nl\/wp-content\/litespeed\/avatar\/720af750b037aecf6e33e12833479059.jpg?ver=1777382954\",\"contentUrl\":\"https:\/\/www.ondernemendvenlo.nl\/wp-content\/litespeed\/avatar\/720af750b037aecf6e33e12833479059.jpg?ver=1777382954\",\"caption\":\"admin\"},\"sameAs\":[\"https:\/\/www.ondernemendvenlo.nl\"]}]}<\/script>\n<!-- \/ Yoast SEO plugin. -->","yoast_head_json":{"title":"Duurzame Dwarsdenkers - stad van de toekomst - Ondernemend Venlo","robots":{"index":"index","follow":"follow","max-snippet":"max-snippet:-1","max-image-preview":"max-image-preview:large","max-video-preview":"max-video-preview:-1"},"canonical":"https:\/\/www.ondernemendvenlo.nl\/fr\/duurzame-dwarsdenkers-stad-van-de-toekomst\/","og_locale":"fr_FR","og_type":"article","og_title":"Duurzame Dwarsdenkers - stad van de toekomst - Ondernemend Venlo","og_description":"[vc_row][vc_column][vc_column_text]Op vrijdag 26 oktober 2018 vond de eerste bijeenkomst van Duurzame Dwarsdenkers plaats in de Manufactuur in Venlo-Blerick. Arie Voorburg nam de aanwezigen mee in zijn femoneen \u2018stad\u2019 in al zijn facetten. Hoe kunnen we voorspellend en anticiperend omgaan met de toekomstige duurzame ontwikkelingen binnen de complexiteit van het fenomeen stad? Daarvoor gebruikt hij de [&hellip;]","og_url":"https:\/\/www.ondernemendvenlo.nl\/fr\/duurzame-dwarsdenkers-stad-van-de-toekomst\/","og_site_name":"Ondernemend Venlo","article_published_time":"2018-11-06T11:47:17+00:00","og_image":[{"width":1000,"height":333,"url":"https:\/\/www.ondernemendvenlo.nl\/wp-content\/uploads\/2025\/04\/stad-van-de-toekomst.png","type":"image\/png"}],"author":"admin","twitter_card":"summary_large_image","twitter_misc":{"\u00c9crit par":"admin","Dur\u00e9e de lecture estim\u00e9e":"1 minute"},"schema":{"@context":"https:\/\/schema.org","@graph":[{"@type":"Article","@id":"https:\/\/www.ondernemendvenlo.nl\/duurzame-dwarsdenkers-stad-van-de-toekomst\/#article","isPartOf":{"@id":"https:\/\/www.ondernemendvenlo.nl\/duurzame-dwarsdenkers-stad-van-de-toekomst\/"},"author":{"name":"admin","@id":"https:\/\/www.ondernemendvenlo.nl\/#\/schema\/person\/347e935f8ad4c7030608ef74bb57aa6e"},"headline":"Duurzame Dwarsdenkers &#8211; stad van de toekomst","datePublished":"2018-11-06T11:47:17+00:00","mainEntityOfPage":{"@id":"https:\/\/www.ondernemendvenlo.nl\/duurzame-dwarsdenkers-stad-van-de-toekomst\/"},"wordCount":112,"publisher":{"@id":"https:\/\/www.ondernemendvenlo.nl\/#organization"},"image":{"@id":"https:\/\/www.ondernemendvenlo.nl\/duurzame-dwarsdenkers-stad-van-de-toekomst\/#primaryimage"},"thumbnailUrl":"https:\/\/www.ondernemendvenlo.nl\/wp-content\/uploads\/2025\/04\/stad-van-de-toekomst.png","articleSection":["Nieuws"],"inLanguage":"fr-FR"},{"@type":"WebPage","@id":"https:\/\/www.ondernemendvenlo.nl\/duurzame-dwarsdenkers-stad-van-de-toekomst\/","url":"https:\/\/www.ondernemendvenlo.nl\/duurzame-dwarsdenkers-stad-van-de-toekomst\/","name":"Duurzame Dwarsdenkers - stad van de toekomst - Ondernemend Venlo","isPartOf":{"@id":"https:\/\/www.ondernemendvenlo.nl\/#website"},"primaryImageOfPage":{"@id":"https:\/\/www.ondernemendvenlo.nl\/duurzame-dwarsdenkers-stad-van-de-toekomst\/#primaryimage"},"image":{"@id":"https:\/\/www.ondernemendvenlo.nl\/duurzame-dwarsdenkers-stad-van-de-toekomst\/#primaryimage"},"thumbnailUrl":"https:\/\/www.ondernemendvenlo.nl\/wp-content\/uploads\/2025\/04\/stad-van-de-toekomst.png","datePublished":"2018-11-06T11:47:17+00:00","breadcrumb":{"@id":"https:\/\/www.ondernemendvenlo.nl\/duurzame-dwarsdenkers-stad-van-de-toekomst\/#breadcrumb"},"inLanguage":"fr-FR","potentialAction":[{"@type":"ReadAction","target":["https:\/\/www.ondernemendvenlo.nl\/duurzame-dwarsdenkers-stad-van-de-toekomst\/"]}]},{"@type":"ImageObject","inLanguage":"fr-FR","@id":"https:\/\/www.ondernemendvenlo.nl\/duurzame-dwarsdenkers-stad-van-de-toekomst\/#primaryimage","url":"https:\/\/www.ondernemendvenlo.nl\/wp-content\/uploads\/2025\/04\/stad-van-de-toekomst.png","contentUrl":"https:\/\/www.ondernemendvenlo.nl\/wp-content\/uploads\/2025\/04\/stad-van-de-toekomst.png","width":1000,"height":333},{"@type":"BreadcrumbList","@id":"https:\/\/www.ondernemendvenlo.nl\/duurzame-dwarsdenkers-stad-van-de-toekomst\/#breadcrumb","itemListElement":[{"@type":"ListItem","position":1,"name":"Ondernemend Venlo","item":"https:\/\/www.ondernemendvenlo.nl\/"},{"@type":"ListItem","position":2,"name":"Nieuws","item":"https:\/\/www.ondernemendvenlo.nl\/categorie\/nieuws\/"},{"@type":"ListItem","position":3,"name":"Duurzame Dwarsdenkers &#8211; stad van de toekomst"}]},{"@type":"WebSite","@id":"https:\/\/www.ondernemendvenlo.nl\/#website","url":"https:\/\/www.ondernemendvenlo.nl\/","name":"Venlo entrepreneurial","description":"Travailler ensemble avec succ\u00e8s","publisher":{"@id":"https:\/\/www.ondernemendvenlo.nl\/#organization"},"potentialAction":[{"@type":"SearchAction","target":{"@type":"EntryPoint","urlTemplate":"https:\/\/www.ondernemendvenlo.nl\/?s={search_term_string}"},"query-input":{"@type":"PropertyValueSpecification","valueRequired":true,"valueName":"search_term_string"}}],"inLanguage":"fr-FR"},{"@type":"Organization","@id":"https:\/\/www.ondernemendvenlo.nl\/#organization","name":"Venlo entrepreneurial","url":"https:\/\/www.ondernemendvenlo.nl\/","logo":{"@type":"ImageObject","inLanguage":"fr-FR","@id":"https:\/\/www.ondernemendvenlo.nl\/#\/schema\/logo\/image\/","url":"https:\/\/www.ondernemendvenlo.nl\/wp-content\/uploads\/2025\/02\/Ondernemend-Venlo-logo-scaled.webp","contentUrl":"https:\/\/www.ondernemendvenlo.nl\/wp-content\/uploads\/2025\/02\/Ondernemend-Venlo-logo-scaled.webp","width":2560,"height":1010,"caption":"Ondernemend Venlo"},"image":{"@id":"https:\/\/www.ondernemendvenlo.nl\/#\/schema\/logo\/image\/"},"sameAs":["https:\/\/www.linkedin.com\/company\/ondernemend-venlo\/"]},{"@type":"Person","@id":"https:\/\/www.ondernemendvenlo.nl\/#\/schema\/person\/347e935f8ad4c7030608ef74bb57aa6e","name":"admin","image":{"@type":"ImageObject","inLanguage":"fr-FR","@id":"https:\/\/www.ondernemendvenlo.nl\/#\/schema\/person\/image\/","url":"https:\/\/www.ondernemendvenlo.nl\/wp-content\/litespeed\/avatar\/720af750b037aecf6e33e12833479059.jpg?ver=1777382954","contentUrl":"https:\/\/www.ondernemendvenlo.nl\/wp-content\/litespeed\/avatar\/720af750b037aecf6e33e12833479059.jpg?ver=1777382954","caption":"admin"},"sameAs":["https:\/\/www.ondernemendvenlo.nl"]}]}},"_links":{"self":[{"href":"https:\/\/www.ondernemendvenlo.nl\/fr\/wp-json\/wp\/v2\/posts\/1599","targetHints":{"allow":["GET"]}}],"collection":[{"href":"https:\/\/www.ondernemendvenlo.nl\/fr\/wp-json\/wp\/v2\/posts"}],"about":[{"href":"https:\/\/www.ondernemendvenlo.nl\/fr\/wp-json\/wp\/v2\/types\/post"}],"author":[{"embeddable":true,"href":"https:\/\/www.ondernemendvenlo.nl\/fr\/wp-json\/wp\/v2\/users\/1"}],"replies":[{"embeddable":true,"href":"https:\/\/www.ondernemendvenlo.nl\/fr\/wp-json\/wp\/v2\/comments?post=1599"}],"version-history":[{"count":0,"href":"https:\/\/www.ondernemendvenlo.nl\/fr\/wp-json\/wp\/v2\/posts\/1599\/revisions"}],"wp:featuredmedia":[{"embeddable":true,"href":"https:\/\/www.ondernemendvenlo.nl\/fr\/wp-json\/wp\/v2\/media\/1600"}],"wp:attachment":[{"href":"https:\/\/www.ondernemendvenlo.nl\/fr\/wp-json\/wp\/v2\/media?parent=1599"}],"wp:term":[{"taxonomy":"category","embeddable":true,"href":"https:\/\/www.ondernemendvenlo.nl\/fr\/wp-json\/wp\/v2\/categories?post=1599"},{"taxonomy":"post_tag","embeddable":true,"href":"https:\/\/www.ondernemendvenlo.nl\/fr\/wp-json\/wp\/v2\/tags?post=1599"}],"curies":[{"name":"wp","href":"https:\/\/api.w.org\/{rel}","templated":true}]}}