{"id":1604,"date":"2018-09-19T12:02:26","date_gmt":"2018-09-19T10:02:26","guid":{"rendered":"https:\/\/www.ondernemendvenlo.nl\/kick-off-werkgroep-verduurzaming-bedrijventerreinen\/"},"modified":"2018-09-19T12:02:26","modified_gmt":"2018-09-19T10:02:26","slug":"kick-off-werkgroep-verduurzaming-bedrijventerreinen","status":"publish","type":"post","link":"https:\/\/www.ondernemendvenlo.nl\/fr\/kick-off-werkgroep-verduurzaming-bedrijventerreinen\/","title":{"rendered":"Lancement du groupe de travail sur les parcs d'activit\u00e9s durables"},"content":{"rendered":"<p>[vc_row][vc_column][vc_column_text]Op 18 september was de kick-off van de werkgroep verduurzaming bedrijventerreinen. De werkgroep gaat een pilot opzetten voor de verduurzaming van industrieterrein Noorderpoort. De samenwerking moet leiden tot een aantal resultaten die als model gebruikt kunnen worden voor verduurzaming van andere bedrijventerreinen.<\/p>\n<p>De werkgroep bestaat uit een mooie mix van vertegenwoordigers uit het bedrijfsleven, overheid en onderwijs. Onderwerpen die onder andere aan bod kwamen waren energie, klimaatadaptatie (wateroverlast \u00e9n droogte) en mobiliteit.<\/p>\n<p><strong>Leden van de werkgroep:<\/strong><br \/>\nBas van Soest &#8211; Voorzitter Industrieclub Noorderpoort Ondernemend Venlo<br \/>\nHans Aarts &#8211; Fontys Venlo<br \/>\nLeon Bastiaans &#8211; VerduurZA<br \/>\nPeter Geurts &#8211; Oc\u00e9 Technologies<br \/>\nTim Versteylen &#8211; Rabobank<br \/>\nRuud Janssen &#8211; BMW<br \/>\nMartijn Stas &#8211; gemeente Venlo<br \/>\nLidy Rutten &#8211; parkmanager Ondernemend Venlo<br \/>\nSonja Demandt &#8211; parkmanager LWV<br \/>\nMieke Verhaegh &#8211; voorzitter commissie innovatie Ondernemend Venlo[\/vc_column_text][\/vc_column][\/vc_row]<\/p>","protected":false},"excerpt":{"rendered":"<p>[vc_row][vc_column][vc_column_text]Op 18 september was de kick-off van de werkgroep verduurzaming bedrijventerreinen. De werkgroep gaat een pilot opzetten voor de verduurzaming van industrieterrein Noorderpoort. De samenwerking moet leiden tot een aantal resultaten die als model gebruikt kunnen worden voor verduurzaming van andere bedrijventerreinen. De werkgroep bestaat uit een mooie mix van vertegenwoordigers uit het bedrijfsleven, overheid [&hellip;]<\/p>","protected":false},"author":1,"featured_media":1605,"comment_status":"closed","ping_status":"open","sticky":false,"template":"","format":"standard","meta":{"_acf_changed":false,"footnotes":""},"categories":[8],"tags":[],"class_list":["post-1604","post","type-post","status-publish","format-standard","has-post-thumbnail","hentry","category-nieuws"],"acf":[],"yoast_head":"<!-- This site is optimized with the Yoast SEO plugin v26.3 - https:\/\/yoast.com\/wordpress\/plugins\/seo\/ -->\n<title>Kick-off werkgroep verduurzaming bedrijventerreinen - Ondernemend Venlo<\/title>\n<meta name=\"robots\" content=\"index, follow, max-snippet:-1, max-image-preview:large, max-video-preview:-1\" \/>\n<link rel=\"canonical\" href=\"https:\/\/www.ondernemendvenlo.nl\/fr\/kick-off-werkgroep-verduurzaming-bedrijventerreinen\/\" \/>\n<meta property=\"og:locale\" content=\"fr_FR\" \/>\n<meta property=\"og:type\" content=\"article\" \/>\n<meta property=\"og:title\" content=\"Kick-off werkgroep verduurzaming bedrijventerreinen - Ondernemend Venlo\" \/>\n<meta property=\"og:description\" content=\"[vc_row][vc_column][vc_column_text]Op 18 september was de kick-off van de werkgroep verduurzaming bedrijventerreinen. De werkgroep gaat een pilot opzetten voor de verduurzaming van industrieterrein Noorderpoort. De samenwerking moet leiden tot een aantal resultaten die als model gebruikt kunnen worden voor verduurzaming van andere bedrijventerreinen. De werkgroep bestaat uit een mooie mix van vertegenwoordigers uit het bedrijfsleven, overheid [&hellip;]\" \/>\n<meta property=\"og:url\" content=\"https:\/\/www.ondernemendvenlo.nl\/fr\/kick-off-werkgroep-verduurzaming-bedrijventerreinen\/\" \/>\n<meta property=\"og:site_name\" content=\"Ondernemend Venlo\" \/>\n<meta property=\"article:published_time\" content=\"2018-09-19T10:02:26+00:00\" \/>\n<meta property=\"og:image\" content=\"https:\/\/www.ondernemendvenlo.nl\/wp-content\/uploads\/2025\/04\/werkgroep-verduurzaming.jpg\" \/>\n\t<meta property=\"og:image:width\" content=\"750\" \/>\n\t<meta property=\"og:image:height\" content=\"563\" \/>\n\t<meta property=\"og:image:type\" content=\"image\/jpeg\" \/>\n<meta name=\"author\" content=\"admin\" \/>\n<meta name=\"twitter:card\" content=\"summary_large_image\" \/>\n<meta name=\"twitter:label1\" content=\"\u00c9crit par\" \/>\n\t<meta name=\"twitter:data1\" content=\"admin\" \/>\n\t<meta name=\"twitter:label2\" content=\"Dur\u00e9e de lecture estim\u00e9e\" \/>\n\t<meta name=\"twitter:data2\" content=\"1 minute\" \/>\n<script type=\"application\/ld+json\" class=\"yoast-schema-graph\">{\"@context\":\"https:\/\/schema.org\",\"@graph\":[{\"@type\":\"Article\",\"@id\":\"https:\/\/www.ondernemendvenlo.nl\/kick-off-werkgroep-verduurzaming-bedrijventerreinen\/#article\",\"isPartOf\":{\"@id\":\"https:\/\/www.ondernemendvenlo.nl\/kick-off-werkgroep-verduurzaming-bedrijventerreinen\/\"},\"author\":{\"name\":\"admin\",\"@id\":\"https:\/\/www.ondernemendvenlo.nl\/#\/schema\/person\/347e935f8ad4c7030608ef74bb57aa6e\"},\"headline\":\"Kick-off werkgroep verduurzaming bedrijventerreinen\",\"datePublished\":\"2018-09-19T10:02:26+00:00\",\"mainEntityOfPage\":{\"@id\":\"https:\/\/www.ondernemendvenlo.nl\/kick-off-werkgroep-verduurzaming-bedrijventerreinen\/\"},\"wordCount\":148,\"publisher\":{\"@id\":\"https:\/\/www.ondernemendvenlo.nl\/#organization\"},\"image\":{\"@id\":\"https:\/\/www.ondernemendvenlo.nl\/kick-off-werkgroep-verduurzaming-bedrijventerreinen\/#primaryimage\"},\"thumbnailUrl\":\"https:\/\/www.ondernemendvenlo.nl\/wp-content\/uploads\/2025\/04\/werkgroep-verduurzaming.jpg\",\"articleSection\":[\"Nieuws\"],\"inLanguage\":\"fr-FR\"},{\"@type\":\"WebPage\",\"@id\":\"https:\/\/www.ondernemendvenlo.nl\/kick-off-werkgroep-verduurzaming-bedrijventerreinen\/\",\"url\":\"https:\/\/www.ondernemendvenlo.nl\/kick-off-werkgroep-verduurzaming-bedrijventerreinen\/\",\"name\":\"Kick-off werkgroep verduurzaming bedrijventerreinen - Ondernemend Venlo\",\"isPartOf\":{\"@id\":\"https:\/\/www.ondernemendvenlo.nl\/#website\"},\"primaryImageOfPage\":{\"@id\":\"https:\/\/www.ondernemendvenlo.nl\/kick-off-werkgroep-verduurzaming-bedrijventerreinen\/#primaryimage\"},\"image\":{\"@id\":\"https:\/\/www.ondernemendvenlo.nl\/kick-off-werkgroep-verduurzaming-bedrijventerreinen\/#primaryimage\"},\"thumbnailUrl\":\"https:\/\/www.ondernemendvenlo.nl\/wp-content\/uploads\/2025\/04\/werkgroep-verduurzaming.jpg\",\"datePublished\":\"2018-09-19T10:02:26+00:00\",\"breadcrumb\":{\"@id\":\"https:\/\/www.ondernemendvenlo.nl\/kick-off-werkgroep-verduurzaming-bedrijventerreinen\/#breadcrumb\"},\"inLanguage\":\"fr-FR\",\"potentialAction\":[{\"@type\":\"ReadAction\",\"target\":[\"https:\/\/www.ondernemendvenlo.nl\/kick-off-werkgroep-verduurzaming-bedrijventerreinen\/\"]}]},{\"@type\":\"ImageObject\",\"inLanguage\":\"fr-FR\",\"@id\":\"https:\/\/www.ondernemendvenlo.nl\/kick-off-werkgroep-verduurzaming-bedrijventerreinen\/#primaryimage\",\"url\":\"https:\/\/www.ondernemendvenlo.nl\/wp-content\/uploads\/2025\/04\/werkgroep-verduurzaming.jpg\",\"contentUrl\":\"https:\/\/www.ondernemendvenlo.nl\/wp-content\/uploads\/2025\/04\/werkgroep-verduurzaming.jpg\",\"width\":750,\"height\":563},{\"@type\":\"BreadcrumbList\",\"@id\":\"https:\/\/www.ondernemendvenlo.nl\/kick-off-werkgroep-verduurzaming-bedrijventerreinen\/#breadcrumb\",\"itemListElement\":[{\"@type\":\"ListItem\",\"position\":1,\"name\":\"Ondernemend Venlo\",\"item\":\"https:\/\/www.ondernemendvenlo.nl\/\"},{\"@type\":\"ListItem\",\"position\":2,\"name\":\"Nieuws\",\"item\":\"https:\/\/www.ondernemendvenlo.nl\/categorie\/nieuws\/\"},{\"@type\":\"ListItem\",\"position\":3,\"name\":\"Kick-off werkgroep verduurzaming bedrijventerreinen\"}]},{\"@type\":\"WebSite\",\"@id\":\"https:\/\/www.ondernemendvenlo.nl\/#website\",\"url\":\"https:\/\/www.ondernemendvenlo.nl\/\",\"name\":\"Ondernemend Venlo\",\"description\":\"Samen succesvol ondernemen\",\"publisher\":{\"@id\":\"https:\/\/www.ondernemendvenlo.nl\/#organization\"},\"potentialAction\":[{\"@type\":\"SearchAction\",\"target\":{\"@type\":\"EntryPoint\",\"urlTemplate\":\"https:\/\/www.ondernemendvenlo.nl\/?s={search_term_string}\"},\"query-input\":{\"@type\":\"PropertyValueSpecification\",\"valueRequired\":true,\"valueName\":\"search_term_string\"}}],\"inLanguage\":\"fr-FR\"},{\"@type\":\"Organization\",\"@id\":\"https:\/\/www.ondernemendvenlo.nl\/#organization\",\"name\":\"Ondernemend Venlo\",\"url\":\"https:\/\/www.ondernemendvenlo.nl\/\",\"logo\":{\"@type\":\"ImageObject\",\"inLanguage\":\"fr-FR\",\"@id\":\"https:\/\/www.ondernemendvenlo.nl\/#\/schema\/logo\/image\/\",\"url\":\"https:\/\/www.ondernemendvenlo.nl\/wp-content\/uploads\/2025\/02\/Ondernemend-Venlo-logo-scaled.webp\",\"contentUrl\":\"https:\/\/www.ondernemendvenlo.nl\/wp-content\/uploads\/2025\/02\/Ondernemend-Venlo-logo-scaled.webp\",\"width\":2560,\"height\":1010,\"caption\":\"Ondernemend Venlo\"},\"image\":{\"@id\":\"https:\/\/www.ondernemendvenlo.nl\/#\/schema\/logo\/image\/\"},\"sameAs\":[\"https:\/\/www.linkedin.com\/company\/ondernemend-venlo\/\"]},{\"@type\":\"Person\",\"@id\":\"https:\/\/www.ondernemendvenlo.nl\/#\/schema\/person\/347e935f8ad4c7030608ef74bb57aa6e\",\"name\":\"admin\",\"image\":{\"@type\":\"ImageObject\",\"inLanguage\":\"fr-FR\",\"@id\":\"https:\/\/www.ondernemendvenlo.nl\/#\/schema\/person\/image\/\",\"url\":\"https:\/\/www.ondernemendvenlo.nl\/wp-content\/litespeed\/avatar\/720af750b037aecf6e33e12833479059.jpg?ver=1777382954\",\"contentUrl\":\"https:\/\/www.ondernemendvenlo.nl\/wp-content\/litespeed\/avatar\/720af750b037aecf6e33e12833479059.jpg?ver=1777382954\",\"caption\":\"admin\"},\"sameAs\":[\"https:\/\/www.ondernemendvenlo.nl\"]}]}<\/script>\n<!-- \/ Yoast SEO plugin. -->","yoast_head_json":{"title":"Kick-off werkgroep verduurzaming bedrijventerreinen - Ondernemend Venlo","robots":{"index":"index","follow":"follow","max-snippet":"max-snippet:-1","max-image-preview":"max-image-preview:large","max-video-preview":"max-video-preview:-1"},"canonical":"https:\/\/www.ondernemendvenlo.nl\/fr\/kick-off-werkgroep-verduurzaming-bedrijventerreinen\/","og_locale":"fr_FR","og_type":"article","og_title":"Kick-off werkgroep verduurzaming bedrijventerreinen - Ondernemend Venlo","og_description":"[vc_row][vc_column][vc_column_text]Op 18 september was de kick-off van de werkgroep verduurzaming bedrijventerreinen. De werkgroep gaat een pilot opzetten voor de verduurzaming van industrieterrein Noorderpoort. De samenwerking moet leiden tot een aantal resultaten die als model gebruikt kunnen worden voor verduurzaming van andere bedrijventerreinen. De werkgroep bestaat uit een mooie mix van vertegenwoordigers uit het bedrijfsleven, overheid [&hellip;]","og_url":"https:\/\/www.ondernemendvenlo.nl\/fr\/kick-off-werkgroep-verduurzaming-bedrijventerreinen\/","og_site_name":"Ondernemend Venlo","article_published_time":"2018-09-19T10:02:26+00:00","og_image":[{"width":750,"height":563,"url":"https:\/\/www.ondernemendvenlo.nl\/wp-content\/uploads\/2025\/04\/werkgroep-verduurzaming.jpg","type":"image\/jpeg"}],"author":"admin","twitter_card":"summary_large_image","twitter_misc":{"\u00c9crit par":"admin","Dur\u00e9e de lecture estim\u00e9e":"1 minute"},"schema":{"@context":"https:\/\/schema.org","@graph":[{"@type":"Article","@id":"https:\/\/www.ondernemendvenlo.nl\/kick-off-werkgroep-verduurzaming-bedrijventerreinen\/#article","isPartOf":{"@id":"https:\/\/www.ondernemendvenlo.nl\/kick-off-werkgroep-verduurzaming-bedrijventerreinen\/"},"author":{"name":"admin","@id":"https:\/\/www.ondernemendvenlo.nl\/#\/schema\/person\/347e935f8ad4c7030608ef74bb57aa6e"},"headline":"Kick-off werkgroep verduurzaming bedrijventerreinen","datePublished":"2018-09-19T10:02:26+00:00","mainEntityOfPage":{"@id":"https:\/\/www.ondernemendvenlo.nl\/kick-off-werkgroep-verduurzaming-bedrijventerreinen\/"},"wordCount":148,"publisher":{"@id":"https:\/\/www.ondernemendvenlo.nl\/#organization"},"image":{"@id":"https:\/\/www.ondernemendvenlo.nl\/kick-off-werkgroep-verduurzaming-bedrijventerreinen\/#primaryimage"},"thumbnailUrl":"https:\/\/www.ondernemendvenlo.nl\/wp-content\/uploads\/2025\/04\/werkgroep-verduurzaming.jpg","articleSection":["Nieuws"],"inLanguage":"fr-FR"},{"@type":"WebPage","@id":"https:\/\/www.ondernemendvenlo.nl\/kick-off-werkgroep-verduurzaming-bedrijventerreinen\/","url":"https:\/\/www.ondernemendvenlo.nl\/kick-off-werkgroep-verduurzaming-bedrijventerreinen\/","name":"Kick-off werkgroep verduurzaming bedrijventerreinen - Ondernemend Venlo","isPartOf":{"@id":"https:\/\/www.ondernemendvenlo.nl\/#website"},"primaryImageOfPage":{"@id":"https:\/\/www.ondernemendvenlo.nl\/kick-off-werkgroep-verduurzaming-bedrijventerreinen\/#primaryimage"},"image":{"@id":"https:\/\/www.ondernemendvenlo.nl\/kick-off-werkgroep-verduurzaming-bedrijventerreinen\/#primaryimage"},"thumbnailUrl":"https:\/\/www.ondernemendvenlo.nl\/wp-content\/uploads\/2025\/04\/werkgroep-verduurzaming.jpg","datePublished":"2018-09-19T10:02:26+00:00","breadcrumb":{"@id":"https:\/\/www.ondernemendvenlo.nl\/kick-off-werkgroep-verduurzaming-bedrijventerreinen\/#breadcrumb"},"inLanguage":"fr-FR","potentialAction":[{"@type":"ReadAction","target":["https:\/\/www.ondernemendvenlo.nl\/kick-off-werkgroep-verduurzaming-bedrijventerreinen\/"]}]},{"@type":"ImageObject","inLanguage":"fr-FR","@id":"https:\/\/www.ondernemendvenlo.nl\/kick-off-werkgroep-verduurzaming-bedrijventerreinen\/#primaryimage","url":"https:\/\/www.ondernemendvenlo.nl\/wp-content\/uploads\/2025\/04\/werkgroep-verduurzaming.jpg","contentUrl":"https:\/\/www.ondernemendvenlo.nl\/wp-content\/uploads\/2025\/04\/werkgroep-verduurzaming.jpg","width":750,"height":563},{"@type":"BreadcrumbList","@id":"https:\/\/www.ondernemendvenlo.nl\/kick-off-werkgroep-verduurzaming-bedrijventerreinen\/#breadcrumb","itemListElement":[{"@type":"ListItem","position":1,"name":"Ondernemend Venlo","item":"https:\/\/www.ondernemendvenlo.nl\/"},{"@type":"ListItem","position":2,"name":"Nieuws","item":"https:\/\/www.ondernemendvenlo.nl\/categorie\/nieuws\/"},{"@type":"ListItem","position":3,"name":"Kick-off werkgroep verduurzaming bedrijventerreinen"}]},{"@type":"WebSite","@id":"https:\/\/www.ondernemendvenlo.nl\/#website","url":"https:\/\/www.ondernemendvenlo.nl\/","name":"Venlo entrepreneurial","description":"Travailler ensemble avec succ\u00e8s","publisher":{"@id":"https:\/\/www.ondernemendvenlo.nl\/#organization"},"potentialAction":[{"@type":"SearchAction","target":{"@type":"EntryPoint","urlTemplate":"https:\/\/www.ondernemendvenlo.nl\/?s={search_term_string}"},"query-input":{"@type":"PropertyValueSpecification","valueRequired":true,"valueName":"search_term_string"}}],"inLanguage":"fr-FR"},{"@type":"Organization","@id":"https:\/\/www.ondernemendvenlo.nl\/#organization","name":"Venlo entrepreneurial","url":"https:\/\/www.ondernemendvenlo.nl\/","logo":{"@type":"ImageObject","inLanguage":"fr-FR","@id":"https:\/\/www.ondernemendvenlo.nl\/#\/schema\/logo\/image\/","url":"https:\/\/www.ondernemendvenlo.nl\/wp-content\/uploads\/2025\/02\/Ondernemend-Venlo-logo-scaled.webp","contentUrl":"https:\/\/www.ondernemendvenlo.nl\/wp-content\/uploads\/2025\/02\/Ondernemend-Venlo-logo-scaled.webp","width":2560,"height":1010,"caption":"Ondernemend Venlo"},"image":{"@id":"https:\/\/www.ondernemendvenlo.nl\/#\/schema\/logo\/image\/"},"sameAs":["https:\/\/www.linkedin.com\/company\/ondernemend-venlo\/"]},{"@type":"Person","@id":"https:\/\/www.ondernemendvenlo.nl\/#\/schema\/person\/347e935f8ad4c7030608ef74bb57aa6e","name":"admin","image":{"@type":"ImageObject","inLanguage":"fr-FR","@id":"https:\/\/www.ondernemendvenlo.nl\/#\/schema\/person\/image\/","url":"https:\/\/www.ondernemendvenlo.nl\/wp-content\/litespeed\/avatar\/720af750b037aecf6e33e12833479059.jpg?ver=1777382954","contentUrl":"https:\/\/www.ondernemendvenlo.nl\/wp-content\/litespeed\/avatar\/720af750b037aecf6e33e12833479059.jpg?ver=1777382954","caption":"admin"},"sameAs":["https:\/\/www.ondernemendvenlo.nl"]}]}},"_links":{"self":[{"href":"https:\/\/www.ondernemendvenlo.nl\/fr\/wp-json\/wp\/v2\/posts\/1604","targetHints":{"allow":["GET"]}}],"collection":[{"href":"https:\/\/www.ondernemendvenlo.nl\/fr\/wp-json\/wp\/v2\/posts"}],"about":[{"href":"https:\/\/www.ondernemendvenlo.nl\/fr\/wp-json\/wp\/v2\/types\/post"}],"author":[{"embeddable":true,"href":"https:\/\/www.ondernemendvenlo.nl\/fr\/wp-json\/wp\/v2\/users\/1"}],"replies":[{"embeddable":true,"href":"https:\/\/www.ondernemendvenlo.nl\/fr\/wp-json\/wp\/v2\/comments?post=1604"}],"version-history":[{"count":0,"href":"https:\/\/www.ondernemendvenlo.nl\/fr\/wp-json\/wp\/v2\/posts\/1604\/revisions"}],"wp:featuredmedia":[{"embeddable":true,"href":"https:\/\/www.ondernemendvenlo.nl\/fr\/wp-json\/wp\/v2\/media\/1605"}],"wp:attachment":[{"href":"https:\/\/www.ondernemendvenlo.nl\/fr\/wp-json\/wp\/v2\/media?parent=1604"}],"wp:term":[{"taxonomy":"category","embeddable":true,"href":"https:\/\/www.ondernemendvenlo.nl\/fr\/wp-json\/wp\/v2\/categories?post=1604"},{"taxonomy":"post_tag","embeddable":true,"href":"https:\/\/www.ondernemendvenlo.nl\/fr\/wp-json\/wp\/v2\/tags?post=1604"}],"curies":[{"name":"wp","href":"https:\/\/api.w.org\/{rel}","templated":true}]}}