{"id":1669,"date":"2019-09-11T11:59:14","date_gmt":"2019-09-11T09:59:14","guid":{"rendered":"https:\/\/www.ondernemendvenlo.nl\/genomineerden-10e-editie-lodewijk-van-der-grinten-prijs-bekend-gemaakt\/"},"modified":"2019-09-11T11:59:14","modified_gmt":"2019-09-11T09:59:14","slug":"genomineerden-10e-editie-lodewijk-van-der-grinten-prijs-bekend-gemaakt","status":"publish","type":"post","link":"https:\/\/www.ondernemendvenlo.nl\/fr\/genomineerden-10e-editie-lodewijk-van-der-grinten-prijs-bekend-gemaakt\/","title":{"rendered":"Genomineerden 10e editie Lodewijk van der Grinten Prijs bekend gemaakt"},"content":{"rendered":"<p><strong>VENLO &#8211; Gister werden de drie genomineerde ondernemers bekendgemaakt die in aanmerking komen voor de Lodewijk van der Grinten Prijs 2019. Frans Cremers (Cremers Coolcare), Wout van Eeuwijk (Pure Ingredients) en Guus Treuen (Marcelissen Food Processing Machinery) gaan de komende maanden strijden om de Venlose ondernemersprijs die dit jaar voor de 10 keer zal worden uitgereikt.<\/strong><\/p>\n<p>Alle drie de ondernemers hebben een duidelijke link naar het thema van dit jaar: Voeding, Creatie en Innovatie.<\/p>\n<p><strong><a href=\"https:\/\/mlabusiness.nl\/wp-content\/uploads\/sites\/7\/2019\/09\/Frans-Cremers-Cremers-Coolcare-e1568202614358.jpg\"><img decoding=\"async\" class=\"wp-image-17371 size-thumbnail alignright\" src=\"https:\/\/mlabusiness.nl\/wp-content\/uploads\/sites\/7\/2019\/09\/Frans-Cremers-Cremers-Coolcare-e1568202614358-150x150.jpg\" alt=\"\" width=\"150\" height=\"150\" \/><\/a>Frans Cremers<\/strong>, directeur van <a href=\"https:\/\/cremers.nl\/\" class=\"external\" target=\"_blank\" rel=\"noopener noreferrer\">Cremers Coolcare<\/a>, is als specialist op het gebied van geconditioneerd transport een verbindende factor tussen groente- en fruitproducenten en de consument. De ervaring op het gebied van transport in combinatie met de modernste technische hulpmiddelen, zorgen ervoor dat producten op een veilige, verantwoorde en milieuvriendelijke manier worden afgeleverd op de plaats van bestemming.<\/p>\n<p><strong><a href=\"https:\/\/mlabusiness.nl\/wp-content\/uploads\/sites\/7\/2019\/09\/Wout-van-Eeuwijk-Pure-Ingredients.jpg\"><img decoding=\"async\" class=\"alignleft wp-image-17373 size-thumbnail\" src=\"https:\/\/mlabusiness.nl\/wp-content\/uploads\/sites\/7\/2019\/09\/Wout-van-Eeuwijk-Pure-Ingredients-150x150.jpg\" alt=\"\" width=\"150\" height=\"150\" \/><\/a>Wout van Eeuwijk<\/strong> is eigenaar van <a href=\"https:\/\/www.pureingredients.eu\/\" class=\"external\" target=\"_blank\" rel=\"noopener noreferrer\">Ingr\u00e9dients purs<\/a>, producent van een breed assortiment gerechten waarbij de focus ligt op andere culturen. Pure Ingredients is marktleider in de wereld van halalfood en het aanbod van Pure Ingredients is inmiddels uitgegroeid tot een breed scala aan wereldse smaken onder de merknamen Mekkafood en Lekker&amp;Anders.<\/p>\n<p><strong><a href=\"https:\/\/mlabusiness.nl\/wp-content\/uploads\/sites\/7\/2019\/09\/Guus-Treuen-Marcelissen-Food-Machinery-e1568202735305.jpg\"><img decoding=\"async\" class=\"wp-image-17372 size-thumbnail alignright\" src=\"https:\/\/mlabusiness.nl\/wp-content\/uploads\/sites\/7\/2019\/09\/Guus-Treuen-Marcelissen-Food-Machinery-e1568202735305-150x150.jpg\" alt=\"\" width=\"150\" height=\"150\" \/><\/a>Guus Treuen<\/strong> produceert met zijn bedrijf <a href=\"http:\/\/www.marcelissen.nl\/\" class=\"external\" target=\"_blank\" rel=\"noopener noreferrer\">Marcelissen Food Processing Machinery<\/a> innovatieve sorteermachines voor de voedselverwerkende branche. Gebaseerd op de kennis en kunde op het gebied van de aardappelverwerking, ontwikkelt en bouwt het bedrijf moderne en betrouwbare machines om producten te verwerken: van ontgronden en wassen, tot schrapen, sorteren, snijden, wegen en verpakken.<\/p>\n<p>De genomineerde ondernemers werden dinsdag 10 september in Villa Flora Brightland Campus gepresenteerd. Villa Flora is een state-of-the-art onderzoeks- en innovatiecentrum, waar vernieuwers uit het MKB, start ups, wetenschappers en studenten samen werken aan innovaties op het gebied van gezonde voeding. Saskia Goetgeluk, directeur van de Brightland Campus Greenport Venlo gaf een presentatie over deze unieke en inspirerende plek in Venlo, waarbij ook de link naar het thema Voeding, Creatie &amp; Innovatie nog eens werd onderstreept<\/p>\n<p>De bijeenkomst werd afgesloten door Peggy Leurs de nieuwe voorzitter van de Stichting Lodewijk van der Grinten Prijs, die haar dank uitsprak aan de onafhankelijke nominatiecommissie die ook dit jaar weer drie bijzondere en markante ondernemers heeft aandragen.<\/p>\n<p>De prijs is een initiatief van de Stichting Lodewijk van der Grinten Ondernemersprijs, waarin LLTB Venlo-Horst, MKB Limburg, Ondernemend Venlo en de gemeente Venlo samenwerken. Vorig jaar ging de prijs naar Roy Hermans van de Hermans Groep.<\/p>\n<p>&nbsp;<\/p>\n<div id='gallery-1' class='gallery galleryid-17370 gallery-columns-3 gallery-size-thumbnail'>\n<figure class='gallery-item'>\n<div class='gallery-icon landscape'>\n\t\t\t\t<a href='https:\/\/www.ondernemendvenlo.nl\/wp-content\/uploads\/2025\/04\/20190910-LVDGPrijs-Genomineerden2-scaled.jpg' class=\"external\" target=\"_blank\" rel='noopener noreferrer'><img loading=\"lazy\" decoding=\"async\" width=\"150\" height=\"150\" src=\"https:\/\/www.ondernemendvenlo.nl\/wp-content\/uploads\/2025\/04\/20190910-LVDGPrijs-Genomineerden2-scaled.jpg\" class=\"attachment-thumbnail size-thumbnail\" alt=\"\" \/><\/a>\n\t\t\t<\/div>\n<\/figure>\n<figure class='gallery-item'>\n<div class='gallery-icon landscape'>\n\t\t\t\t<a href='https:\/\/www.ondernemendvenlo.nl\/wp-content\/uploads\/2025\/04\/20190910-LVDGPrijs-Genomineerden-scaled.jpg' class=\"external\" target=\"_blank\" rel='noopener noreferrer'><img loading=\"lazy\" decoding=\"async\" width=\"150\" height=\"150\" src=\"https:\/\/www.ondernemendvenlo.nl\/wp-content\/uploads\/2025\/04\/20190910-LVDGPrijs-Genomineerden-scaled.jpg\" class=\"attachment-thumbnail size-thumbnail\" alt=\"\" \/><\/a>\n\t\t\t<\/div>\n<\/figure>\n<figure class='gallery-item'>\n<div class='gallery-icon landscape'>\n\t\t\t\t<a href='https:\/\/www.ondernemendvenlo.nl\/wp-content\/uploads\/2025\/04\/20190910-LVDGPrijs-Genomineerden-met-voorzitter-scaled.jpg' class=\"external\" target=\"_blank\" rel='noopener noreferrer'><img loading=\"lazy\" decoding=\"async\" width=\"150\" height=\"150\" src=\"https:\/\/www.ondernemendvenlo.nl\/wp-content\/uploads\/2025\/04\/20190910-LVDGPrijs-Genomineerden-met-voorzitter-scaled.jpg\" class=\"attachment-thumbnail size-thumbnail\" alt=\"\" \/><\/a>\n\t\t\t<\/div>\n<\/figure>\n<figure class='gallery-item'>\n<div class='gallery-icon landscape'>\n\t\t\t\t<a href='https:\/\/www.ondernemendvenlo.nl\/wp-content\/uploads\/2025\/04\/20190910-LVDGPrijs-Genomineerden-met-presentator-scaled.jpg' class=\"external\" target=\"_blank\" rel='noopener noreferrer'><img loading=\"lazy\" decoding=\"async\" width=\"150\" height=\"150\" src=\"https:\/\/www.ondernemendvenlo.nl\/wp-content\/uploads\/2025\/04\/20190910-LVDGPrijs-Genomineerden-met-presentator-scaled.jpg\" class=\"attachment-thumbnail size-thumbnail\" alt=\"\" \/><\/a>\n\t\t\t<\/div>\n<\/figure>\n<figure class='gallery-item'>\n<div class='gallery-icon landscape'>\n\t\t\t\t<a href='https:\/\/www.ondernemendvenlo.nl\/wp-content\/uploads\/2025\/04\/20190910-LVDGPrijs-Genomineerden-met-bestuur-scaled.jpg' class=\"external\" target=\"_blank\" rel='noopener noreferrer'><img loading=\"lazy\" decoding=\"async\" width=\"150\" height=\"150\" src=\"https:\/\/www.ondernemendvenlo.nl\/wp-content\/uploads\/2025\/04\/20190910-LVDGPrijs-Genomineerden-met-bestuur-scaled.jpg\" class=\"attachment-thumbnail size-thumbnail\" alt=\"\" \/><\/a>\n\t\t\t<\/div>\n<\/figure><\/div>","protected":false},"excerpt":{"rendered":"<p>VENLO &#8211; Gister werden de drie genomineerde ondernemers bekendgemaakt die in aanmerking komen voor de Lodewijk van der Grinten Prijs 2019. Frans Cremers (Cremers Coolcare), Wout van Eeuwijk (Pure Ingredients) en Guus Treuen (Marcelissen Food Processing Machinery) gaan de komende maanden strijden om de Venlose ondernemersprijs die dit jaar voor de 10 keer zal worden [&hellip;]<\/p>","protected":false},"author":1,"featured_media":1675,"comment_status":"closed","ping_status":"open","sticky":false,"template":"","format":"standard","meta":{"_acf_changed":false,"footnotes":""},"categories":[8],"tags":[],"class_list":["post-1669","post","type-post","status-publish","format-standard","has-post-thumbnail","hentry","category-nieuws"],"acf":[],"yoast_head":"<!-- This site is optimized with the Yoast SEO plugin v26.3 - https:\/\/yoast.com\/wordpress\/plugins\/seo\/ -->\n<title>Genomineerden 10e editie Lodewijk van der Grinten Prijs bekend gemaakt - Ondernemend Venlo<\/title>\n<meta name=\"robots\" content=\"index, follow, max-snippet:-1, max-image-preview:large, max-video-preview:-1\" \/>\n<link rel=\"canonical\" href=\"https:\/\/www.ondernemendvenlo.nl\/fr\/genomineerden-10e-editie-lodewijk-van-der-grinten-prijs-bekend-gemaakt\/\" \/>\n<meta property=\"og:locale\" content=\"fr_FR\" \/>\n<meta property=\"og:type\" content=\"article\" \/>\n<meta property=\"og:title\" content=\"Genomineerden 10e editie Lodewijk van der Grinten Prijs bekend gemaakt - Ondernemend Venlo\" \/>\n<meta property=\"og:description\" content=\"VENLO &#8211; Gister werden de drie genomineerde ondernemers bekendgemaakt die in aanmerking komen voor de Lodewijk van der Grinten Prijs 2019. Frans Cremers (Cremers Coolcare), Wout van Eeuwijk (Pure Ingredients) en Guus Treuen (Marcelissen Food Processing Machinery) gaan de komende maanden strijden om de Venlose ondernemersprijs die dit jaar voor de 10 keer zal worden [&hellip;]\" \/>\n<meta property=\"og:url\" content=\"https:\/\/www.ondernemendvenlo.nl\/fr\/genomineerden-10e-editie-lodewijk-van-der-grinten-prijs-bekend-gemaakt\/\" \/>\n<meta property=\"og:site_name\" content=\"Ondernemend Venlo\" \/>\n<meta property=\"article:published_time\" content=\"2019-09-11T09:59:14+00:00\" \/>\n<meta property=\"og:image\" content=\"https:\/\/www.ondernemendvenlo.nl\/wp-content\/uploads\/2025\/04\/Giel-Braun-scaled.jpg\" \/>\n\t<meta property=\"og:image:width\" content=\"2560\" \/>\n\t<meta property=\"og:image:height\" content=\"1704\" \/>\n\t<meta property=\"og:image:type\" content=\"image\/jpeg\" \/>\n<meta name=\"author\" content=\"admin\" \/>\n<meta name=\"twitter:card\" content=\"summary_large_image\" \/>\n<meta name=\"twitter:label1\" content=\"\u00c9crit par\" \/>\n\t<meta name=\"twitter:data1\" content=\"admin\" \/>\n\t<meta name=\"twitter:label2\" content=\"Dur\u00e9e de lecture estim\u00e9e\" \/>\n\t<meta name=\"twitter:data2\" content=\"2 minutes\" \/>\n<script type=\"application\/ld+json\" class=\"yoast-schema-graph\">{\"@context\":\"https:\/\/schema.org\",\"@graph\":[{\"@type\":\"Article\",\"@id\":\"https:\/\/www.ondernemendvenlo.nl\/genomineerden-10e-editie-lodewijk-van-der-grinten-prijs-bekend-gemaakt\/#article\",\"isPartOf\":{\"@id\":\"https:\/\/www.ondernemendvenlo.nl\/genomineerden-10e-editie-lodewijk-van-der-grinten-prijs-bekend-gemaakt\/\"},\"author\":{\"name\":\"admin\",\"@id\":\"https:\/\/www.ondernemendvenlo.nl\/#\/schema\/person\/347e935f8ad4c7030608ef74bb57aa6e\"},\"headline\":\"Genomineerden 10e editie Lodewijk van der Grinten Prijs bekend gemaakt\",\"datePublished\":\"2019-09-11T09:59:14+00:00\",\"mainEntityOfPage\":{\"@id\":\"https:\/\/www.ondernemendvenlo.nl\/genomineerden-10e-editie-lodewijk-van-der-grinten-prijs-bekend-gemaakt\/\"},\"wordCount\":395,\"publisher\":{\"@id\":\"https:\/\/www.ondernemendvenlo.nl\/#organization\"},\"image\":{\"@id\":\"https:\/\/www.ondernemendvenlo.nl\/genomineerden-10e-editie-lodewijk-van-der-grinten-prijs-bekend-gemaakt\/#primaryimage\"},\"thumbnailUrl\":\"https:\/\/www.ondernemendvenlo.nl\/wp-content\/uploads\/2025\/04\/Giel-Braun-scaled.jpg\",\"articleSection\":[\"Nieuws\"],\"inLanguage\":\"fr-FR\"},{\"@type\":\"WebPage\",\"@id\":\"https:\/\/www.ondernemendvenlo.nl\/genomineerden-10e-editie-lodewijk-van-der-grinten-prijs-bekend-gemaakt\/\",\"url\":\"https:\/\/www.ondernemendvenlo.nl\/genomineerden-10e-editie-lodewijk-van-der-grinten-prijs-bekend-gemaakt\/\",\"name\":\"Genomineerden 10e editie Lodewijk van der Grinten Prijs bekend gemaakt - Ondernemend Venlo\",\"isPartOf\":{\"@id\":\"https:\/\/www.ondernemendvenlo.nl\/#website\"},\"primaryImageOfPage\":{\"@id\":\"https:\/\/www.ondernemendvenlo.nl\/genomineerden-10e-editie-lodewijk-van-der-grinten-prijs-bekend-gemaakt\/#primaryimage\"},\"image\":{\"@id\":\"https:\/\/www.ondernemendvenlo.nl\/genomineerden-10e-editie-lodewijk-van-der-grinten-prijs-bekend-gemaakt\/#primaryimage\"},\"thumbnailUrl\":\"https:\/\/www.ondernemendvenlo.nl\/wp-content\/uploads\/2025\/04\/Giel-Braun-scaled.jpg\",\"datePublished\":\"2019-09-11T09:59:14+00:00\",\"breadcrumb\":{\"@id\":\"https:\/\/www.ondernemendvenlo.nl\/genomineerden-10e-editie-lodewijk-van-der-grinten-prijs-bekend-gemaakt\/#breadcrumb\"},\"inLanguage\":\"fr-FR\",\"potentialAction\":[{\"@type\":\"ReadAction\",\"target\":[\"https:\/\/www.ondernemendvenlo.nl\/genomineerden-10e-editie-lodewijk-van-der-grinten-prijs-bekend-gemaakt\/\"]}]},{\"@type\":\"ImageObject\",\"inLanguage\":\"fr-FR\",\"@id\":\"https:\/\/www.ondernemendvenlo.nl\/genomineerden-10e-editie-lodewijk-van-der-grinten-prijs-bekend-gemaakt\/#primaryimage\",\"url\":\"https:\/\/www.ondernemendvenlo.nl\/wp-content\/uploads\/2025\/04\/Giel-Braun-scaled.jpg\",\"contentUrl\":\"https:\/\/www.ondernemendvenlo.nl\/wp-content\/uploads\/2025\/04\/Giel-Braun-scaled.jpg\",\"width\":2560,\"height\":1704},{\"@type\":\"BreadcrumbList\",\"@id\":\"https:\/\/www.ondernemendvenlo.nl\/genomineerden-10e-editie-lodewijk-van-der-grinten-prijs-bekend-gemaakt\/#breadcrumb\",\"itemListElement\":[{\"@type\":\"ListItem\",\"position\":1,\"name\":\"Ondernemend Venlo\",\"item\":\"https:\/\/www.ondernemendvenlo.nl\/\"},{\"@type\":\"ListItem\",\"position\":2,\"name\":\"Nieuws\",\"item\":\"https:\/\/www.ondernemendvenlo.nl\/categorie\/nieuws\/\"},{\"@type\":\"ListItem\",\"position\":3,\"name\":\"Genomineerden 10e editie Lodewijk van der Grinten Prijs bekend gemaakt\"}]},{\"@type\":\"WebSite\",\"@id\":\"https:\/\/www.ondernemendvenlo.nl\/#website\",\"url\":\"https:\/\/www.ondernemendvenlo.nl\/\",\"name\":\"Ondernemend Venlo\",\"description\":\"Samen succesvol ondernemen\",\"publisher\":{\"@id\":\"https:\/\/www.ondernemendvenlo.nl\/#organization\"},\"potentialAction\":[{\"@type\":\"SearchAction\",\"target\":{\"@type\":\"EntryPoint\",\"urlTemplate\":\"https:\/\/www.ondernemendvenlo.nl\/?s={search_term_string}\"},\"query-input\":{\"@type\":\"PropertyValueSpecification\",\"valueRequired\":true,\"valueName\":\"search_term_string\"}}],\"inLanguage\":\"fr-FR\"},{\"@type\":\"Organization\",\"@id\":\"https:\/\/www.ondernemendvenlo.nl\/#organization\",\"name\":\"Ondernemend Venlo\",\"url\":\"https:\/\/www.ondernemendvenlo.nl\/\",\"logo\":{\"@type\":\"ImageObject\",\"inLanguage\":\"fr-FR\",\"@id\":\"https:\/\/www.ondernemendvenlo.nl\/#\/schema\/logo\/image\/\",\"url\":\"https:\/\/www.ondernemendvenlo.nl\/wp-content\/uploads\/2025\/02\/Ondernemend-Venlo-logo-scaled.webp\",\"contentUrl\":\"https:\/\/www.ondernemendvenlo.nl\/wp-content\/uploads\/2025\/02\/Ondernemend-Venlo-logo-scaled.webp\",\"width\":2560,\"height\":1010,\"caption\":\"Ondernemend Venlo\"},\"image\":{\"@id\":\"https:\/\/www.ondernemendvenlo.nl\/#\/schema\/logo\/image\/\"},\"sameAs\":[\"https:\/\/www.linkedin.com\/company\/ondernemend-venlo\/\"]},{\"@type\":\"Person\",\"@id\":\"https:\/\/www.ondernemendvenlo.nl\/#\/schema\/person\/347e935f8ad4c7030608ef74bb57aa6e\",\"name\":\"admin\",\"image\":{\"@type\":\"ImageObject\",\"inLanguage\":\"fr-FR\",\"@id\":\"https:\/\/www.ondernemendvenlo.nl\/#\/schema\/person\/image\/\",\"url\":\"https:\/\/www.ondernemendvenlo.nl\/wp-content\/litespeed\/avatar\/720af750b037aecf6e33e12833479059.jpg?ver=1777382954\",\"contentUrl\":\"https:\/\/www.ondernemendvenlo.nl\/wp-content\/litespeed\/avatar\/720af750b037aecf6e33e12833479059.jpg?ver=1777382954\",\"caption\":\"admin\"},\"sameAs\":[\"https:\/\/www.ondernemendvenlo.nl\"]}]}<\/script>\n<!-- \/ Yoast SEO plugin. -->","yoast_head_json":{"title":"Genomineerden 10e editie Lodewijk van der Grinten Prijs bekend gemaakt - Ondernemend Venlo","robots":{"index":"index","follow":"follow","max-snippet":"max-snippet:-1","max-image-preview":"max-image-preview:large","max-video-preview":"max-video-preview:-1"},"canonical":"https:\/\/www.ondernemendvenlo.nl\/fr\/genomineerden-10e-editie-lodewijk-van-der-grinten-prijs-bekend-gemaakt\/","og_locale":"fr_FR","og_type":"article","og_title":"Genomineerden 10e editie Lodewijk van der Grinten Prijs bekend gemaakt - Ondernemend Venlo","og_description":"VENLO &#8211; Gister werden de drie genomineerde ondernemers bekendgemaakt die in aanmerking komen voor de Lodewijk van der Grinten Prijs 2019. Frans Cremers (Cremers Coolcare), Wout van Eeuwijk (Pure Ingredients) en Guus Treuen (Marcelissen Food Processing Machinery) gaan de komende maanden strijden om de Venlose ondernemersprijs die dit jaar voor de 10 keer zal worden [&hellip;]","og_url":"https:\/\/www.ondernemendvenlo.nl\/fr\/genomineerden-10e-editie-lodewijk-van-der-grinten-prijs-bekend-gemaakt\/","og_site_name":"Ondernemend Venlo","article_published_time":"2019-09-11T09:59:14+00:00","og_image":[{"width":2560,"height":1704,"url":"https:\/\/www.ondernemendvenlo.nl\/wp-content\/uploads\/2025\/04\/Giel-Braun-scaled.jpg","type":"image\/jpeg"}],"author":"admin","twitter_card":"summary_large_image","twitter_misc":{"\u00c9crit par":"admin","Dur\u00e9e de lecture estim\u00e9e":"2 minutes"},"schema":{"@context":"https:\/\/schema.org","@graph":[{"@type":"Article","@id":"https:\/\/www.ondernemendvenlo.nl\/genomineerden-10e-editie-lodewijk-van-der-grinten-prijs-bekend-gemaakt\/#article","isPartOf":{"@id":"https:\/\/www.ondernemendvenlo.nl\/genomineerden-10e-editie-lodewijk-van-der-grinten-prijs-bekend-gemaakt\/"},"author":{"name":"admin","@id":"https:\/\/www.ondernemendvenlo.nl\/#\/schema\/person\/347e935f8ad4c7030608ef74bb57aa6e"},"headline":"Genomineerden 10e editie Lodewijk van der Grinten Prijs bekend gemaakt","datePublished":"2019-09-11T09:59:14+00:00","mainEntityOfPage":{"@id":"https:\/\/www.ondernemendvenlo.nl\/genomineerden-10e-editie-lodewijk-van-der-grinten-prijs-bekend-gemaakt\/"},"wordCount":395,"publisher":{"@id":"https:\/\/www.ondernemendvenlo.nl\/#organization"},"image":{"@id":"https:\/\/www.ondernemendvenlo.nl\/genomineerden-10e-editie-lodewijk-van-der-grinten-prijs-bekend-gemaakt\/#primaryimage"},"thumbnailUrl":"https:\/\/www.ondernemendvenlo.nl\/wp-content\/uploads\/2025\/04\/Giel-Braun-scaled.jpg","articleSection":["Nieuws"],"inLanguage":"fr-FR"},{"@type":"WebPage","@id":"https:\/\/www.ondernemendvenlo.nl\/genomineerden-10e-editie-lodewijk-van-der-grinten-prijs-bekend-gemaakt\/","url":"https:\/\/www.ondernemendvenlo.nl\/genomineerden-10e-editie-lodewijk-van-der-grinten-prijs-bekend-gemaakt\/","name":"Genomineerden 10e editie Lodewijk van der Grinten Prijs bekend gemaakt - Ondernemend Venlo","isPartOf":{"@id":"https:\/\/www.ondernemendvenlo.nl\/#website"},"primaryImageOfPage":{"@id":"https:\/\/www.ondernemendvenlo.nl\/genomineerden-10e-editie-lodewijk-van-der-grinten-prijs-bekend-gemaakt\/#primaryimage"},"image":{"@id":"https:\/\/www.ondernemendvenlo.nl\/genomineerden-10e-editie-lodewijk-van-der-grinten-prijs-bekend-gemaakt\/#primaryimage"},"thumbnailUrl":"https:\/\/www.ondernemendvenlo.nl\/wp-content\/uploads\/2025\/04\/Giel-Braun-scaled.jpg","datePublished":"2019-09-11T09:59:14+00:00","breadcrumb":{"@id":"https:\/\/www.ondernemendvenlo.nl\/genomineerden-10e-editie-lodewijk-van-der-grinten-prijs-bekend-gemaakt\/#breadcrumb"},"inLanguage":"fr-FR","potentialAction":[{"@type":"ReadAction","target":["https:\/\/www.ondernemendvenlo.nl\/genomineerden-10e-editie-lodewijk-van-der-grinten-prijs-bekend-gemaakt\/"]}]},{"@type":"ImageObject","inLanguage":"fr-FR","@id":"https:\/\/www.ondernemendvenlo.nl\/genomineerden-10e-editie-lodewijk-van-der-grinten-prijs-bekend-gemaakt\/#primaryimage","url":"https:\/\/www.ondernemendvenlo.nl\/wp-content\/uploads\/2025\/04\/Giel-Braun-scaled.jpg","contentUrl":"https:\/\/www.ondernemendvenlo.nl\/wp-content\/uploads\/2025\/04\/Giel-Braun-scaled.jpg","width":2560,"height":1704},{"@type":"BreadcrumbList","@id":"https:\/\/www.ondernemendvenlo.nl\/genomineerden-10e-editie-lodewijk-van-der-grinten-prijs-bekend-gemaakt\/#breadcrumb","itemListElement":[{"@type":"ListItem","position":1,"name":"Ondernemend Venlo","item":"https:\/\/www.ondernemendvenlo.nl\/"},{"@type":"ListItem","position":2,"name":"Nieuws","item":"https:\/\/www.ondernemendvenlo.nl\/categorie\/nieuws\/"},{"@type":"ListItem","position":3,"name":"Genomineerden 10e editie Lodewijk van der Grinten Prijs bekend gemaakt"}]},{"@type":"WebSite","@id":"https:\/\/www.ondernemendvenlo.nl\/#website","url":"https:\/\/www.ondernemendvenlo.nl\/","name":"Venlo entrepreneurial","description":"Travailler ensemble avec succ\u00e8s","publisher":{"@id":"https:\/\/www.ondernemendvenlo.nl\/#organization"},"potentialAction":[{"@type":"SearchAction","target":{"@type":"EntryPoint","urlTemplate":"https:\/\/www.ondernemendvenlo.nl\/?s={search_term_string}"},"query-input":{"@type":"PropertyValueSpecification","valueRequired":true,"valueName":"search_term_string"}}],"inLanguage":"fr-FR"},{"@type":"Organization","@id":"https:\/\/www.ondernemendvenlo.nl\/#organization","name":"Venlo entrepreneurial","url":"https:\/\/www.ondernemendvenlo.nl\/","logo":{"@type":"ImageObject","inLanguage":"fr-FR","@id":"https:\/\/www.ondernemendvenlo.nl\/#\/schema\/logo\/image\/","url":"https:\/\/www.ondernemendvenlo.nl\/wp-content\/uploads\/2025\/02\/Ondernemend-Venlo-logo-scaled.webp","contentUrl":"https:\/\/www.ondernemendvenlo.nl\/wp-content\/uploads\/2025\/02\/Ondernemend-Venlo-logo-scaled.webp","width":2560,"height":1010,"caption":"Ondernemend Venlo"},"image":{"@id":"https:\/\/www.ondernemendvenlo.nl\/#\/schema\/logo\/image\/"},"sameAs":["https:\/\/www.linkedin.com\/company\/ondernemend-venlo\/"]},{"@type":"Person","@id":"https:\/\/www.ondernemendvenlo.nl\/#\/schema\/person\/347e935f8ad4c7030608ef74bb57aa6e","name":"admin","image":{"@type":"ImageObject","inLanguage":"fr-FR","@id":"https:\/\/www.ondernemendvenlo.nl\/#\/schema\/person\/image\/","url":"https:\/\/www.ondernemendvenlo.nl\/wp-content\/litespeed\/avatar\/720af750b037aecf6e33e12833479059.jpg?ver=1777382954","contentUrl":"https:\/\/www.ondernemendvenlo.nl\/wp-content\/litespeed\/avatar\/720af750b037aecf6e33e12833479059.jpg?ver=1777382954","caption":"admin"},"sameAs":["https:\/\/www.ondernemendvenlo.nl"]}]}},"_links":{"self":[{"href":"https:\/\/www.ondernemendvenlo.nl\/fr\/wp-json\/wp\/v2\/posts\/1669","targetHints":{"allow":["GET"]}}],"collection":[{"href":"https:\/\/www.ondernemendvenlo.nl\/fr\/wp-json\/wp\/v2\/posts"}],"about":[{"href":"https:\/\/www.ondernemendvenlo.nl\/fr\/wp-json\/wp\/v2\/types\/post"}],"author":[{"embeddable":true,"href":"https:\/\/www.ondernemendvenlo.nl\/fr\/wp-json\/wp\/v2\/users\/1"}],"replies":[{"embeddable":true,"href":"https:\/\/www.ondernemendvenlo.nl\/fr\/wp-json\/wp\/v2\/comments?post=1669"}],"version-history":[{"count":0,"href":"https:\/\/www.ondernemendvenlo.nl\/fr\/wp-json\/wp\/v2\/posts\/1669\/revisions"}],"wp:featuredmedia":[{"embeddable":true,"href":"https:\/\/www.ondernemendvenlo.nl\/fr\/wp-json\/wp\/v2\/media\/1675"}],"wp:attachment":[{"href":"https:\/\/www.ondernemendvenlo.nl\/fr\/wp-json\/wp\/v2\/media?parent=1669"}],"wp:term":[{"taxonomy":"category","embeddable":true,"href":"https:\/\/www.ondernemendvenlo.nl\/fr\/wp-json\/wp\/v2\/categories?post=1669"},{"taxonomy":"post_tag","embeddable":true,"href":"https:\/\/www.ondernemendvenlo.nl\/fr\/wp-json\/wp\/v2\/tags?post=1669"}],"curies":[{"name":"wp","href":"https:\/\/api.w.org\/{rel}","templated":true}]}}