{"id":1689,"date":"2019-09-28T15:20:00","date_gmt":"2019-09-28T13:20:00","guid":{"rendered":"https:\/\/www.ondernemendvenlo.nl\/zakendoen-met-spanje\/"},"modified":"2019-09-28T15:20:00","modified_gmt":"2019-09-28T13:20:00","slug":"zakendoen-met-spanje","status":"publish","type":"post","link":"https:\/\/www.ondernemendvenlo.nl\/fr\/zakendoen-met-spanje\/","title":{"rendered":"De Vuelta als gangmaker, zakendoen met Spanje"},"content":{"rendered":"<p><strong>VENLO &#8211;\u00a0In augustus 2020 zal Breda het toneel vormen voor zowel de start als finish van de 3e etappe van de Vuelta. In de aanloop hier naar toe zullen diverse activiteiten op o.a. cultureel, culinair, educatief e.d. gebied plaatsvinden. <\/strong><\/p>\n<p>In het kader hiervan organiseert de gemeente Breda op woensdag 23 oktober 2019 samen met de KVK en De BIZ (Beter Internationaal Zakendoen) een bijeenkomst over het zakendoen in en met Spanje. Deze bijeenkomst is bedoeld om Nederlandse bedrijven bewust te maken en te informeren over de zakelijke kansen in Spanje. Er wordt ingegaan hoe een dergelijk internationaal sportevenement uitgenut kan worden door bedrijven. Daarnaast wordt aandacht besteed aan het omgaan met de Spaanse zakelijke cultuur.<\/p>\n<p>In separate workshops worden de deelnemers ge\u00efnformeerd over de kansen die de Spaanse markt te bieden heeft en de specifieke en juridische aspecten van het oprichten van een bedrijf in Spanje. Tevens zullen ondernemers inzicht geven in hun ervaringen bij het zakendoen met Spanje. Behalve kennisoverdracht is er ook gelegenheid om te netwerken. Bram Tankink, ervaringsdeskundige met 5 deelnames aan de Vuelta, zal de inspirerende afsluiting van de bijeenkomst verzorgen.<\/p>\n<p>Woensdag, 23 oktober 2019<br \/>\nTijd: 13.30 &#8211; 19.00 uur<br \/>\nPlaats: Chasse Theater, Breda<\/p>\n<p>Kosten: 50 euro p.p.<br \/>\nZorg dat je in de kopgroep zit en meld je aan: <a href=\"http:\/\/www.kvk.nl\/zakendoenspanje\" class=\"external\" target=\"_blank\" rel=\"noopener noreferrer\">www.kvk.nl\/zakendoenspanje<\/a><\/p>","protected":false},"excerpt":{"rendered":"<p>VENLO &#8211;\u00a0In augustus 2020 zal Breda het toneel vormen voor zowel de start als finish van de 3e etappe van de Vuelta. In de aanloop hier naar toe zullen diverse activiteiten op o.a. cultureel, culinair, educatief e.d. gebied plaatsvinden. In het kader hiervan organiseert de gemeente Breda op woensdag 23 oktober 2019 samen met de [&hellip;]<\/p>","protected":false},"author":1,"featured_media":1690,"comment_status":"closed","ping_status":"open","sticky":false,"template":"","format":"standard","meta":{"_acf_changed":false,"footnotes":""},"categories":[8],"tags":[],"class_list":["post-1689","post","type-post","status-publish","format-standard","has-post-thumbnail","hentry","category-nieuws"],"acf":[],"yoast_head":"<!-- This site is optimized with the Yoast SEO plugin v26.3 - https:\/\/yoast.com\/wordpress\/plugins\/seo\/ -->\n<title>De Vuelta als gangmaker, zakendoen met Spanje - Ondernemend Venlo<\/title>\n<meta name=\"robots\" content=\"index, follow, max-snippet:-1, max-image-preview:large, max-video-preview:-1\" \/>\n<link rel=\"canonical\" href=\"https:\/\/www.ondernemendvenlo.nl\/fr\/zakendoen-met-spanje\/\" \/>\n<meta property=\"og:locale\" content=\"fr_FR\" \/>\n<meta property=\"og:type\" content=\"article\" \/>\n<meta property=\"og:title\" content=\"De Vuelta als gangmaker, zakendoen met Spanje - Ondernemend Venlo\" \/>\n<meta property=\"og:description\" content=\"VENLO &#8211;\u00a0In augustus 2020 zal Breda het toneel vormen voor zowel de start als finish van de 3e etappe van de Vuelta. In de aanloop hier naar toe zullen diverse activiteiten op o.a. cultureel, culinair, educatief e.d. gebied plaatsvinden. In het kader hiervan organiseert de gemeente Breda op woensdag 23 oktober 2019 samen met de [&hellip;]\" \/>\n<meta property=\"og:url\" content=\"https:\/\/www.ondernemendvenlo.nl\/fr\/zakendoen-met-spanje\/\" \/>\n<meta property=\"og:site_name\" content=\"Ondernemend Venlo\" \/>\n<meta property=\"article:published_time\" content=\"2019-09-28T13:20:00+00:00\" \/>\n<meta property=\"og:image\" content=\"https:\/\/www.ondernemendvenlo.nl\/wp-content\/uploads\/2025\/04\/Stage_21_of_the_Vuelta_a_Espana_2013_in_Madrid_Spain_September_15_2013.jpg\" \/>\n\t<meta property=\"og:image:width\" content=\"2116\" \/>\n\t<meta property=\"og:image:height\" content=\"1133\" \/>\n\t<meta property=\"og:image:type\" content=\"image\/jpeg\" \/>\n<meta name=\"author\" content=\"admin\" \/>\n<meta name=\"twitter:card\" content=\"summary_large_image\" \/>\n<meta name=\"twitter:label1\" content=\"\u00c9crit par\" \/>\n\t<meta name=\"twitter:data1\" content=\"admin\" \/>\n\t<meta name=\"twitter:label2\" content=\"Dur\u00e9e de lecture estim\u00e9e\" \/>\n\t<meta name=\"twitter:data2\" content=\"1 minute\" \/>\n<script type=\"application\/ld+json\" class=\"yoast-schema-graph\">{\"@context\":\"https:\/\/schema.org\",\"@graph\":[{\"@type\":\"Article\",\"@id\":\"https:\/\/www.ondernemendvenlo.nl\/zakendoen-met-spanje\/#article\",\"isPartOf\":{\"@id\":\"https:\/\/www.ondernemendvenlo.nl\/zakendoen-met-spanje\/\"},\"author\":{\"name\":\"admin\",\"@id\":\"https:\/\/www.ondernemendvenlo.nl\/#\/schema\/person\/347e935f8ad4c7030608ef74bb57aa6e\"},\"headline\":\"De Vuelta als gangmaker, zakendoen met Spanje\",\"datePublished\":\"2019-09-28T13:20:00+00:00\",\"mainEntityOfPage\":{\"@id\":\"https:\/\/www.ondernemendvenlo.nl\/zakendoen-met-spanje\/\"},\"wordCount\":218,\"publisher\":{\"@id\":\"https:\/\/www.ondernemendvenlo.nl\/#organization\"},\"image\":{\"@id\":\"https:\/\/www.ondernemendvenlo.nl\/zakendoen-met-spanje\/#primaryimage\"},\"thumbnailUrl\":\"https:\/\/www.ondernemendvenlo.nl\/wp-content\/uploads\/2025\/04\/Stage_21_of_the_Vuelta_a_Espana_2013_in_Madrid_Spain_September_15_2013.jpg\",\"articleSection\":[\"Nieuws\"],\"inLanguage\":\"fr-FR\"},{\"@type\":\"WebPage\",\"@id\":\"https:\/\/www.ondernemendvenlo.nl\/zakendoen-met-spanje\/\",\"url\":\"https:\/\/www.ondernemendvenlo.nl\/zakendoen-met-spanje\/\",\"name\":\"De Vuelta als gangmaker, zakendoen met Spanje - Ondernemend Venlo\",\"isPartOf\":{\"@id\":\"https:\/\/www.ondernemendvenlo.nl\/#website\"},\"primaryImageOfPage\":{\"@id\":\"https:\/\/www.ondernemendvenlo.nl\/zakendoen-met-spanje\/#primaryimage\"},\"image\":{\"@id\":\"https:\/\/www.ondernemendvenlo.nl\/zakendoen-met-spanje\/#primaryimage\"},\"thumbnailUrl\":\"https:\/\/www.ondernemendvenlo.nl\/wp-content\/uploads\/2025\/04\/Stage_21_of_the_Vuelta_a_Espana_2013_in_Madrid_Spain_September_15_2013.jpg\",\"datePublished\":\"2019-09-28T13:20:00+00:00\",\"breadcrumb\":{\"@id\":\"https:\/\/www.ondernemendvenlo.nl\/zakendoen-met-spanje\/#breadcrumb\"},\"inLanguage\":\"fr-FR\",\"potentialAction\":[{\"@type\":\"ReadAction\",\"target\":[\"https:\/\/www.ondernemendvenlo.nl\/zakendoen-met-spanje\/\"]}]},{\"@type\":\"ImageObject\",\"inLanguage\":\"fr-FR\",\"@id\":\"https:\/\/www.ondernemendvenlo.nl\/zakendoen-met-spanje\/#primaryimage\",\"url\":\"https:\/\/www.ondernemendvenlo.nl\/wp-content\/uploads\/2025\/04\/Stage_21_of_the_Vuelta_a_Espana_2013_in_Madrid_Spain_September_15_2013.jpg\",\"contentUrl\":\"https:\/\/www.ondernemendvenlo.nl\/wp-content\/uploads\/2025\/04\/Stage_21_of_the_Vuelta_a_Espana_2013_in_Madrid_Spain_September_15_2013.jpg\",\"width\":2116,\"height\":1133},{\"@type\":\"BreadcrumbList\",\"@id\":\"https:\/\/www.ondernemendvenlo.nl\/zakendoen-met-spanje\/#breadcrumb\",\"itemListElement\":[{\"@type\":\"ListItem\",\"position\":1,\"name\":\"Ondernemend Venlo\",\"item\":\"https:\/\/www.ondernemendvenlo.nl\/\"},{\"@type\":\"ListItem\",\"position\":2,\"name\":\"Nieuws\",\"item\":\"https:\/\/www.ondernemendvenlo.nl\/categorie\/nieuws\/\"},{\"@type\":\"ListItem\",\"position\":3,\"name\":\"De Vuelta als gangmaker, zakendoen met Spanje\"}]},{\"@type\":\"WebSite\",\"@id\":\"https:\/\/www.ondernemendvenlo.nl\/#website\",\"url\":\"https:\/\/www.ondernemendvenlo.nl\/\",\"name\":\"Ondernemend Venlo\",\"description\":\"Samen succesvol ondernemen\",\"publisher\":{\"@id\":\"https:\/\/www.ondernemendvenlo.nl\/#organization\"},\"potentialAction\":[{\"@type\":\"SearchAction\",\"target\":{\"@type\":\"EntryPoint\",\"urlTemplate\":\"https:\/\/www.ondernemendvenlo.nl\/?s={search_term_string}\"},\"query-input\":{\"@type\":\"PropertyValueSpecification\",\"valueRequired\":true,\"valueName\":\"search_term_string\"}}],\"inLanguage\":\"fr-FR\"},{\"@type\":\"Organization\",\"@id\":\"https:\/\/www.ondernemendvenlo.nl\/#organization\",\"name\":\"Ondernemend Venlo\",\"url\":\"https:\/\/www.ondernemendvenlo.nl\/\",\"logo\":{\"@type\":\"ImageObject\",\"inLanguage\":\"fr-FR\",\"@id\":\"https:\/\/www.ondernemendvenlo.nl\/#\/schema\/logo\/image\/\",\"url\":\"https:\/\/www.ondernemendvenlo.nl\/wp-content\/uploads\/2025\/02\/Ondernemend-Venlo-logo-scaled.webp\",\"contentUrl\":\"https:\/\/www.ondernemendvenlo.nl\/wp-content\/uploads\/2025\/02\/Ondernemend-Venlo-logo-scaled.webp\",\"width\":2560,\"height\":1010,\"caption\":\"Ondernemend Venlo\"},\"image\":{\"@id\":\"https:\/\/www.ondernemendvenlo.nl\/#\/schema\/logo\/image\/\"},\"sameAs\":[\"https:\/\/www.linkedin.com\/company\/ondernemend-venlo\/\"]},{\"@type\":\"Person\",\"@id\":\"https:\/\/www.ondernemendvenlo.nl\/#\/schema\/person\/347e935f8ad4c7030608ef74bb57aa6e\",\"name\":\"admin\",\"image\":{\"@type\":\"ImageObject\",\"inLanguage\":\"fr-FR\",\"@id\":\"https:\/\/www.ondernemendvenlo.nl\/#\/schema\/person\/image\/\",\"url\":\"https:\/\/www.ondernemendvenlo.nl\/wp-content\/litespeed\/avatar\/720af750b037aecf6e33e12833479059.jpg?ver=1777382954\",\"contentUrl\":\"https:\/\/www.ondernemendvenlo.nl\/wp-content\/litespeed\/avatar\/720af750b037aecf6e33e12833479059.jpg?ver=1777382954\",\"caption\":\"admin\"},\"sameAs\":[\"https:\/\/www.ondernemendvenlo.nl\"]}]}<\/script>\n<!-- \/ Yoast SEO plugin. -->","yoast_head_json":{"title":"De Vuelta als gangmaker, zakendoen met Spanje - Ondernemend Venlo","robots":{"index":"index","follow":"follow","max-snippet":"max-snippet:-1","max-image-preview":"max-image-preview:large","max-video-preview":"max-video-preview:-1"},"canonical":"https:\/\/www.ondernemendvenlo.nl\/fr\/zakendoen-met-spanje\/","og_locale":"fr_FR","og_type":"article","og_title":"De Vuelta als gangmaker, zakendoen met Spanje - Ondernemend Venlo","og_description":"VENLO &#8211;\u00a0In augustus 2020 zal Breda het toneel vormen voor zowel de start als finish van de 3e etappe van de Vuelta. In de aanloop hier naar toe zullen diverse activiteiten op o.a. cultureel, culinair, educatief e.d. gebied plaatsvinden. In het kader hiervan organiseert de gemeente Breda op woensdag 23 oktober 2019 samen met de [&hellip;]","og_url":"https:\/\/www.ondernemendvenlo.nl\/fr\/zakendoen-met-spanje\/","og_site_name":"Ondernemend Venlo","article_published_time":"2019-09-28T13:20:00+00:00","og_image":[{"width":2116,"height":1133,"url":"https:\/\/www.ondernemendvenlo.nl\/wp-content\/uploads\/2025\/04\/Stage_21_of_the_Vuelta_a_Espana_2013_in_Madrid_Spain_September_15_2013.jpg","type":"image\/jpeg"}],"author":"admin","twitter_card":"summary_large_image","twitter_misc":{"\u00c9crit par":"admin","Dur\u00e9e de lecture estim\u00e9e":"1 minute"},"schema":{"@context":"https:\/\/schema.org","@graph":[{"@type":"Article","@id":"https:\/\/www.ondernemendvenlo.nl\/zakendoen-met-spanje\/#article","isPartOf":{"@id":"https:\/\/www.ondernemendvenlo.nl\/zakendoen-met-spanje\/"},"author":{"name":"admin","@id":"https:\/\/www.ondernemendvenlo.nl\/#\/schema\/person\/347e935f8ad4c7030608ef74bb57aa6e"},"headline":"De Vuelta als gangmaker, zakendoen met Spanje","datePublished":"2019-09-28T13:20:00+00:00","mainEntityOfPage":{"@id":"https:\/\/www.ondernemendvenlo.nl\/zakendoen-met-spanje\/"},"wordCount":218,"publisher":{"@id":"https:\/\/www.ondernemendvenlo.nl\/#organization"},"image":{"@id":"https:\/\/www.ondernemendvenlo.nl\/zakendoen-met-spanje\/#primaryimage"},"thumbnailUrl":"https:\/\/www.ondernemendvenlo.nl\/wp-content\/uploads\/2025\/04\/Stage_21_of_the_Vuelta_a_Espana_2013_in_Madrid_Spain_September_15_2013.jpg","articleSection":["Nieuws"],"inLanguage":"fr-FR"},{"@type":"WebPage","@id":"https:\/\/www.ondernemendvenlo.nl\/zakendoen-met-spanje\/","url":"https:\/\/www.ondernemendvenlo.nl\/zakendoen-met-spanje\/","name":"De Vuelta als gangmaker, zakendoen met Spanje - Ondernemend Venlo","isPartOf":{"@id":"https:\/\/www.ondernemendvenlo.nl\/#website"},"primaryImageOfPage":{"@id":"https:\/\/www.ondernemendvenlo.nl\/zakendoen-met-spanje\/#primaryimage"},"image":{"@id":"https:\/\/www.ondernemendvenlo.nl\/zakendoen-met-spanje\/#primaryimage"},"thumbnailUrl":"https:\/\/www.ondernemendvenlo.nl\/wp-content\/uploads\/2025\/04\/Stage_21_of_the_Vuelta_a_Espana_2013_in_Madrid_Spain_September_15_2013.jpg","datePublished":"2019-09-28T13:20:00+00:00","breadcrumb":{"@id":"https:\/\/www.ondernemendvenlo.nl\/zakendoen-met-spanje\/#breadcrumb"},"inLanguage":"fr-FR","potentialAction":[{"@type":"ReadAction","target":["https:\/\/www.ondernemendvenlo.nl\/zakendoen-met-spanje\/"]}]},{"@type":"ImageObject","inLanguage":"fr-FR","@id":"https:\/\/www.ondernemendvenlo.nl\/zakendoen-met-spanje\/#primaryimage","url":"https:\/\/www.ondernemendvenlo.nl\/wp-content\/uploads\/2025\/04\/Stage_21_of_the_Vuelta_a_Espana_2013_in_Madrid_Spain_September_15_2013.jpg","contentUrl":"https:\/\/www.ondernemendvenlo.nl\/wp-content\/uploads\/2025\/04\/Stage_21_of_the_Vuelta_a_Espana_2013_in_Madrid_Spain_September_15_2013.jpg","width":2116,"height":1133},{"@type":"BreadcrumbList","@id":"https:\/\/www.ondernemendvenlo.nl\/zakendoen-met-spanje\/#breadcrumb","itemListElement":[{"@type":"ListItem","position":1,"name":"Ondernemend Venlo","item":"https:\/\/www.ondernemendvenlo.nl\/"},{"@type":"ListItem","position":2,"name":"Nieuws","item":"https:\/\/www.ondernemendvenlo.nl\/categorie\/nieuws\/"},{"@type":"ListItem","position":3,"name":"De Vuelta als gangmaker, zakendoen met Spanje"}]},{"@type":"WebSite","@id":"https:\/\/www.ondernemendvenlo.nl\/#website","url":"https:\/\/www.ondernemendvenlo.nl\/","name":"Venlo entrepreneurial","description":"Travailler ensemble avec succ\u00e8s","publisher":{"@id":"https:\/\/www.ondernemendvenlo.nl\/#organization"},"potentialAction":[{"@type":"SearchAction","target":{"@type":"EntryPoint","urlTemplate":"https:\/\/www.ondernemendvenlo.nl\/?s={search_term_string}"},"query-input":{"@type":"PropertyValueSpecification","valueRequired":true,"valueName":"search_term_string"}}],"inLanguage":"fr-FR"},{"@type":"Organization","@id":"https:\/\/www.ondernemendvenlo.nl\/#organization","name":"Venlo entrepreneurial","url":"https:\/\/www.ondernemendvenlo.nl\/","logo":{"@type":"ImageObject","inLanguage":"fr-FR","@id":"https:\/\/www.ondernemendvenlo.nl\/#\/schema\/logo\/image\/","url":"https:\/\/www.ondernemendvenlo.nl\/wp-content\/uploads\/2025\/02\/Ondernemend-Venlo-logo-scaled.webp","contentUrl":"https:\/\/www.ondernemendvenlo.nl\/wp-content\/uploads\/2025\/02\/Ondernemend-Venlo-logo-scaled.webp","width":2560,"height":1010,"caption":"Ondernemend Venlo"},"image":{"@id":"https:\/\/www.ondernemendvenlo.nl\/#\/schema\/logo\/image\/"},"sameAs":["https:\/\/www.linkedin.com\/company\/ondernemend-venlo\/"]},{"@type":"Person","@id":"https:\/\/www.ondernemendvenlo.nl\/#\/schema\/person\/347e935f8ad4c7030608ef74bb57aa6e","name":"admin","image":{"@type":"ImageObject","inLanguage":"fr-FR","@id":"https:\/\/www.ondernemendvenlo.nl\/#\/schema\/person\/image\/","url":"https:\/\/www.ondernemendvenlo.nl\/wp-content\/litespeed\/avatar\/720af750b037aecf6e33e12833479059.jpg?ver=1777382954","contentUrl":"https:\/\/www.ondernemendvenlo.nl\/wp-content\/litespeed\/avatar\/720af750b037aecf6e33e12833479059.jpg?ver=1777382954","caption":"admin"},"sameAs":["https:\/\/www.ondernemendvenlo.nl"]}]}},"_links":{"self":[{"href":"https:\/\/www.ondernemendvenlo.nl\/fr\/wp-json\/wp\/v2\/posts\/1689","targetHints":{"allow":["GET"]}}],"collection":[{"href":"https:\/\/www.ondernemendvenlo.nl\/fr\/wp-json\/wp\/v2\/posts"}],"about":[{"href":"https:\/\/www.ondernemendvenlo.nl\/fr\/wp-json\/wp\/v2\/types\/post"}],"author":[{"embeddable":true,"href":"https:\/\/www.ondernemendvenlo.nl\/fr\/wp-json\/wp\/v2\/users\/1"}],"replies":[{"embeddable":true,"href":"https:\/\/www.ondernemendvenlo.nl\/fr\/wp-json\/wp\/v2\/comments?post=1689"}],"version-history":[{"count":0,"href":"https:\/\/www.ondernemendvenlo.nl\/fr\/wp-json\/wp\/v2\/posts\/1689\/revisions"}],"wp:featuredmedia":[{"embeddable":true,"href":"https:\/\/www.ondernemendvenlo.nl\/fr\/wp-json\/wp\/v2\/media\/1690"}],"wp:attachment":[{"href":"https:\/\/www.ondernemendvenlo.nl\/fr\/wp-json\/wp\/v2\/media?parent=1689"}],"wp:term":[{"taxonomy":"category","embeddable":true,"href":"https:\/\/www.ondernemendvenlo.nl\/fr\/wp-json\/wp\/v2\/categories?post=1689"},{"taxonomy":"post_tag","embeddable":true,"href":"https:\/\/www.ondernemendvenlo.nl\/fr\/wp-json\/wp\/v2\/tags?post=1689"}],"curies":[{"name":"wp","href":"https:\/\/api.w.org\/{rel}","templated":true}]}}