{"id":1715,"date":"2019-10-24T14:00:53","date_gmt":"2019-10-24T12:00:53","guid":{"rendered":"https:\/\/www.ondernemendvenlo.nl\/publiek-welkom-bij-opnames-omroep-venlo-wat-maakt-venlo\/"},"modified":"2019-10-24T14:00:53","modified_gmt":"2019-10-24T12:00:53","slug":"publiek-welkom-bij-opnames-omroep-venlo-wat-maakt-venlo","status":"publish","type":"post","link":"https:\/\/www.ondernemendvenlo.nl\/fr\/publiek-welkom-bij-opnames-omroep-venlo-wat-maakt-venlo\/","title":{"rendered":"Le public est invit\u00e9 \u00e0 assister aux enregistrements de l'Omroep Venlo \"What makes Venlo....\" (Ce qui fait Venlo)"},"content":{"rendered":"<p><b><u>Qu'est-ce qui fait que Venlo....<br \/>\n<\/u><\/b><strong>Un programme sur la fiert\u00e9, les opportunit\u00e9s et la collaboration.<\/strong><\/p>\n<p>En novembre et d\u00e9cembre, Omroep Venlo diffusera une s\u00e9rie t\u00e9l\u00e9vis\u00e9e commerciale en six parties intitul\u00e9e What makes Venlo.... Pour ce programme, le diffuseur s'est associ\u00e9 \u00e0 Fontys International Business School, Rabobank Venlo e.o., la municipalit\u00e9 de Venlo et Ondernemend Venlo. Partant de la perspective fi\u00e8rement pr\u00e9sent\u00e9e que la municipalit\u00e9 de Venlo a d\u00e9j\u00e0 beaucoup d'activit\u00e9s commerciales et abrite de nombreuses perles dans ses zones industrielles, le t\u00e9l\u00e9spectateur est emmen\u00e9 \u00e0 travers des discussions fascinantes et ouvertes pour d\u00e9couvrir o\u00f9 se trouvent encore plus d'opportunit\u00e9s \u00e0 l'avenir.<\/p>\n<p><strong>D'aujourd'hui \u00e0 demain<\/strong><\/p>\n<p>Dans de courts films, le reporter Kylian Slenter montre au spectateur que le paysage des entreprises et des organisations de la municipalit\u00e9 de Venlo rec\u00e8le de nombreuses perles, des entreprises qui sont leaders dans leur propre cr\u00e9neau, avec beaucoup d'esprit d'entreprise, de d\u00e9termination et de capacit\u00e9 d'innovation. Des perles inconnues de la majorit\u00e9 de la population et qui, en les montrant, suscitent l'admiration et l'appr\u00e9ciation. \u00c0 partir de l'image positive d'aujourd'hui, les programmes jettent un pont vers l'avenir. L'objectif commun \u00e9tant de stabiliser les positions de leader et de leur permettre de continuer \u00e0 se d\u00e9velopper, ils examinent les opportunit\u00e9s, les possibilit\u00e9s, mais aussi les d\u00e9fis \u00e0 relever pour y parvenir. Des acteurs du monde des affaires, de la politique, de l'\u00e9ducation ainsi que de jeunes \u00e9tudiants en discuteront avec le pr\u00e9sentateur Frans Pollux. \u00c0 cette fin, six \u00e9missions ont \u00e9t\u00e9 enregistr\u00e9es fin octobre sur un plateau de t\u00e9l\u00e9vision unique \u00e0 Villa Flora.<\/p>\n<p><strong>Six th\u00e8mes<\/strong><\/p>\n<p>Venlo est aujourd'hui le point n\u00e9vralgique de la logistique en Europe. Que devons-nous faire pour qu'il en soit encore ainsi dans dix ans ? Il est merveilleux de voir combien de perles nous avons d\u00e9j\u00e0 dans l'industrie manufacturi\u00e8re. Mais sommes-nous \u00e0 la limite ou y a-t-il encore beaucoup d'opportunit\u00e9s et o\u00f9 se trouvent-elles ?<\/p>\n<p>Qu'est-ce qui rend Venlo saine, durable et unique ? La r\u00e9ponse sera visible pendant six semaines \u00e0 partir du lundi 4 novembre, avec des rediffusions le dimanche. What makes Venlo... sera \u00e9galement diffus\u00e9 en ligne sur les cha\u00eenes d'Omroep Venlo et de ses partenaires.<\/p>\n<p>Vous pouvez assister au tournage \u00e0 la Villa Flora, Sint Jansweg 20, Venlo. Vous trouverez ci-dessous les horaires d'enregistrement. Vous \u00eates les bienvenus !<\/p>\n<p><strong>\u00c9pisode 1 : Qu'est-ce qui rend Venlo unique ?<\/strong> \/ enregistrement Mardi 29 octobre, 14h-16h<\/p>\n<p><strong>\u00c9pisode 2 : Qu'est-ce qui fait que Venlo est en bonne sant\u00e9 ?<\/strong> \/ enregistrement Mardi 29 octobre, 11h30-13h30<\/p>\n<p><strong>\u00c9pisode 3 : Qu'est-ce qui fait de Venlo un hotspot ?<\/strong> \/ enregistrement Mardi 29 octobre, 16h30-18h30<\/p>\n<p><strong>\u00c9pisode 4 : Qu'est-ce qui fait Venlo ?<\/strong> \/ enregistrement Mercredi 30 octobre, 11h30-13h30<\/p>\n<p><strong>\u00c9pisode 5 : Qu'est-ce qui rend Venlo durable ?<\/strong> \/ enregistrement Mercredi 30 octobre, 14h-16h<\/p>\n<p><strong>\u00c9pisode 6 : La coop\u00e9ration fait Venlo<\/strong> \/ enregistrement Mercredi 30 octobre, 16h30-18h30<\/p>\n<div style=\"width: 800px;\" class=\"wp-video\"><!--[if lt IE 9]><script>document.createElement('video');<\/script><![endif]-->\n<video class=\"wp-video-shortcode\" id=\"video-1715-1\" width=\"800\" height=\"450\" preload=\"metadata\" controls=\"controls\"><source type=\"video\/mp4\" src=\"https:\/\/www.ondernemendvenlo.nl\/wp-content\/uploads\/2019\/10\/Promo-Wat-Maakt-Venlo-werkgroep.mp4?_=1\" \/><a href=\"https:\/\/www.ondernemendvenlo.nl\/wp-content\/uploads\/2019\/10\/Promo-Wat-Maakt-Venlo-werkgroep.mp4\">https:\/\/www.ondernemendvenlo.nl\/wp-content\/uploads\/2019\/10\/Promo-Wat-Maakt-Venlo-werkgroep.mp4<\/a><\/video><\/div>","protected":false},"excerpt":{"rendered":"<p>Wat maakt Venlo&#8230;. Een programma over trots, kansen en samenwerking. In november en december zendt Omroep Venlo een zesdelige zakelijke tv-serie uit met als titel Wat maakt Venlo&#8230;. Voor dit programma is de omroep de samenwerking aangegaan met Fontys International Business School, Rabobank Venlo e.o., Gemeente Venlo en Ondernemend Venlo. Vanuit het met gepaste trots [&hellip;]<\/p>","protected":false},"author":1,"featured_media":1716,"comment_status":"closed","ping_status":"open","sticky":false,"template":"","format":"standard","meta":{"_acf_changed":false,"footnotes":""},"categories":[8],"tags":[],"class_list":["post-1715","post","type-post","status-publish","format-standard","has-post-thumbnail","hentry","category-nieuws"],"acf":[],"yoast_head":"<!-- This site is optimized with the Yoast SEO plugin v26.3 - https:\/\/yoast.com\/wordpress\/plugins\/seo\/ -->\n<title>Publiek welkom bij opnames Omroep Venlo &quot;Wat maakt Venlo....&quot; - Ondernemend Venlo<\/title>\n<meta name=\"robots\" content=\"index, follow, max-snippet:-1, max-image-preview:large, max-video-preview:-1\" \/>\n<link rel=\"canonical\" href=\"https:\/\/www.ondernemendvenlo.nl\/fr\/publiek-welkom-bij-opnames-omroep-venlo-wat-maakt-venlo\/\" \/>\n<meta property=\"og:locale\" content=\"fr_FR\" \/>\n<meta property=\"og:type\" content=\"article\" \/>\n<meta property=\"og:title\" content=\"Publiek welkom bij opnames Omroep Venlo &quot;Wat maakt Venlo....&quot; - Ondernemend Venlo\" \/>\n<meta property=\"og:description\" content=\"Wat maakt Venlo&#8230;. Een programma over trots, kansen en samenwerking. In november en december zendt Omroep Venlo een zesdelige zakelijke tv-serie uit met als titel Wat maakt Venlo&#8230;. Voor dit programma is de omroep de samenwerking aangegaan met Fontys International Business School, Rabobank Venlo e.o., Gemeente Venlo en Ondernemend Venlo. Vanuit het met gepaste trots [&hellip;]\" \/>\n<meta property=\"og:url\" content=\"https:\/\/www.ondernemendvenlo.nl\/fr\/publiek-welkom-bij-opnames-omroep-venlo-wat-maakt-venlo\/\" \/>\n<meta property=\"og:site_name\" content=\"Ondernemend Venlo\" \/>\n<meta property=\"article:published_time\" content=\"2019-10-24T12:00:53+00:00\" \/>\n<meta property=\"og:image\" content=\"https:\/\/www.ondernemendvenlo.nl\/wp-content\/uploads\/2025\/04\/omroep-venlo-web.png\" \/>\n\t<meta property=\"og:image:width\" content=\"800\" \/>\n\t<meta property=\"og:image:height\" content=\"573\" \/>\n\t<meta property=\"og:image:type\" content=\"image\/png\" \/>\n<meta name=\"author\" content=\"admin\" \/>\n<meta name=\"twitter:card\" content=\"summary_large_image\" \/>\n<meta name=\"twitter:label1\" content=\"\u00c9crit par\" \/>\n\t<meta name=\"twitter:data1\" content=\"admin\" \/>\n\t<meta name=\"twitter:label2\" content=\"Dur\u00e9e de lecture estim\u00e9e\" \/>\n\t<meta name=\"twitter:data2\" content=\"2 minutes\" \/>\n<script type=\"application\/ld+json\" class=\"yoast-schema-graph\">{\"@context\":\"https:\/\/schema.org\",\"@graph\":[{\"@type\":\"Article\",\"@id\":\"https:\/\/www.ondernemendvenlo.nl\/publiek-welkom-bij-opnames-omroep-venlo-wat-maakt-venlo\/#article\",\"isPartOf\":{\"@id\":\"https:\/\/www.ondernemendvenlo.nl\/publiek-welkom-bij-opnames-omroep-venlo-wat-maakt-venlo\/\"},\"author\":{\"name\":\"admin\",\"@id\":\"https:\/\/www.ondernemendvenlo.nl\/#\/schema\/person\/347e935f8ad4c7030608ef74bb57aa6e\"},\"headline\":\"Publiek welkom bij opnames Omroep Venlo &#8220;Wat maakt Venlo&#8230;.&#8221;\",\"datePublished\":\"2019-10-24T12:00:53+00:00\",\"mainEntityOfPage\":{\"@id\":\"https:\/\/www.ondernemendvenlo.nl\/publiek-welkom-bij-opnames-omroep-venlo-wat-maakt-venlo\/\"},\"wordCount\":436,\"publisher\":{\"@id\":\"https:\/\/www.ondernemendvenlo.nl\/#organization\"},\"image\":{\"@id\":\"https:\/\/www.ondernemendvenlo.nl\/publiek-welkom-bij-opnames-omroep-venlo-wat-maakt-venlo\/#primaryimage\"},\"thumbnailUrl\":\"https:\/\/www.ondernemendvenlo.nl\/wp-content\/uploads\/2025\/04\/omroep-venlo-web.png\",\"articleSection\":[\"Nieuws\"],\"inLanguage\":\"fr-FR\"},{\"@type\":\"WebPage\",\"@id\":\"https:\/\/www.ondernemendvenlo.nl\/publiek-welkom-bij-opnames-omroep-venlo-wat-maakt-venlo\/\",\"url\":\"https:\/\/www.ondernemendvenlo.nl\/publiek-welkom-bij-opnames-omroep-venlo-wat-maakt-venlo\/\",\"name\":\"Publiek welkom bij opnames Omroep Venlo \\\"Wat maakt Venlo....\\\" - Ondernemend Venlo\",\"isPartOf\":{\"@id\":\"https:\/\/www.ondernemendvenlo.nl\/#website\"},\"primaryImageOfPage\":{\"@id\":\"https:\/\/www.ondernemendvenlo.nl\/publiek-welkom-bij-opnames-omroep-venlo-wat-maakt-venlo\/#primaryimage\"},\"image\":{\"@id\":\"https:\/\/www.ondernemendvenlo.nl\/publiek-welkom-bij-opnames-omroep-venlo-wat-maakt-venlo\/#primaryimage\"},\"thumbnailUrl\":\"https:\/\/www.ondernemendvenlo.nl\/wp-content\/uploads\/2025\/04\/omroep-venlo-web.png\",\"datePublished\":\"2019-10-24T12:00:53+00:00\",\"breadcrumb\":{\"@id\":\"https:\/\/www.ondernemendvenlo.nl\/publiek-welkom-bij-opnames-omroep-venlo-wat-maakt-venlo\/#breadcrumb\"},\"inLanguage\":\"fr-FR\",\"potentialAction\":[{\"@type\":\"ReadAction\",\"target\":[\"https:\/\/www.ondernemendvenlo.nl\/publiek-welkom-bij-opnames-omroep-venlo-wat-maakt-venlo\/\"]}]},{\"@type\":\"ImageObject\",\"inLanguage\":\"fr-FR\",\"@id\":\"https:\/\/www.ondernemendvenlo.nl\/publiek-welkom-bij-opnames-omroep-venlo-wat-maakt-venlo\/#primaryimage\",\"url\":\"https:\/\/www.ondernemendvenlo.nl\/wp-content\/uploads\/2025\/04\/omroep-venlo-web.png\",\"contentUrl\":\"https:\/\/www.ondernemendvenlo.nl\/wp-content\/uploads\/2025\/04\/omroep-venlo-web.png\",\"width\":800,\"height\":573},{\"@type\":\"BreadcrumbList\",\"@id\":\"https:\/\/www.ondernemendvenlo.nl\/publiek-welkom-bij-opnames-omroep-venlo-wat-maakt-venlo\/#breadcrumb\",\"itemListElement\":[{\"@type\":\"ListItem\",\"position\":1,\"name\":\"Ondernemend Venlo\",\"item\":\"https:\/\/www.ondernemendvenlo.nl\/\"},{\"@type\":\"ListItem\",\"position\":2,\"name\":\"Nieuws\",\"item\":\"https:\/\/www.ondernemendvenlo.nl\/categorie\/nieuws\/\"},{\"@type\":\"ListItem\",\"position\":3,\"name\":\"Publiek welkom bij opnames Omroep Venlo &#8220;Wat maakt Venlo&#8230;.&#8221;\"}]},{\"@type\":\"WebSite\",\"@id\":\"https:\/\/www.ondernemendvenlo.nl\/#website\",\"url\":\"https:\/\/www.ondernemendvenlo.nl\/\",\"name\":\"Ondernemend Venlo\",\"description\":\"Samen succesvol ondernemen\",\"publisher\":{\"@id\":\"https:\/\/www.ondernemendvenlo.nl\/#organization\"},\"potentialAction\":[{\"@type\":\"SearchAction\",\"target\":{\"@type\":\"EntryPoint\",\"urlTemplate\":\"https:\/\/www.ondernemendvenlo.nl\/?s={search_term_string}\"},\"query-input\":{\"@type\":\"PropertyValueSpecification\",\"valueRequired\":true,\"valueName\":\"search_term_string\"}}],\"inLanguage\":\"fr-FR\"},{\"@type\":\"Organization\",\"@id\":\"https:\/\/www.ondernemendvenlo.nl\/#organization\",\"name\":\"Ondernemend Venlo\",\"url\":\"https:\/\/www.ondernemendvenlo.nl\/\",\"logo\":{\"@type\":\"ImageObject\",\"inLanguage\":\"fr-FR\",\"@id\":\"https:\/\/www.ondernemendvenlo.nl\/#\/schema\/logo\/image\/\",\"url\":\"https:\/\/www.ondernemendvenlo.nl\/wp-content\/uploads\/2025\/02\/Ondernemend-Venlo-logo-scaled.webp\",\"contentUrl\":\"https:\/\/www.ondernemendvenlo.nl\/wp-content\/uploads\/2025\/02\/Ondernemend-Venlo-logo-scaled.webp\",\"width\":2560,\"height\":1010,\"caption\":\"Ondernemend Venlo\"},\"image\":{\"@id\":\"https:\/\/www.ondernemendvenlo.nl\/#\/schema\/logo\/image\/\"},\"sameAs\":[\"https:\/\/www.linkedin.com\/company\/ondernemend-venlo\/\"]},{\"@type\":\"Person\",\"@id\":\"https:\/\/www.ondernemendvenlo.nl\/#\/schema\/person\/347e935f8ad4c7030608ef74bb57aa6e\",\"name\":\"admin\",\"image\":{\"@type\":\"ImageObject\",\"inLanguage\":\"fr-FR\",\"@id\":\"https:\/\/www.ondernemendvenlo.nl\/#\/schema\/person\/image\/\",\"url\":\"https:\/\/www.ondernemendvenlo.nl\/wp-content\/litespeed\/avatar\/720af750b037aecf6e33e12833479059.jpg?ver=1777382954\",\"contentUrl\":\"https:\/\/www.ondernemendvenlo.nl\/wp-content\/litespeed\/avatar\/720af750b037aecf6e33e12833479059.jpg?ver=1777382954\",\"caption\":\"admin\"},\"sameAs\":[\"https:\/\/www.ondernemendvenlo.nl\"]}]}<\/script>\n<!-- \/ Yoast SEO plugin. -->","yoast_head_json":{"title":"Publiek welkom bij opnames Omroep Venlo \"Wat maakt Venlo....\" - Ondernemend Venlo","robots":{"index":"index","follow":"follow","max-snippet":"max-snippet:-1","max-image-preview":"max-image-preview:large","max-video-preview":"max-video-preview:-1"},"canonical":"https:\/\/www.ondernemendvenlo.nl\/fr\/publiek-welkom-bij-opnames-omroep-venlo-wat-maakt-venlo\/","og_locale":"fr_FR","og_type":"article","og_title":"Publiek welkom bij opnames Omroep Venlo \"Wat maakt Venlo....\" - Ondernemend Venlo","og_description":"Wat maakt Venlo&#8230;. Een programma over trots, kansen en samenwerking. In november en december zendt Omroep Venlo een zesdelige zakelijke tv-serie uit met als titel Wat maakt Venlo&#8230;. Voor dit programma is de omroep de samenwerking aangegaan met Fontys International Business School, Rabobank Venlo e.o., Gemeente Venlo en Ondernemend Venlo. Vanuit het met gepaste trots [&hellip;]","og_url":"https:\/\/www.ondernemendvenlo.nl\/fr\/publiek-welkom-bij-opnames-omroep-venlo-wat-maakt-venlo\/","og_site_name":"Ondernemend Venlo","article_published_time":"2019-10-24T12:00:53+00:00","og_image":[{"width":800,"height":573,"url":"https:\/\/www.ondernemendvenlo.nl\/wp-content\/uploads\/2025\/04\/omroep-venlo-web.png","type":"image\/png"}],"author":"admin","twitter_card":"summary_large_image","twitter_misc":{"\u00c9crit par":"admin","Dur\u00e9e de lecture estim\u00e9e":"2 minutes"},"schema":{"@context":"https:\/\/schema.org","@graph":[{"@type":"Article","@id":"https:\/\/www.ondernemendvenlo.nl\/publiek-welkom-bij-opnames-omroep-venlo-wat-maakt-venlo\/#article","isPartOf":{"@id":"https:\/\/www.ondernemendvenlo.nl\/publiek-welkom-bij-opnames-omroep-venlo-wat-maakt-venlo\/"},"author":{"name":"admin","@id":"https:\/\/www.ondernemendvenlo.nl\/#\/schema\/person\/347e935f8ad4c7030608ef74bb57aa6e"},"headline":"Publiek welkom bij opnames Omroep Venlo &#8220;Wat maakt Venlo&#8230;.&#8221;","datePublished":"2019-10-24T12:00:53+00:00","mainEntityOfPage":{"@id":"https:\/\/www.ondernemendvenlo.nl\/publiek-welkom-bij-opnames-omroep-venlo-wat-maakt-venlo\/"},"wordCount":436,"publisher":{"@id":"https:\/\/www.ondernemendvenlo.nl\/#organization"},"image":{"@id":"https:\/\/www.ondernemendvenlo.nl\/publiek-welkom-bij-opnames-omroep-venlo-wat-maakt-venlo\/#primaryimage"},"thumbnailUrl":"https:\/\/www.ondernemendvenlo.nl\/wp-content\/uploads\/2025\/04\/omroep-venlo-web.png","articleSection":["Nieuws"],"inLanguage":"fr-FR"},{"@type":"WebPage","@id":"https:\/\/www.ondernemendvenlo.nl\/publiek-welkom-bij-opnames-omroep-venlo-wat-maakt-venlo\/","url":"https:\/\/www.ondernemendvenlo.nl\/publiek-welkom-bij-opnames-omroep-venlo-wat-maakt-venlo\/","name":"Publiek welkom bij opnames Omroep Venlo \"Wat maakt Venlo....\" - Ondernemend Venlo","isPartOf":{"@id":"https:\/\/www.ondernemendvenlo.nl\/#website"},"primaryImageOfPage":{"@id":"https:\/\/www.ondernemendvenlo.nl\/publiek-welkom-bij-opnames-omroep-venlo-wat-maakt-venlo\/#primaryimage"},"image":{"@id":"https:\/\/www.ondernemendvenlo.nl\/publiek-welkom-bij-opnames-omroep-venlo-wat-maakt-venlo\/#primaryimage"},"thumbnailUrl":"https:\/\/www.ondernemendvenlo.nl\/wp-content\/uploads\/2025\/04\/omroep-venlo-web.png","datePublished":"2019-10-24T12:00:53+00:00","breadcrumb":{"@id":"https:\/\/www.ondernemendvenlo.nl\/publiek-welkom-bij-opnames-omroep-venlo-wat-maakt-venlo\/#breadcrumb"},"inLanguage":"fr-FR","potentialAction":[{"@type":"ReadAction","target":["https:\/\/www.ondernemendvenlo.nl\/publiek-welkom-bij-opnames-omroep-venlo-wat-maakt-venlo\/"]}]},{"@type":"ImageObject","inLanguage":"fr-FR","@id":"https:\/\/www.ondernemendvenlo.nl\/publiek-welkom-bij-opnames-omroep-venlo-wat-maakt-venlo\/#primaryimage","url":"https:\/\/www.ondernemendvenlo.nl\/wp-content\/uploads\/2025\/04\/omroep-venlo-web.png","contentUrl":"https:\/\/www.ondernemendvenlo.nl\/wp-content\/uploads\/2025\/04\/omroep-venlo-web.png","width":800,"height":573},{"@type":"BreadcrumbList","@id":"https:\/\/www.ondernemendvenlo.nl\/publiek-welkom-bij-opnames-omroep-venlo-wat-maakt-venlo\/#breadcrumb","itemListElement":[{"@type":"ListItem","position":1,"name":"Ondernemend Venlo","item":"https:\/\/www.ondernemendvenlo.nl\/"},{"@type":"ListItem","position":2,"name":"Nieuws","item":"https:\/\/www.ondernemendvenlo.nl\/categorie\/nieuws\/"},{"@type":"ListItem","position":3,"name":"Publiek welkom bij opnames Omroep Venlo &#8220;Wat maakt Venlo&#8230;.&#8221;"}]},{"@type":"WebSite","@id":"https:\/\/www.ondernemendvenlo.nl\/#website","url":"https:\/\/www.ondernemendvenlo.nl\/","name":"Venlo entrepreneurial","description":"Travailler ensemble avec succ\u00e8s","publisher":{"@id":"https:\/\/www.ondernemendvenlo.nl\/#organization"},"potentialAction":[{"@type":"SearchAction","target":{"@type":"EntryPoint","urlTemplate":"https:\/\/www.ondernemendvenlo.nl\/?s={search_term_string}"},"query-input":{"@type":"PropertyValueSpecification","valueRequired":true,"valueName":"search_term_string"}}],"inLanguage":"fr-FR"},{"@type":"Organization","@id":"https:\/\/www.ondernemendvenlo.nl\/#organization","name":"Venlo entrepreneurial","url":"https:\/\/www.ondernemendvenlo.nl\/","logo":{"@type":"ImageObject","inLanguage":"fr-FR","@id":"https:\/\/www.ondernemendvenlo.nl\/#\/schema\/logo\/image\/","url":"https:\/\/www.ondernemendvenlo.nl\/wp-content\/uploads\/2025\/02\/Ondernemend-Venlo-logo-scaled.webp","contentUrl":"https:\/\/www.ondernemendvenlo.nl\/wp-content\/uploads\/2025\/02\/Ondernemend-Venlo-logo-scaled.webp","width":2560,"height":1010,"caption":"Ondernemend Venlo"},"image":{"@id":"https:\/\/www.ondernemendvenlo.nl\/#\/schema\/logo\/image\/"},"sameAs":["https:\/\/www.linkedin.com\/company\/ondernemend-venlo\/"]},{"@type":"Person","@id":"https:\/\/www.ondernemendvenlo.nl\/#\/schema\/person\/347e935f8ad4c7030608ef74bb57aa6e","name":"admin","image":{"@type":"ImageObject","inLanguage":"fr-FR","@id":"https:\/\/www.ondernemendvenlo.nl\/#\/schema\/person\/image\/","url":"https:\/\/www.ondernemendvenlo.nl\/wp-content\/litespeed\/avatar\/720af750b037aecf6e33e12833479059.jpg?ver=1777382954","contentUrl":"https:\/\/www.ondernemendvenlo.nl\/wp-content\/litespeed\/avatar\/720af750b037aecf6e33e12833479059.jpg?ver=1777382954","caption":"admin"},"sameAs":["https:\/\/www.ondernemendvenlo.nl"]}]}},"_links":{"self":[{"href":"https:\/\/www.ondernemendvenlo.nl\/fr\/wp-json\/wp\/v2\/posts\/1715","targetHints":{"allow":["GET"]}}],"collection":[{"href":"https:\/\/www.ondernemendvenlo.nl\/fr\/wp-json\/wp\/v2\/posts"}],"about":[{"href":"https:\/\/www.ondernemendvenlo.nl\/fr\/wp-json\/wp\/v2\/types\/post"}],"author":[{"embeddable":true,"href":"https:\/\/www.ondernemendvenlo.nl\/fr\/wp-json\/wp\/v2\/users\/1"}],"replies":[{"embeddable":true,"href":"https:\/\/www.ondernemendvenlo.nl\/fr\/wp-json\/wp\/v2\/comments?post=1715"}],"version-history":[{"count":0,"href":"https:\/\/www.ondernemendvenlo.nl\/fr\/wp-json\/wp\/v2\/posts\/1715\/revisions"}],"wp:featuredmedia":[{"embeddable":true,"href":"https:\/\/www.ondernemendvenlo.nl\/fr\/wp-json\/wp\/v2\/media\/1716"}],"wp:attachment":[{"href":"https:\/\/www.ondernemendvenlo.nl\/fr\/wp-json\/wp\/v2\/media?parent=1715"}],"wp:term":[{"taxonomy":"category","embeddable":true,"href":"https:\/\/www.ondernemendvenlo.nl\/fr\/wp-json\/wp\/v2\/categories?post=1715"},{"taxonomy":"post_tag","embeddable":true,"href":"https:\/\/www.ondernemendvenlo.nl\/fr\/wp-json\/wp\/v2\/tags?post=1715"}],"curies":[{"name":"wp","href":"https:\/\/api.w.org\/{rel}","templated":true}]}}