{"id":1783,"date":"2019-11-14T12:29:11","date_gmt":"2019-11-14T11:29:11","guid":{"rendered":"https:\/\/www.ondernemendvenlo.nl\/op-reis-met-commissie-internationalisering\/"},"modified":"2019-11-14T12:29:11","modified_gmt":"2019-11-14T11:29:11","slug":"op-reis-met-commissie-internationalisering","status":"publish","type":"post","link":"https:\/\/www.ondernemendvenlo.nl\/fr\/op-reis-met-commissie-internationalisering\/","title":{"rendered":"En voyage avec la commission de l'internationalisation"},"content":{"rendered":"<p>Hier, un grand nombre d'entrepreneurs ont particip\u00e9 au voyage d'affaires \u00e0 M\u00f6nchengladbach. La r\u00e9union \u00e9tait organis\u00e9e par le comit\u00e9 d'internationalisation de Ondernemend Venlo en coop\u00e9ration avec le Business Club Maas Rhein, Wirtschaftsf\u00f6rderung M\u00f6nchengladbach GmbH et Atelier Gardeur GmbH.<\/p>\n<p>Pendant le voyage, les participants ont \u00e9t\u00e9 bien encadr\u00e9s. En Allemagne, une visite guid\u00e9e des parcs d'activit\u00e9s Nordpark, Rheindalen et Regiopark \u00e0 M\u00f6nchengladbach, y compris l'a\u00e9roport, a \u00e9t\u00e9 organis\u00e9e. Il y a beaucoup d'entreprises int\u00e9ressantes et on a \u00e9galement vu des zones en cours de d\u00e9veloppement.<\/p>\n<p>Cette visite a \u00e9t\u00e9 suivie d'une visite int\u00e9ressante de l'Atelier Gardeur GmbH. Tout le monde sait d\u00e9sormais qu'un pantalon soign\u00e9 se compose de 36 pi\u00e8ces.<\/p>\n<p>Ensuite, le stade de football Borussia M\u00f6nchengladbach a \u00e9t\u00e9 visit\u00e9 et tout le monde a pu visiter la 10e journ\u00e9e commerciale germano-n\u00e9erlandaise au Borussia Park de son propre chef.<\/p>\n<p>Sur le chemin du retour, les \u00e9changes d'exp\u00e9riences se sont poursuivis et l'on peut conclure que cet apr\u00e8s-midi a \u00e9t\u00e9 int\u00e9ressant, tr\u00e8s instructif et r\u00e9ussi.<\/p>","protected":false},"excerpt":{"rendered":"<p>Gisteren namen een groot aantal ondernemers deel aan de business trip richting M\u00f6nchengladbach. De bijeenkomst werd georganiseerd door de Commissie Internationalisering van Ondernemend Venlo in samenwerking met Business Club Maas Rhein, Wirtschaftsf\u00f6rderung M\u00f6nchengladbach GmbH en Atelier Gardeur GmbH. Tijdens de reis werden de deelnemers goed verzorgd. In Duitsland was er een tour met gids over [&hellip;]<\/p>","protected":false},"author":1,"featured_media":1784,"comment_status":"closed","ping_status":"open","sticky":false,"template":"","format":"standard","meta":{"_acf_changed":false,"footnotes":""},"categories":[8],"tags":[],"class_list":["post-1783","post","type-post","status-publish","format-standard","has-post-thumbnail","hentry","category-nieuws"],"acf":[],"yoast_head":"<!-- This site is optimized with the Yoast SEO plugin v26.3 - https:\/\/yoast.com\/wordpress\/plugins\/seo\/ -->\n<title>Op reis met Commissie Internationalisering - Ondernemend Venlo<\/title>\n<meta name=\"robots\" content=\"index, follow, max-snippet:-1, max-image-preview:large, max-video-preview:-1\" \/>\n<link rel=\"canonical\" href=\"https:\/\/www.ondernemendvenlo.nl\/fr\/op-reis-met-commissie-internationalisering\/\" \/>\n<meta property=\"og:locale\" content=\"fr_FR\" \/>\n<meta property=\"og:type\" content=\"article\" \/>\n<meta property=\"og:title\" content=\"Op reis met Commissie Internationalisering - Ondernemend Venlo\" \/>\n<meta property=\"og:description\" content=\"Gisteren namen een groot aantal ondernemers deel aan de business trip richting M\u00f6nchengladbach. De bijeenkomst werd georganiseerd door de Commissie Internationalisering van Ondernemend Venlo in samenwerking met Business Club Maas Rhein, Wirtschaftsf\u00f6rderung M\u00f6nchengladbach GmbH en Atelier Gardeur GmbH. Tijdens de reis werden de deelnemers goed verzorgd. In Duitsland was er een tour met gids over [&hellip;]\" \/>\n<meta property=\"og:url\" content=\"https:\/\/www.ondernemendvenlo.nl\/fr\/op-reis-met-commissie-internationalisering\/\" \/>\n<meta property=\"og:site_name\" content=\"Ondernemend Venlo\" \/>\n<meta property=\"article:published_time\" content=\"2019-11-14T11:29:11+00:00\" \/>\n<meta property=\"og:image\" content=\"https:\/\/www.ondernemendvenlo.nl\/wp-content\/uploads\/2025\/04\/collage-uitstapje-duitsland-13112019.png\" \/>\n\t<meta property=\"og:image:width\" content=\"800\" \/>\n\t<meta property=\"og:image:height\" content=\"393\" \/>\n\t<meta property=\"og:image:type\" content=\"image\/png\" \/>\n<meta name=\"author\" content=\"admin\" \/>\n<meta name=\"twitter:card\" content=\"summary_large_image\" \/>\n<meta name=\"twitter:label1\" content=\"\u00c9crit par\" \/>\n\t<meta name=\"twitter:data1\" content=\"admin\" \/>\n\t<meta name=\"twitter:label2\" content=\"Dur\u00e9e de lecture estim\u00e9e\" \/>\n\t<meta name=\"twitter:data2\" content=\"1 minute\" \/>\n<script type=\"application\/ld+json\" class=\"yoast-schema-graph\">{\"@context\":\"https:\/\/schema.org\",\"@graph\":[{\"@type\":\"Article\",\"@id\":\"https:\/\/www.ondernemendvenlo.nl\/op-reis-met-commissie-internationalisering\/#article\",\"isPartOf\":{\"@id\":\"https:\/\/www.ondernemendvenlo.nl\/op-reis-met-commissie-internationalisering\/\"},\"author\":{\"name\":\"admin\",\"@id\":\"https:\/\/www.ondernemendvenlo.nl\/#\/schema\/person\/347e935f8ad4c7030608ef74bb57aa6e\"},\"headline\":\"Op reis met Commissie Internationalisering\",\"datePublished\":\"2019-11-14T11:29:11+00:00\",\"mainEntityOfPage\":{\"@id\":\"https:\/\/www.ondernemendvenlo.nl\/op-reis-met-commissie-internationalisering\/\"},\"wordCount\":151,\"publisher\":{\"@id\":\"https:\/\/www.ondernemendvenlo.nl\/#organization\"},\"image\":{\"@id\":\"https:\/\/www.ondernemendvenlo.nl\/op-reis-met-commissie-internationalisering\/#primaryimage\"},\"thumbnailUrl\":\"https:\/\/www.ondernemendvenlo.nl\/wp-content\/uploads\/2025\/04\/collage-uitstapje-duitsland-13112019.png\",\"articleSection\":[\"Nieuws\"],\"inLanguage\":\"fr-FR\"},{\"@type\":\"WebPage\",\"@id\":\"https:\/\/www.ondernemendvenlo.nl\/op-reis-met-commissie-internationalisering\/\",\"url\":\"https:\/\/www.ondernemendvenlo.nl\/op-reis-met-commissie-internationalisering\/\",\"name\":\"Op reis met Commissie Internationalisering - Ondernemend Venlo\",\"isPartOf\":{\"@id\":\"https:\/\/www.ondernemendvenlo.nl\/#website\"},\"primaryImageOfPage\":{\"@id\":\"https:\/\/www.ondernemendvenlo.nl\/op-reis-met-commissie-internationalisering\/#primaryimage\"},\"image\":{\"@id\":\"https:\/\/www.ondernemendvenlo.nl\/op-reis-met-commissie-internationalisering\/#primaryimage\"},\"thumbnailUrl\":\"https:\/\/www.ondernemendvenlo.nl\/wp-content\/uploads\/2025\/04\/collage-uitstapje-duitsland-13112019.png\",\"datePublished\":\"2019-11-14T11:29:11+00:00\",\"breadcrumb\":{\"@id\":\"https:\/\/www.ondernemendvenlo.nl\/op-reis-met-commissie-internationalisering\/#breadcrumb\"},\"inLanguage\":\"fr-FR\",\"potentialAction\":[{\"@type\":\"ReadAction\",\"target\":[\"https:\/\/www.ondernemendvenlo.nl\/op-reis-met-commissie-internationalisering\/\"]}]},{\"@type\":\"ImageObject\",\"inLanguage\":\"fr-FR\",\"@id\":\"https:\/\/www.ondernemendvenlo.nl\/op-reis-met-commissie-internationalisering\/#primaryimage\",\"url\":\"https:\/\/www.ondernemendvenlo.nl\/wp-content\/uploads\/2025\/04\/collage-uitstapje-duitsland-13112019.png\",\"contentUrl\":\"https:\/\/www.ondernemendvenlo.nl\/wp-content\/uploads\/2025\/04\/collage-uitstapje-duitsland-13112019.png\",\"width\":800,\"height\":393},{\"@type\":\"BreadcrumbList\",\"@id\":\"https:\/\/www.ondernemendvenlo.nl\/op-reis-met-commissie-internationalisering\/#breadcrumb\",\"itemListElement\":[{\"@type\":\"ListItem\",\"position\":1,\"name\":\"Ondernemend Venlo\",\"item\":\"https:\/\/www.ondernemendvenlo.nl\/\"},{\"@type\":\"ListItem\",\"position\":2,\"name\":\"Nieuws\",\"item\":\"https:\/\/www.ondernemendvenlo.nl\/categorie\/nieuws\/\"},{\"@type\":\"ListItem\",\"position\":3,\"name\":\"Op reis met Commissie Internationalisering\"}]},{\"@type\":\"WebSite\",\"@id\":\"https:\/\/www.ondernemendvenlo.nl\/#website\",\"url\":\"https:\/\/www.ondernemendvenlo.nl\/\",\"name\":\"Ondernemend Venlo\",\"description\":\"Samen succesvol ondernemen\",\"publisher\":{\"@id\":\"https:\/\/www.ondernemendvenlo.nl\/#organization\"},\"potentialAction\":[{\"@type\":\"SearchAction\",\"target\":{\"@type\":\"EntryPoint\",\"urlTemplate\":\"https:\/\/www.ondernemendvenlo.nl\/?s={search_term_string}\"},\"query-input\":{\"@type\":\"PropertyValueSpecification\",\"valueRequired\":true,\"valueName\":\"search_term_string\"}}],\"inLanguage\":\"fr-FR\"},{\"@type\":\"Organization\",\"@id\":\"https:\/\/www.ondernemendvenlo.nl\/#organization\",\"name\":\"Ondernemend Venlo\",\"url\":\"https:\/\/www.ondernemendvenlo.nl\/\",\"logo\":{\"@type\":\"ImageObject\",\"inLanguage\":\"fr-FR\",\"@id\":\"https:\/\/www.ondernemendvenlo.nl\/#\/schema\/logo\/image\/\",\"url\":\"https:\/\/www.ondernemendvenlo.nl\/wp-content\/uploads\/2025\/02\/Ondernemend-Venlo-logo-scaled.webp\",\"contentUrl\":\"https:\/\/www.ondernemendvenlo.nl\/wp-content\/uploads\/2025\/02\/Ondernemend-Venlo-logo-scaled.webp\",\"width\":2560,\"height\":1010,\"caption\":\"Ondernemend Venlo\"},\"image\":{\"@id\":\"https:\/\/www.ondernemendvenlo.nl\/#\/schema\/logo\/image\/\"},\"sameAs\":[\"https:\/\/www.linkedin.com\/company\/ondernemend-venlo\/\"]},{\"@type\":\"Person\",\"@id\":\"https:\/\/www.ondernemendvenlo.nl\/#\/schema\/person\/347e935f8ad4c7030608ef74bb57aa6e\",\"name\":\"admin\",\"image\":{\"@type\":\"ImageObject\",\"inLanguage\":\"fr-FR\",\"@id\":\"https:\/\/www.ondernemendvenlo.nl\/#\/schema\/person\/image\/\",\"url\":\"https:\/\/www.ondernemendvenlo.nl\/wp-content\/litespeed\/avatar\/720af750b037aecf6e33e12833479059.jpg?ver=1777382954\",\"contentUrl\":\"https:\/\/www.ondernemendvenlo.nl\/wp-content\/litespeed\/avatar\/720af750b037aecf6e33e12833479059.jpg?ver=1777382954\",\"caption\":\"admin\"},\"sameAs\":[\"https:\/\/www.ondernemendvenlo.nl\"]}]}<\/script>\n<!-- \/ Yoast SEO plugin. -->","yoast_head_json":{"title":"Op reis met Commissie Internationalisering - Ondernemend Venlo","robots":{"index":"index","follow":"follow","max-snippet":"max-snippet:-1","max-image-preview":"max-image-preview:large","max-video-preview":"max-video-preview:-1"},"canonical":"https:\/\/www.ondernemendvenlo.nl\/fr\/op-reis-met-commissie-internationalisering\/","og_locale":"fr_FR","og_type":"article","og_title":"Op reis met Commissie Internationalisering - Ondernemend Venlo","og_description":"Gisteren namen een groot aantal ondernemers deel aan de business trip richting M\u00f6nchengladbach. De bijeenkomst werd georganiseerd door de Commissie Internationalisering van Ondernemend Venlo in samenwerking met Business Club Maas Rhein, Wirtschaftsf\u00f6rderung M\u00f6nchengladbach GmbH en Atelier Gardeur GmbH. Tijdens de reis werden de deelnemers goed verzorgd. In Duitsland was er een tour met gids over [&hellip;]","og_url":"https:\/\/www.ondernemendvenlo.nl\/fr\/op-reis-met-commissie-internationalisering\/","og_site_name":"Ondernemend Venlo","article_published_time":"2019-11-14T11:29:11+00:00","og_image":[{"width":800,"height":393,"url":"https:\/\/www.ondernemendvenlo.nl\/wp-content\/uploads\/2025\/04\/collage-uitstapje-duitsland-13112019.png","type":"image\/png"}],"author":"admin","twitter_card":"summary_large_image","twitter_misc":{"\u00c9crit par":"admin","Dur\u00e9e de lecture estim\u00e9e":"1 minute"},"schema":{"@context":"https:\/\/schema.org","@graph":[{"@type":"Article","@id":"https:\/\/www.ondernemendvenlo.nl\/op-reis-met-commissie-internationalisering\/#article","isPartOf":{"@id":"https:\/\/www.ondernemendvenlo.nl\/op-reis-met-commissie-internationalisering\/"},"author":{"name":"admin","@id":"https:\/\/www.ondernemendvenlo.nl\/#\/schema\/person\/347e935f8ad4c7030608ef74bb57aa6e"},"headline":"Op reis met Commissie Internationalisering","datePublished":"2019-11-14T11:29:11+00:00","mainEntityOfPage":{"@id":"https:\/\/www.ondernemendvenlo.nl\/op-reis-met-commissie-internationalisering\/"},"wordCount":151,"publisher":{"@id":"https:\/\/www.ondernemendvenlo.nl\/#organization"},"image":{"@id":"https:\/\/www.ondernemendvenlo.nl\/op-reis-met-commissie-internationalisering\/#primaryimage"},"thumbnailUrl":"https:\/\/www.ondernemendvenlo.nl\/wp-content\/uploads\/2025\/04\/collage-uitstapje-duitsland-13112019.png","articleSection":["Nieuws"],"inLanguage":"fr-FR"},{"@type":"WebPage","@id":"https:\/\/www.ondernemendvenlo.nl\/op-reis-met-commissie-internationalisering\/","url":"https:\/\/www.ondernemendvenlo.nl\/op-reis-met-commissie-internationalisering\/","name":"Op reis met Commissie Internationalisering - Ondernemend Venlo","isPartOf":{"@id":"https:\/\/www.ondernemendvenlo.nl\/#website"},"primaryImageOfPage":{"@id":"https:\/\/www.ondernemendvenlo.nl\/op-reis-met-commissie-internationalisering\/#primaryimage"},"image":{"@id":"https:\/\/www.ondernemendvenlo.nl\/op-reis-met-commissie-internationalisering\/#primaryimage"},"thumbnailUrl":"https:\/\/www.ondernemendvenlo.nl\/wp-content\/uploads\/2025\/04\/collage-uitstapje-duitsland-13112019.png","datePublished":"2019-11-14T11:29:11+00:00","breadcrumb":{"@id":"https:\/\/www.ondernemendvenlo.nl\/op-reis-met-commissie-internationalisering\/#breadcrumb"},"inLanguage":"fr-FR","potentialAction":[{"@type":"ReadAction","target":["https:\/\/www.ondernemendvenlo.nl\/op-reis-met-commissie-internationalisering\/"]}]},{"@type":"ImageObject","inLanguage":"fr-FR","@id":"https:\/\/www.ondernemendvenlo.nl\/op-reis-met-commissie-internationalisering\/#primaryimage","url":"https:\/\/www.ondernemendvenlo.nl\/wp-content\/uploads\/2025\/04\/collage-uitstapje-duitsland-13112019.png","contentUrl":"https:\/\/www.ondernemendvenlo.nl\/wp-content\/uploads\/2025\/04\/collage-uitstapje-duitsland-13112019.png","width":800,"height":393},{"@type":"BreadcrumbList","@id":"https:\/\/www.ondernemendvenlo.nl\/op-reis-met-commissie-internationalisering\/#breadcrumb","itemListElement":[{"@type":"ListItem","position":1,"name":"Ondernemend Venlo","item":"https:\/\/www.ondernemendvenlo.nl\/"},{"@type":"ListItem","position":2,"name":"Nieuws","item":"https:\/\/www.ondernemendvenlo.nl\/categorie\/nieuws\/"},{"@type":"ListItem","position":3,"name":"Op reis met Commissie Internationalisering"}]},{"@type":"WebSite","@id":"https:\/\/www.ondernemendvenlo.nl\/#website","url":"https:\/\/www.ondernemendvenlo.nl\/","name":"Venlo entrepreneurial","description":"Travailler ensemble avec succ\u00e8s","publisher":{"@id":"https:\/\/www.ondernemendvenlo.nl\/#organization"},"potentialAction":[{"@type":"SearchAction","target":{"@type":"EntryPoint","urlTemplate":"https:\/\/www.ondernemendvenlo.nl\/?s={search_term_string}"},"query-input":{"@type":"PropertyValueSpecification","valueRequired":true,"valueName":"search_term_string"}}],"inLanguage":"fr-FR"},{"@type":"Organization","@id":"https:\/\/www.ondernemendvenlo.nl\/#organization","name":"Venlo entrepreneurial","url":"https:\/\/www.ondernemendvenlo.nl\/","logo":{"@type":"ImageObject","inLanguage":"fr-FR","@id":"https:\/\/www.ondernemendvenlo.nl\/#\/schema\/logo\/image\/","url":"https:\/\/www.ondernemendvenlo.nl\/wp-content\/uploads\/2025\/02\/Ondernemend-Venlo-logo-scaled.webp","contentUrl":"https:\/\/www.ondernemendvenlo.nl\/wp-content\/uploads\/2025\/02\/Ondernemend-Venlo-logo-scaled.webp","width":2560,"height":1010,"caption":"Ondernemend Venlo"},"image":{"@id":"https:\/\/www.ondernemendvenlo.nl\/#\/schema\/logo\/image\/"},"sameAs":["https:\/\/www.linkedin.com\/company\/ondernemend-venlo\/"]},{"@type":"Person","@id":"https:\/\/www.ondernemendvenlo.nl\/#\/schema\/person\/347e935f8ad4c7030608ef74bb57aa6e","name":"admin","image":{"@type":"ImageObject","inLanguage":"fr-FR","@id":"https:\/\/www.ondernemendvenlo.nl\/#\/schema\/person\/image\/","url":"https:\/\/www.ondernemendvenlo.nl\/wp-content\/litespeed\/avatar\/720af750b037aecf6e33e12833479059.jpg?ver=1777382954","contentUrl":"https:\/\/www.ondernemendvenlo.nl\/wp-content\/litespeed\/avatar\/720af750b037aecf6e33e12833479059.jpg?ver=1777382954","caption":"admin"},"sameAs":["https:\/\/www.ondernemendvenlo.nl"]}]}},"_links":{"self":[{"href":"https:\/\/www.ondernemendvenlo.nl\/fr\/wp-json\/wp\/v2\/posts\/1783","targetHints":{"allow":["GET"]}}],"collection":[{"href":"https:\/\/www.ondernemendvenlo.nl\/fr\/wp-json\/wp\/v2\/posts"}],"about":[{"href":"https:\/\/www.ondernemendvenlo.nl\/fr\/wp-json\/wp\/v2\/types\/post"}],"author":[{"embeddable":true,"href":"https:\/\/www.ondernemendvenlo.nl\/fr\/wp-json\/wp\/v2\/users\/1"}],"replies":[{"embeddable":true,"href":"https:\/\/www.ondernemendvenlo.nl\/fr\/wp-json\/wp\/v2\/comments?post=1783"}],"version-history":[{"count":0,"href":"https:\/\/www.ondernemendvenlo.nl\/fr\/wp-json\/wp\/v2\/posts\/1783\/revisions"}],"wp:featuredmedia":[{"embeddable":true,"href":"https:\/\/www.ondernemendvenlo.nl\/fr\/wp-json\/wp\/v2\/media\/1784"}],"wp:attachment":[{"href":"https:\/\/www.ondernemendvenlo.nl\/fr\/wp-json\/wp\/v2\/media?parent=1783"}],"wp:term":[{"taxonomy":"category","embeddable":true,"href":"https:\/\/www.ondernemendvenlo.nl\/fr\/wp-json\/wp\/v2\/categories?post=1783"},{"taxonomy":"post_tag","embeddable":true,"href":"https:\/\/www.ondernemendvenlo.nl\/fr\/wp-json\/wp\/v2\/tags?post=1783"}],"curies":[{"name":"wp","href":"https:\/\/api.w.org\/{rel}","templated":true}]}}