{"id":1788,"date":"2019-11-22T09:10:43","date_gmt":"2019-11-22T08:10:43","guid":{"rendered":"https:\/\/www.ondernemendvenlo.nl\/het-krachtigste-zonnedak-van-europa-komt-in-greenport-venlo\/"},"modified":"2019-11-22T09:10:43","modified_gmt":"2019-11-22T08:10:43","slug":"het-krachtigste-zonnedak-van-europa-komt-in-greenport-venlo","status":"publish","type":"post","link":"https:\/\/www.ondernemendvenlo.nl\/fr\/het-krachtigste-zonnedak-van-europa-komt-in-greenport-venlo\/","title":{"rendered":"Het krachtigste zonnedak van Europa komt in Greenport Venlo"},"content":{"rendered":"<p><strong>VENLO &#8211;\u00a0Nunner Logistics krijgt op het distributiecentrum van Lidl in Venlo het krachtigste zonnedak van Europa. Het XXL warehouse wordt volledig vol gelegd met zonnepanelen. Eind 2020 ligt er op Trade Port Noord voor minstens 92 hectare aan dakoppervlak bedekt zonnepanelen. <\/strong><\/p>\n<p>Het krachtigste zonnepanelen dak van Europa. Die kwalificatie mag Nunner Logistics zichzelf over een paar maanden geven. Met een oppervlakte van 110.000 vierkante meter levert het dak van de logistieke dienstverlener in Venlo straks een vermogen van 13,1 Megawatt: het hoogste vermogen dat in Europa door e\u0301e\u0301n dak wordt geleverd.<\/p>\n<p>Het dak wekt genoeg energie op om 4.500 huishoudens van elektriciteit te voorzien. De investering en exploitatie komt voor rekening van Ecorus. Het warehouse is een ontwikkeling van Next Level Development in samenwerking met Lidl en Nunner Logistics dat dit jaar Caroz overnam.<\/p>\n<p><strong>Duurzaamheid<\/strong><br \/>\nIn het dc verzorgt Nunner de logistiek voor de e-commerce van Lidl. \u201cDuurzaamheid zit in het DNA van zowel Lidl als Nunner. Wij streven naar een bedrijfsvoering met een positieve impact op de omgeving. Dit zonnedak is een nieuwe mijlpaal en laat zien dat dit mogelijk is\u201d, stelt Erwin Cootjans, ceo van Nunner Logistics.<\/p>\n<p><strong>Medio 2020 operationeel<\/strong><br \/>\nDe investering en exploitatie van het zonnedak komt voor rekening van Ecorus. Dit bedrijf verzorgt niet alleen het ontwerp, de installatie en de financiering, maar ook het beheer en onderhoud. Medio 2020 moet het krachtigste zonnedak van Europa een feit zijn.<\/p>\n<p><strong>Nieuw distributiecentrum<\/strong><br \/>\nNunner werkt naast duurzaamheid ook aan zijn distributiecapaciteit in Nederland. De logistieke dienstverlener bouwt in Helmond een nieuw distributiecentrum. Ook wordt hier het hoofdkantoor gevestigd.<\/p>","protected":false},"excerpt":{"rendered":"<p>VENLO &#8211;\u00a0Nunner Logistics krijgt op het distributiecentrum van Lidl in Venlo het krachtigste zonnedak van Europa. Het XXL warehouse wordt volledig vol gelegd met zonnepanelen. Eind 2020 ligt er op Trade Port Noord voor minstens 92 hectare aan dakoppervlak bedekt zonnepanelen. Het krachtigste zonnepanelen dak van Europa. Die kwalificatie mag Nunner Logistics zichzelf over een [&hellip;]<\/p>","protected":false},"author":1,"featured_media":1789,"comment_status":"closed","ping_status":"open","sticky":false,"template":"","format":"standard","meta":{"_acf_changed":false,"footnotes":""},"categories":[8],"tags":[],"class_list":["post-1788","post","type-post","status-publish","format-standard","has-post-thumbnail","hentry","category-nieuws"],"acf":[],"yoast_head":"<!-- This site is optimized with the Yoast SEO plugin v26.3 - https:\/\/yoast.com\/wordpress\/plugins\/seo\/ -->\n<title>Het krachtigste zonnedak van Europa komt in Greenport Venlo - Ondernemend Venlo<\/title>\n<meta name=\"robots\" content=\"index, follow, max-snippet:-1, max-image-preview:large, max-video-preview:-1\" \/>\n<link rel=\"canonical\" href=\"https:\/\/www.ondernemendvenlo.nl\/fr\/het-krachtigste-zonnedak-van-europa-komt-in-greenport-venlo\/\" \/>\n<meta property=\"og:locale\" content=\"fr_FR\" \/>\n<meta property=\"og:type\" content=\"article\" \/>\n<meta property=\"og:title\" content=\"Het krachtigste zonnedak van Europa komt in Greenport Venlo - Ondernemend Venlo\" \/>\n<meta property=\"og:description\" content=\"VENLO &#8211;\u00a0Nunner Logistics krijgt op het distributiecentrum van Lidl in Venlo het krachtigste zonnedak van Europa. Het XXL warehouse wordt volledig vol gelegd met zonnepanelen. Eind 2020 ligt er op Trade Port Noord voor minstens 92 hectare aan dakoppervlak bedekt zonnepanelen. Het krachtigste zonnepanelen dak van Europa. Die kwalificatie mag Nunner Logistics zichzelf over een [&hellip;]\" \/>\n<meta property=\"og:url\" content=\"https:\/\/www.ondernemendvenlo.nl\/fr\/het-krachtigste-zonnedak-van-europa-komt-in-greenport-venlo\/\" \/>\n<meta property=\"og:site_name\" content=\"Ondernemend Venlo\" \/>\n<meta property=\"article:published_time\" content=\"2019-11-22T08:10:43+00:00\" \/>\n<meta property=\"og:image\" content=\"https:\/\/www.ondernemendvenlo.nl\/wp-content\/uploads\/2025\/04\/zonnepanelen-272x153-1.jpg\" \/>\n\t<meta property=\"og:image:width\" content=\"272\" \/>\n\t<meta property=\"og:image:height\" content=\"153\" \/>\n\t<meta property=\"og:image:type\" content=\"image\/jpeg\" \/>\n<meta name=\"author\" content=\"admin\" \/>\n<meta name=\"twitter:card\" content=\"summary_large_image\" \/>\n<meta name=\"twitter:label1\" content=\"\u00c9crit par\" \/>\n\t<meta name=\"twitter:data1\" content=\"admin\" \/>\n\t<meta name=\"twitter:label2\" content=\"Dur\u00e9e de lecture estim\u00e9e\" \/>\n\t<meta name=\"twitter:data2\" content=\"1 minute\" \/>\n<script type=\"application\/ld+json\" class=\"yoast-schema-graph\">{\"@context\":\"https:\/\/schema.org\",\"@graph\":[{\"@type\":\"Article\",\"@id\":\"https:\/\/www.ondernemendvenlo.nl\/het-krachtigste-zonnedak-van-europa-komt-in-greenport-venlo\/#article\",\"isPartOf\":{\"@id\":\"https:\/\/www.ondernemendvenlo.nl\/het-krachtigste-zonnedak-van-europa-komt-in-greenport-venlo\/\"},\"author\":{\"name\":\"admin\",\"@id\":\"https:\/\/www.ondernemendvenlo.nl\/#\/schema\/person\/347e935f8ad4c7030608ef74bb57aa6e\"},\"headline\":\"Het krachtigste zonnedak van Europa komt in Greenport Venlo\",\"datePublished\":\"2019-11-22T08:10:43+00:00\",\"mainEntityOfPage\":{\"@id\":\"https:\/\/www.ondernemendvenlo.nl\/het-krachtigste-zonnedak-van-europa-komt-in-greenport-venlo\/\"},\"wordCount\":264,\"publisher\":{\"@id\":\"https:\/\/www.ondernemendvenlo.nl\/#organization\"},\"image\":{\"@id\":\"https:\/\/www.ondernemendvenlo.nl\/het-krachtigste-zonnedak-van-europa-komt-in-greenport-venlo\/#primaryimage\"},\"thumbnailUrl\":\"https:\/\/www.ondernemendvenlo.nl\/wp-content\/uploads\/2025\/04\/zonnepanelen-272x153-1.jpg\",\"articleSection\":[\"Nieuws\"],\"inLanguage\":\"fr-FR\"},{\"@type\":\"WebPage\",\"@id\":\"https:\/\/www.ondernemendvenlo.nl\/het-krachtigste-zonnedak-van-europa-komt-in-greenport-venlo\/\",\"url\":\"https:\/\/www.ondernemendvenlo.nl\/het-krachtigste-zonnedak-van-europa-komt-in-greenport-venlo\/\",\"name\":\"Het krachtigste zonnedak van Europa komt in Greenport Venlo - Ondernemend Venlo\",\"isPartOf\":{\"@id\":\"https:\/\/www.ondernemendvenlo.nl\/#website\"},\"primaryImageOfPage\":{\"@id\":\"https:\/\/www.ondernemendvenlo.nl\/het-krachtigste-zonnedak-van-europa-komt-in-greenport-venlo\/#primaryimage\"},\"image\":{\"@id\":\"https:\/\/www.ondernemendvenlo.nl\/het-krachtigste-zonnedak-van-europa-komt-in-greenport-venlo\/#primaryimage\"},\"thumbnailUrl\":\"https:\/\/www.ondernemendvenlo.nl\/wp-content\/uploads\/2025\/04\/zonnepanelen-272x153-1.jpg\",\"datePublished\":\"2019-11-22T08:10:43+00:00\",\"breadcrumb\":{\"@id\":\"https:\/\/www.ondernemendvenlo.nl\/het-krachtigste-zonnedak-van-europa-komt-in-greenport-venlo\/#breadcrumb\"},\"inLanguage\":\"fr-FR\",\"potentialAction\":[{\"@type\":\"ReadAction\",\"target\":[\"https:\/\/www.ondernemendvenlo.nl\/het-krachtigste-zonnedak-van-europa-komt-in-greenport-venlo\/\"]}]},{\"@type\":\"ImageObject\",\"inLanguage\":\"fr-FR\",\"@id\":\"https:\/\/www.ondernemendvenlo.nl\/het-krachtigste-zonnedak-van-europa-komt-in-greenport-venlo\/#primaryimage\",\"url\":\"https:\/\/www.ondernemendvenlo.nl\/wp-content\/uploads\/2025\/04\/zonnepanelen-272x153-1.jpg\",\"contentUrl\":\"https:\/\/www.ondernemendvenlo.nl\/wp-content\/uploads\/2025\/04\/zonnepanelen-272x153-1.jpg\",\"width\":272,\"height\":153},{\"@type\":\"BreadcrumbList\",\"@id\":\"https:\/\/www.ondernemendvenlo.nl\/het-krachtigste-zonnedak-van-europa-komt-in-greenport-venlo\/#breadcrumb\",\"itemListElement\":[{\"@type\":\"ListItem\",\"position\":1,\"name\":\"Ondernemend Venlo\",\"item\":\"https:\/\/www.ondernemendvenlo.nl\/\"},{\"@type\":\"ListItem\",\"position\":2,\"name\":\"Nieuws\",\"item\":\"https:\/\/www.ondernemendvenlo.nl\/categorie\/nieuws\/\"},{\"@type\":\"ListItem\",\"position\":3,\"name\":\"Het krachtigste zonnedak van Europa komt in Greenport Venlo\"}]},{\"@type\":\"WebSite\",\"@id\":\"https:\/\/www.ondernemendvenlo.nl\/#website\",\"url\":\"https:\/\/www.ondernemendvenlo.nl\/\",\"name\":\"Ondernemend Venlo\",\"description\":\"Samen succesvol ondernemen\",\"publisher\":{\"@id\":\"https:\/\/www.ondernemendvenlo.nl\/#organization\"},\"potentialAction\":[{\"@type\":\"SearchAction\",\"target\":{\"@type\":\"EntryPoint\",\"urlTemplate\":\"https:\/\/www.ondernemendvenlo.nl\/?s={search_term_string}\"},\"query-input\":{\"@type\":\"PropertyValueSpecification\",\"valueRequired\":true,\"valueName\":\"search_term_string\"}}],\"inLanguage\":\"fr-FR\"},{\"@type\":\"Organization\",\"@id\":\"https:\/\/www.ondernemendvenlo.nl\/#organization\",\"name\":\"Ondernemend Venlo\",\"url\":\"https:\/\/www.ondernemendvenlo.nl\/\",\"logo\":{\"@type\":\"ImageObject\",\"inLanguage\":\"fr-FR\",\"@id\":\"https:\/\/www.ondernemendvenlo.nl\/#\/schema\/logo\/image\/\",\"url\":\"https:\/\/www.ondernemendvenlo.nl\/wp-content\/uploads\/2025\/02\/Ondernemend-Venlo-logo-scaled.webp\",\"contentUrl\":\"https:\/\/www.ondernemendvenlo.nl\/wp-content\/uploads\/2025\/02\/Ondernemend-Venlo-logo-scaled.webp\",\"width\":2560,\"height\":1010,\"caption\":\"Ondernemend Venlo\"},\"image\":{\"@id\":\"https:\/\/www.ondernemendvenlo.nl\/#\/schema\/logo\/image\/\"},\"sameAs\":[\"https:\/\/www.linkedin.com\/company\/ondernemend-venlo\/\"]},{\"@type\":\"Person\",\"@id\":\"https:\/\/www.ondernemendvenlo.nl\/#\/schema\/person\/347e935f8ad4c7030608ef74bb57aa6e\",\"name\":\"admin\",\"image\":{\"@type\":\"ImageObject\",\"inLanguage\":\"fr-FR\",\"@id\":\"https:\/\/www.ondernemendvenlo.nl\/#\/schema\/person\/image\/\",\"url\":\"https:\/\/www.ondernemendvenlo.nl\/wp-content\/litespeed\/avatar\/720af750b037aecf6e33e12833479059.jpg?ver=1777382954\",\"contentUrl\":\"https:\/\/www.ondernemendvenlo.nl\/wp-content\/litespeed\/avatar\/720af750b037aecf6e33e12833479059.jpg?ver=1777382954\",\"caption\":\"admin\"},\"sameAs\":[\"https:\/\/www.ondernemendvenlo.nl\"]}]}<\/script>\n<!-- \/ Yoast SEO plugin. -->","yoast_head_json":{"title":"Het krachtigste zonnedak van Europa komt in Greenport Venlo - Ondernemend Venlo","robots":{"index":"index","follow":"follow","max-snippet":"max-snippet:-1","max-image-preview":"max-image-preview:large","max-video-preview":"max-video-preview:-1"},"canonical":"https:\/\/www.ondernemendvenlo.nl\/fr\/het-krachtigste-zonnedak-van-europa-komt-in-greenport-venlo\/","og_locale":"fr_FR","og_type":"article","og_title":"Het krachtigste zonnedak van Europa komt in Greenport Venlo - Ondernemend Venlo","og_description":"VENLO &#8211;\u00a0Nunner Logistics krijgt op het distributiecentrum van Lidl in Venlo het krachtigste zonnedak van Europa. Het XXL warehouse wordt volledig vol gelegd met zonnepanelen. Eind 2020 ligt er op Trade Port Noord voor minstens 92 hectare aan dakoppervlak bedekt zonnepanelen. Het krachtigste zonnepanelen dak van Europa. Die kwalificatie mag Nunner Logistics zichzelf over een [&hellip;]","og_url":"https:\/\/www.ondernemendvenlo.nl\/fr\/het-krachtigste-zonnedak-van-europa-komt-in-greenport-venlo\/","og_site_name":"Ondernemend Venlo","article_published_time":"2019-11-22T08:10:43+00:00","og_image":[{"width":272,"height":153,"url":"https:\/\/www.ondernemendvenlo.nl\/wp-content\/uploads\/2025\/04\/zonnepanelen-272x153-1.jpg","type":"image\/jpeg"}],"author":"admin","twitter_card":"summary_large_image","twitter_misc":{"\u00c9crit par":"admin","Dur\u00e9e de lecture estim\u00e9e":"1 minute"},"schema":{"@context":"https:\/\/schema.org","@graph":[{"@type":"Article","@id":"https:\/\/www.ondernemendvenlo.nl\/het-krachtigste-zonnedak-van-europa-komt-in-greenport-venlo\/#article","isPartOf":{"@id":"https:\/\/www.ondernemendvenlo.nl\/het-krachtigste-zonnedak-van-europa-komt-in-greenport-venlo\/"},"author":{"name":"admin","@id":"https:\/\/www.ondernemendvenlo.nl\/#\/schema\/person\/347e935f8ad4c7030608ef74bb57aa6e"},"headline":"Het krachtigste zonnedak van Europa komt in Greenport Venlo","datePublished":"2019-11-22T08:10:43+00:00","mainEntityOfPage":{"@id":"https:\/\/www.ondernemendvenlo.nl\/het-krachtigste-zonnedak-van-europa-komt-in-greenport-venlo\/"},"wordCount":264,"publisher":{"@id":"https:\/\/www.ondernemendvenlo.nl\/#organization"},"image":{"@id":"https:\/\/www.ondernemendvenlo.nl\/het-krachtigste-zonnedak-van-europa-komt-in-greenport-venlo\/#primaryimage"},"thumbnailUrl":"https:\/\/www.ondernemendvenlo.nl\/wp-content\/uploads\/2025\/04\/zonnepanelen-272x153-1.jpg","articleSection":["Nieuws"],"inLanguage":"fr-FR"},{"@type":"WebPage","@id":"https:\/\/www.ondernemendvenlo.nl\/het-krachtigste-zonnedak-van-europa-komt-in-greenport-venlo\/","url":"https:\/\/www.ondernemendvenlo.nl\/het-krachtigste-zonnedak-van-europa-komt-in-greenport-venlo\/","name":"Het krachtigste zonnedak van Europa komt in Greenport Venlo - Ondernemend Venlo","isPartOf":{"@id":"https:\/\/www.ondernemendvenlo.nl\/#website"},"primaryImageOfPage":{"@id":"https:\/\/www.ondernemendvenlo.nl\/het-krachtigste-zonnedak-van-europa-komt-in-greenport-venlo\/#primaryimage"},"image":{"@id":"https:\/\/www.ondernemendvenlo.nl\/het-krachtigste-zonnedak-van-europa-komt-in-greenport-venlo\/#primaryimage"},"thumbnailUrl":"https:\/\/www.ondernemendvenlo.nl\/wp-content\/uploads\/2025\/04\/zonnepanelen-272x153-1.jpg","datePublished":"2019-11-22T08:10:43+00:00","breadcrumb":{"@id":"https:\/\/www.ondernemendvenlo.nl\/het-krachtigste-zonnedak-van-europa-komt-in-greenport-venlo\/#breadcrumb"},"inLanguage":"fr-FR","potentialAction":[{"@type":"ReadAction","target":["https:\/\/www.ondernemendvenlo.nl\/het-krachtigste-zonnedak-van-europa-komt-in-greenport-venlo\/"]}]},{"@type":"ImageObject","inLanguage":"fr-FR","@id":"https:\/\/www.ondernemendvenlo.nl\/het-krachtigste-zonnedak-van-europa-komt-in-greenport-venlo\/#primaryimage","url":"https:\/\/www.ondernemendvenlo.nl\/wp-content\/uploads\/2025\/04\/zonnepanelen-272x153-1.jpg","contentUrl":"https:\/\/www.ondernemendvenlo.nl\/wp-content\/uploads\/2025\/04\/zonnepanelen-272x153-1.jpg","width":272,"height":153},{"@type":"BreadcrumbList","@id":"https:\/\/www.ondernemendvenlo.nl\/het-krachtigste-zonnedak-van-europa-komt-in-greenport-venlo\/#breadcrumb","itemListElement":[{"@type":"ListItem","position":1,"name":"Ondernemend Venlo","item":"https:\/\/www.ondernemendvenlo.nl\/"},{"@type":"ListItem","position":2,"name":"Nieuws","item":"https:\/\/www.ondernemendvenlo.nl\/categorie\/nieuws\/"},{"@type":"ListItem","position":3,"name":"Het krachtigste zonnedak van Europa komt in Greenport Venlo"}]},{"@type":"WebSite","@id":"https:\/\/www.ondernemendvenlo.nl\/#website","url":"https:\/\/www.ondernemendvenlo.nl\/","name":"Venlo entrepreneurial","description":"Travailler ensemble avec succ\u00e8s","publisher":{"@id":"https:\/\/www.ondernemendvenlo.nl\/#organization"},"potentialAction":[{"@type":"SearchAction","target":{"@type":"EntryPoint","urlTemplate":"https:\/\/www.ondernemendvenlo.nl\/?s={search_term_string}"},"query-input":{"@type":"PropertyValueSpecification","valueRequired":true,"valueName":"search_term_string"}}],"inLanguage":"fr-FR"},{"@type":"Organization","@id":"https:\/\/www.ondernemendvenlo.nl\/#organization","name":"Venlo entrepreneurial","url":"https:\/\/www.ondernemendvenlo.nl\/","logo":{"@type":"ImageObject","inLanguage":"fr-FR","@id":"https:\/\/www.ondernemendvenlo.nl\/#\/schema\/logo\/image\/","url":"https:\/\/www.ondernemendvenlo.nl\/wp-content\/uploads\/2025\/02\/Ondernemend-Venlo-logo-scaled.webp","contentUrl":"https:\/\/www.ondernemendvenlo.nl\/wp-content\/uploads\/2025\/02\/Ondernemend-Venlo-logo-scaled.webp","width":2560,"height":1010,"caption":"Ondernemend Venlo"},"image":{"@id":"https:\/\/www.ondernemendvenlo.nl\/#\/schema\/logo\/image\/"},"sameAs":["https:\/\/www.linkedin.com\/company\/ondernemend-venlo\/"]},{"@type":"Person","@id":"https:\/\/www.ondernemendvenlo.nl\/#\/schema\/person\/347e935f8ad4c7030608ef74bb57aa6e","name":"admin","image":{"@type":"ImageObject","inLanguage":"fr-FR","@id":"https:\/\/www.ondernemendvenlo.nl\/#\/schema\/person\/image\/","url":"https:\/\/www.ondernemendvenlo.nl\/wp-content\/litespeed\/avatar\/720af750b037aecf6e33e12833479059.jpg?ver=1777382954","contentUrl":"https:\/\/www.ondernemendvenlo.nl\/wp-content\/litespeed\/avatar\/720af750b037aecf6e33e12833479059.jpg?ver=1777382954","caption":"admin"},"sameAs":["https:\/\/www.ondernemendvenlo.nl"]}]}},"_links":{"self":[{"href":"https:\/\/www.ondernemendvenlo.nl\/fr\/wp-json\/wp\/v2\/posts\/1788","targetHints":{"allow":["GET"]}}],"collection":[{"href":"https:\/\/www.ondernemendvenlo.nl\/fr\/wp-json\/wp\/v2\/posts"}],"about":[{"href":"https:\/\/www.ondernemendvenlo.nl\/fr\/wp-json\/wp\/v2\/types\/post"}],"author":[{"embeddable":true,"href":"https:\/\/www.ondernemendvenlo.nl\/fr\/wp-json\/wp\/v2\/users\/1"}],"replies":[{"embeddable":true,"href":"https:\/\/www.ondernemendvenlo.nl\/fr\/wp-json\/wp\/v2\/comments?post=1788"}],"version-history":[{"count":0,"href":"https:\/\/www.ondernemendvenlo.nl\/fr\/wp-json\/wp\/v2\/posts\/1788\/revisions"}],"wp:featuredmedia":[{"embeddable":true,"href":"https:\/\/www.ondernemendvenlo.nl\/fr\/wp-json\/wp\/v2\/media\/1789"}],"wp:attachment":[{"href":"https:\/\/www.ondernemendvenlo.nl\/fr\/wp-json\/wp\/v2\/media?parent=1788"}],"wp:term":[{"taxonomy":"category","embeddable":true,"href":"https:\/\/www.ondernemendvenlo.nl\/fr\/wp-json\/wp\/v2\/categories?post=1788"},{"taxonomy":"post_tag","embeddable":true,"href":"https:\/\/www.ondernemendvenlo.nl\/fr\/wp-json\/wp\/v2\/tags?post=1788"}],"curies":[{"name":"wp","href":"https:\/\/api.w.org\/{rel}","templated":true}]}}