{"id":1810,"date":"2019-12-04T17:20:34","date_gmt":"2019-12-04T16:20:34","guid":{"rendered":"https:\/\/www.ondernemendvenlo.nl\/maak-van-ubo-register-geen-telefoonboek-voor-criminelen\/"},"modified":"2019-12-04T17:20:34","modified_gmt":"2019-12-04T16:20:34","slug":"maak-van-ubo-register-geen-telefoonboek-voor-criminelen","status":"publish","type":"post","link":"https:\/\/www.ondernemendvenlo.nl\/fr\/maak-van-ubo-register-geen-telefoonboek-voor-criminelen\/","title":{"rendered":"Maak van UBO-register geen telefoonboek voor criminelen!"},"content":{"rendered":"<p><strong>Gegevens van aandeelhouders worden geregistreerd in een UBO-register. Vooral voor familiebedrijven kan dit grote consequenties met zich meebrengen. \u201cZij vrezen een soort telefoonboek voor criminelen\u201d, aldus Giel Braun, voorzitter Limburgse Werkgevers Vereniging\/LWV.<\/strong><\/p>\n<p>Ondanks de verbeteringen die minister Hoekstra van Financi\u00ebn heeft aangebracht in het wetsvoorstel voor het UBO-register, zijn veel familiebedrijven nog altijd erg bezorgd over het vastleggen van de gegevens van aandeelhouders in een register. De ondernemers vrezen namelijk dat criminelen aan de haal gaan met die gegevens.<\/p>\n<p>Doel van het Europese UBO-register is het tegengaan van witwassen en de financiering van terrorisme. Volgens LWV blijven de \u2018echte boeven\u2019 buiten schot omdat zij hun bv\u2019s buiten de Europese Unie hebben ondergebracht.<\/p>\n<p><strong>Geen commercieel gebruik<\/strong><em><br \/>\n<\/em>Commerci\u00eble partijen mogen informatie uit het UBO-register niet gebruiken, stelt de LWV. Die ruimte lijkt nu toch te ontstaan. Alleen partijen die onder toezicht staan, zoals banken en verzekeraars, zouden toegang mogen hebben.<\/p>","protected":false},"excerpt":{"rendered":"<p>Gegevens van aandeelhouders worden geregistreerd in een UBO-register. Vooral voor familiebedrijven kan dit grote consequenties met zich meebrengen. \u201cZij vrezen een soort telefoonboek voor criminelen\u201d, aldus Giel Braun, voorzitter Limburgse Werkgevers Vereniging\/LWV. Ondanks de verbeteringen die minister Hoekstra van Financi\u00ebn heeft aangebracht in het wetsvoorstel voor het UBO-register, zijn veel familiebedrijven nog altijd erg bezorgd [&hellip;]<\/p>","protected":false},"author":1,"featured_media":1811,"comment_status":"closed","ping_status":"open","sticky":false,"template":"","format":"standard","meta":{"_acf_changed":false,"footnotes":""},"categories":[8],"tags":[],"class_list":["post-1810","post","type-post","status-publish","format-standard","has-post-thumbnail","hentry","category-nieuws"],"acf":[],"yoast_head":"<!-- This site is optimized with the Yoast SEO plugin v26.3 - https:\/\/yoast.com\/wordpress\/plugins\/seo\/ -->\n<title>Maak van UBO-register geen telefoonboek voor criminelen! - Ondernemend Venlo<\/title>\n<meta name=\"robots\" content=\"index, follow, max-snippet:-1, max-image-preview:large, max-video-preview:-1\" \/>\n<link rel=\"canonical\" href=\"https:\/\/www.ondernemendvenlo.nl\/fr\/maak-van-ubo-register-geen-telefoonboek-voor-criminelen\/\" \/>\n<meta property=\"og:locale\" content=\"fr_FR\" \/>\n<meta property=\"og:type\" content=\"article\" \/>\n<meta property=\"og:title\" content=\"Maak van UBO-register geen telefoonboek voor criminelen! - Ondernemend Venlo\" \/>\n<meta property=\"og:description\" content=\"Gegevens van aandeelhouders worden geregistreerd in een UBO-register. Vooral voor familiebedrijven kan dit grote consequenties met zich meebrengen. \u201cZij vrezen een soort telefoonboek voor criminelen\u201d, aldus Giel Braun, voorzitter Limburgse Werkgevers Vereniging\/LWV. Ondanks de verbeteringen die minister Hoekstra van Financi\u00ebn heeft aangebracht in het wetsvoorstel voor het UBO-register, zijn veel familiebedrijven nog altijd erg bezorgd [&hellip;]\" \/>\n<meta property=\"og:url\" content=\"https:\/\/www.ondernemendvenlo.nl\/fr\/maak-van-ubo-register-geen-telefoonboek-voor-criminelen\/\" \/>\n<meta property=\"og:site_name\" content=\"Ondernemend Venlo\" \/>\n<meta property=\"article:published_time\" content=\"2019-12-04T16:20:34+00:00\" \/>\n<meta property=\"og:image\" content=\"https:\/\/www.ondernemendvenlo.nl\/wp-content\/uploads\/2025\/04\/Giel-Braun_1127860_3692871-scaled-1.jpg\" \/>\n\t<meta property=\"og:image:width\" content=\"2560\" \/>\n\t<meta property=\"og:image:height\" content=\"1704\" \/>\n\t<meta property=\"og:image:type\" content=\"image\/jpeg\" \/>\n<meta name=\"author\" content=\"admin\" \/>\n<meta name=\"twitter:card\" content=\"summary_large_image\" \/>\n<meta name=\"twitter:label1\" content=\"\u00c9crit par\" \/>\n\t<meta name=\"twitter:data1\" content=\"admin\" \/>\n\t<meta name=\"twitter:label2\" content=\"Dur\u00e9e de lecture estim\u00e9e\" \/>\n\t<meta name=\"twitter:data2\" content=\"1 minute\" \/>\n<script type=\"application\/ld+json\" class=\"yoast-schema-graph\">{\"@context\":\"https:\/\/schema.org\",\"@graph\":[{\"@type\":\"Article\",\"@id\":\"https:\/\/www.ondernemendvenlo.nl\/maak-van-ubo-register-geen-telefoonboek-voor-criminelen\/#article\",\"isPartOf\":{\"@id\":\"https:\/\/www.ondernemendvenlo.nl\/maak-van-ubo-register-geen-telefoonboek-voor-criminelen\/\"},\"author\":{\"name\":\"admin\",\"@id\":\"https:\/\/www.ondernemendvenlo.nl\/#\/schema\/person\/347e935f8ad4c7030608ef74bb57aa6e\"},\"headline\":\"Maak van UBO-register geen telefoonboek voor criminelen!\",\"datePublished\":\"2019-12-04T16:20:34+00:00\",\"mainEntityOfPage\":{\"@id\":\"https:\/\/www.ondernemendvenlo.nl\/maak-van-ubo-register-geen-telefoonboek-voor-criminelen\/\"},\"wordCount\":159,\"publisher\":{\"@id\":\"https:\/\/www.ondernemendvenlo.nl\/#organization\"},\"image\":{\"@id\":\"https:\/\/www.ondernemendvenlo.nl\/maak-van-ubo-register-geen-telefoonboek-voor-criminelen\/#primaryimage\"},\"thumbnailUrl\":\"https:\/\/www.ondernemendvenlo.nl\/wp-content\/uploads\/2025\/04\/Giel-Braun_1127860_3692871-scaled-1.jpg\",\"articleSection\":[\"Nieuws\"],\"inLanguage\":\"fr-FR\"},{\"@type\":\"WebPage\",\"@id\":\"https:\/\/www.ondernemendvenlo.nl\/maak-van-ubo-register-geen-telefoonboek-voor-criminelen\/\",\"url\":\"https:\/\/www.ondernemendvenlo.nl\/maak-van-ubo-register-geen-telefoonboek-voor-criminelen\/\",\"name\":\"Maak van UBO-register geen telefoonboek voor criminelen! - Ondernemend Venlo\",\"isPartOf\":{\"@id\":\"https:\/\/www.ondernemendvenlo.nl\/#website\"},\"primaryImageOfPage\":{\"@id\":\"https:\/\/www.ondernemendvenlo.nl\/maak-van-ubo-register-geen-telefoonboek-voor-criminelen\/#primaryimage\"},\"image\":{\"@id\":\"https:\/\/www.ondernemendvenlo.nl\/maak-van-ubo-register-geen-telefoonboek-voor-criminelen\/#primaryimage\"},\"thumbnailUrl\":\"https:\/\/www.ondernemendvenlo.nl\/wp-content\/uploads\/2025\/04\/Giel-Braun_1127860_3692871-scaled-1.jpg\",\"datePublished\":\"2019-12-04T16:20:34+00:00\",\"breadcrumb\":{\"@id\":\"https:\/\/www.ondernemendvenlo.nl\/maak-van-ubo-register-geen-telefoonboek-voor-criminelen\/#breadcrumb\"},\"inLanguage\":\"fr-FR\",\"potentialAction\":[{\"@type\":\"ReadAction\",\"target\":[\"https:\/\/www.ondernemendvenlo.nl\/maak-van-ubo-register-geen-telefoonboek-voor-criminelen\/\"]}]},{\"@type\":\"ImageObject\",\"inLanguage\":\"fr-FR\",\"@id\":\"https:\/\/www.ondernemendvenlo.nl\/maak-van-ubo-register-geen-telefoonboek-voor-criminelen\/#primaryimage\",\"url\":\"https:\/\/www.ondernemendvenlo.nl\/wp-content\/uploads\/2025\/04\/Giel-Braun_1127860_3692871-scaled-1.jpg\",\"contentUrl\":\"https:\/\/www.ondernemendvenlo.nl\/wp-content\/uploads\/2025\/04\/Giel-Braun_1127860_3692871-scaled-1.jpg\",\"width\":2560,\"height\":1704},{\"@type\":\"BreadcrumbList\",\"@id\":\"https:\/\/www.ondernemendvenlo.nl\/maak-van-ubo-register-geen-telefoonboek-voor-criminelen\/#breadcrumb\",\"itemListElement\":[{\"@type\":\"ListItem\",\"position\":1,\"name\":\"Ondernemend Venlo\",\"item\":\"https:\/\/www.ondernemendvenlo.nl\/\"},{\"@type\":\"ListItem\",\"position\":2,\"name\":\"Nieuws\",\"item\":\"https:\/\/www.ondernemendvenlo.nl\/categorie\/nieuws\/\"},{\"@type\":\"ListItem\",\"position\":3,\"name\":\"Maak van UBO-register geen telefoonboek voor criminelen!\"}]},{\"@type\":\"WebSite\",\"@id\":\"https:\/\/www.ondernemendvenlo.nl\/#website\",\"url\":\"https:\/\/www.ondernemendvenlo.nl\/\",\"name\":\"Ondernemend Venlo\",\"description\":\"Samen succesvol ondernemen\",\"publisher\":{\"@id\":\"https:\/\/www.ondernemendvenlo.nl\/#organization\"},\"potentialAction\":[{\"@type\":\"SearchAction\",\"target\":{\"@type\":\"EntryPoint\",\"urlTemplate\":\"https:\/\/www.ondernemendvenlo.nl\/?s={search_term_string}\"},\"query-input\":{\"@type\":\"PropertyValueSpecification\",\"valueRequired\":true,\"valueName\":\"search_term_string\"}}],\"inLanguage\":\"fr-FR\"},{\"@type\":\"Organization\",\"@id\":\"https:\/\/www.ondernemendvenlo.nl\/#organization\",\"name\":\"Ondernemend Venlo\",\"url\":\"https:\/\/www.ondernemendvenlo.nl\/\",\"logo\":{\"@type\":\"ImageObject\",\"inLanguage\":\"fr-FR\",\"@id\":\"https:\/\/www.ondernemendvenlo.nl\/#\/schema\/logo\/image\/\",\"url\":\"https:\/\/www.ondernemendvenlo.nl\/wp-content\/uploads\/2025\/02\/Ondernemend-Venlo-logo-scaled.webp\",\"contentUrl\":\"https:\/\/www.ondernemendvenlo.nl\/wp-content\/uploads\/2025\/02\/Ondernemend-Venlo-logo-scaled.webp\",\"width\":2560,\"height\":1010,\"caption\":\"Ondernemend Venlo\"},\"image\":{\"@id\":\"https:\/\/www.ondernemendvenlo.nl\/#\/schema\/logo\/image\/\"},\"sameAs\":[\"https:\/\/www.linkedin.com\/company\/ondernemend-venlo\/\"]},{\"@type\":\"Person\",\"@id\":\"https:\/\/www.ondernemendvenlo.nl\/#\/schema\/person\/347e935f8ad4c7030608ef74bb57aa6e\",\"name\":\"admin\",\"image\":{\"@type\":\"ImageObject\",\"inLanguage\":\"fr-FR\",\"@id\":\"https:\/\/www.ondernemendvenlo.nl\/#\/schema\/person\/image\/\",\"url\":\"https:\/\/www.ondernemendvenlo.nl\/wp-content\/litespeed\/avatar\/720af750b037aecf6e33e12833479059.jpg?ver=1777382954\",\"contentUrl\":\"https:\/\/www.ondernemendvenlo.nl\/wp-content\/litespeed\/avatar\/720af750b037aecf6e33e12833479059.jpg?ver=1777382954\",\"caption\":\"admin\"},\"sameAs\":[\"https:\/\/www.ondernemendvenlo.nl\"]}]}<\/script>\n<!-- \/ Yoast SEO plugin. -->","yoast_head_json":{"title":"Maak van UBO-register geen telefoonboek voor criminelen! - Ondernemend Venlo","robots":{"index":"index","follow":"follow","max-snippet":"max-snippet:-1","max-image-preview":"max-image-preview:large","max-video-preview":"max-video-preview:-1"},"canonical":"https:\/\/www.ondernemendvenlo.nl\/fr\/maak-van-ubo-register-geen-telefoonboek-voor-criminelen\/","og_locale":"fr_FR","og_type":"article","og_title":"Maak van UBO-register geen telefoonboek voor criminelen! - Ondernemend Venlo","og_description":"Gegevens van aandeelhouders worden geregistreerd in een UBO-register. Vooral voor familiebedrijven kan dit grote consequenties met zich meebrengen. \u201cZij vrezen een soort telefoonboek voor criminelen\u201d, aldus Giel Braun, voorzitter Limburgse Werkgevers Vereniging\/LWV. Ondanks de verbeteringen die minister Hoekstra van Financi\u00ebn heeft aangebracht in het wetsvoorstel voor het UBO-register, zijn veel familiebedrijven nog altijd erg bezorgd [&hellip;]","og_url":"https:\/\/www.ondernemendvenlo.nl\/fr\/maak-van-ubo-register-geen-telefoonboek-voor-criminelen\/","og_site_name":"Ondernemend Venlo","article_published_time":"2019-12-04T16:20:34+00:00","og_image":[{"width":2560,"height":1704,"url":"https:\/\/www.ondernemendvenlo.nl\/wp-content\/uploads\/2025\/04\/Giel-Braun_1127860_3692871-scaled-1.jpg","type":"image\/jpeg"}],"author":"admin","twitter_card":"summary_large_image","twitter_misc":{"\u00c9crit par":"admin","Dur\u00e9e de lecture estim\u00e9e":"1 minute"},"schema":{"@context":"https:\/\/schema.org","@graph":[{"@type":"Article","@id":"https:\/\/www.ondernemendvenlo.nl\/maak-van-ubo-register-geen-telefoonboek-voor-criminelen\/#article","isPartOf":{"@id":"https:\/\/www.ondernemendvenlo.nl\/maak-van-ubo-register-geen-telefoonboek-voor-criminelen\/"},"author":{"name":"admin","@id":"https:\/\/www.ondernemendvenlo.nl\/#\/schema\/person\/347e935f8ad4c7030608ef74bb57aa6e"},"headline":"Maak van UBO-register geen telefoonboek voor criminelen!","datePublished":"2019-12-04T16:20:34+00:00","mainEntityOfPage":{"@id":"https:\/\/www.ondernemendvenlo.nl\/maak-van-ubo-register-geen-telefoonboek-voor-criminelen\/"},"wordCount":159,"publisher":{"@id":"https:\/\/www.ondernemendvenlo.nl\/#organization"},"image":{"@id":"https:\/\/www.ondernemendvenlo.nl\/maak-van-ubo-register-geen-telefoonboek-voor-criminelen\/#primaryimage"},"thumbnailUrl":"https:\/\/www.ondernemendvenlo.nl\/wp-content\/uploads\/2025\/04\/Giel-Braun_1127860_3692871-scaled-1.jpg","articleSection":["Nieuws"],"inLanguage":"fr-FR"},{"@type":"WebPage","@id":"https:\/\/www.ondernemendvenlo.nl\/maak-van-ubo-register-geen-telefoonboek-voor-criminelen\/","url":"https:\/\/www.ondernemendvenlo.nl\/maak-van-ubo-register-geen-telefoonboek-voor-criminelen\/","name":"Maak van UBO-register geen telefoonboek voor criminelen! - Ondernemend Venlo","isPartOf":{"@id":"https:\/\/www.ondernemendvenlo.nl\/#website"},"primaryImageOfPage":{"@id":"https:\/\/www.ondernemendvenlo.nl\/maak-van-ubo-register-geen-telefoonboek-voor-criminelen\/#primaryimage"},"image":{"@id":"https:\/\/www.ondernemendvenlo.nl\/maak-van-ubo-register-geen-telefoonboek-voor-criminelen\/#primaryimage"},"thumbnailUrl":"https:\/\/www.ondernemendvenlo.nl\/wp-content\/uploads\/2025\/04\/Giel-Braun_1127860_3692871-scaled-1.jpg","datePublished":"2019-12-04T16:20:34+00:00","breadcrumb":{"@id":"https:\/\/www.ondernemendvenlo.nl\/maak-van-ubo-register-geen-telefoonboek-voor-criminelen\/#breadcrumb"},"inLanguage":"fr-FR","potentialAction":[{"@type":"ReadAction","target":["https:\/\/www.ondernemendvenlo.nl\/maak-van-ubo-register-geen-telefoonboek-voor-criminelen\/"]}]},{"@type":"ImageObject","inLanguage":"fr-FR","@id":"https:\/\/www.ondernemendvenlo.nl\/maak-van-ubo-register-geen-telefoonboek-voor-criminelen\/#primaryimage","url":"https:\/\/www.ondernemendvenlo.nl\/wp-content\/uploads\/2025\/04\/Giel-Braun_1127860_3692871-scaled-1.jpg","contentUrl":"https:\/\/www.ondernemendvenlo.nl\/wp-content\/uploads\/2025\/04\/Giel-Braun_1127860_3692871-scaled-1.jpg","width":2560,"height":1704},{"@type":"BreadcrumbList","@id":"https:\/\/www.ondernemendvenlo.nl\/maak-van-ubo-register-geen-telefoonboek-voor-criminelen\/#breadcrumb","itemListElement":[{"@type":"ListItem","position":1,"name":"Ondernemend Venlo","item":"https:\/\/www.ondernemendvenlo.nl\/"},{"@type":"ListItem","position":2,"name":"Nieuws","item":"https:\/\/www.ondernemendvenlo.nl\/categorie\/nieuws\/"},{"@type":"ListItem","position":3,"name":"Maak van UBO-register geen telefoonboek voor criminelen!"}]},{"@type":"WebSite","@id":"https:\/\/www.ondernemendvenlo.nl\/#website","url":"https:\/\/www.ondernemendvenlo.nl\/","name":"Venlo entrepreneurial","description":"Travailler ensemble avec succ\u00e8s","publisher":{"@id":"https:\/\/www.ondernemendvenlo.nl\/#organization"},"potentialAction":[{"@type":"SearchAction","target":{"@type":"EntryPoint","urlTemplate":"https:\/\/www.ondernemendvenlo.nl\/?s={search_term_string}"},"query-input":{"@type":"PropertyValueSpecification","valueRequired":true,"valueName":"search_term_string"}}],"inLanguage":"fr-FR"},{"@type":"Organization","@id":"https:\/\/www.ondernemendvenlo.nl\/#organization","name":"Venlo entrepreneurial","url":"https:\/\/www.ondernemendvenlo.nl\/","logo":{"@type":"ImageObject","inLanguage":"fr-FR","@id":"https:\/\/www.ondernemendvenlo.nl\/#\/schema\/logo\/image\/","url":"https:\/\/www.ondernemendvenlo.nl\/wp-content\/uploads\/2025\/02\/Ondernemend-Venlo-logo-scaled.webp","contentUrl":"https:\/\/www.ondernemendvenlo.nl\/wp-content\/uploads\/2025\/02\/Ondernemend-Venlo-logo-scaled.webp","width":2560,"height":1010,"caption":"Ondernemend Venlo"},"image":{"@id":"https:\/\/www.ondernemendvenlo.nl\/#\/schema\/logo\/image\/"},"sameAs":["https:\/\/www.linkedin.com\/company\/ondernemend-venlo\/"]},{"@type":"Person","@id":"https:\/\/www.ondernemendvenlo.nl\/#\/schema\/person\/347e935f8ad4c7030608ef74bb57aa6e","name":"admin","image":{"@type":"ImageObject","inLanguage":"fr-FR","@id":"https:\/\/www.ondernemendvenlo.nl\/#\/schema\/person\/image\/","url":"https:\/\/www.ondernemendvenlo.nl\/wp-content\/litespeed\/avatar\/720af750b037aecf6e33e12833479059.jpg?ver=1777382954","contentUrl":"https:\/\/www.ondernemendvenlo.nl\/wp-content\/litespeed\/avatar\/720af750b037aecf6e33e12833479059.jpg?ver=1777382954","caption":"admin"},"sameAs":["https:\/\/www.ondernemendvenlo.nl"]}]}},"_links":{"self":[{"href":"https:\/\/www.ondernemendvenlo.nl\/fr\/wp-json\/wp\/v2\/posts\/1810","targetHints":{"allow":["GET"]}}],"collection":[{"href":"https:\/\/www.ondernemendvenlo.nl\/fr\/wp-json\/wp\/v2\/posts"}],"about":[{"href":"https:\/\/www.ondernemendvenlo.nl\/fr\/wp-json\/wp\/v2\/types\/post"}],"author":[{"embeddable":true,"href":"https:\/\/www.ondernemendvenlo.nl\/fr\/wp-json\/wp\/v2\/users\/1"}],"replies":[{"embeddable":true,"href":"https:\/\/www.ondernemendvenlo.nl\/fr\/wp-json\/wp\/v2\/comments?post=1810"}],"version-history":[{"count":0,"href":"https:\/\/www.ondernemendvenlo.nl\/fr\/wp-json\/wp\/v2\/posts\/1810\/revisions"}],"wp:featuredmedia":[{"embeddable":true,"href":"https:\/\/www.ondernemendvenlo.nl\/fr\/wp-json\/wp\/v2\/media\/1811"}],"wp:attachment":[{"href":"https:\/\/www.ondernemendvenlo.nl\/fr\/wp-json\/wp\/v2\/media?parent=1810"}],"wp:term":[{"taxonomy":"category","embeddable":true,"href":"https:\/\/www.ondernemendvenlo.nl\/fr\/wp-json\/wp\/v2\/categories?post=1810"},{"taxonomy":"post_tag","embeddable":true,"href":"https:\/\/www.ondernemendvenlo.nl\/fr\/wp-json\/wp\/v2\/tags?post=1810"}],"curies":[{"name":"wp","href":"https:\/\/api.w.org\/{rel}","templated":true}]}}