{"id":1862,"date":"2020-01-07T12:00:13","date_gmt":"2020-01-07T11:00:13","guid":{"rendered":"https:\/\/www.ondernemendvenlo.nl\/espresso-seminar-omgaan-met-werkdruk\/"},"modified":"2020-01-07T12:00:13","modified_gmt":"2020-01-07T11:00:13","slug":"espresso-seminar-omgaan-met-werkdruk","status":"publish","type":"post","link":"https:\/\/www.ondernemendvenlo.nl\/fr\/espresso-seminar-omgaan-met-werkdruk\/","title":{"rendered":"Espresso Seminar: omgaan met werkdruk"},"content":{"rendered":"<p>Ieder van ons heeft bij het dagelijks werk te maken met werkdruk. We nodigen u uit om in een Espresso Seminar (kort \u00e9n pittig!) meer te weten te komen over het omgaan met werkdruk. Met voorbeelden uit de praktijk en gelegenheid om de vragen die u hierover heeft of die bij u opkomen te beantwoorden.<\/p>\n<p>Aan het eind van het Seminar, dat \u00e9\u00e9n uur duurt, (h)erkennen de deelnemers waar ze in hun dagelijkse werkroutine tegenaan lopen en hebben ze praktische tips gekregen hoe ze hier voor zichzelf anders en slimmer mee om kunnen gaan.<\/p>\n<p>Het seminar wordt de leden van de BCMR aangeboden door BCMR-lid Wouter de Waard van CiEP Training &amp; Coaching. Sinds 1992 is CiEP met succes actief voor mensen die werken in kantoor- en kennisomgevingen. Organisaties hoeven niet te worden heringericht vanwege CiEP. Integendeel. En ook verandert CiEP mensen niet.<\/p>\n<p>Maar mensen krijgen wel alle ondersteuning om hun eigen gedrag in overeenstemming te brengen met wat ze \u00e9cht graag willen en waarvoor ze in hun werk verantwoordelijk zijn. Daarbij leert men afscheid te nemen van belemmerende werk- en levensgewoonten. Al met al ontstaat ruimte voor gedrag, dat leidt tot werkelijk gewenst resultaat!<\/p>\n<p>Het Espresso Seminar is in het Duits \u00e9n het Nederlands. Aan het eind van het seminar heeft u de mogelijkheid om een afspraak met Wouter te maken voor een persoonlijk coachingsgesprek (per Skype of telefoon) van een half uur. Op deze manier kan iedereen die dat wil zijn of haar leer-of verbeterpunten effectief en duurzaam in het eigen werkproces implementeren<\/p>\n<p>De coaching is, net als het seminar zelf, kosteloos voor leden of gasten van de BCMR. Leden van O.V. kunnen ook gebruik maken van deze uitnodiging.<\/p>\n<p>Datum: donderdag 30 januari 2020, 15.30 \u2013 17.30 uur<br \/>\nWaar: Fontys Hogeschool, Tegelseweg 255, 5912 BG Venlo (NL)<br \/>\nDeelnemen? Meldt u zich uiterlijk woensdag januari 22 januari 2020 per e-mail aan op info@bc-maasrhein.eu.<\/p>","protected":false},"excerpt":{"rendered":"<p>Ieder van ons heeft bij het dagelijks werk te maken met werkdruk. We nodigen u uit om in een Espresso Seminar (kort \u00e9n pittig!) meer te weten te komen over het omgaan met werkdruk. Met voorbeelden uit de praktijk en gelegenheid om de vragen die u hierover heeft of die bij u opkomen te beantwoorden. [&hellip;]<\/p>","protected":false},"author":1,"featured_media":0,"comment_status":"closed","ping_status":"open","sticky":false,"template":"","format":"standard","meta":{"_acf_changed":false,"footnotes":""},"categories":[8],"tags":[],"class_list":["post-1862","post","type-post","status-publish","format-standard","hentry","category-nieuws"],"acf":[],"yoast_head":"<!-- This site is optimized with the Yoast SEO plugin v26.3 - https:\/\/yoast.com\/wordpress\/plugins\/seo\/ -->\n<title>Espresso Seminar: omgaan met werkdruk - Ondernemend Venlo<\/title>\n<meta name=\"robots\" content=\"index, follow, max-snippet:-1, max-image-preview:large, max-video-preview:-1\" \/>\n<link rel=\"canonical\" href=\"https:\/\/www.ondernemendvenlo.nl\/fr\/espresso-seminar-omgaan-met-werkdruk\/\" \/>\n<meta property=\"og:locale\" content=\"fr_FR\" \/>\n<meta property=\"og:type\" content=\"article\" \/>\n<meta property=\"og:title\" content=\"Espresso Seminar: omgaan met werkdruk - Ondernemend Venlo\" \/>\n<meta property=\"og:description\" content=\"Ieder van ons heeft bij het dagelijks werk te maken met werkdruk. We nodigen u uit om in een Espresso Seminar (kort \u00e9n pittig!) meer te weten te komen over het omgaan met werkdruk. Met voorbeelden uit de praktijk en gelegenheid om de vragen die u hierover heeft of die bij u opkomen te beantwoorden. [&hellip;]\" \/>\n<meta property=\"og:url\" content=\"https:\/\/www.ondernemendvenlo.nl\/fr\/espresso-seminar-omgaan-met-werkdruk\/\" \/>\n<meta property=\"og:site_name\" content=\"Ondernemend Venlo\" \/>\n<meta property=\"article:published_time\" content=\"2020-01-07T11:00:13+00:00\" \/>\n<meta name=\"author\" content=\"admin\" \/>\n<meta name=\"twitter:card\" content=\"summary_large_image\" \/>\n<meta name=\"twitter:label1\" content=\"\u00c9crit par\" \/>\n\t<meta name=\"twitter:data1\" content=\"admin\" \/>\n\t<meta name=\"twitter:label2\" content=\"Dur\u00e9e de lecture estim\u00e9e\" \/>\n\t<meta name=\"twitter:data2\" content=\"2 minutes\" \/>\n<script type=\"application\/ld+json\" class=\"yoast-schema-graph\">{\"@context\":\"https:\/\/schema.org\",\"@graph\":[{\"@type\":\"Article\",\"@id\":\"https:\/\/www.ondernemendvenlo.nl\/espresso-seminar-omgaan-met-werkdruk\/#article\",\"isPartOf\":{\"@id\":\"https:\/\/www.ondernemendvenlo.nl\/espresso-seminar-omgaan-met-werkdruk\/\"},\"author\":{\"name\":\"admin\",\"@id\":\"https:\/\/www.ondernemendvenlo.nl\/#\/schema\/person\/347e935f8ad4c7030608ef74bb57aa6e\"},\"headline\":\"Espresso Seminar: omgaan met werkdruk\",\"datePublished\":\"2020-01-07T11:00:13+00:00\",\"mainEntityOfPage\":{\"@id\":\"https:\/\/www.ondernemendvenlo.nl\/espresso-seminar-omgaan-met-werkdruk\/\"},\"wordCount\":313,\"publisher\":{\"@id\":\"https:\/\/www.ondernemendvenlo.nl\/#organization\"},\"articleSection\":[\"Nieuws\"],\"inLanguage\":\"fr-FR\"},{\"@type\":\"WebPage\",\"@id\":\"https:\/\/www.ondernemendvenlo.nl\/espresso-seminar-omgaan-met-werkdruk\/\",\"url\":\"https:\/\/www.ondernemendvenlo.nl\/espresso-seminar-omgaan-met-werkdruk\/\",\"name\":\"Espresso Seminar: omgaan met werkdruk - Ondernemend Venlo\",\"isPartOf\":{\"@id\":\"https:\/\/www.ondernemendvenlo.nl\/#website\"},\"datePublished\":\"2020-01-07T11:00:13+00:00\",\"breadcrumb\":{\"@id\":\"https:\/\/www.ondernemendvenlo.nl\/espresso-seminar-omgaan-met-werkdruk\/#breadcrumb\"},\"inLanguage\":\"fr-FR\",\"potentialAction\":[{\"@type\":\"ReadAction\",\"target\":[\"https:\/\/www.ondernemendvenlo.nl\/espresso-seminar-omgaan-met-werkdruk\/\"]}]},{\"@type\":\"BreadcrumbList\",\"@id\":\"https:\/\/www.ondernemendvenlo.nl\/espresso-seminar-omgaan-met-werkdruk\/#breadcrumb\",\"itemListElement\":[{\"@type\":\"ListItem\",\"position\":1,\"name\":\"Ondernemend Venlo\",\"item\":\"https:\/\/www.ondernemendvenlo.nl\/\"},{\"@type\":\"ListItem\",\"position\":2,\"name\":\"Nieuws\",\"item\":\"https:\/\/www.ondernemendvenlo.nl\/categorie\/nieuws\/\"},{\"@type\":\"ListItem\",\"position\":3,\"name\":\"Espresso Seminar: omgaan met werkdruk\"}]},{\"@type\":\"WebSite\",\"@id\":\"https:\/\/www.ondernemendvenlo.nl\/#website\",\"url\":\"https:\/\/www.ondernemendvenlo.nl\/\",\"name\":\"Ondernemend Venlo\",\"description\":\"Samen succesvol ondernemen\",\"publisher\":{\"@id\":\"https:\/\/www.ondernemendvenlo.nl\/#organization\"},\"potentialAction\":[{\"@type\":\"SearchAction\",\"target\":{\"@type\":\"EntryPoint\",\"urlTemplate\":\"https:\/\/www.ondernemendvenlo.nl\/?s={search_term_string}\"},\"query-input\":{\"@type\":\"PropertyValueSpecification\",\"valueRequired\":true,\"valueName\":\"search_term_string\"}}],\"inLanguage\":\"fr-FR\"},{\"@type\":\"Organization\",\"@id\":\"https:\/\/www.ondernemendvenlo.nl\/#organization\",\"name\":\"Ondernemend Venlo\",\"url\":\"https:\/\/www.ondernemendvenlo.nl\/\",\"logo\":{\"@type\":\"ImageObject\",\"inLanguage\":\"fr-FR\",\"@id\":\"https:\/\/www.ondernemendvenlo.nl\/#\/schema\/logo\/image\/\",\"url\":\"https:\/\/www.ondernemendvenlo.nl\/wp-content\/uploads\/2025\/02\/Ondernemend-Venlo-logo-scaled.webp\",\"contentUrl\":\"https:\/\/www.ondernemendvenlo.nl\/wp-content\/uploads\/2025\/02\/Ondernemend-Venlo-logo-scaled.webp\",\"width\":2560,\"height\":1010,\"caption\":\"Ondernemend Venlo\"},\"image\":{\"@id\":\"https:\/\/www.ondernemendvenlo.nl\/#\/schema\/logo\/image\/\"},\"sameAs\":[\"https:\/\/www.linkedin.com\/company\/ondernemend-venlo\/\"]},{\"@type\":\"Person\",\"@id\":\"https:\/\/www.ondernemendvenlo.nl\/#\/schema\/person\/347e935f8ad4c7030608ef74bb57aa6e\",\"name\":\"admin\",\"image\":{\"@type\":\"ImageObject\",\"inLanguage\":\"fr-FR\",\"@id\":\"https:\/\/www.ondernemendvenlo.nl\/#\/schema\/person\/image\/\",\"url\":\"https:\/\/www.ondernemendvenlo.nl\/wp-content\/litespeed\/avatar\/720af750b037aecf6e33e12833479059.jpg?ver=1777382954\",\"contentUrl\":\"https:\/\/www.ondernemendvenlo.nl\/wp-content\/litespeed\/avatar\/720af750b037aecf6e33e12833479059.jpg?ver=1777382954\",\"caption\":\"admin\"},\"sameAs\":[\"https:\/\/www.ondernemendvenlo.nl\"]}]}<\/script>\n<!-- \/ Yoast SEO plugin. -->","yoast_head_json":{"title":"Espresso Seminar: omgaan met werkdruk - Ondernemend Venlo","robots":{"index":"index","follow":"follow","max-snippet":"max-snippet:-1","max-image-preview":"max-image-preview:large","max-video-preview":"max-video-preview:-1"},"canonical":"https:\/\/www.ondernemendvenlo.nl\/fr\/espresso-seminar-omgaan-met-werkdruk\/","og_locale":"fr_FR","og_type":"article","og_title":"Espresso Seminar: omgaan met werkdruk - Ondernemend Venlo","og_description":"Ieder van ons heeft bij het dagelijks werk te maken met werkdruk. We nodigen u uit om in een Espresso Seminar (kort \u00e9n pittig!) meer te weten te komen over het omgaan met werkdruk. Met voorbeelden uit de praktijk en gelegenheid om de vragen die u hierover heeft of die bij u opkomen te beantwoorden. [&hellip;]","og_url":"https:\/\/www.ondernemendvenlo.nl\/fr\/espresso-seminar-omgaan-met-werkdruk\/","og_site_name":"Ondernemend Venlo","article_published_time":"2020-01-07T11:00:13+00:00","author":"admin","twitter_card":"summary_large_image","twitter_misc":{"\u00c9crit par":"admin","Dur\u00e9e de lecture estim\u00e9e":"2 minutes"},"schema":{"@context":"https:\/\/schema.org","@graph":[{"@type":"Article","@id":"https:\/\/www.ondernemendvenlo.nl\/espresso-seminar-omgaan-met-werkdruk\/#article","isPartOf":{"@id":"https:\/\/www.ondernemendvenlo.nl\/espresso-seminar-omgaan-met-werkdruk\/"},"author":{"name":"admin","@id":"https:\/\/www.ondernemendvenlo.nl\/#\/schema\/person\/347e935f8ad4c7030608ef74bb57aa6e"},"headline":"Espresso Seminar: omgaan met werkdruk","datePublished":"2020-01-07T11:00:13+00:00","mainEntityOfPage":{"@id":"https:\/\/www.ondernemendvenlo.nl\/espresso-seminar-omgaan-met-werkdruk\/"},"wordCount":313,"publisher":{"@id":"https:\/\/www.ondernemendvenlo.nl\/#organization"},"articleSection":["Nieuws"],"inLanguage":"fr-FR"},{"@type":"WebPage","@id":"https:\/\/www.ondernemendvenlo.nl\/espresso-seminar-omgaan-met-werkdruk\/","url":"https:\/\/www.ondernemendvenlo.nl\/espresso-seminar-omgaan-met-werkdruk\/","name":"Espresso Seminar: omgaan met werkdruk - Ondernemend Venlo","isPartOf":{"@id":"https:\/\/www.ondernemendvenlo.nl\/#website"},"datePublished":"2020-01-07T11:00:13+00:00","breadcrumb":{"@id":"https:\/\/www.ondernemendvenlo.nl\/espresso-seminar-omgaan-met-werkdruk\/#breadcrumb"},"inLanguage":"fr-FR","potentialAction":[{"@type":"ReadAction","target":["https:\/\/www.ondernemendvenlo.nl\/espresso-seminar-omgaan-met-werkdruk\/"]}]},{"@type":"BreadcrumbList","@id":"https:\/\/www.ondernemendvenlo.nl\/espresso-seminar-omgaan-met-werkdruk\/#breadcrumb","itemListElement":[{"@type":"ListItem","position":1,"name":"Ondernemend Venlo","item":"https:\/\/www.ondernemendvenlo.nl\/"},{"@type":"ListItem","position":2,"name":"Nieuws","item":"https:\/\/www.ondernemendvenlo.nl\/categorie\/nieuws\/"},{"@type":"ListItem","position":3,"name":"Espresso Seminar: omgaan met werkdruk"}]},{"@type":"WebSite","@id":"https:\/\/www.ondernemendvenlo.nl\/#website","url":"https:\/\/www.ondernemendvenlo.nl\/","name":"Venlo entrepreneurial","description":"Travailler ensemble avec succ\u00e8s","publisher":{"@id":"https:\/\/www.ondernemendvenlo.nl\/#organization"},"potentialAction":[{"@type":"SearchAction","target":{"@type":"EntryPoint","urlTemplate":"https:\/\/www.ondernemendvenlo.nl\/?s={search_term_string}"},"query-input":{"@type":"PropertyValueSpecification","valueRequired":true,"valueName":"search_term_string"}}],"inLanguage":"fr-FR"},{"@type":"Organization","@id":"https:\/\/www.ondernemendvenlo.nl\/#organization","name":"Venlo entrepreneurial","url":"https:\/\/www.ondernemendvenlo.nl\/","logo":{"@type":"ImageObject","inLanguage":"fr-FR","@id":"https:\/\/www.ondernemendvenlo.nl\/#\/schema\/logo\/image\/","url":"https:\/\/www.ondernemendvenlo.nl\/wp-content\/uploads\/2025\/02\/Ondernemend-Venlo-logo-scaled.webp","contentUrl":"https:\/\/www.ondernemendvenlo.nl\/wp-content\/uploads\/2025\/02\/Ondernemend-Venlo-logo-scaled.webp","width":2560,"height":1010,"caption":"Ondernemend Venlo"},"image":{"@id":"https:\/\/www.ondernemendvenlo.nl\/#\/schema\/logo\/image\/"},"sameAs":["https:\/\/www.linkedin.com\/company\/ondernemend-venlo\/"]},{"@type":"Person","@id":"https:\/\/www.ondernemendvenlo.nl\/#\/schema\/person\/347e935f8ad4c7030608ef74bb57aa6e","name":"admin","image":{"@type":"ImageObject","inLanguage":"fr-FR","@id":"https:\/\/www.ondernemendvenlo.nl\/#\/schema\/person\/image\/","url":"https:\/\/www.ondernemendvenlo.nl\/wp-content\/litespeed\/avatar\/720af750b037aecf6e33e12833479059.jpg?ver=1777382954","contentUrl":"https:\/\/www.ondernemendvenlo.nl\/wp-content\/litespeed\/avatar\/720af750b037aecf6e33e12833479059.jpg?ver=1777382954","caption":"admin"},"sameAs":["https:\/\/www.ondernemendvenlo.nl"]}]}},"_links":{"self":[{"href":"https:\/\/www.ondernemendvenlo.nl\/fr\/wp-json\/wp\/v2\/posts\/1862","targetHints":{"allow":["GET"]}}],"collection":[{"href":"https:\/\/www.ondernemendvenlo.nl\/fr\/wp-json\/wp\/v2\/posts"}],"about":[{"href":"https:\/\/www.ondernemendvenlo.nl\/fr\/wp-json\/wp\/v2\/types\/post"}],"author":[{"embeddable":true,"href":"https:\/\/www.ondernemendvenlo.nl\/fr\/wp-json\/wp\/v2\/users\/1"}],"replies":[{"embeddable":true,"href":"https:\/\/www.ondernemendvenlo.nl\/fr\/wp-json\/wp\/v2\/comments?post=1862"}],"version-history":[{"count":0,"href":"https:\/\/www.ondernemendvenlo.nl\/fr\/wp-json\/wp\/v2\/posts\/1862\/revisions"}],"wp:attachment":[{"href":"https:\/\/www.ondernemendvenlo.nl\/fr\/wp-json\/wp\/v2\/media?parent=1862"}],"wp:term":[{"taxonomy":"category","embeddable":true,"href":"https:\/\/www.ondernemendvenlo.nl\/fr\/wp-json\/wp\/v2\/categories?post=1862"},{"taxonomy":"post_tag","embeddable":true,"href":"https:\/\/www.ondernemendvenlo.nl\/fr\/wp-json\/wp\/v2\/tags?post=1862"}],"curies":[{"name":"wp","href":"https:\/\/api.w.org\/{rel}","templated":true}]}}