{"id":1869,"date":"2020-01-09T09:39:04","date_gmt":"2020-01-09T08:39:04","guid":{"rendered":"https:\/\/www.ondernemendvenlo.nl\/johan-van-de-louw-vertrekt-bij-rabobank-venlo-e-o\/"},"modified":"2020-01-09T09:39:04","modified_gmt":"2020-01-09T08:39:04","slug":"johan-van-de-louw-vertrekt-bij-rabobank-venlo-e-o","status":"publish","type":"post","link":"https:\/\/www.ondernemendvenlo.nl\/fr\/johan-van-de-louw-vertrekt-bij-rabobank-venlo-e-o\/","title":{"rendered":"Johan van de Louw vertrekt bij Rabobank Venlo e.o."},"content":{"rendered":"<p><strong>VENLO\/BERGEIJK &#8211; Op 1 februari 2020 start Johan van de Louw als directievoorzitter bij Rabobank De Kempen. Hij was sinds 2018 directeur commercie bij Rabobank Venlo e.o.<\/strong><\/p>\n<p>Pierre van den Borne, voorzitter van de raad van commissarissen van Rabobank De Kempen: &#8220;We zijn erg content met de komst van Johan. Hij is een inspirerende, voortvarende en ondernemende bankier met oog voor de klanten en de medewerkers van de bank. Met Johan halen we een betrokken netwerker, een goede verbinder en een ervaren directievoorzitter in huis.&#8221;<\/p>\n<p><strong>Achtergrond<\/strong><br \/>\nVan de Louw was de afgelopen twee jaar directeur commercie bij Rabobank Venlo e.o. en daarvoor werkte hij bij verschillende Rabobanken als directeur en manager Bedrijven. Van 2006 tot 2011 was Johan al werkzaam bij Rabobank Valkenswaard-Waalre, een Rabobank die in 2014 opging in Rabobank De Kempen.<\/p>","protected":false},"excerpt":{"rendered":"<p>VENLO\/BERGEIJK &#8211; Op 1 februari 2020 start Johan van de Louw als directievoorzitter bij Rabobank De Kempen. Hij was sinds 2018 directeur commercie bij Rabobank Venlo e.o. Pierre van den Borne, voorzitter van de raad van commissarissen van Rabobank De Kempen: &#8220;We zijn erg content met de komst van Johan. Hij is een inspirerende, voortvarende [&hellip;]<\/p>","protected":false},"author":1,"featured_media":1870,"comment_status":"closed","ping_status":"open","sticky":false,"template":"","format":"standard","meta":{"_acf_changed":false,"footnotes":""},"categories":[8],"tags":[],"class_list":["post-1869","post","type-post","status-publish","format-standard","has-post-thumbnail","hentry","category-nieuws"],"acf":[],"yoast_head":"<!-- This site is optimized with the Yoast SEO plugin v26.3 - https:\/\/yoast.com\/wordpress\/plugins\/seo\/ -->\n<title>Johan van de Louw vertrekt bij Rabobank Venlo e.o. - Ondernemend Venlo<\/title>\n<meta name=\"robots\" content=\"index, follow, max-snippet:-1, max-image-preview:large, max-video-preview:-1\" \/>\n<link rel=\"canonical\" href=\"https:\/\/www.ondernemendvenlo.nl\/fr\/johan-van-de-louw-vertrekt-bij-rabobank-venlo-e-o\/\" \/>\n<meta property=\"og:locale\" content=\"fr_FR\" \/>\n<meta property=\"og:type\" content=\"article\" \/>\n<meta property=\"og:title\" content=\"Johan van de Louw vertrekt bij Rabobank Venlo e.o. - Ondernemend Venlo\" \/>\n<meta property=\"og:description\" content=\"VENLO\/BERGEIJK &#8211; Op 1 februari 2020 start Johan van de Louw als directievoorzitter bij Rabobank De Kempen. Hij was sinds 2018 directeur commercie bij Rabobank Venlo e.o. Pierre van den Borne, voorzitter van de raad van commissarissen van Rabobank De Kempen: &#8220;We zijn erg content met de komst van Johan. Hij is een inspirerende, voortvarende [&hellip;]\" \/>\n<meta property=\"og:url\" content=\"https:\/\/www.ondernemendvenlo.nl\/fr\/johan-van-de-louw-vertrekt-bij-rabobank-venlo-e-o\/\" \/>\n<meta property=\"og:site_name\" content=\"Ondernemend Venlo\" \/>\n<meta property=\"article:published_time\" content=\"2020-01-09T08:39:04+00:00\" \/>\n<meta property=\"og:image\" content=\"https:\/\/www.ondernemendvenlo.nl\/wp-content\/uploads\/2025\/04\/johan7.jpg\" \/>\n\t<meta property=\"og:image:width\" content=\"905\" \/>\n\t<meta property=\"og:image:height\" content=\"501\" \/>\n\t<meta property=\"og:image:type\" content=\"image\/jpeg\" \/>\n<meta name=\"author\" content=\"admin\" \/>\n<meta name=\"twitter:card\" content=\"summary_large_image\" \/>\n<meta name=\"twitter:label1\" content=\"\u00c9crit par\" \/>\n\t<meta name=\"twitter:data1\" content=\"admin\" \/>\n\t<meta name=\"twitter:label2\" content=\"Dur\u00e9e de lecture estim\u00e9e\" \/>\n\t<meta name=\"twitter:data2\" content=\"1 minute\" \/>\n<script type=\"application\/ld+json\" class=\"yoast-schema-graph\">{\"@context\":\"https:\/\/schema.org\",\"@graph\":[{\"@type\":\"Article\",\"@id\":\"https:\/\/www.ondernemendvenlo.nl\/johan-van-de-louw-vertrekt-bij-rabobank-venlo-e-o\/#article\",\"isPartOf\":{\"@id\":\"https:\/\/www.ondernemendvenlo.nl\/johan-van-de-louw-vertrekt-bij-rabobank-venlo-e-o\/\"},\"author\":{\"name\":\"admin\",\"@id\":\"https:\/\/www.ondernemendvenlo.nl\/#\/schema\/person\/347e935f8ad4c7030608ef74bb57aa6e\"},\"headline\":\"Johan van de Louw vertrekt bij Rabobank Venlo e.o.\",\"datePublished\":\"2020-01-09T08:39:04+00:00\",\"mainEntityOfPage\":{\"@id\":\"https:\/\/www.ondernemendvenlo.nl\/johan-van-de-louw-vertrekt-bij-rabobank-venlo-e-o\/\"},\"wordCount\":139,\"publisher\":{\"@id\":\"https:\/\/www.ondernemendvenlo.nl\/#organization\"},\"image\":{\"@id\":\"https:\/\/www.ondernemendvenlo.nl\/johan-van-de-louw-vertrekt-bij-rabobank-venlo-e-o\/#primaryimage\"},\"thumbnailUrl\":\"https:\/\/www.ondernemendvenlo.nl\/wp-content\/uploads\/2025\/04\/johan7.jpg\",\"articleSection\":[\"Nieuws\"],\"inLanguage\":\"fr-FR\"},{\"@type\":\"WebPage\",\"@id\":\"https:\/\/www.ondernemendvenlo.nl\/johan-van-de-louw-vertrekt-bij-rabobank-venlo-e-o\/\",\"url\":\"https:\/\/www.ondernemendvenlo.nl\/johan-van-de-louw-vertrekt-bij-rabobank-venlo-e-o\/\",\"name\":\"Johan van de Louw vertrekt bij Rabobank Venlo e.o. - Ondernemend Venlo\",\"isPartOf\":{\"@id\":\"https:\/\/www.ondernemendvenlo.nl\/#website\"},\"primaryImageOfPage\":{\"@id\":\"https:\/\/www.ondernemendvenlo.nl\/johan-van-de-louw-vertrekt-bij-rabobank-venlo-e-o\/#primaryimage\"},\"image\":{\"@id\":\"https:\/\/www.ondernemendvenlo.nl\/johan-van-de-louw-vertrekt-bij-rabobank-venlo-e-o\/#primaryimage\"},\"thumbnailUrl\":\"https:\/\/www.ondernemendvenlo.nl\/wp-content\/uploads\/2025\/04\/johan7.jpg\",\"datePublished\":\"2020-01-09T08:39:04+00:00\",\"breadcrumb\":{\"@id\":\"https:\/\/www.ondernemendvenlo.nl\/johan-van-de-louw-vertrekt-bij-rabobank-venlo-e-o\/#breadcrumb\"},\"inLanguage\":\"fr-FR\",\"potentialAction\":[{\"@type\":\"ReadAction\",\"target\":[\"https:\/\/www.ondernemendvenlo.nl\/johan-van-de-louw-vertrekt-bij-rabobank-venlo-e-o\/\"]}]},{\"@type\":\"ImageObject\",\"inLanguage\":\"fr-FR\",\"@id\":\"https:\/\/www.ondernemendvenlo.nl\/johan-van-de-louw-vertrekt-bij-rabobank-venlo-e-o\/#primaryimage\",\"url\":\"https:\/\/www.ondernemendvenlo.nl\/wp-content\/uploads\/2025\/04\/johan7.jpg\",\"contentUrl\":\"https:\/\/www.ondernemendvenlo.nl\/wp-content\/uploads\/2025\/04\/johan7.jpg\",\"width\":905,\"height\":501},{\"@type\":\"BreadcrumbList\",\"@id\":\"https:\/\/www.ondernemendvenlo.nl\/johan-van-de-louw-vertrekt-bij-rabobank-venlo-e-o\/#breadcrumb\",\"itemListElement\":[{\"@type\":\"ListItem\",\"position\":1,\"name\":\"Ondernemend Venlo\",\"item\":\"https:\/\/www.ondernemendvenlo.nl\/\"},{\"@type\":\"ListItem\",\"position\":2,\"name\":\"Nieuws\",\"item\":\"https:\/\/www.ondernemendvenlo.nl\/categorie\/nieuws\/\"},{\"@type\":\"ListItem\",\"position\":3,\"name\":\"Johan van de Louw vertrekt bij Rabobank Venlo e.o.\"}]},{\"@type\":\"WebSite\",\"@id\":\"https:\/\/www.ondernemendvenlo.nl\/#website\",\"url\":\"https:\/\/www.ondernemendvenlo.nl\/\",\"name\":\"Ondernemend Venlo\",\"description\":\"Samen succesvol ondernemen\",\"publisher\":{\"@id\":\"https:\/\/www.ondernemendvenlo.nl\/#organization\"},\"potentialAction\":[{\"@type\":\"SearchAction\",\"target\":{\"@type\":\"EntryPoint\",\"urlTemplate\":\"https:\/\/www.ondernemendvenlo.nl\/?s={search_term_string}\"},\"query-input\":{\"@type\":\"PropertyValueSpecification\",\"valueRequired\":true,\"valueName\":\"search_term_string\"}}],\"inLanguage\":\"fr-FR\"},{\"@type\":\"Organization\",\"@id\":\"https:\/\/www.ondernemendvenlo.nl\/#organization\",\"name\":\"Ondernemend Venlo\",\"url\":\"https:\/\/www.ondernemendvenlo.nl\/\",\"logo\":{\"@type\":\"ImageObject\",\"inLanguage\":\"fr-FR\",\"@id\":\"https:\/\/www.ondernemendvenlo.nl\/#\/schema\/logo\/image\/\",\"url\":\"https:\/\/www.ondernemendvenlo.nl\/wp-content\/uploads\/2025\/02\/Ondernemend-Venlo-logo-scaled.webp\",\"contentUrl\":\"https:\/\/www.ondernemendvenlo.nl\/wp-content\/uploads\/2025\/02\/Ondernemend-Venlo-logo-scaled.webp\",\"width\":2560,\"height\":1010,\"caption\":\"Ondernemend Venlo\"},\"image\":{\"@id\":\"https:\/\/www.ondernemendvenlo.nl\/#\/schema\/logo\/image\/\"},\"sameAs\":[\"https:\/\/www.linkedin.com\/company\/ondernemend-venlo\/\"]},{\"@type\":\"Person\",\"@id\":\"https:\/\/www.ondernemendvenlo.nl\/#\/schema\/person\/347e935f8ad4c7030608ef74bb57aa6e\",\"name\":\"admin\",\"image\":{\"@type\":\"ImageObject\",\"inLanguage\":\"fr-FR\",\"@id\":\"https:\/\/www.ondernemendvenlo.nl\/#\/schema\/person\/image\/\",\"url\":\"https:\/\/www.ondernemendvenlo.nl\/wp-content\/litespeed\/avatar\/720af750b037aecf6e33e12833479059.jpg?ver=1777382954\",\"contentUrl\":\"https:\/\/www.ondernemendvenlo.nl\/wp-content\/litespeed\/avatar\/720af750b037aecf6e33e12833479059.jpg?ver=1777382954\",\"caption\":\"admin\"},\"sameAs\":[\"https:\/\/www.ondernemendvenlo.nl\"]}]}<\/script>\n<!-- \/ Yoast SEO plugin. -->","yoast_head_json":{"title":"Johan van de Louw vertrekt bij Rabobank Venlo e.o. - Ondernemend Venlo","robots":{"index":"index","follow":"follow","max-snippet":"max-snippet:-1","max-image-preview":"max-image-preview:large","max-video-preview":"max-video-preview:-1"},"canonical":"https:\/\/www.ondernemendvenlo.nl\/fr\/johan-van-de-louw-vertrekt-bij-rabobank-venlo-e-o\/","og_locale":"fr_FR","og_type":"article","og_title":"Johan van de Louw vertrekt bij Rabobank Venlo e.o. - Ondernemend Venlo","og_description":"VENLO\/BERGEIJK &#8211; Op 1 februari 2020 start Johan van de Louw als directievoorzitter bij Rabobank De Kempen. Hij was sinds 2018 directeur commercie bij Rabobank Venlo e.o. Pierre van den Borne, voorzitter van de raad van commissarissen van Rabobank De Kempen: &#8220;We zijn erg content met de komst van Johan. Hij is een inspirerende, voortvarende [&hellip;]","og_url":"https:\/\/www.ondernemendvenlo.nl\/fr\/johan-van-de-louw-vertrekt-bij-rabobank-venlo-e-o\/","og_site_name":"Ondernemend Venlo","article_published_time":"2020-01-09T08:39:04+00:00","og_image":[{"width":905,"height":501,"url":"https:\/\/www.ondernemendvenlo.nl\/wp-content\/uploads\/2025\/04\/johan7.jpg","type":"image\/jpeg"}],"author":"admin","twitter_card":"summary_large_image","twitter_misc":{"\u00c9crit par":"admin","Dur\u00e9e de lecture estim\u00e9e":"1 minute"},"schema":{"@context":"https:\/\/schema.org","@graph":[{"@type":"Article","@id":"https:\/\/www.ondernemendvenlo.nl\/johan-van-de-louw-vertrekt-bij-rabobank-venlo-e-o\/#article","isPartOf":{"@id":"https:\/\/www.ondernemendvenlo.nl\/johan-van-de-louw-vertrekt-bij-rabobank-venlo-e-o\/"},"author":{"name":"admin","@id":"https:\/\/www.ondernemendvenlo.nl\/#\/schema\/person\/347e935f8ad4c7030608ef74bb57aa6e"},"headline":"Johan van de Louw vertrekt bij Rabobank Venlo e.o.","datePublished":"2020-01-09T08:39:04+00:00","mainEntityOfPage":{"@id":"https:\/\/www.ondernemendvenlo.nl\/johan-van-de-louw-vertrekt-bij-rabobank-venlo-e-o\/"},"wordCount":139,"publisher":{"@id":"https:\/\/www.ondernemendvenlo.nl\/#organization"},"image":{"@id":"https:\/\/www.ondernemendvenlo.nl\/johan-van-de-louw-vertrekt-bij-rabobank-venlo-e-o\/#primaryimage"},"thumbnailUrl":"https:\/\/www.ondernemendvenlo.nl\/wp-content\/uploads\/2025\/04\/johan7.jpg","articleSection":["Nieuws"],"inLanguage":"fr-FR"},{"@type":"WebPage","@id":"https:\/\/www.ondernemendvenlo.nl\/johan-van-de-louw-vertrekt-bij-rabobank-venlo-e-o\/","url":"https:\/\/www.ondernemendvenlo.nl\/johan-van-de-louw-vertrekt-bij-rabobank-venlo-e-o\/","name":"Johan van de Louw vertrekt bij Rabobank Venlo e.o. - Ondernemend Venlo","isPartOf":{"@id":"https:\/\/www.ondernemendvenlo.nl\/#website"},"primaryImageOfPage":{"@id":"https:\/\/www.ondernemendvenlo.nl\/johan-van-de-louw-vertrekt-bij-rabobank-venlo-e-o\/#primaryimage"},"image":{"@id":"https:\/\/www.ondernemendvenlo.nl\/johan-van-de-louw-vertrekt-bij-rabobank-venlo-e-o\/#primaryimage"},"thumbnailUrl":"https:\/\/www.ondernemendvenlo.nl\/wp-content\/uploads\/2025\/04\/johan7.jpg","datePublished":"2020-01-09T08:39:04+00:00","breadcrumb":{"@id":"https:\/\/www.ondernemendvenlo.nl\/johan-van-de-louw-vertrekt-bij-rabobank-venlo-e-o\/#breadcrumb"},"inLanguage":"fr-FR","potentialAction":[{"@type":"ReadAction","target":["https:\/\/www.ondernemendvenlo.nl\/johan-van-de-louw-vertrekt-bij-rabobank-venlo-e-o\/"]}]},{"@type":"ImageObject","inLanguage":"fr-FR","@id":"https:\/\/www.ondernemendvenlo.nl\/johan-van-de-louw-vertrekt-bij-rabobank-venlo-e-o\/#primaryimage","url":"https:\/\/www.ondernemendvenlo.nl\/wp-content\/uploads\/2025\/04\/johan7.jpg","contentUrl":"https:\/\/www.ondernemendvenlo.nl\/wp-content\/uploads\/2025\/04\/johan7.jpg","width":905,"height":501},{"@type":"BreadcrumbList","@id":"https:\/\/www.ondernemendvenlo.nl\/johan-van-de-louw-vertrekt-bij-rabobank-venlo-e-o\/#breadcrumb","itemListElement":[{"@type":"ListItem","position":1,"name":"Ondernemend Venlo","item":"https:\/\/www.ondernemendvenlo.nl\/"},{"@type":"ListItem","position":2,"name":"Nieuws","item":"https:\/\/www.ondernemendvenlo.nl\/categorie\/nieuws\/"},{"@type":"ListItem","position":3,"name":"Johan van de Louw vertrekt bij Rabobank Venlo e.o."}]},{"@type":"WebSite","@id":"https:\/\/www.ondernemendvenlo.nl\/#website","url":"https:\/\/www.ondernemendvenlo.nl\/","name":"Venlo entrepreneurial","description":"Travailler ensemble avec succ\u00e8s","publisher":{"@id":"https:\/\/www.ondernemendvenlo.nl\/#organization"},"potentialAction":[{"@type":"SearchAction","target":{"@type":"EntryPoint","urlTemplate":"https:\/\/www.ondernemendvenlo.nl\/?s={search_term_string}"},"query-input":{"@type":"PropertyValueSpecification","valueRequired":true,"valueName":"search_term_string"}}],"inLanguage":"fr-FR"},{"@type":"Organization","@id":"https:\/\/www.ondernemendvenlo.nl\/#organization","name":"Venlo entrepreneurial","url":"https:\/\/www.ondernemendvenlo.nl\/","logo":{"@type":"ImageObject","inLanguage":"fr-FR","@id":"https:\/\/www.ondernemendvenlo.nl\/#\/schema\/logo\/image\/","url":"https:\/\/www.ondernemendvenlo.nl\/wp-content\/uploads\/2025\/02\/Ondernemend-Venlo-logo-scaled.webp","contentUrl":"https:\/\/www.ondernemendvenlo.nl\/wp-content\/uploads\/2025\/02\/Ondernemend-Venlo-logo-scaled.webp","width":2560,"height":1010,"caption":"Ondernemend Venlo"},"image":{"@id":"https:\/\/www.ondernemendvenlo.nl\/#\/schema\/logo\/image\/"},"sameAs":["https:\/\/www.linkedin.com\/company\/ondernemend-venlo\/"]},{"@type":"Person","@id":"https:\/\/www.ondernemendvenlo.nl\/#\/schema\/person\/347e935f8ad4c7030608ef74bb57aa6e","name":"admin","image":{"@type":"ImageObject","inLanguage":"fr-FR","@id":"https:\/\/www.ondernemendvenlo.nl\/#\/schema\/person\/image\/","url":"https:\/\/www.ondernemendvenlo.nl\/wp-content\/litespeed\/avatar\/720af750b037aecf6e33e12833479059.jpg?ver=1777382954","contentUrl":"https:\/\/www.ondernemendvenlo.nl\/wp-content\/litespeed\/avatar\/720af750b037aecf6e33e12833479059.jpg?ver=1777382954","caption":"admin"},"sameAs":["https:\/\/www.ondernemendvenlo.nl"]}]}},"_links":{"self":[{"href":"https:\/\/www.ondernemendvenlo.nl\/fr\/wp-json\/wp\/v2\/posts\/1869","targetHints":{"allow":["GET"]}}],"collection":[{"href":"https:\/\/www.ondernemendvenlo.nl\/fr\/wp-json\/wp\/v2\/posts"}],"about":[{"href":"https:\/\/www.ondernemendvenlo.nl\/fr\/wp-json\/wp\/v2\/types\/post"}],"author":[{"embeddable":true,"href":"https:\/\/www.ondernemendvenlo.nl\/fr\/wp-json\/wp\/v2\/users\/1"}],"replies":[{"embeddable":true,"href":"https:\/\/www.ondernemendvenlo.nl\/fr\/wp-json\/wp\/v2\/comments?post=1869"}],"version-history":[{"count":0,"href":"https:\/\/www.ondernemendvenlo.nl\/fr\/wp-json\/wp\/v2\/posts\/1869\/revisions"}],"wp:featuredmedia":[{"embeddable":true,"href":"https:\/\/www.ondernemendvenlo.nl\/fr\/wp-json\/wp\/v2\/media\/1870"}],"wp:attachment":[{"href":"https:\/\/www.ondernemendvenlo.nl\/fr\/wp-json\/wp\/v2\/media?parent=1869"}],"wp:term":[{"taxonomy":"category","embeddable":true,"href":"https:\/\/www.ondernemendvenlo.nl\/fr\/wp-json\/wp\/v2\/categories?post=1869"},{"taxonomy":"post_tag","embeddable":true,"href":"https:\/\/www.ondernemendvenlo.nl\/fr\/wp-json\/wp\/v2\/tags?post=1869"}],"curies":[{"name":"wp","href":"https:\/\/api.w.org\/{rel}","templated":true}]}}