{"id":1953,"date":"2020-02-17T09:39:00","date_gmt":"2020-02-17T08:39:00","guid":{"rendered":"https:\/\/www.ondernemendvenlo.nl\/onderwijsontwikkeling-in-het-bedrijfsleven-een-geslaagd-project\/"},"modified":"2020-02-17T09:39:00","modified_gmt":"2020-02-17T08:39:00","slug":"onderwijsontwikkeling-in-het-bedrijfsleven-een-geslaagd-project","status":"publish","type":"post","link":"https:\/\/www.ondernemendvenlo.nl\/fr\/onderwijsontwikkeling-in-het-bedrijfsleven-een-geslaagd-project\/","title":{"rendered":"Onderwijsontwikkeling in het bedrijfsleven een geslaagd project"},"content":{"rendered":"<p><strong>VENLO &#8211; Negen mbo\u2019ers van Gilde Opleidingen Venlo presenteerden de uitwerking van hun leeropdracht die ze bij Inther Group in vier maanden tijd hebben gerealiseerd. Dit is het gevolg van een unieke samenwerking tussen Inther en CIV, het Centrum voor Innovatief Vakmanschap Maak- en Smartindustrie. Het doel van deze samenwerking is: gerichter geschoolde medewerkers met meer kennis van de laatste technologie\u00ebn, passend bij de vraag vanuit het bedrijfsleven.<\/strong><\/p>\n<p>\u201cWe hebben het allemaal als zeer geslaagd ervaren\u201d, concluderen zowel Koen Gruntjens (Senior R&amp;D Engineer bij Inther Group), Paul van de Laar (docent Gilde Opleidingen) als de vierdejaars mbo-studenten Lon Meeuwissen en Fabian Laemers. Lon vertelt enthousiast hoe fijn het is om aan iets te werken dat tot nut kan zijn voor de onderneming. \u201cWe hebben nu te maken met een echt bedrijf en je doet het werk niet voor niets. Daarbij zit je in een professionele setting, anders dan op school.\u201d<\/p>\n<p><strong>Zelfstandig<br \/>\n<\/strong>Fabian vindt het prettig om in het bedrijf ervaring op te doen. \u201cHet is een keer wat anders. De afwisseling is erg fijn.\u201d Docent Paul begeleidt de studenten van begin tot eind. \u201cJe ziet dat ze nu leren dat je in een organisatie in een team werkt en dat niet alles meteen voorhanden is. Het zelfstandig zaken plannen en oppakken is erg leerzaam. Dit is geen \u2018verzonnen\u2019 klant, zoals op school het geval is, waarbij je fictief iets fabriceert. Hier worden eisen gesteld aan het concept en de uitwerking.\u201d<\/p>\n<p><strong>Enthousiast<br \/>\n<\/strong>Als engineer bij de system integrator in Venray schoof Koen regelmatig aan als er vragen waren. \u201cMaar door het enthousiasme van deze jongens merkte ik dat ik vaker even bij ze ging kijken om te zien hoe het verliep en of ik nog meer voor ze kon betekenen. Ik was voor beide projecten de aanjager van de samenwerking. Ik wilde namelijk een \u2018out of the box\u2019-oplossing voor een product dat bij Inther gewoon draait maar waarbij we willen kijken naar andere mogelijkheden die effici\u00ebntie en snelheid bevorderen.\u201d<\/p>\n<p><strong>A-Frame<br \/>\n<\/strong>Het bewuste project was het A-Frame van Inther Group. Deze volautomatische oplossing voor het snel verwerken van complexe bestellingen is een \u2018proven technology\u2019 en wordt door verschillende warehouses naar volle tevredenheid gebruikt. Een onderdeel van het A-Frame is de \u2018ejector\u2019 die drie producten per seconde op de band schiet. \u201cDoor reductie van het vermogen en het gebruik van minder onderdelen kunnen we een nog effici\u00ebnter product realiseren\u201d, licht Koen toe. \u201cDe opdracht voor de studenten was om hiervoor een oplossing te bedenken.<\/p>\n<p><strong>Eyecatcher<br \/>\n<\/strong>Naast de ejector-aanpassing gaf Inther de opdracht om een presentatiemodel van het A-Frame te maken dat interactief gebruikt kan worden. Handzaam en leerzaam. \u201cDeze vraag kwam vanuit onze HR-afdeling\u201d, vertelt Koen. \u201cHet moest een demo-opstelling worden die ingezet kan worden bij het geven van voorlichting op scholen maar ook op beurzen. Zo kunnen we laten zien wat er gemaakt wordt en samen met een spelelement is het een interactieve eyecatcher geworden.\u201d<\/p>\n<p><strong>Win-win<br \/>\n<\/strong>\u201cIn deze opdrachten zit ontwikkeltijd. In het bedrijfsleven blijven deze \u2018klussen\u2019 vaak liggen\u201d, aldus Koen. \u201cDoordat het bedrijfsleven en het onderwijs op dit punt zijn gaan samenwerken kon het effici\u00ebnter, deelden we voorzieningen en kennis. Optimaal om \u2018out of the box\u2019 te denken. Studenten komen veelal met slimme oplossingen. En voor de studenten is het bedrijfsleven net weer anders dan op school. Dus een win-winsituatie!\u201c<\/p>\n<p><strong>Een kwalitatief beter product<br \/>\n<\/strong>Negen mbo\u2019ers zijn in groepjes aan de slag gegaan en bedachten een concept. Uiteraard moesten ze voldoen aan enkele eisen, wensen, regels en een bepaald budget. \u201cJe probeert het te realiseren met de juiste maten en kleuren. En vaak loop je tegen iets aan wat niet lukt. Maar met trial and error kun je ook laten zien wat n\u00edet mogelijk is. Ook daar leer je van\u201d, lacht Lon. \u201cOp school doorloop je slechts \u00e9\u00e9n keer het traject maar bij Inther kun je vaker ontwerpen, produceren en testen\u201d, voegt Fabian eraan toe. \u201cHier krijg je ook de juiste feedback waardoor je een kwalitatief beter en werkend product aflevert. Dat is ook de kracht: je weet dat de klant iets verwacht dat hij kan gebruiken en toepassen. Daar werk je graag aan mee!\u201d<\/p>\n<p><strong>Geslaagd project<br \/>\n<\/strong>\u201cVier maanden lang werkten ze iedere woensdag een volle werkdag bij Inther aan hun project\u201d, vertelt docent Paul trots. \u201cDaarnaast zijn ze op school in de vrije uren actief geweest om de zaken nog meer te verfijnen. Zo komen we samen tot betere studenten (met de juiste kennis) die kunnen meegroeien in de organisatie.\u201d En de studenten zelf? \u201cWe hebben veel geleerd en hebben mogen proeven hoe het in het bedrijfsleven eraan toe gaat. Op school ben je vooral individueel aan de slag, hier werk je in een team aan \u00e9\u00e9n product\u201d, aldus Lon. Koen merkt op dat het niet realistisch is dat je een compleet engineeringsproces in vier maanden tijd met slechts een werkdag in de week kunt klaarstomen. \u201cMaar het levert absoluut creatieve idee\u00ebn, enthousiaste studenten, een enthousiast bedrijf en wellicht toekomstige medewerkers op. Dit is voor ons allemaal een zeer geslaagd project dat smaakt naar meer!\u201d<\/p>","protected":false},"excerpt":{"rendered":"<p>VENLO &#8211; Negen mbo\u2019ers van Gilde Opleidingen Venlo presenteerden de uitwerking van hun leeropdracht die ze bij Inther Group in vier maanden tijd hebben gerealiseerd. Dit is het gevolg van een unieke samenwerking tussen Inther en CIV, het Centrum voor Innovatief Vakmanschap Maak- en Smartindustrie. Het doel van deze samenwerking is: gerichter geschoolde medewerkers met [&hellip;]<\/p>","protected":false},"author":1,"featured_media":1954,"comment_status":"closed","ping_status":"open","sticky":false,"template":"","format":"standard","meta":{"_acf_changed":false,"footnotes":""},"categories":[8],"tags":[],"class_list":["post-1953","post","type-post","status-publish","format-standard","has-post-thumbnail","hentry","category-nieuws"],"acf":[],"yoast_head":"<!-- This site is optimized with the Yoast SEO plugin v26.3 - https:\/\/yoast.com\/wordpress\/plugins\/seo\/ -->\n<title>Onderwijsontwikkeling in het bedrijfsleven een geslaagd project - Ondernemend Venlo<\/title>\n<meta name=\"robots\" content=\"index, follow, max-snippet:-1, max-image-preview:large, max-video-preview:-1\" \/>\n<link rel=\"canonical\" href=\"https:\/\/www.ondernemendvenlo.nl\/fr\/onderwijsontwikkeling-in-het-bedrijfsleven-een-geslaagd-project\/\" \/>\n<meta property=\"og:locale\" content=\"fr_FR\" \/>\n<meta property=\"og:type\" content=\"article\" \/>\n<meta property=\"og:title\" content=\"Onderwijsontwikkeling in het bedrijfsleven een geslaagd project - Ondernemend Venlo\" \/>\n<meta property=\"og:description\" content=\"VENLO &#8211; Negen mbo\u2019ers van Gilde Opleidingen Venlo presenteerden de uitwerking van hun leeropdracht die ze bij Inther Group in vier maanden tijd hebben gerealiseerd. Dit is het gevolg van een unieke samenwerking tussen Inther en CIV, het Centrum voor Innovatief Vakmanschap Maak- en Smartindustrie. Het doel van deze samenwerking is: gerichter geschoolde medewerkers met [&hellip;]\" \/>\n<meta property=\"og:url\" content=\"https:\/\/www.ondernemendvenlo.nl\/fr\/onderwijsontwikkeling-in-het-bedrijfsleven-een-geslaagd-project\/\" \/>\n<meta property=\"og:site_name\" content=\"Ondernemend Venlo\" \/>\n<meta property=\"article:published_time\" content=\"2020-02-17T08:39:00+00:00\" \/>\n<meta property=\"og:image\" content=\"https:\/\/www.ondernemendvenlo.nl\/wp-content\/uploads\/2025\/04\/2020-02-17_5e4a6114ea057_CIV_CIV_Inther_W1C7651_1-scaled-1.jpg\" \/>\n\t<meta property=\"og:image:width\" content=\"2560\" \/>\n\t<meta property=\"og:image:height\" content=\"1440\" \/>\n\t<meta property=\"og:image:type\" content=\"image\/jpeg\" \/>\n<meta name=\"author\" content=\"admin\" \/>\n<meta name=\"twitter:card\" content=\"summary_large_image\" \/>\n<meta name=\"twitter:label1\" content=\"\u00c9crit par\" \/>\n\t<meta name=\"twitter:data1\" content=\"admin\" \/>\n\t<meta name=\"twitter:label2\" content=\"Dur\u00e9e de lecture estim\u00e9e\" \/>\n\t<meta name=\"twitter:data2\" content=\"4 minutes\" \/>\n<script type=\"application\/ld+json\" class=\"yoast-schema-graph\">{\"@context\":\"https:\/\/schema.org\",\"@graph\":[{\"@type\":\"Article\",\"@id\":\"https:\/\/www.ondernemendvenlo.nl\/onderwijsontwikkeling-in-het-bedrijfsleven-een-geslaagd-project\/#article\",\"isPartOf\":{\"@id\":\"https:\/\/www.ondernemendvenlo.nl\/onderwijsontwikkeling-in-het-bedrijfsleven-een-geslaagd-project\/\"},\"author\":{\"name\":\"admin\",\"@id\":\"https:\/\/www.ondernemendvenlo.nl\/#\/schema\/person\/347e935f8ad4c7030608ef74bb57aa6e\"},\"headline\":\"Onderwijsontwikkeling in het bedrijfsleven een geslaagd project\",\"datePublished\":\"2020-02-17T08:39:00+00:00\",\"mainEntityOfPage\":{\"@id\":\"https:\/\/www.ondernemendvenlo.nl\/onderwijsontwikkeling-in-het-bedrijfsleven-een-geslaagd-project\/\"},\"wordCount\":852,\"publisher\":{\"@id\":\"https:\/\/www.ondernemendvenlo.nl\/#organization\"},\"image\":{\"@id\":\"https:\/\/www.ondernemendvenlo.nl\/onderwijsontwikkeling-in-het-bedrijfsleven-een-geslaagd-project\/#primaryimage\"},\"thumbnailUrl\":\"https:\/\/www.ondernemendvenlo.nl\/wp-content\/uploads\/2025\/04\/2020-02-17_5e4a6114ea057_CIV_CIV_Inther_W1C7651_1-scaled-1.jpg\",\"articleSection\":[\"Nieuws\"],\"inLanguage\":\"fr-FR\"},{\"@type\":\"WebPage\",\"@id\":\"https:\/\/www.ondernemendvenlo.nl\/onderwijsontwikkeling-in-het-bedrijfsleven-een-geslaagd-project\/\",\"url\":\"https:\/\/www.ondernemendvenlo.nl\/onderwijsontwikkeling-in-het-bedrijfsleven-een-geslaagd-project\/\",\"name\":\"Onderwijsontwikkeling in het bedrijfsleven een geslaagd project - Ondernemend Venlo\",\"isPartOf\":{\"@id\":\"https:\/\/www.ondernemendvenlo.nl\/#website\"},\"primaryImageOfPage\":{\"@id\":\"https:\/\/www.ondernemendvenlo.nl\/onderwijsontwikkeling-in-het-bedrijfsleven-een-geslaagd-project\/#primaryimage\"},\"image\":{\"@id\":\"https:\/\/www.ondernemendvenlo.nl\/onderwijsontwikkeling-in-het-bedrijfsleven-een-geslaagd-project\/#primaryimage\"},\"thumbnailUrl\":\"https:\/\/www.ondernemendvenlo.nl\/wp-content\/uploads\/2025\/04\/2020-02-17_5e4a6114ea057_CIV_CIV_Inther_W1C7651_1-scaled-1.jpg\",\"datePublished\":\"2020-02-17T08:39:00+00:00\",\"breadcrumb\":{\"@id\":\"https:\/\/www.ondernemendvenlo.nl\/onderwijsontwikkeling-in-het-bedrijfsleven-een-geslaagd-project\/#breadcrumb\"},\"inLanguage\":\"fr-FR\",\"potentialAction\":[{\"@type\":\"ReadAction\",\"target\":[\"https:\/\/www.ondernemendvenlo.nl\/onderwijsontwikkeling-in-het-bedrijfsleven-een-geslaagd-project\/\"]}]},{\"@type\":\"ImageObject\",\"inLanguage\":\"fr-FR\",\"@id\":\"https:\/\/www.ondernemendvenlo.nl\/onderwijsontwikkeling-in-het-bedrijfsleven-een-geslaagd-project\/#primaryimage\",\"url\":\"https:\/\/www.ondernemendvenlo.nl\/wp-content\/uploads\/2025\/04\/2020-02-17_5e4a6114ea057_CIV_CIV_Inther_W1C7651_1-scaled-1.jpg\",\"contentUrl\":\"https:\/\/www.ondernemendvenlo.nl\/wp-content\/uploads\/2025\/04\/2020-02-17_5e4a6114ea057_CIV_CIV_Inther_W1C7651_1-scaled-1.jpg\",\"width\":2560,\"height\":1440},{\"@type\":\"BreadcrumbList\",\"@id\":\"https:\/\/www.ondernemendvenlo.nl\/onderwijsontwikkeling-in-het-bedrijfsleven-een-geslaagd-project\/#breadcrumb\",\"itemListElement\":[{\"@type\":\"ListItem\",\"position\":1,\"name\":\"Ondernemend Venlo\",\"item\":\"https:\/\/www.ondernemendvenlo.nl\/\"},{\"@type\":\"ListItem\",\"position\":2,\"name\":\"Nieuws\",\"item\":\"https:\/\/www.ondernemendvenlo.nl\/categorie\/nieuws\/\"},{\"@type\":\"ListItem\",\"position\":3,\"name\":\"Onderwijsontwikkeling in het bedrijfsleven een geslaagd project\"}]},{\"@type\":\"WebSite\",\"@id\":\"https:\/\/www.ondernemendvenlo.nl\/#website\",\"url\":\"https:\/\/www.ondernemendvenlo.nl\/\",\"name\":\"Ondernemend Venlo\",\"description\":\"Samen succesvol ondernemen\",\"publisher\":{\"@id\":\"https:\/\/www.ondernemendvenlo.nl\/#organization\"},\"potentialAction\":[{\"@type\":\"SearchAction\",\"target\":{\"@type\":\"EntryPoint\",\"urlTemplate\":\"https:\/\/www.ondernemendvenlo.nl\/?s={search_term_string}\"},\"query-input\":{\"@type\":\"PropertyValueSpecification\",\"valueRequired\":true,\"valueName\":\"search_term_string\"}}],\"inLanguage\":\"fr-FR\"},{\"@type\":\"Organization\",\"@id\":\"https:\/\/www.ondernemendvenlo.nl\/#organization\",\"name\":\"Ondernemend Venlo\",\"url\":\"https:\/\/www.ondernemendvenlo.nl\/\",\"logo\":{\"@type\":\"ImageObject\",\"inLanguage\":\"fr-FR\",\"@id\":\"https:\/\/www.ondernemendvenlo.nl\/#\/schema\/logo\/image\/\",\"url\":\"https:\/\/www.ondernemendvenlo.nl\/wp-content\/uploads\/2025\/02\/Ondernemend-Venlo-logo-scaled.webp\",\"contentUrl\":\"https:\/\/www.ondernemendvenlo.nl\/wp-content\/uploads\/2025\/02\/Ondernemend-Venlo-logo-scaled.webp\",\"width\":2560,\"height\":1010,\"caption\":\"Ondernemend Venlo\"},\"image\":{\"@id\":\"https:\/\/www.ondernemendvenlo.nl\/#\/schema\/logo\/image\/\"},\"sameAs\":[\"https:\/\/www.linkedin.com\/company\/ondernemend-venlo\/\"]},{\"@type\":\"Person\",\"@id\":\"https:\/\/www.ondernemendvenlo.nl\/#\/schema\/person\/347e935f8ad4c7030608ef74bb57aa6e\",\"name\":\"admin\",\"image\":{\"@type\":\"ImageObject\",\"inLanguage\":\"fr-FR\",\"@id\":\"https:\/\/www.ondernemendvenlo.nl\/#\/schema\/person\/image\/\",\"url\":\"https:\/\/www.ondernemendvenlo.nl\/wp-content\/litespeed\/avatar\/720af750b037aecf6e33e12833479059.jpg?ver=1777382954\",\"contentUrl\":\"https:\/\/www.ondernemendvenlo.nl\/wp-content\/litespeed\/avatar\/720af750b037aecf6e33e12833479059.jpg?ver=1777382954\",\"caption\":\"admin\"},\"sameAs\":[\"https:\/\/www.ondernemendvenlo.nl\"]}]}<\/script>\n<!-- \/ Yoast SEO plugin. -->","yoast_head_json":{"title":"Onderwijsontwikkeling in het bedrijfsleven een geslaagd project - Ondernemend Venlo","robots":{"index":"index","follow":"follow","max-snippet":"max-snippet:-1","max-image-preview":"max-image-preview:large","max-video-preview":"max-video-preview:-1"},"canonical":"https:\/\/www.ondernemendvenlo.nl\/fr\/onderwijsontwikkeling-in-het-bedrijfsleven-een-geslaagd-project\/","og_locale":"fr_FR","og_type":"article","og_title":"Onderwijsontwikkeling in het bedrijfsleven een geslaagd project - Ondernemend Venlo","og_description":"VENLO &#8211; Negen mbo\u2019ers van Gilde Opleidingen Venlo presenteerden de uitwerking van hun leeropdracht die ze bij Inther Group in vier maanden tijd hebben gerealiseerd. Dit is het gevolg van een unieke samenwerking tussen Inther en CIV, het Centrum voor Innovatief Vakmanschap Maak- en Smartindustrie. Het doel van deze samenwerking is: gerichter geschoolde medewerkers met [&hellip;]","og_url":"https:\/\/www.ondernemendvenlo.nl\/fr\/onderwijsontwikkeling-in-het-bedrijfsleven-een-geslaagd-project\/","og_site_name":"Ondernemend Venlo","article_published_time":"2020-02-17T08:39:00+00:00","og_image":[{"width":2560,"height":1440,"url":"https:\/\/www.ondernemendvenlo.nl\/wp-content\/uploads\/2025\/04\/2020-02-17_5e4a6114ea057_CIV_CIV_Inther_W1C7651_1-scaled-1.jpg","type":"image\/jpeg"}],"author":"admin","twitter_card":"summary_large_image","twitter_misc":{"\u00c9crit par":"admin","Dur\u00e9e de lecture estim\u00e9e":"4 minutes"},"schema":{"@context":"https:\/\/schema.org","@graph":[{"@type":"Article","@id":"https:\/\/www.ondernemendvenlo.nl\/onderwijsontwikkeling-in-het-bedrijfsleven-een-geslaagd-project\/#article","isPartOf":{"@id":"https:\/\/www.ondernemendvenlo.nl\/onderwijsontwikkeling-in-het-bedrijfsleven-een-geslaagd-project\/"},"author":{"name":"admin","@id":"https:\/\/www.ondernemendvenlo.nl\/#\/schema\/person\/347e935f8ad4c7030608ef74bb57aa6e"},"headline":"Onderwijsontwikkeling in het bedrijfsleven een geslaagd project","datePublished":"2020-02-17T08:39:00+00:00","mainEntityOfPage":{"@id":"https:\/\/www.ondernemendvenlo.nl\/onderwijsontwikkeling-in-het-bedrijfsleven-een-geslaagd-project\/"},"wordCount":852,"publisher":{"@id":"https:\/\/www.ondernemendvenlo.nl\/#organization"},"image":{"@id":"https:\/\/www.ondernemendvenlo.nl\/onderwijsontwikkeling-in-het-bedrijfsleven-een-geslaagd-project\/#primaryimage"},"thumbnailUrl":"https:\/\/www.ondernemendvenlo.nl\/wp-content\/uploads\/2025\/04\/2020-02-17_5e4a6114ea057_CIV_CIV_Inther_W1C7651_1-scaled-1.jpg","articleSection":["Nieuws"],"inLanguage":"fr-FR"},{"@type":"WebPage","@id":"https:\/\/www.ondernemendvenlo.nl\/onderwijsontwikkeling-in-het-bedrijfsleven-een-geslaagd-project\/","url":"https:\/\/www.ondernemendvenlo.nl\/onderwijsontwikkeling-in-het-bedrijfsleven-een-geslaagd-project\/","name":"Onderwijsontwikkeling in het bedrijfsleven een geslaagd project - Ondernemend Venlo","isPartOf":{"@id":"https:\/\/www.ondernemendvenlo.nl\/#website"},"primaryImageOfPage":{"@id":"https:\/\/www.ondernemendvenlo.nl\/onderwijsontwikkeling-in-het-bedrijfsleven-een-geslaagd-project\/#primaryimage"},"image":{"@id":"https:\/\/www.ondernemendvenlo.nl\/onderwijsontwikkeling-in-het-bedrijfsleven-een-geslaagd-project\/#primaryimage"},"thumbnailUrl":"https:\/\/www.ondernemendvenlo.nl\/wp-content\/uploads\/2025\/04\/2020-02-17_5e4a6114ea057_CIV_CIV_Inther_W1C7651_1-scaled-1.jpg","datePublished":"2020-02-17T08:39:00+00:00","breadcrumb":{"@id":"https:\/\/www.ondernemendvenlo.nl\/onderwijsontwikkeling-in-het-bedrijfsleven-een-geslaagd-project\/#breadcrumb"},"inLanguage":"fr-FR","potentialAction":[{"@type":"ReadAction","target":["https:\/\/www.ondernemendvenlo.nl\/onderwijsontwikkeling-in-het-bedrijfsleven-een-geslaagd-project\/"]}]},{"@type":"ImageObject","inLanguage":"fr-FR","@id":"https:\/\/www.ondernemendvenlo.nl\/onderwijsontwikkeling-in-het-bedrijfsleven-een-geslaagd-project\/#primaryimage","url":"https:\/\/www.ondernemendvenlo.nl\/wp-content\/uploads\/2025\/04\/2020-02-17_5e4a6114ea057_CIV_CIV_Inther_W1C7651_1-scaled-1.jpg","contentUrl":"https:\/\/www.ondernemendvenlo.nl\/wp-content\/uploads\/2025\/04\/2020-02-17_5e4a6114ea057_CIV_CIV_Inther_W1C7651_1-scaled-1.jpg","width":2560,"height":1440},{"@type":"BreadcrumbList","@id":"https:\/\/www.ondernemendvenlo.nl\/onderwijsontwikkeling-in-het-bedrijfsleven-een-geslaagd-project\/#breadcrumb","itemListElement":[{"@type":"ListItem","position":1,"name":"Ondernemend Venlo","item":"https:\/\/www.ondernemendvenlo.nl\/"},{"@type":"ListItem","position":2,"name":"Nieuws","item":"https:\/\/www.ondernemendvenlo.nl\/categorie\/nieuws\/"},{"@type":"ListItem","position":3,"name":"Onderwijsontwikkeling in het bedrijfsleven een geslaagd project"}]},{"@type":"WebSite","@id":"https:\/\/www.ondernemendvenlo.nl\/#website","url":"https:\/\/www.ondernemendvenlo.nl\/","name":"Venlo entrepreneurial","description":"Travailler ensemble avec succ\u00e8s","publisher":{"@id":"https:\/\/www.ondernemendvenlo.nl\/#organization"},"potentialAction":[{"@type":"SearchAction","target":{"@type":"EntryPoint","urlTemplate":"https:\/\/www.ondernemendvenlo.nl\/?s={search_term_string}"},"query-input":{"@type":"PropertyValueSpecification","valueRequired":true,"valueName":"search_term_string"}}],"inLanguage":"fr-FR"},{"@type":"Organization","@id":"https:\/\/www.ondernemendvenlo.nl\/#organization","name":"Venlo entrepreneurial","url":"https:\/\/www.ondernemendvenlo.nl\/","logo":{"@type":"ImageObject","inLanguage":"fr-FR","@id":"https:\/\/www.ondernemendvenlo.nl\/#\/schema\/logo\/image\/","url":"https:\/\/www.ondernemendvenlo.nl\/wp-content\/uploads\/2025\/02\/Ondernemend-Venlo-logo-scaled.webp","contentUrl":"https:\/\/www.ondernemendvenlo.nl\/wp-content\/uploads\/2025\/02\/Ondernemend-Venlo-logo-scaled.webp","width":2560,"height":1010,"caption":"Ondernemend Venlo"},"image":{"@id":"https:\/\/www.ondernemendvenlo.nl\/#\/schema\/logo\/image\/"},"sameAs":["https:\/\/www.linkedin.com\/company\/ondernemend-venlo\/"]},{"@type":"Person","@id":"https:\/\/www.ondernemendvenlo.nl\/#\/schema\/person\/347e935f8ad4c7030608ef74bb57aa6e","name":"admin","image":{"@type":"ImageObject","inLanguage":"fr-FR","@id":"https:\/\/www.ondernemendvenlo.nl\/#\/schema\/person\/image\/","url":"https:\/\/www.ondernemendvenlo.nl\/wp-content\/litespeed\/avatar\/720af750b037aecf6e33e12833479059.jpg?ver=1777382954","contentUrl":"https:\/\/www.ondernemendvenlo.nl\/wp-content\/litespeed\/avatar\/720af750b037aecf6e33e12833479059.jpg?ver=1777382954","caption":"admin"},"sameAs":["https:\/\/www.ondernemendvenlo.nl"]}]}},"_links":{"self":[{"href":"https:\/\/www.ondernemendvenlo.nl\/fr\/wp-json\/wp\/v2\/posts\/1953","targetHints":{"allow":["GET"]}}],"collection":[{"href":"https:\/\/www.ondernemendvenlo.nl\/fr\/wp-json\/wp\/v2\/posts"}],"about":[{"href":"https:\/\/www.ondernemendvenlo.nl\/fr\/wp-json\/wp\/v2\/types\/post"}],"author":[{"embeddable":true,"href":"https:\/\/www.ondernemendvenlo.nl\/fr\/wp-json\/wp\/v2\/users\/1"}],"replies":[{"embeddable":true,"href":"https:\/\/www.ondernemendvenlo.nl\/fr\/wp-json\/wp\/v2\/comments?post=1953"}],"version-history":[{"count":0,"href":"https:\/\/www.ondernemendvenlo.nl\/fr\/wp-json\/wp\/v2\/posts\/1953\/revisions"}],"wp:featuredmedia":[{"embeddable":true,"href":"https:\/\/www.ondernemendvenlo.nl\/fr\/wp-json\/wp\/v2\/media\/1954"}],"wp:attachment":[{"href":"https:\/\/www.ondernemendvenlo.nl\/fr\/wp-json\/wp\/v2\/media?parent=1953"}],"wp:term":[{"taxonomy":"category","embeddable":true,"href":"https:\/\/www.ondernemendvenlo.nl\/fr\/wp-json\/wp\/v2\/categories?post=1953"},{"taxonomy":"post_tag","embeddable":true,"href":"https:\/\/www.ondernemendvenlo.nl\/fr\/wp-json\/wp\/v2\/tags?post=1953"}],"curies":[{"name":"wp","href":"https:\/\/api.w.org\/{rel}","templated":true}]}}