{"id":1965,"date":"2020-03-06T07:46:53","date_gmt":"2020-03-06T06:46:53","guid":{"rendered":"https:\/\/www.ondernemendvenlo.nl\/coronavirus-bedrijfsleven-alert-maar-geen-paniek\/"},"modified":"2020-03-06T07:46:53","modified_gmt":"2020-03-06T06:46:53","slug":"coronavirus-bedrijfsleven-alert-maar-geen-paniek","status":"publish","type":"post","link":"https:\/\/www.ondernemendvenlo.nl\/fr\/coronavirus-bedrijfsleven-alert-maar-geen-paniek\/","title":{"rendered":"Coronavirus: bedrijfsleven alert maar geen paniek"},"content":{"rendered":"<p><strong>LIMBURG &#8211; Uit een enqu\u00eate die de LWV (Limburgse Werkgeversvereniging) deze week onder haar leden heeft uitgezet blijkt dat veel ondernemers zich voorbereid hebben om hun bedrijf\/medewerkers te beschermen tegen het Coronavirus. Maar liefst 68% van de respondenten \u00a0heeft maatregelen genomen, vari\u00ebrend van extra zeepdispensers (41%) tot beleid bij begroeting (34%) en het annuleren van buitenlandse trips (34%). 26% heeft medewerkers de mogelijkheid geboden om thuis te werken.<\/strong><\/p>\n<p>Uit de enqu\u00eate \u2013 ingevuld door 216 ondernemers \u2013 blijkt dat ondernemers waakzaam zijn maar dat er vooralsnog geen reden is tot paniek. 25% van de respondenten geeft aan problemen te ondervinden ten gevolge van het coronavirus hetzij in bedrijfsvoering, hetzij in gevaar voor productie. Onvoldoende beschikbaar personeel en onvoldoende aanvoer in productiemiddelen zijn de meest genoemde problemen die zij ondervinden.<\/p>\n<p><strong>Geen reden tot paniek<\/strong><br \/>\nHet cancellen van buitenlandse trips wordt door een aantal ondernemers genoemd waardoor omzetverlies kan ontstaan. 20% denkt beroep te moeten maken op force majeur vanwege het niet kunnen nakomen van verplichtingen en 10% verwacht gebruik te gaan maken van de werktijdverkortingsregeling. Een aantal ondernemers geeft aan dat het nu nog te vroeg is om een goede conclusie te trekken.<\/p>\n<p>Huub Narinx, algemeen directeur LWV: \u201cGeen reden tot paniek maar laten we wel alert zijn! Wij willen ondernemers zo goed mogelijk van dienst zijn door het verstrekken van informatie waar men terecht kan.\u201d<\/p>","protected":false},"excerpt":{"rendered":"<p>LIMBURG &#8211; Uit een enqu\u00eate die de LWV (Limburgse Werkgeversvereniging) deze week onder haar leden heeft uitgezet blijkt dat veel ondernemers zich voorbereid hebben om hun bedrijf\/medewerkers te beschermen tegen het Coronavirus. Maar liefst 68% van de respondenten \u00a0heeft maatregelen genomen, vari\u00ebrend van extra zeepdispensers (41%) tot beleid bij begroeting (34%) en het annuleren van [&hellip;]<\/p>","protected":false},"author":1,"featured_media":1966,"comment_status":"closed","ping_status":"open","sticky":false,"template":"","format":"standard","meta":{"_acf_changed":false,"footnotes":""},"categories":[8],"tags":[],"class_list":["post-1965","post","type-post","status-publish","format-standard","has-post-thumbnail","hentry","category-nieuws"],"acf":[],"yoast_head":"<!-- This site is optimized with the Yoast SEO plugin v26.3 - https:\/\/yoast.com\/wordpress\/plugins\/seo\/ -->\n<title>Coronavirus: bedrijfsleven alert maar geen paniek - Ondernemend Venlo<\/title>\n<meta name=\"robots\" content=\"index, follow, max-snippet:-1, max-image-preview:large, max-video-preview:-1\" \/>\n<link rel=\"canonical\" href=\"https:\/\/www.ondernemendvenlo.nl\/fr\/coronavirus-bedrijfsleven-alert-maar-geen-paniek\/\" \/>\n<meta property=\"og:locale\" content=\"fr_FR\" \/>\n<meta property=\"og:type\" content=\"article\" \/>\n<meta property=\"og:title\" content=\"Coronavirus: bedrijfsleven alert maar geen paniek - Ondernemend Venlo\" \/>\n<meta property=\"og:description\" content=\"LIMBURG &#8211; Uit een enqu\u00eate die de LWV (Limburgse Werkgeversvereniging) deze week onder haar leden heeft uitgezet blijkt dat veel ondernemers zich voorbereid hebben om hun bedrijf\/medewerkers te beschermen tegen het Coronavirus. Maar liefst 68% van de respondenten \u00a0heeft maatregelen genomen, vari\u00ebrend van extra zeepdispensers (41%) tot beleid bij begroeting (34%) en het annuleren van [&hellip;]\" \/>\n<meta property=\"og:url\" content=\"https:\/\/www.ondernemendvenlo.nl\/fr\/coronavirus-bedrijfsleven-alert-maar-geen-paniek\/\" \/>\n<meta property=\"og:site_name\" content=\"Ondernemend Venlo\" \/>\n<meta property=\"article:published_time\" content=\"2020-03-06T06:46:53+00:00\" \/>\n<meta property=\"og:image\" content=\"https:\/\/www.ondernemendvenlo.nl\/wp-content\/uploads\/2025\/04\/virus99.jpg\" \/>\n\t<meta property=\"og:image:width\" content=\"1391\" \/>\n\t<meta property=\"og:image:height\" content=\"1038\" \/>\n\t<meta property=\"og:image:type\" content=\"image\/jpeg\" \/>\n<meta name=\"author\" content=\"admin\" \/>\n<meta name=\"twitter:card\" content=\"summary_large_image\" \/>\n<meta name=\"twitter:label1\" content=\"\u00c9crit par\" \/>\n\t<meta name=\"twitter:data1\" content=\"admin\" \/>\n\t<meta name=\"twitter:label2\" content=\"Dur\u00e9e de lecture estim\u00e9e\" \/>\n\t<meta name=\"twitter:data2\" content=\"1 minute\" \/>\n<script type=\"application\/ld+json\" class=\"yoast-schema-graph\">{\"@context\":\"https:\/\/schema.org\",\"@graph\":[{\"@type\":\"Article\",\"@id\":\"https:\/\/www.ondernemendvenlo.nl\/coronavirus-bedrijfsleven-alert-maar-geen-paniek\/#article\",\"isPartOf\":{\"@id\":\"https:\/\/www.ondernemendvenlo.nl\/coronavirus-bedrijfsleven-alert-maar-geen-paniek\/\"},\"author\":{\"name\":\"admin\",\"@id\":\"https:\/\/www.ondernemendvenlo.nl\/#\/schema\/person\/347e935f8ad4c7030608ef74bb57aa6e\"},\"headline\":\"Coronavirus: bedrijfsleven alert maar geen paniek\",\"datePublished\":\"2020-03-06T06:46:53+00:00\",\"mainEntityOfPage\":{\"@id\":\"https:\/\/www.ondernemendvenlo.nl\/coronavirus-bedrijfsleven-alert-maar-geen-paniek\/\"},\"wordCount\":223,\"publisher\":{\"@id\":\"https:\/\/www.ondernemendvenlo.nl\/#organization\"},\"image\":{\"@id\":\"https:\/\/www.ondernemendvenlo.nl\/coronavirus-bedrijfsleven-alert-maar-geen-paniek\/#primaryimage\"},\"thumbnailUrl\":\"https:\/\/www.ondernemendvenlo.nl\/wp-content\/uploads\/2025\/04\/virus99.jpg\",\"articleSection\":[\"Nieuws\"],\"inLanguage\":\"fr-FR\"},{\"@type\":\"WebPage\",\"@id\":\"https:\/\/www.ondernemendvenlo.nl\/coronavirus-bedrijfsleven-alert-maar-geen-paniek\/\",\"url\":\"https:\/\/www.ondernemendvenlo.nl\/coronavirus-bedrijfsleven-alert-maar-geen-paniek\/\",\"name\":\"Coronavirus: bedrijfsleven alert maar geen paniek - Ondernemend Venlo\",\"isPartOf\":{\"@id\":\"https:\/\/www.ondernemendvenlo.nl\/#website\"},\"primaryImageOfPage\":{\"@id\":\"https:\/\/www.ondernemendvenlo.nl\/coronavirus-bedrijfsleven-alert-maar-geen-paniek\/#primaryimage\"},\"image\":{\"@id\":\"https:\/\/www.ondernemendvenlo.nl\/coronavirus-bedrijfsleven-alert-maar-geen-paniek\/#primaryimage\"},\"thumbnailUrl\":\"https:\/\/www.ondernemendvenlo.nl\/wp-content\/uploads\/2025\/04\/virus99.jpg\",\"datePublished\":\"2020-03-06T06:46:53+00:00\",\"breadcrumb\":{\"@id\":\"https:\/\/www.ondernemendvenlo.nl\/coronavirus-bedrijfsleven-alert-maar-geen-paniek\/#breadcrumb\"},\"inLanguage\":\"fr-FR\",\"potentialAction\":[{\"@type\":\"ReadAction\",\"target\":[\"https:\/\/www.ondernemendvenlo.nl\/coronavirus-bedrijfsleven-alert-maar-geen-paniek\/\"]}]},{\"@type\":\"ImageObject\",\"inLanguage\":\"fr-FR\",\"@id\":\"https:\/\/www.ondernemendvenlo.nl\/coronavirus-bedrijfsleven-alert-maar-geen-paniek\/#primaryimage\",\"url\":\"https:\/\/www.ondernemendvenlo.nl\/wp-content\/uploads\/2025\/04\/virus99.jpg\",\"contentUrl\":\"https:\/\/www.ondernemendvenlo.nl\/wp-content\/uploads\/2025\/04\/virus99.jpg\",\"width\":1391,\"height\":1038},{\"@type\":\"BreadcrumbList\",\"@id\":\"https:\/\/www.ondernemendvenlo.nl\/coronavirus-bedrijfsleven-alert-maar-geen-paniek\/#breadcrumb\",\"itemListElement\":[{\"@type\":\"ListItem\",\"position\":1,\"name\":\"Ondernemend Venlo\",\"item\":\"https:\/\/www.ondernemendvenlo.nl\/\"},{\"@type\":\"ListItem\",\"position\":2,\"name\":\"Nieuws\",\"item\":\"https:\/\/www.ondernemendvenlo.nl\/categorie\/nieuws\/\"},{\"@type\":\"ListItem\",\"position\":3,\"name\":\"Coronavirus: bedrijfsleven alert maar geen paniek\"}]},{\"@type\":\"WebSite\",\"@id\":\"https:\/\/www.ondernemendvenlo.nl\/#website\",\"url\":\"https:\/\/www.ondernemendvenlo.nl\/\",\"name\":\"Ondernemend Venlo\",\"description\":\"Samen succesvol ondernemen\",\"publisher\":{\"@id\":\"https:\/\/www.ondernemendvenlo.nl\/#organization\"},\"potentialAction\":[{\"@type\":\"SearchAction\",\"target\":{\"@type\":\"EntryPoint\",\"urlTemplate\":\"https:\/\/www.ondernemendvenlo.nl\/?s={search_term_string}\"},\"query-input\":{\"@type\":\"PropertyValueSpecification\",\"valueRequired\":true,\"valueName\":\"search_term_string\"}}],\"inLanguage\":\"fr-FR\"},{\"@type\":\"Organization\",\"@id\":\"https:\/\/www.ondernemendvenlo.nl\/#organization\",\"name\":\"Ondernemend Venlo\",\"url\":\"https:\/\/www.ondernemendvenlo.nl\/\",\"logo\":{\"@type\":\"ImageObject\",\"inLanguage\":\"fr-FR\",\"@id\":\"https:\/\/www.ondernemendvenlo.nl\/#\/schema\/logo\/image\/\",\"url\":\"https:\/\/www.ondernemendvenlo.nl\/wp-content\/uploads\/2025\/02\/Ondernemend-Venlo-logo-scaled.webp\",\"contentUrl\":\"https:\/\/www.ondernemendvenlo.nl\/wp-content\/uploads\/2025\/02\/Ondernemend-Venlo-logo-scaled.webp\",\"width\":2560,\"height\":1010,\"caption\":\"Ondernemend Venlo\"},\"image\":{\"@id\":\"https:\/\/www.ondernemendvenlo.nl\/#\/schema\/logo\/image\/\"},\"sameAs\":[\"https:\/\/www.linkedin.com\/company\/ondernemend-venlo\/\"]},{\"@type\":\"Person\",\"@id\":\"https:\/\/www.ondernemendvenlo.nl\/#\/schema\/person\/347e935f8ad4c7030608ef74bb57aa6e\",\"name\":\"admin\",\"image\":{\"@type\":\"ImageObject\",\"inLanguage\":\"fr-FR\",\"@id\":\"https:\/\/www.ondernemendvenlo.nl\/#\/schema\/person\/image\/\",\"url\":\"https:\/\/www.ondernemendvenlo.nl\/wp-content\/litespeed\/avatar\/720af750b037aecf6e33e12833479059.jpg?ver=1777382954\",\"contentUrl\":\"https:\/\/www.ondernemendvenlo.nl\/wp-content\/litespeed\/avatar\/720af750b037aecf6e33e12833479059.jpg?ver=1777382954\",\"caption\":\"admin\"},\"sameAs\":[\"https:\/\/www.ondernemendvenlo.nl\"]}]}<\/script>\n<!-- \/ Yoast SEO plugin. -->","yoast_head_json":{"title":"Coronavirus: bedrijfsleven alert maar geen paniek - Ondernemend Venlo","robots":{"index":"index","follow":"follow","max-snippet":"max-snippet:-1","max-image-preview":"max-image-preview:large","max-video-preview":"max-video-preview:-1"},"canonical":"https:\/\/www.ondernemendvenlo.nl\/fr\/coronavirus-bedrijfsleven-alert-maar-geen-paniek\/","og_locale":"fr_FR","og_type":"article","og_title":"Coronavirus: bedrijfsleven alert maar geen paniek - Ondernemend Venlo","og_description":"LIMBURG &#8211; Uit een enqu\u00eate die de LWV (Limburgse Werkgeversvereniging) deze week onder haar leden heeft uitgezet blijkt dat veel ondernemers zich voorbereid hebben om hun bedrijf\/medewerkers te beschermen tegen het Coronavirus. Maar liefst 68% van de respondenten \u00a0heeft maatregelen genomen, vari\u00ebrend van extra zeepdispensers (41%) tot beleid bij begroeting (34%) en het annuleren van [&hellip;]","og_url":"https:\/\/www.ondernemendvenlo.nl\/fr\/coronavirus-bedrijfsleven-alert-maar-geen-paniek\/","og_site_name":"Ondernemend Venlo","article_published_time":"2020-03-06T06:46:53+00:00","og_image":[{"width":1391,"height":1038,"url":"https:\/\/www.ondernemendvenlo.nl\/wp-content\/uploads\/2025\/04\/virus99.jpg","type":"image\/jpeg"}],"author":"admin","twitter_card":"summary_large_image","twitter_misc":{"\u00c9crit par":"admin","Dur\u00e9e de lecture estim\u00e9e":"1 minute"},"schema":{"@context":"https:\/\/schema.org","@graph":[{"@type":"Article","@id":"https:\/\/www.ondernemendvenlo.nl\/coronavirus-bedrijfsleven-alert-maar-geen-paniek\/#article","isPartOf":{"@id":"https:\/\/www.ondernemendvenlo.nl\/coronavirus-bedrijfsleven-alert-maar-geen-paniek\/"},"author":{"name":"admin","@id":"https:\/\/www.ondernemendvenlo.nl\/#\/schema\/person\/347e935f8ad4c7030608ef74bb57aa6e"},"headline":"Coronavirus: bedrijfsleven alert maar geen paniek","datePublished":"2020-03-06T06:46:53+00:00","mainEntityOfPage":{"@id":"https:\/\/www.ondernemendvenlo.nl\/coronavirus-bedrijfsleven-alert-maar-geen-paniek\/"},"wordCount":223,"publisher":{"@id":"https:\/\/www.ondernemendvenlo.nl\/#organization"},"image":{"@id":"https:\/\/www.ondernemendvenlo.nl\/coronavirus-bedrijfsleven-alert-maar-geen-paniek\/#primaryimage"},"thumbnailUrl":"https:\/\/www.ondernemendvenlo.nl\/wp-content\/uploads\/2025\/04\/virus99.jpg","articleSection":["Nieuws"],"inLanguage":"fr-FR"},{"@type":"WebPage","@id":"https:\/\/www.ondernemendvenlo.nl\/coronavirus-bedrijfsleven-alert-maar-geen-paniek\/","url":"https:\/\/www.ondernemendvenlo.nl\/coronavirus-bedrijfsleven-alert-maar-geen-paniek\/","name":"Coronavirus: bedrijfsleven alert maar geen paniek - Ondernemend Venlo","isPartOf":{"@id":"https:\/\/www.ondernemendvenlo.nl\/#website"},"primaryImageOfPage":{"@id":"https:\/\/www.ondernemendvenlo.nl\/coronavirus-bedrijfsleven-alert-maar-geen-paniek\/#primaryimage"},"image":{"@id":"https:\/\/www.ondernemendvenlo.nl\/coronavirus-bedrijfsleven-alert-maar-geen-paniek\/#primaryimage"},"thumbnailUrl":"https:\/\/www.ondernemendvenlo.nl\/wp-content\/uploads\/2025\/04\/virus99.jpg","datePublished":"2020-03-06T06:46:53+00:00","breadcrumb":{"@id":"https:\/\/www.ondernemendvenlo.nl\/coronavirus-bedrijfsleven-alert-maar-geen-paniek\/#breadcrumb"},"inLanguage":"fr-FR","potentialAction":[{"@type":"ReadAction","target":["https:\/\/www.ondernemendvenlo.nl\/coronavirus-bedrijfsleven-alert-maar-geen-paniek\/"]}]},{"@type":"ImageObject","inLanguage":"fr-FR","@id":"https:\/\/www.ondernemendvenlo.nl\/coronavirus-bedrijfsleven-alert-maar-geen-paniek\/#primaryimage","url":"https:\/\/www.ondernemendvenlo.nl\/wp-content\/uploads\/2025\/04\/virus99.jpg","contentUrl":"https:\/\/www.ondernemendvenlo.nl\/wp-content\/uploads\/2025\/04\/virus99.jpg","width":1391,"height":1038},{"@type":"BreadcrumbList","@id":"https:\/\/www.ondernemendvenlo.nl\/coronavirus-bedrijfsleven-alert-maar-geen-paniek\/#breadcrumb","itemListElement":[{"@type":"ListItem","position":1,"name":"Ondernemend Venlo","item":"https:\/\/www.ondernemendvenlo.nl\/"},{"@type":"ListItem","position":2,"name":"Nieuws","item":"https:\/\/www.ondernemendvenlo.nl\/categorie\/nieuws\/"},{"@type":"ListItem","position":3,"name":"Coronavirus: bedrijfsleven alert maar geen paniek"}]},{"@type":"WebSite","@id":"https:\/\/www.ondernemendvenlo.nl\/#website","url":"https:\/\/www.ondernemendvenlo.nl\/","name":"Venlo entrepreneurial","description":"Travailler ensemble avec succ\u00e8s","publisher":{"@id":"https:\/\/www.ondernemendvenlo.nl\/#organization"},"potentialAction":[{"@type":"SearchAction","target":{"@type":"EntryPoint","urlTemplate":"https:\/\/www.ondernemendvenlo.nl\/?s={search_term_string}"},"query-input":{"@type":"PropertyValueSpecification","valueRequired":true,"valueName":"search_term_string"}}],"inLanguage":"fr-FR"},{"@type":"Organization","@id":"https:\/\/www.ondernemendvenlo.nl\/#organization","name":"Venlo entrepreneurial","url":"https:\/\/www.ondernemendvenlo.nl\/","logo":{"@type":"ImageObject","inLanguage":"fr-FR","@id":"https:\/\/www.ondernemendvenlo.nl\/#\/schema\/logo\/image\/","url":"https:\/\/www.ondernemendvenlo.nl\/wp-content\/uploads\/2025\/02\/Ondernemend-Venlo-logo-scaled.webp","contentUrl":"https:\/\/www.ondernemendvenlo.nl\/wp-content\/uploads\/2025\/02\/Ondernemend-Venlo-logo-scaled.webp","width":2560,"height":1010,"caption":"Ondernemend Venlo"},"image":{"@id":"https:\/\/www.ondernemendvenlo.nl\/#\/schema\/logo\/image\/"},"sameAs":["https:\/\/www.linkedin.com\/company\/ondernemend-venlo\/"]},{"@type":"Person","@id":"https:\/\/www.ondernemendvenlo.nl\/#\/schema\/person\/347e935f8ad4c7030608ef74bb57aa6e","name":"admin","image":{"@type":"ImageObject","inLanguage":"fr-FR","@id":"https:\/\/www.ondernemendvenlo.nl\/#\/schema\/person\/image\/","url":"https:\/\/www.ondernemendvenlo.nl\/wp-content\/litespeed\/avatar\/720af750b037aecf6e33e12833479059.jpg?ver=1777382954","contentUrl":"https:\/\/www.ondernemendvenlo.nl\/wp-content\/litespeed\/avatar\/720af750b037aecf6e33e12833479059.jpg?ver=1777382954","caption":"admin"},"sameAs":["https:\/\/www.ondernemendvenlo.nl"]}]}},"_links":{"self":[{"href":"https:\/\/www.ondernemendvenlo.nl\/fr\/wp-json\/wp\/v2\/posts\/1965","targetHints":{"allow":["GET"]}}],"collection":[{"href":"https:\/\/www.ondernemendvenlo.nl\/fr\/wp-json\/wp\/v2\/posts"}],"about":[{"href":"https:\/\/www.ondernemendvenlo.nl\/fr\/wp-json\/wp\/v2\/types\/post"}],"author":[{"embeddable":true,"href":"https:\/\/www.ondernemendvenlo.nl\/fr\/wp-json\/wp\/v2\/users\/1"}],"replies":[{"embeddable":true,"href":"https:\/\/www.ondernemendvenlo.nl\/fr\/wp-json\/wp\/v2\/comments?post=1965"}],"version-history":[{"count":0,"href":"https:\/\/www.ondernemendvenlo.nl\/fr\/wp-json\/wp\/v2\/posts\/1965\/revisions"}],"wp:featuredmedia":[{"embeddable":true,"href":"https:\/\/www.ondernemendvenlo.nl\/fr\/wp-json\/wp\/v2\/media\/1966"}],"wp:attachment":[{"href":"https:\/\/www.ondernemendvenlo.nl\/fr\/wp-json\/wp\/v2\/media?parent=1965"}],"wp:term":[{"taxonomy":"category","embeddable":true,"href":"https:\/\/www.ondernemendvenlo.nl\/fr\/wp-json\/wp\/v2\/categories?post=1965"},{"taxonomy":"post_tag","embeddable":true,"href":"https:\/\/www.ondernemendvenlo.nl\/fr\/wp-json\/wp\/v2\/tags?post=1965"}],"curies":[{"name":"wp","href":"https:\/\/api.w.org\/{rel}","templated":true}]}}