{"id":1987,"date":"2020-03-12T15:20:28","date_gmt":"2020-03-12T14:20:28","guid":{"rendered":"https:\/\/www.ondernemendvenlo.nl\/coronamaatregelen-ondernemers-krijgen-uitstel-voor-betalen-belasting\/"},"modified":"2020-03-12T15:20:28","modified_gmt":"2020-03-12T14:20:28","slug":"coronamaatregelen-ondernemers-krijgen-uitstel-voor-betalen-belasting","status":"publish","type":"post","link":"https:\/\/www.ondernemendvenlo.nl\/fr\/coronamaatregelen-ondernemers-krijgen-uitstel-voor-betalen-belasting\/","title":{"rendered":"Coronamaatregelen: ondernemers krijgen uitstel voor betalen belasting"},"content":{"rendered":"<p><strong>Het kabinet neemt extra maatregelen om de economie te stimuleren vanwege het coronavirus. Ondernemers mogen onder bepaalde voorwaarden het betalen van hun belastingen uitstellen, er komen gunstige leningen voor de midden- en kleinbedrijven (mkb) en de werktijdverkorting wordt uitgebreid.<\/strong><\/p>\n<p>Dat schrijft het kabinet donderdag in een brief aan de Tweede Kamer. Het crisisteam van het kabinet is momenteel bijeen om verdere maatregelen te bespreken.\u00a0&#8220;Als je een caf\u00e9houder bent in de binnenstad van Breda, dan heeft dit een grote impact&#8221;, zei minister van Financi\u00ebn Wopke Hoekstra voorafgaand aan het overleg.<\/p>\n<p>Het gaat om tijdelijke maatregelen voor ondernemers die kortstondig in de problemen komen vanwege het COVID-19-virus.\u00a0De bewindspersonen schrijven dat zij geen &#8220;vergaande overheidsmaatregelen&#8221; willen nemen die kunnen leiden tot &#8220;onnodige neveneffecten&#8221;. &#8220;We nemen het zeer serieus, maar we hebben ook de plicht het hoofd koel te houden&#8221;, aldus Hoekstra.\u00a0Volgens het kabinet kan de economie, met de huidige lage werkloosheid en de financi\u00eble buffers bij het bedrijfsleven en de overheid, tegen een stootje.\u00a0Over wat uiteindelijk de precieze impact van het coronavirus op de Nederlandse economie is, wil Hoekstra niet speculeren.<\/p>\n<p><strong>Uitbreiding van werktijdverkorting<\/strong><br \/>\nToch zijn extra maatregelen nodig, vinden de bewindslieden. Wouter Koolmees, minister van Sociale Zaken en Werkgelegenheid, onderzoekt de uitbreiding van de werktijdverkorting, een overheidsregeling voor werkgevers in tijden van crisis. Als er door bepaalde omstandigheden, in dit geval de uitbraak van het coronavirus, tijdelijk geen werk is, compenseert de overheid de verloren uren voor de werknemers.<\/p>\n<p>Er moet wel aan bepaalde voorwaarden worden voldaan: de situatie moet minimaal 2 en maximaal 24 weken voor werkuitval zorgen en er moet voor minimaal een vijfde van het personeel geen werk meer zijn.<\/p>\n<p>Er hebben zich tot en met woensdag al zeventienhonderd bedrijven gemeld om in aanmerking te komen voor werktijdverkorting. Het ministerie van Sociale Zaken zet extra mensen in om de regeling uit te breiden.<\/p>\n<p><strong>Uitstel van belasting betalen voor ondernemers<\/strong><br \/>\nOndernemers die in de financi\u00eble problemen komen vanwege het coronavirus, kunnen bij de Belastingdienst vragen om uitstel van betaling van de inkomstenbelasting, vennootschapsbelasting, omzetbelasting en loonbelasting. Het verzoek moet schriftelijk worden onderbouwd, bij toekenning zet de Belastingdienst vervolgens de invordering stop. De beoordeling vindt achteraf plaats.\u00a0Daarbij zal de fiscus de zogenoemde verzuimboetes voor het niet (op tijd) betalen van belastingen, schrappen of terugdraaien. Dat geldt bijvoorbeeld voor het te laat betalen van de btw. Wanneer ondernemers vanwege het virus een lagere winst verwachten, dan kunnen zij vragen om een lagere voorlopige aanslag zodat de belasting voor het komend jaar lager is. De overheid staat garant voor extra gunstige leningen voor bedrijven die in de problemen komen.<\/p>\n<p>Volgende week maandag en dinsdag komen de ministers van Financi\u00ebn van de eurolanden bijeen. Dan wordt de internationale economische impact van het coronavirus besproken.<\/p>","protected":false},"excerpt":{"rendered":"<p>Het kabinet neemt extra maatregelen om de economie te stimuleren vanwege het coronavirus. Ondernemers mogen onder bepaalde voorwaarden het betalen van hun belastingen uitstellen, er komen gunstige leningen voor de midden- en kleinbedrijven (mkb) en de werktijdverkorting wordt uitgebreid. Dat schrijft het kabinet donderdag in een brief aan de Tweede Kamer. Het crisisteam van het [&hellip;]<\/p>","protected":false},"author":1,"featured_media":1988,"comment_status":"closed","ping_status":"open","sticky":false,"template":"","format":"standard","meta":{"_acf_changed":false,"footnotes":""},"categories":[8],"tags":[],"class_list":["post-1987","post","type-post","status-publish","format-standard","has-post-thumbnail","hentry","category-nieuws"],"acf":[],"yoast_head":"<!-- This site is optimized with the Yoast SEO plugin v26.3 - https:\/\/yoast.com\/wordpress\/plugins\/seo\/ -->\n<title>Coronamaatregelen: ondernemers krijgen uitstel voor betalen belasting - Ondernemend Venlo<\/title>\n<meta name=\"robots\" content=\"index, follow, max-snippet:-1, max-image-preview:large, max-video-preview:-1\" \/>\n<link rel=\"canonical\" href=\"https:\/\/www.ondernemendvenlo.nl\/fr\/coronamaatregelen-ondernemers-krijgen-uitstel-voor-betalen-belasting\/\" \/>\n<meta property=\"og:locale\" content=\"fr_FR\" \/>\n<meta property=\"og:type\" content=\"article\" \/>\n<meta property=\"og:title\" content=\"Coronamaatregelen: ondernemers krijgen uitstel voor betalen belasting - Ondernemend Venlo\" \/>\n<meta property=\"og:description\" content=\"Het kabinet neemt extra maatregelen om de economie te stimuleren vanwege het coronavirus. Ondernemers mogen onder bepaalde voorwaarden het betalen van hun belastingen uitstellen, er komen gunstige leningen voor de midden- en kleinbedrijven (mkb) en de werktijdverkorting wordt uitgebreid. Dat schrijft het kabinet donderdag in een brief aan de Tweede Kamer. Het crisisteam van het [&hellip;]\" \/>\n<meta property=\"og:url\" content=\"https:\/\/www.ondernemendvenlo.nl\/fr\/coronamaatregelen-ondernemers-krijgen-uitstel-voor-betalen-belasting\/\" \/>\n<meta property=\"og:site_name\" content=\"Ondernemend Venlo\" \/>\n<meta property=\"article:published_time\" content=\"2020-03-12T14:20:28+00:00\" \/>\n<meta property=\"og:image\" content=\"https:\/\/www.ondernemendvenlo.nl\/wp-content\/uploads\/2025\/04\/accounting-analytics-balance-black-and-white-209224-scaled-1.jpg\" \/>\n\t<meta property=\"og:image:width\" content=\"2560\" \/>\n\t<meta property=\"og:image:height\" content=\"1707\" \/>\n\t<meta property=\"og:image:type\" content=\"image\/jpeg\" \/>\n<meta name=\"author\" content=\"admin\" \/>\n<meta name=\"twitter:card\" content=\"summary_large_image\" \/>\n<meta name=\"twitter:label1\" content=\"\u00c9crit par\" \/>\n\t<meta name=\"twitter:data1\" content=\"admin\" \/>\n\t<meta name=\"twitter:label2\" content=\"Dur\u00e9e de lecture estim\u00e9e\" \/>\n\t<meta name=\"twitter:data2\" content=\"2 minutes\" \/>\n<script type=\"application\/ld+json\" class=\"yoast-schema-graph\">{\"@context\":\"https:\/\/schema.org\",\"@graph\":[{\"@type\":\"Article\",\"@id\":\"https:\/\/www.ondernemendvenlo.nl\/coronamaatregelen-ondernemers-krijgen-uitstel-voor-betalen-belasting\/#article\",\"isPartOf\":{\"@id\":\"https:\/\/www.ondernemendvenlo.nl\/coronamaatregelen-ondernemers-krijgen-uitstel-voor-betalen-belasting\/\"},\"author\":{\"name\":\"admin\",\"@id\":\"https:\/\/www.ondernemendvenlo.nl\/#\/schema\/person\/347e935f8ad4c7030608ef74bb57aa6e\"},\"headline\":\"Coronamaatregelen: ondernemers krijgen uitstel voor betalen belasting\",\"datePublished\":\"2020-03-12T14:20:28+00:00\",\"mainEntityOfPage\":{\"@id\":\"https:\/\/www.ondernemendvenlo.nl\/coronamaatregelen-ondernemers-krijgen-uitstel-voor-betalen-belasting\/\"},\"wordCount\":466,\"publisher\":{\"@id\":\"https:\/\/www.ondernemendvenlo.nl\/#organization\"},\"image\":{\"@id\":\"https:\/\/www.ondernemendvenlo.nl\/coronamaatregelen-ondernemers-krijgen-uitstel-voor-betalen-belasting\/#primaryimage\"},\"thumbnailUrl\":\"https:\/\/www.ondernemendvenlo.nl\/wp-content\/uploads\/2025\/04\/accounting-analytics-balance-black-and-white-209224-scaled-1.jpg\",\"articleSection\":[\"Nieuws\"],\"inLanguage\":\"fr-FR\"},{\"@type\":\"WebPage\",\"@id\":\"https:\/\/www.ondernemendvenlo.nl\/coronamaatregelen-ondernemers-krijgen-uitstel-voor-betalen-belasting\/\",\"url\":\"https:\/\/www.ondernemendvenlo.nl\/coronamaatregelen-ondernemers-krijgen-uitstel-voor-betalen-belasting\/\",\"name\":\"Coronamaatregelen: ondernemers krijgen uitstel voor betalen belasting - Ondernemend Venlo\",\"isPartOf\":{\"@id\":\"https:\/\/www.ondernemendvenlo.nl\/#website\"},\"primaryImageOfPage\":{\"@id\":\"https:\/\/www.ondernemendvenlo.nl\/coronamaatregelen-ondernemers-krijgen-uitstel-voor-betalen-belasting\/#primaryimage\"},\"image\":{\"@id\":\"https:\/\/www.ondernemendvenlo.nl\/coronamaatregelen-ondernemers-krijgen-uitstel-voor-betalen-belasting\/#primaryimage\"},\"thumbnailUrl\":\"https:\/\/www.ondernemendvenlo.nl\/wp-content\/uploads\/2025\/04\/accounting-analytics-balance-black-and-white-209224-scaled-1.jpg\",\"datePublished\":\"2020-03-12T14:20:28+00:00\",\"breadcrumb\":{\"@id\":\"https:\/\/www.ondernemendvenlo.nl\/coronamaatregelen-ondernemers-krijgen-uitstel-voor-betalen-belasting\/#breadcrumb\"},\"inLanguage\":\"fr-FR\",\"potentialAction\":[{\"@type\":\"ReadAction\",\"target\":[\"https:\/\/www.ondernemendvenlo.nl\/coronamaatregelen-ondernemers-krijgen-uitstel-voor-betalen-belasting\/\"]}]},{\"@type\":\"ImageObject\",\"inLanguage\":\"fr-FR\",\"@id\":\"https:\/\/www.ondernemendvenlo.nl\/coronamaatregelen-ondernemers-krijgen-uitstel-voor-betalen-belasting\/#primaryimage\",\"url\":\"https:\/\/www.ondernemendvenlo.nl\/wp-content\/uploads\/2025\/04\/accounting-analytics-balance-black-and-white-209224-scaled-1.jpg\",\"contentUrl\":\"https:\/\/www.ondernemendvenlo.nl\/wp-content\/uploads\/2025\/04\/accounting-analytics-balance-black-and-white-209224-scaled-1.jpg\",\"width\":2560,\"height\":1707},{\"@type\":\"BreadcrumbList\",\"@id\":\"https:\/\/www.ondernemendvenlo.nl\/coronamaatregelen-ondernemers-krijgen-uitstel-voor-betalen-belasting\/#breadcrumb\",\"itemListElement\":[{\"@type\":\"ListItem\",\"position\":1,\"name\":\"Ondernemend Venlo\",\"item\":\"https:\/\/www.ondernemendvenlo.nl\/\"},{\"@type\":\"ListItem\",\"position\":2,\"name\":\"Nieuws\",\"item\":\"https:\/\/www.ondernemendvenlo.nl\/categorie\/nieuws\/\"},{\"@type\":\"ListItem\",\"position\":3,\"name\":\"Coronamaatregelen: ondernemers krijgen uitstel voor betalen belasting\"}]},{\"@type\":\"WebSite\",\"@id\":\"https:\/\/www.ondernemendvenlo.nl\/#website\",\"url\":\"https:\/\/www.ondernemendvenlo.nl\/\",\"name\":\"Ondernemend Venlo\",\"description\":\"Samen succesvol ondernemen\",\"publisher\":{\"@id\":\"https:\/\/www.ondernemendvenlo.nl\/#organization\"},\"potentialAction\":[{\"@type\":\"SearchAction\",\"target\":{\"@type\":\"EntryPoint\",\"urlTemplate\":\"https:\/\/www.ondernemendvenlo.nl\/?s={search_term_string}\"},\"query-input\":{\"@type\":\"PropertyValueSpecification\",\"valueRequired\":true,\"valueName\":\"search_term_string\"}}],\"inLanguage\":\"fr-FR\"},{\"@type\":\"Organization\",\"@id\":\"https:\/\/www.ondernemendvenlo.nl\/#organization\",\"name\":\"Ondernemend Venlo\",\"url\":\"https:\/\/www.ondernemendvenlo.nl\/\",\"logo\":{\"@type\":\"ImageObject\",\"inLanguage\":\"fr-FR\",\"@id\":\"https:\/\/www.ondernemendvenlo.nl\/#\/schema\/logo\/image\/\",\"url\":\"https:\/\/www.ondernemendvenlo.nl\/wp-content\/uploads\/2025\/02\/Ondernemend-Venlo-logo-scaled.webp\",\"contentUrl\":\"https:\/\/www.ondernemendvenlo.nl\/wp-content\/uploads\/2025\/02\/Ondernemend-Venlo-logo-scaled.webp\",\"width\":2560,\"height\":1010,\"caption\":\"Ondernemend Venlo\"},\"image\":{\"@id\":\"https:\/\/www.ondernemendvenlo.nl\/#\/schema\/logo\/image\/\"},\"sameAs\":[\"https:\/\/www.linkedin.com\/company\/ondernemend-venlo\/\"]},{\"@type\":\"Person\",\"@id\":\"https:\/\/www.ondernemendvenlo.nl\/#\/schema\/person\/347e935f8ad4c7030608ef74bb57aa6e\",\"name\":\"admin\",\"image\":{\"@type\":\"ImageObject\",\"inLanguage\":\"fr-FR\",\"@id\":\"https:\/\/www.ondernemendvenlo.nl\/#\/schema\/person\/image\/\",\"url\":\"https:\/\/www.ondernemendvenlo.nl\/wp-content\/litespeed\/avatar\/720af750b037aecf6e33e12833479059.jpg?ver=1777382954\",\"contentUrl\":\"https:\/\/www.ondernemendvenlo.nl\/wp-content\/litespeed\/avatar\/720af750b037aecf6e33e12833479059.jpg?ver=1777382954\",\"caption\":\"admin\"},\"sameAs\":[\"https:\/\/www.ondernemendvenlo.nl\"]}]}<\/script>\n<!-- \/ Yoast SEO plugin. -->","yoast_head_json":{"title":"Coronamaatregelen: ondernemers krijgen uitstel voor betalen belasting - Ondernemend Venlo","robots":{"index":"index","follow":"follow","max-snippet":"max-snippet:-1","max-image-preview":"max-image-preview:large","max-video-preview":"max-video-preview:-1"},"canonical":"https:\/\/www.ondernemendvenlo.nl\/fr\/coronamaatregelen-ondernemers-krijgen-uitstel-voor-betalen-belasting\/","og_locale":"fr_FR","og_type":"article","og_title":"Coronamaatregelen: ondernemers krijgen uitstel voor betalen belasting - Ondernemend Venlo","og_description":"Het kabinet neemt extra maatregelen om de economie te stimuleren vanwege het coronavirus. Ondernemers mogen onder bepaalde voorwaarden het betalen van hun belastingen uitstellen, er komen gunstige leningen voor de midden- en kleinbedrijven (mkb) en de werktijdverkorting wordt uitgebreid. Dat schrijft het kabinet donderdag in een brief aan de Tweede Kamer. Het crisisteam van het [&hellip;]","og_url":"https:\/\/www.ondernemendvenlo.nl\/fr\/coronamaatregelen-ondernemers-krijgen-uitstel-voor-betalen-belasting\/","og_site_name":"Ondernemend Venlo","article_published_time":"2020-03-12T14:20:28+00:00","og_image":[{"width":2560,"height":1707,"url":"https:\/\/www.ondernemendvenlo.nl\/wp-content\/uploads\/2025\/04\/accounting-analytics-balance-black-and-white-209224-scaled-1.jpg","type":"image\/jpeg"}],"author":"admin","twitter_card":"summary_large_image","twitter_misc":{"\u00c9crit par":"admin","Dur\u00e9e de lecture estim\u00e9e":"2 minutes"},"schema":{"@context":"https:\/\/schema.org","@graph":[{"@type":"Article","@id":"https:\/\/www.ondernemendvenlo.nl\/coronamaatregelen-ondernemers-krijgen-uitstel-voor-betalen-belasting\/#article","isPartOf":{"@id":"https:\/\/www.ondernemendvenlo.nl\/coronamaatregelen-ondernemers-krijgen-uitstel-voor-betalen-belasting\/"},"author":{"name":"admin","@id":"https:\/\/www.ondernemendvenlo.nl\/#\/schema\/person\/347e935f8ad4c7030608ef74bb57aa6e"},"headline":"Coronamaatregelen: ondernemers krijgen uitstel voor betalen belasting","datePublished":"2020-03-12T14:20:28+00:00","mainEntityOfPage":{"@id":"https:\/\/www.ondernemendvenlo.nl\/coronamaatregelen-ondernemers-krijgen-uitstel-voor-betalen-belasting\/"},"wordCount":466,"publisher":{"@id":"https:\/\/www.ondernemendvenlo.nl\/#organization"},"image":{"@id":"https:\/\/www.ondernemendvenlo.nl\/coronamaatregelen-ondernemers-krijgen-uitstel-voor-betalen-belasting\/#primaryimage"},"thumbnailUrl":"https:\/\/www.ondernemendvenlo.nl\/wp-content\/uploads\/2025\/04\/accounting-analytics-balance-black-and-white-209224-scaled-1.jpg","articleSection":["Nieuws"],"inLanguage":"fr-FR"},{"@type":"WebPage","@id":"https:\/\/www.ondernemendvenlo.nl\/coronamaatregelen-ondernemers-krijgen-uitstel-voor-betalen-belasting\/","url":"https:\/\/www.ondernemendvenlo.nl\/coronamaatregelen-ondernemers-krijgen-uitstel-voor-betalen-belasting\/","name":"Coronamaatregelen: ondernemers krijgen uitstel voor betalen belasting - Ondernemend Venlo","isPartOf":{"@id":"https:\/\/www.ondernemendvenlo.nl\/#website"},"primaryImageOfPage":{"@id":"https:\/\/www.ondernemendvenlo.nl\/coronamaatregelen-ondernemers-krijgen-uitstel-voor-betalen-belasting\/#primaryimage"},"image":{"@id":"https:\/\/www.ondernemendvenlo.nl\/coronamaatregelen-ondernemers-krijgen-uitstel-voor-betalen-belasting\/#primaryimage"},"thumbnailUrl":"https:\/\/www.ondernemendvenlo.nl\/wp-content\/uploads\/2025\/04\/accounting-analytics-balance-black-and-white-209224-scaled-1.jpg","datePublished":"2020-03-12T14:20:28+00:00","breadcrumb":{"@id":"https:\/\/www.ondernemendvenlo.nl\/coronamaatregelen-ondernemers-krijgen-uitstel-voor-betalen-belasting\/#breadcrumb"},"inLanguage":"fr-FR","potentialAction":[{"@type":"ReadAction","target":["https:\/\/www.ondernemendvenlo.nl\/coronamaatregelen-ondernemers-krijgen-uitstel-voor-betalen-belasting\/"]}]},{"@type":"ImageObject","inLanguage":"fr-FR","@id":"https:\/\/www.ondernemendvenlo.nl\/coronamaatregelen-ondernemers-krijgen-uitstel-voor-betalen-belasting\/#primaryimage","url":"https:\/\/www.ondernemendvenlo.nl\/wp-content\/uploads\/2025\/04\/accounting-analytics-balance-black-and-white-209224-scaled-1.jpg","contentUrl":"https:\/\/www.ondernemendvenlo.nl\/wp-content\/uploads\/2025\/04\/accounting-analytics-balance-black-and-white-209224-scaled-1.jpg","width":2560,"height":1707},{"@type":"BreadcrumbList","@id":"https:\/\/www.ondernemendvenlo.nl\/coronamaatregelen-ondernemers-krijgen-uitstel-voor-betalen-belasting\/#breadcrumb","itemListElement":[{"@type":"ListItem","position":1,"name":"Ondernemend Venlo","item":"https:\/\/www.ondernemendvenlo.nl\/"},{"@type":"ListItem","position":2,"name":"Nieuws","item":"https:\/\/www.ondernemendvenlo.nl\/categorie\/nieuws\/"},{"@type":"ListItem","position":3,"name":"Coronamaatregelen: ondernemers krijgen uitstel voor betalen belasting"}]},{"@type":"WebSite","@id":"https:\/\/www.ondernemendvenlo.nl\/#website","url":"https:\/\/www.ondernemendvenlo.nl\/","name":"Venlo entrepreneurial","description":"Travailler ensemble avec succ\u00e8s","publisher":{"@id":"https:\/\/www.ondernemendvenlo.nl\/#organization"},"potentialAction":[{"@type":"SearchAction","target":{"@type":"EntryPoint","urlTemplate":"https:\/\/www.ondernemendvenlo.nl\/?s={search_term_string}"},"query-input":{"@type":"PropertyValueSpecification","valueRequired":true,"valueName":"search_term_string"}}],"inLanguage":"fr-FR"},{"@type":"Organization","@id":"https:\/\/www.ondernemendvenlo.nl\/#organization","name":"Venlo entrepreneurial","url":"https:\/\/www.ondernemendvenlo.nl\/","logo":{"@type":"ImageObject","inLanguage":"fr-FR","@id":"https:\/\/www.ondernemendvenlo.nl\/#\/schema\/logo\/image\/","url":"https:\/\/www.ondernemendvenlo.nl\/wp-content\/uploads\/2025\/02\/Ondernemend-Venlo-logo-scaled.webp","contentUrl":"https:\/\/www.ondernemendvenlo.nl\/wp-content\/uploads\/2025\/02\/Ondernemend-Venlo-logo-scaled.webp","width":2560,"height":1010,"caption":"Ondernemend Venlo"},"image":{"@id":"https:\/\/www.ondernemendvenlo.nl\/#\/schema\/logo\/image\/"},"sameAs":["https:\/\/www.linkedin.com\/company\/ondernemend-venlo\/"]},{"@type":"Person","@id":"https:\/\/www.ondernemendvenlo.nl\/#\/schema\/person\/347e935f8ad4c7030608ef74bb57aa6e","name":"admin","image":{"@type":"ImageObject","inLanguage":"fr-FR","@id":"https:\/\/www.ondernemendvenlo.nl\/#\/schema\/person\/image\/","url":"https:\/\/www.ondernemendvenlo.nl\/wp-content\/litespeed\/avatar\/720af750b037aecf6e33e12833479059.jpg?ver=1777382954","contentUrl":"https:\/\/www.ondernemendvenlo.nl\/wp-content\/litespeed\/avatar\/720af750b037aecf6e33e12833479059.jpg?ver=1777382954","caption":"admin"},"sameAs":["https:\/\/www.ondernemendvenlo.nl"]}]}},"_links":{"self":[{"href":"https:\/\/www.ondernemendvenlo.nl\/fr\/wp-json\/wp\/v2\/posts\/1987","targetHints":{"allow":["GET"]}}],"collection":[{"href":"https:\/\/www.ondernemendvenlo.nl\/fr\/wp-json\/wp\/v2\/posts"}],"about":[{"href":"https:\/\/www.ondernemendvenlo.nl\/fr\/wp-json\/wp\/v2\/types\/post"}],"author":[{"embeddable":true,"href":"https:\/\/www.ondernemendvenlo.nl\/fr\/wp-json\/wp\/v2\/users\/1"}],"replies":[{"embeddable":true,"href":"https:\/\/www.ondernemendvenlo.nl\/fr\/wp-json\/wp\/v2\/comments?post=1987"}],"version-history":[{"count":0,"href":"https:\/\/www.ondernemendvenlo.nl\/fr\/wp-json\/wp\/v2\/posts\/1987\/revisions"}],"wp:featuredmedia":[{"embeddable":true,"href":"https:\/\/www.ondernemendvenlo.nl\/fr\/wp-json\/wp\/v2\/media\/1988"}],"wp:attachment":[{"href":"https:\/\/www.ondernemendvenlo.nl\/fr\/wp-json\/wp\/v2\/media?parent=1987"}],"wp:term":[{"taxonomy":"category","embeddable":true,"href":"https:\/\/www.ondernemendvenlo.nl\/fr\/wp-json\/wp\/v2\/categories?post=1987"},{"taxonomy":"post_tag","embeddable":true,"href":"https:\/\/www.ondernemendvenlo.nl\/fr\/wp-json\/wp\/v2\/tags?post=1987"}],"curies":[{"name":"wp","href":"https:\/\/api.w.org\/{rel}","templated":true}]}}