{"id":2017,"date":"2020-03-20T15:06:49","date_gmt":"2020-03-20T14:06:49","guid":{"rendered":"https:\/\/www.ondernemendvenlo.nl\/ruud-geerlings-van-scheuten-glas-snelle-groei-van-venlo-schreeuwt-om-voortzetten-biz\/"},"modified":"2020-03-20T15:06:49","modified_gmt":"2020-03-20T14:06:49","slug":"ruud-geerlings-van-scheuten-glas-snelle-groei-van-venlo-schreeuwt-om-voortzetten-biz","status":"publish","type":"post","link":"https:\/\/www.ondernemendvenlo.nl\/fr\/ruud-geerlings-van-scheuten-glas-snelle-groei-van-venlo-schreeuwt-om-voortzetten-biz\/","title":{"rendered":"Ruud Geerlings van Scheuten Glas: &#8220;Snelle groei van Venlo schreeuwt om voortzetten BIZ&#8221;"},"content":{"rendered":"<p><strong>Onder de noemer Ondernemend Venlo vormen alle ruim 1300 bedrijven op de <\/strong><br \/>\n<strong>19 bedrijventerreinen een Bedrijven Investerings Zone (BIZ). Gezamenlijk <\/strong><br \/>\n<strong>financieren ze de parkmanager en projecten op het gebied van veiligheid, bereikbaarheid en leefbaarheid. In het najaar wordt gestemd over het verlengen van de BIZ met vijf jaar. Voor Scheuten Glas is een voortzetting juist in tijden van economische groei meer nodig dan ooit.<\/strong><\/p>\n<p><em>Texte : Wesley Hegge<\/em><\/p>\n<p>\u201cHet was intimiderend om te zien. Er stonden honderden vrachtwagens naast en op de straat, waardoor je er nauwelijks door kon. Het liep de spuigaten uit. De taluds werden kapotgereden, overal lag rotzooi en we konden zelfs het bedrijf niet meer in.\u201d De beelden vorig jaar zitten nog vers in het geheugen van CCO Ruud Geerlings. Gelegen aan de A67 zochten steeds meer chauffeurs op weg naar Duitsland een rustplaats op de twee wegen rond de bedrijfspanden van Scheuten Glas.<\/p>\n<p><strong><img fetchpriority=\"high\" decoding=\"async\" class=\"wp-image-18424 alignleft\" src=\"https:\/\/www.ondernemendvenlo.nl\/wp-content\/uploads\/2025\/04\/Schermafbeelding-2020-03-11-om-16.10.33.png\" alt=\"\" width=\"269\" height=\"512\" \/>Meerwaarde van de BIZ<\/strong><br \/>\nSamen met parkmanager Lidy Rutten en Peter Thissen, voorzitter van Ondernemend Venlo (O.V.), hebben we als bedrijf met de vuist op tafel geslagen. \u201cDaar kwam de meerwaarde echt naar voren. Ze hebben direct actie ondernomen. Natuurlijk kunnen ze niet het hele probleem oplossen, want er zijn simpelweg te weinig parkeerplaatsen. Onze eigen beveiliging en de parkmanager zijn samen gaan handhaven. O.V. is in gesprek gegaan met de gemeente en dat heeft geleid tot het plaatsen van varkensruggen zodat er niet meer geparkeerd kan worden. De overlast is inmiddels fors afgenomen.\u201d Komend najaar vindt de draagvlakmeting van de BIZ plaats. Alle ondernemers worden opgeroepen een stem uit te brengen. Voor Geerlings staat het buiten kijf dat Scheuten Glas voor een verlenging van vijf jaar gaat stemmen. \u201cNiet alleen vanwege het kordate optreden tijdens de parkeeroverlast, maar ook de collectieve camerabeveiliging en de gladheidsbestrijding zijn grote pluspunten. Het is een sterke bundeling van alle bedrijven, die actieve lobby voeren en van zich laten horen.\u201d<\/p>\n<p><strong>Draagvlakmeting<\/strong><br \/>\nVolgens Geerlings schreeuwt de snelle groei van Venlo om het voortzetten van de BIZ. \u201cGroei is natuurlijk positief, maar het brengt ook negatieve kanten met zich mee waar oplossingen voor gevonden moeten worden. Alle ondernemers zijn druk met hun dagelijkse werk. Iedereen zit in zijn eigen vakgebied en we hebben weinig raakvlakken. Toch hebben we gemeenschappelijke belangen zoals de veiligheid en bereikbaarheid. Daar komt de BIZ voor op.\u201d Ook Scheuten Glas groeit overigens flink. Het bedrijf bestaat zeventig jaar en biedt werk aan driehonderd mensen in de regio Venlo. \u201cWe investeren op autonome groei, maar sluiten acquisities niet uit. Onlangs hebben we het Duitse Okalux overgenomen.\u201d Geerlings wil alle ondernemers in ieder geval oproepen om een stem uit te brengen dit najaar. \u201cO.V. laat zich zien. Middels een website en nieuwsbrief, maar ze verschijnen ook steeds vaker in de media. Toch denk ik dat niet alle ondernemers precies weten dat de BIZ, Ondernemend Venlo en de parkmanager bij elkaar horen. Men weet niet dat de BIZ een voorwaarde is voor het voortbestaan van de ondernemersvereniging en de functie van parkmanager.\u201d<\/p>\n<p><a href=\"https:\/\/www.ondernemendvenlo.nl\/fr\/\" class=\"external\" target=\"_blank\" rel=\"noopener noreferrer\">www.ondernemendvenlo.nl<\/a><\/p>","protected":false},"excerpt":{"rendered":"<p>Onder de noemer Ondernemend Venlo vormen alle ruim 1300 bedrijven op de 19 bedrijventerreinen een Bedrijven Investerings Zone (BIZ). Gezamenlijk financieren ze de parkmanager en projecten op het gebied van veiligheid, bereikbaarheid en leefbaarheid. In het najaar wordt gestemd over het verlengen van de BIZ met vijf jaar. Voor Scheuten Glas is een voortzetting juist [&hellip;]<\/p>","protected":false},"author":1,"featured_media":2019,"comment_status":"closed","ping_status":"open","sticky":false,"template":"","format":"standard","meta":{"_acf_changed":false,"footnotes":""},"categories":[8],"tags":[],"class_list":["post-2017","post","type-post","status-publish","format-standard","has-post-thumbnail","hentry","category-nieuws"],"acf":[],"yoast_head":"<!-- This site is optimized with the Yoast SEO plugin v26.3 - https:\/\/yoast.com\/wordpress\/plugins\/seo\/ -->\n<title>Ruud Geerlings van Scheuten Glas: &#8220;Snelle groei van Venlo schreeuwt om voortzetten BIZ&#8221; - Ondernemend Venlo<\/title>\n<meta name=\"robots\" content=\"index, follow, max-snippet:-1, max-image-preview:large, max-video-preview:-1\" \/>\n<link rel=\"canonical\" href=\"https:\/\/www.ondernemendvenlo.nl\/fr\/ruud-geerlings-van-scheuten-glas-snelle-groei-van-venlo-schreeuwt-om-voortzetten-biz\/\" \/>\n<meta property=\"og:locale\" content=\"fr_FR\" \/>\n<meta property=\"og:type\" content=\"article\" \/>\n<meta property=\"og:title\" content=\"Ruud Geerlings van Scheuten Glas: &#8220;Snelle groei van Venlo schreeuwt om voortzetten BIZ&#8221; - Ondernemend Venlo\" \/>\n<meta property=\"og:description\" content=\"Onder de noemer Ondernemend Venlo vormen alle ruim 1300 bedrijven op de 19 bedrijventerreinen een Bedrijven Investerings Zone (BIZ). Gezamenlijk financieren ze de parkmanager en projecten op het gebied van veiligheid, bereikbaarheid en leefbaarheid. In het najaar wordt gestemd over het verlengen van de BIZ met vijf jaar. Voor Scheuten Glas is een voortzetting juist [&hellip;]\" \/>\n<meta property=\"og:url\" content=\"https:\/\/www.ondernemendvenlo.nl\/fr\/ruud-geerlings-van-scheuten-glas-snelle-groei-van-venlo-schreeuwt-om-voortzetten-biz\/\" \/>\n<meta property=\"og:site_name\" content=\"Ondernemend Venlo\" \/>\n<meta property=\"article:published_time\" content=\"2020-03-20T14:06:49+00:00\" \/>\n<meta property=\"og:image\" content=\"https:\/\/www.ondernemendvenlo.nl\/wp-content\/uploads\/2025\/04\/Schermafbeelding-2020-03-11-om-16.13.16.png\" \/>\n\t<meta property=\"og:image:width\" content=\"1430\" \/>\n\t<meta property=\"og:image:height\" content=\"1078\" \/>\n\t<meta property=\"og:image:type\" content=\"image\/png\" \/>\n<meta name=\"author\" content=\"admin\" \/>\n<meta name=\"twitter:card\" content=\"summary_large_image\" \/>\n<meta name=\"twitter:label1\" content=\"\u00c9crit par\" \/>\n\t<meta name=\"twitter:data1\" content=\"admin\" \/>\n\t<meta name=\"twitter:label2\" content=\"Dur\u00e9e de lecture estim\u00e9e\" \/>\n\t<meta name=\"twitter:data2\" content=\"2 minutes\" \/>\n<script type=\"application\/ld+json\" class=\"yoast-schema-graph\">{\"@context\":\"https:\/\/schema.org\",\"@graph\":[{\"@type\":\"Article\",\"@id\":\"https:\/\/www.ondernemendvenlo.nl\/ruud-geerlings-van-scheuten-glas-snelle-groei-van-venlo-schreeuwt-om-voortzetten-biz\/#article\",\"isPartOf\":{\"@id\":\"https:\/\/www.ondernemendvenlo.nl\/ruud-geerlings-van-scheuten-glas-snelle-groei-van-venlo-schreeuwt-om-voortzetten-biz\/\"},\"author\":{\"name\":\"admin\",\"@id\":\"https:\/\/www.ondernemendvenlo.nl\/#\/schema\/person\/347e935f8ad4c7030608ef74bb57aa6e\"},\"headline\":\"Ruud Geerlings van Scheuten Glas: &#8220;Snelle groei van Venlo schreeuwt om voortzetten BIZ&#8221;\",\"datePublished\":\"2020-03-20T14:06:49+00:00\",\"mainEntityOfPage\":{\"@id\":\"https:\/\/www.ondernemendvenlo.nl\/ruud-geerlings-van-scheuten-glas-snelle-groei-van-venlo-schreeuwt-om-voortzetten-biz\/\"},\"wordCount\":511,\"publisher\":{\"@id\":\"https:\/\/www.ondernemendvenlo.nl\/#organization\"},\"image\":{\"@id\":\"https:\/\/www.ondernemendvenlo.nl\/ruud-geerlings-van-scheuten-glas-snelle-groei-van-venlo-schreeuwt-om-voortzetten-biz\/#primaryimage\"},\"thumbnailUrl\":\"https:\/\/www.ondernemendvenlo.nl\/wp-content\/uploads\/2025\/04\/Schermafbeelding-2020-03-11-om-16.13.16.png\",\"articleSection\":[\"Nieuws\"],\"inLanguage\":\"fr-FR\"},{\"@type\":\"WebPage\",\"@id\":\"https:\/\/www.ondernemendvenlo.nl\/ruud-geerlings-van-scheuten-glas-snelle-groei-van-venlo-schreeuwt-om-voortzetten-biz\/\",\"url\":\"https:\/\/www.ondernemendvenlo.nl\/ruud-geerlings-van-scheuten-glas-snelle-groei-van-venlo-schreeuwt-om-voortzetten-biz\/\",\"name\":\"Ruud Geerlings van Scheuten Glas: &#8220;Snelle groei van Venlo schreeuwt om voortzetten BIZ&#8221; - Ondernemend Venlo\",\"isPartOf\":{\"@id\":\"https:\/\/www.ondernemendvenlo.nl\/#website\"},\"primaryImageOfPage\":{\"@id\":\"https:\/\/www.ondernemendvenlo.nl\/ruud-geerlings-van-scheuten-glas-snelle-groei-van-venlo-schreeuwt-om-voortzetten-biz\/#primaryimage\"},\"image\":{\"@id\":\"https:\/\/www.ondernemendvenlo.nl\/ruud-geerlings-van-scheuten-glas-snelle-groei-van-venlo-schreeuwt-om-voortzetten-biz\/#primaryimage\"},\"thumbnailUrl\":\"https:\/\/www.ondernemendvenlo.nl\/wp-content\/uploads\/2025\/04\/Schermafbeelding-2020-03-11-om-16.13.16.png\",\"datePublished\":\"2020-03-20T14:06:49+00:00\",\"breadcrumb\":{\"@id\":\"https:\/\/www.ondernemendvenlo.nl\/ruud-geerlings-van-scheuten-glas-snelle-groei-van-venlo-schreeuwt-om-voortzetten-biz\/#breadcrumb\"},\"inLanguage\":\"fr-FR\",\"potentialAction\":[{\"@type\":\"ReadAction\",\"target\":[\"https:\/\/www.ondernemendvenlo.nl\/ruud-geerlings-van-scheuten-glas-snelle-groei-van-venlo-schreeuwt-om-voortzetten-biz\/\"]}]},{\"@type\":\"ImageObject\",\"inLanguage\":\"fr-FR\",\"@id\":\"https:\/\/www.ondernemendvenlo.nl\/ruud-geerlings-van-scheuten-glas-snelle-groei-van-venlo-schreeuwt-om-voortzetten-biz\/#primaryimage\",\"url\":\"https:\/\/www.ondernemendvenlo.nl\/wp-content\/uploads\/2025\/04\/Schermafbeelding-2020-03-11-om-16.13.16.png\",\"contentUrl\":\"https:\/\/www.ondernemendvenlo.nl\/wp-content\/uploads\/2025\/04\/Schermafbeelding-2020-03-11-om-16.13.16.png\",\"width\":1430,\"height\":1078},{\"@type\":\"BreadcrumbList\",\"@id\":\"https:\/\/www.ondernemendvenlo.nl\/ruud-geerlings-van-scheuten-glas-snelle-groei-van-venlo-schreeuwt-om-voortzetten-biz\/#breadcrumb\",\"itemListElement\":[{\"@type\":\"ListItem\",\"position\":1,\"name\":\"Ondernemend Venlo\",\"item\":\"https:\/\/www.ondernemendvenlo.nl\/\"},{\"@type\":\"ListItem\",\"position\":2,\"name\":\"Nieuws\",\"item\":\"https:\/\/www.ondernemendvenlo.nl\/categorie\/nieuws\/\"},{\"@type\":\"ListItem\",\"position\":3,\"name\":\"Ruud Geerlings van Scheuten Glas: &#8220;Snelle groei van Venlo schreeuwt om voortzetten BIZ&#8221;\"}]},{\"@type\":\"WebSite\",\"@id\":\"https:\/\/www.ondernemendvenlo.nl\/#website\",\"url\":\"https:\/\/www.ondernemendvenlo.nl\/\",\"name\":\"Ondernemend Venlo\",\"description\":\"Samen succesvol ondernemen\",\"publisher\":{\"@id\":\"https:\/\/www.ondernemendvenlo.nl\/#organization\"},\"potentialAction\":[{\"@type\":\"SearchAction\",\"target\":{\"@type\":\"EntryPoint\",\"urlTemplate\":\"https:\/\/www.ondernemendvenlo.nl\/?s={search_term_string}\"},\"query-input\":{\"@type\":\"PropertyValueSpecification\",\"valueRequired\":true,\"valueName\":\"search_term_string\"}}],\"inLanguage\":\"fr-FR\"},{\"@type\":\"Organization\",\"@id\":\"https:\/\/www.ondernemendvenlo.nl\/#organization\",\"name\":\"Ondernemend Venlo\",\"url\":\"https:\/\/www.ondernemendvenlo.nl\/\",\"logo\":{\"@type\":\"ImageObject\",\"inLanguage\":\"fr-FR\",\"@id\":\"https:\/\/www.ondernemendvenlo.nl\/#\/schema\/logo\/image\/\",\"url\":\"https:\/\/www.ondernemendvenlo.nl\/wp-content\/uploads\/2025\/02\/Ondernemend-Venlo-logo-scaled.webp\",\"contentUrl\":\"https:\/\/www.ondernemendvenlo.nl\/wp-content\/uploads\/2025\/02\/Ondernemend-Venlo-logo-scaled.webp\",\"width\":2560,\"height\":1010,\"caption\":\"Ondernemend Venlo\"},\"image\":{\"@id\":\"https:\/\/www.ondernemendvenlo.nl\/#\/schema\/logo\/image\/\"},\"sameAs\":[\"https:\/\/www.linkedin.com\/company\/ondernemend-venlo\/\"]},{\"@type\":\"Person\",\"@id\":\"https:\/\/www.ondernemendvenlo.nl\/#\/schema\/person\/347e935f8ad4c7030608ef74bb57aa6e\",\"name\":\"admin\",\"image\":{\"@type\":\"ImageObject\",\"inLanguage\":\"fr-FR\",\"@id\":\"https:\/\/www.ondernemendvenlo.nl\/#\/schema\/person\/image\/\",\"url\":\"https:\/\/www.ondernemendvenlo.nl\/wp-content\/litespeed\/avatar\/720af750b037aecf6e33e12833479059.jpg?ver=1777382954\",\"contentUrl\":\"https:\/\/www.ondernemendvenlo.nl\/wp-content\/litespeed\/avatar\/720af750b037aecf6e33e12833479059.jpg?ver=1777382954\",\"caption\":\"admin\"},\"sameAs\":[\"https:\/\/www.ondernemendvenlo.nl\"]}]}<\/script>\n<!-- \/ Yoast SEO plugin. -->","yoast_head_json":{"title":"Ruud Geerlings van Scheuten Glas: &#8220;Snelle groei van Venlo schreeuwt om voortzetten BIZ&#8221; - Ondernemend Venlo","robots":{"index":"index","follow":"follow","max-snippet":"max-snippet:-1","max-image-preview":"max-image-preview:large","max-video-preview":"max-video-preview:-1"},"canonical":"https:\/\/www.ondernemendvenlo.nl\/fr\/ruud-geerlings-van-scheuten-glas-snelle-groei-van-venlo-schreeuwt-om-voortzetten-biz\/","og_locale":"fr_FR","og_type":"article","og_title":"Ruud Geerlings van Scheuten Glas: &#8220;Snelle groei van Venlo schreeuwt om voortzetten BIZ&#8221; - Ondernemend Venlo","og_description":"Onder de noemer Ondernemend Venlo vormen alle ruim 1300 bedrijven op de 19 bedrijventerreinen een Bedrijven Investerings Zone (BIZ). Gezamenlijk financieren ze de parkmanager en projecten op het gebied van veiligheid, bereikbaarheid en leefbaarheid. In het najaar wordt gestemd over het verlengen van de BIZ met vijf jaar. Voor Scheuten Glas is een voortzetting juist [&hellip;]","og_url":"https:\/\/www.ondernemendvenlo.nl\/fr\/ruud-geerlings-van-scheuten-glas-snelle-groei-van-venlo-schreeuwt-om-voortzetten-biz\/","og_site_name":"Ondernemend Venlo","article_published_time":"2020-03-20T14:06:49+00:00","og_image":[{"width":1430,"height":1078,"url":"https:\/\/www.ondernemendvenlo.nl\/wp-content\/uploads\/2025\/04\/Schermafbeelding-2020-03-11-om-16.13.16.png","type":"image\/png"}],"author":"admin","twitter_card":"summary_large_image","twitter_misc":{"\u00c9crit par":"admin","Dur\u00e9e de lecture estim\u00e9e":"2 minutes"},"schema":{"@context":"https:\/\/schema.org","@graph":[{"@type":"Article","@id":"https:\/\/www.ondernemendvenlo.nl\/ruud-geerlings-van-scheuten-glas-snelle-groei-van-venlo-schreeuwt-om-voortzetten-biz\/#article","isPartOf":{"@id":"https:\/\/www.ondernemendvenlo.nl\/ruud-geerlings-van-scheuten-glas-snelle-groei-van-venlo-schreeuwt-om-voortzetten-biz\/"},"author":{"name":"admin","@id":"https:\/\/www.ondernemendvenlo.nl\/#\/schema\/person\/347e935f8ad4c7030608ef74bb57aa6e"},"headline":"Ruud Geerlings van Scheuten Glas: &#8220;Snelle groei van Venlo schreeuwt om voortzetten BIZ&#8221;","datePublished":"2020-03-20T14:06:49+00:00","mainEntityOfPage":{"@id":"https:\/\/www.ondernemendvenlo.nl\/ruud-geerlings-van-scheuten-glas-snelle-groei-van-venlo-schreeuwt-om-voortzetten-biz\/"},"wordCount":511,"publisher":{"@id":"https:\/\/www.ondernemendvenlo.nl\/#organization"},"image":{"@id":"https:\/\/www.ondernemendvenlo.nl\/ruud-geerlings-van-scheuten-glas-snelle-groei-van-venlo-schreeuwt-om-voortzetten-biz\/#primaryimage"},"thumbnailUrl":"https:\/\/www.ondernemendvenlo.nl\/wp-content\/uploads\/2025\/04\/Schermafbeelding-2020-03-11-om-16.13.16.png","articleSection":["Nieuws"],"inLanguage":"fr-FR"},{"@type":"WebPage","@id":"https:\/\/www.ondernemendvenlo.nl\/ruud-geerlings-van-scheuten-glas-snelle-groei-van-venlo-schreeuwt-om-voortzetten-biz\/","url":"https:\/\/www.ondernemendvenlo.nl\/ruud-geerlings-van-scheuten-glas-snelle-groei-van-venlo-schreeuwt-om-voortzetten-biz\/","name":"Ruud Geerlings van Scheuten Glas: &#8220;Snelle groei van Venlo schreeuwt om voortzetten BIZ&#8221; - Ondernemend Venlo","isPartOf":{"@id":"https:\/\/www.ondernemendvenlo.nl\/#website"},"primaryImageOfPage":{"@id":"https:\/\/www.ondernemendvenlo.nl\/ruud-geerlings-van-scheuten-glas-snelle-groei-van-venlo-schreeuwt-om-voortzetten-biz\/#primaryimage"},"image":{"@id":"https:\/\/www.ondernemendvenlo.nl\/ruud-geerlings-van-scheuten-glas-snelle-groei-van-venlo-schreeuwt-om-voortzetten-biz\/#primaryimage"},"thumbnailUrl":"https:\/\/www.ondernemendvenlo.nl\/wp-content\/uploads\/2025\/04\/Schermafbeelding-2020-03-11-om-16.13.16.png","datePublished":"2020-03-20T14:06:49+00:00","breadcrumb":{"@id":"https:\/\/www.ondernemendvenlo.nl\/ruud-geerlings-van-scheuten-glas-snelle-groei-van-venlo-schreeuwt-om-voortzetten-biz\/#breadcrumb"},"inLanguage":"fr-FR","potentialAction":[{"@type":"ReadAction","target":["https:\/\/www.ondernemendvenlo.nl\/ruud-geerlings-van-scheuten-glas-snelle-groei-van-venlo-schreeuwt-om-voortzetten-biz\/"]}]},{"@type":"ImageObject","inLanguage":"fr-FR","@id":"https:\/\/www.ondernemendvenlo.nl\/ruud-geerlings-van-scheuten-glas-snelle-groei-van-venlo-schreeuwt-om-voortzetten-biz\/#primaryimage","url":"https:\/\/www.ondernemendvenlo.nl\/wp-content\/uploads\/2025\/04\/Schermafbeelding-2020-03-11-om-16.13.16.png","contentUrl":"https:\/\/www.ondernemendvenlo.nl\/wp-content\/uploads\/2025\/04\/Schermafbeelding-2020-03-11-om-16.13.16.png","width":1430,"height":1078},{"@type":"BreadcrumbList","@id":"https:\/\/www.ondernemendvenlo.nl\/ruud-geerlings-van-scheuten-glas-snelle-groei-van-venlo-schreeuwt-om-voortzetten-biz\/#breadcrumb","itemListElement":[{"@type":"ListItem","position":1,"name":"Ondernemend Venlo","item":"https:\/\/www.ondernemendvenlo.nl\/"},{"@type":"ListItem","position":2,"name":"Nieuws","item":"https:\/\/www.ondernemendvenlo.nl\/categorie\/nieuws\/"},{"@type":"ListItem","position":3,"name":"Ruud Geerlings van Scheuten Glas: &#8220;Snelle groei van Venlo schreeuwt om voortzetten BIZ&#8221;"}]},{"@type":"WebSite","@id":"https:\/\/www.ondernemendvenlo.nl\/#website","url":"https:\/\/www.ondernemendvenlo.nl\/","name":"Venlo entrepreneurial","description":"Travailler ensemble avec succ\u00e8s","publisher":{"@id":"https:\/\/www.ondernemendvenlo.nl\/#organization"},"potentialAction":[{"@type":"SearchAction","target":{"@type":"EntryPoint","urlTemplate":"https:\/\/www.ondernemendvenlo.nl\/?s={search_term_string}"},"query-input":{"@type":"PropertyValueSpecification","valueRequired":true,"valueName":"search_term_string"}}],"inLanguage":"fr-FR"},{"@type":"Organization","@id":"https:\/\/www.ondernemendvenlo.nl\/#organization","name":"Venlo entrepreneurial","url":"https:\/\/www.ondernemendvenlo.nl\/","logo":{"@type":"ImageObject","inLanguage":"fr-FR","@id":"https:\/\/www.ondernemendvenlo.nl\/#\/schema\/logo\/image\/","url":"https:\/\/www.ondernemendvenlo.nl\/wp-content\/uploads\/2025\/02\/Ondernemend-Venlo-logo-scaled.webp","contentUrl":"https:\/\/www.ondernemendvenlo.nl\/wp-content\/uploads\/2025\/02\/Ondernemend-Venlo-logo-scaled.webp","width":2560,"height":1010,"caption":"Ondernemend Venlo"},"image":{"@id":"https:\/\/www.ondernemendvenlo.nl\/#\/schema\/logo\/image\/"},"sameAs":["https:\/\/www.linkedin.com\/company\/ondernemend-venlo\/"]},{"@type":"Person","@id":"https:\/\/www.ondernemendvenlo.nl\/#\/schema\/person\/347e935f8ad4c7030608ef74bb57aa6e","name":"admin","image":{"@type":"ImageObject","inLanguage":"fr-FR","@id":"https:\/\/www.ondernemendvenlo.nl\/#\/schema\/person\/image\/","url":"https:\/\/www.ondernemendvenlo.nl\/wp-content\/litespeed\/avatar\/720af750b037aecf6e33e12833479059.jpg?ver=1777382954","contentUrl":"https:\/\/www.ondernemendvenlo.nl\/wp-content\/litespeed\/avatar\/720af750b037aecf6e33e12833479059.jpg?ver=1777382954","caption":"admin"},"sameAs":["https:\/\/www.ondernemendvenlo.nl"]}]}},"_links":{"self":[{"href":"https:\/\/www.ondernemendvenlo.nl\/fr\/wp-json\/wp\/v2\/posts\/2017","targetHints":{"allow":["GET"]}}],"collection":[{"href":"https:\/\/www.ondernemendvenlo.nl\/fr\/wp-json\/wp\/v2\/posts"}],"about":[{"href":"https:\/\/www.ondernemendvenlo.nl\/fr\/wp-json\/wp\/v2\/types\/post"}],"author":[{"embeddable":true,"href":"https:\/\/www.ondernemendvenlo.nl\/fr\/wp-json\/wp\/v2\/users\/1"}],"replies":[{"embeddable":true,"href":"https:\/\/www.ondernemendvenlo.nl\/fr\/wp-json\/wp\/v2\/comments?post=2017"}],"version-history":[{"count":0,"href":"https:\/\/www.ondernemendvenlo.nl\/fr\/wp-json\/wp\/v2\/posts\/2017\/revisions"}],"wp:featuredmedia":[{"embeddable":true,"href":"https:\/\/www.ondernemendvenlo.nl\/fr\/wp-json\/wp\/v2\/media\/2019"}],"wp:attachment":[{"href":"https:\/\/www.ondernemendvenlo.nl\/fr\/wp-json\/wp\/v2\/media?parent=2017"}],"wp:term":[{"taxonomy":"category","embeddable":true,"href":"https:\/\/www.ondernemendvenlo.nl\/fr\/wp-json\/wp\/v2\/categories?post=2017"},{"taxonomy":"post_tag","embeddable":true,"href":"https:\/\/www.ondernemendvenlo.nl\/fr\/wp-json\/wp\/v2\/tags?post=2017"}],"curies":[{"name":"wp","href":"https:\/\/api.w.org\/{rel}","templated":true}]}}