{"id":2051,"date":"2020-03-25T14:40:40","date_gmt":"2020-03-25T13:40:40","guid":{"rendered":"https:\/\/www.ondernemendvenlo.nl\/bijna-twintig-procent-ondernemers-vreest-voor-einde-bedrijf\/"},"modified":"2020-03-25T14:40:40","modified_gmt":"2020-03-25T13:40:40","slug":"bijna-twintig-procent-ondernemers-vreest-voor-einde-bedrijf","status":"publish","type":"post","link":"https:\/\/www.ondernemendvenlo.nl\/fr\/bijna-twintig-procent-ondernemers-vreest-voor-einde-bedrijf\/","title":{"rendered":"Pr\u00e8s de 20 % des entrepreneurs craignent la fin de leur activit\u00e9"},"content":{"rendered":"<p><strong>LIMBURG &#8211;\u00a0MKB-Limburg en de Limburgse Werkgevers Vereniging (LWV) hebben samen met Parkmanagement Midden-Limburg, de Samenwerkende Industrieterreinen Maastricht (SIM) en Ondernemend Venlo een onderzoek laten uitvoeren onder 547 Limburgse bedrijven naar de impact van het coronavirus COVID-19 op het bedrijfsleven in Limburg.\u00a0<\/strong><\/p>\n<p>De impact van de coronacrisis wordt als groot tot zeer groot ervaren (70% van de respondenten), vooral op financieel gebied. Iets meer dan de helft (54%) van de bedrijven verwacht een financi\u00eble impact tot \u20ac500.000. 9% verwacht financi\u00eble schade die groter is dan \u20ac1.000.000. Ongeveer de helft van de bedrijven verwacht tussen de \u00e9\u00e9n en zes maanden in de financi\u00eble problemen te komen.<\/p>\n<p><strong>Einde bedrijf<\/strong><br \/>\n18% van de bedrijven ervaart een bedreiging van het voortbestaan van zijn of haar bedrijf, terwijl een ruime meerderheid van de bedrijven verwacht dat deze crisis een sterke impact zal op het bedrijf, maar niet zal leiden tot een faillissement.<\/p>\n<p>De door de bedrijven genomen maatregelen betreffen vooral hygi\u00ebnemaatregelen (zoals mondkapjes, extra handgel) een coronaprotocol, verkorting van arbeidsuren en het naar huis sturen van medewerkers om zo veel mogelijk thuis te werken.<\/p>\n<p><strong>Hulp<\/strong><br \/>\nBedrijven zijn in verband met de coronacrisis vooral geholpen met financi\u00eble regelingen en advies: belastingvrijstellingen\/uitstel en overbruggingsfinanciering (werkkapitaal) zoals de BMKB-regeling, borgstelling kredieten, Tijdelijk Noodmaatregel Overbrugging voor Werkbehoud (NOW) en Bbz-regeling. Daarnaast heeft een groot deel van de bedrijven behoefte aan advies voor werknemers over werkzekerheid, inzetbaarheid en toekomst.<\/p>\n<p>Huub Narinx, directeur LWV: \u201cWij doen een dringend beroep op de overheden om zoveel mogelijk samen te werken als overheden en \u00e9\u00e9n lijn te trekken als Rijksoverheid, Provincie en gemeenten. Het is belangrijk dat versnippering wordt voorkomen.\u201d Daarnaast doet de LWV een app\u00e8l op gemeenten om zoveel mogelijk opdrachten nu al te verstrekken naar ondernemers zodat er continu\u00efteit blijft in het werk.<\/p>\n<p><strong>Impactscan<\/strong><br \/>\nMonique Princen, voorzitter MKB-Limburg: \u201cDe resultaten van de scan helpen ons om beleidsmakers te informeren zodat effectieve maatregelen kunnen worden ingezet. Het is dus belangrijk dat ondernemers de scan invullen. We kunnen de impact van de crisis proberen te beperken door elkaar goed te informeren, en in samenwerkingsverband te werken aan maatregelen en oplossingen.&#8221;<\/p>\n<p>Deze impactscan is v\u00f3\u00f3r de bekendmaking van de beperkende maatregelen gehouden en zal in de komende periode worden herhaald om te inventariseren of de genomen maatregelen het gewenste effect hebben. De scan zal worden gepubliceerd op de websites van de organisaties.<\/p>","protected":false},"excerpt":{"rendered":"<p>LIMBOURG - MKB-Limburg et l'Association des employeurs du Limbourg (LWV), en collaboration avec Parkmanagement Midden-Limburg, Samenwerkende Industrieterreinen Maastricht (SIM) et Ondernemend Venlo, ont command\u00e9 une enqu\u00eate aupr\u00e8s de 547 entreprises limbourgeoises sur l'impact du virus corona COVID-19 sur les affaires dans le Limbourg.  L'impact de la crise du corona est per\u00e7u comme \u00e9lev\u00e9 \u00e0 tr\u00e8s \u00e9lev\u00e9 (70% de [...]<\/p>","protected":false},"author":1,"featured_media":2052,"comment_status":"closed","ping_status":"open","sticky":false,"template":"","format":"standard","meta":{"_acf_changed":false,"footnotes":""},"categories":[8],"tags":[],"class_list":["post-2051","post","type-post","status-publish","format-standard","has-post-thumbnail","hentry","category-nieuws"],"acf":[],"yoast_head":"<!-- This site is optimized with the Yoast SEO plugin v26.3 - https:\/\/yoast.com\/wordpress\/plugins\/seo\/ -->\n<title>Bijna twintig procent ondernemers vreest voor einde bedrijf - Ondernemend Venlo<\/title>\n<meta name=\"robots\" content=\"index, follow, max-snippet:-1, max-image-preview:large, max-video-preview:-1\" \/>\n<link rel=\"canonical\" href=\"https:\/\/www.ondernemendvenlo.nl\/fr\/bijna-twintig-procent-ondernemers-vreest-voor-einde-bedrijf\/\" \/>\n<meta property=\"og:locale\" content=\"fr_FR\" \/>\n<meta property=\"og:type\" content=\"article\" \/>\n<meta property=\"og:title\" content=\"Bijna twintig procent ondernemers vreest voor einde bedrijf - Ondernemend Venlo\" \/>\n<meta property=\"og:description\" content=\"LIMBURG &#8211;\u00a0MKB-Limburg en de Limburgse Werkgevers Vereniging (LWV) hebben samen met Parkmanagement Midden-Limburg, de Samenwerkende Industrieterreinen Maastricht (SIM) en Ondernemend Venlo een onderzoek laten uitvoeren onder 547 Limburgse bedrijven naar de impact van het coronavirus COVID-19 op het bedrijfsleven in Limburg.\u00a0 De impact van de coronacrisis wordt als groot tot zeer groot ervaren (70% van [&hellip;]\" \/>\n<meta property=\"og:url\" content=\"https:\/\/www.ondernemendvenlo.nl\/fr\/bijna-twintig-procent-ondernemers-vreest-voor-einde-bedrijf\/\" \/>\n<meta property=\"og:site_name\" content=\"Ondernemend Venlo\" \/>\n<meta property=\"article:published_time\" content=\"2020-03-25T13:40:40+00:00\" \/>\n<meta property=\"og:image\" content=\"https:\/\/www.ondernemendvenlo.nl\/wp-content\/uploads\/2025\/04\/WhatsApp-Image-2020-03-16-at-18.17.01.jpeg\" \/>\n\t<meta property=\"og:image:width\" content=\"1200\" \/>\n\t<meta property=\"og:image:height\" content=\"1600\" \/>\n\t<meta property=\"og:image:type\" content=\"image\/jpeg\" \/>\n<meta name=\"author\" content=\"admin\" \/>\n<meta name=\"twitter:card\" content=\"summary_large_image\" \/>\n<meta name=\"twitter:label1\" content=\"\u00c9crit par\" \/>\n\t<meta name=\"twitter:data1\" content=\"admin\" \/>\n\t<meta name=\"twitter:label2\" content=\"Dur\u00e9e de lecture estim\u00e9e\" \/>\n\t<meta name=\"twitter:data2\" content=\"2 minutes\" \/>\n<script type=\"application\/ld+json\" class=\"yoast-schema-graph\">{\"@context\":\"https:\/\/schema.org\",\"@graph\":[{\"@type\":\"Article\",\"@id\":\"https:\/\/www.ondernemendvenlo.nl\/bijna-twintig-procent-ondernemers-vreest-voor-einde-bedrijf\/#article\",\"isPartOf\":{\"@id\":\"https:\/\/www.ondernemendvenlo.nl\/bijna-twintig-procent-ondernemers-vreest-voor-einde-bedrijf\/\"},\"author\":{\"name\":\"admin\",\"@id\":\"https:\/\/www.ondernemendvenlo.nl\/#\/schema\/person\/347e935f8ad4c7030608ef74bb57aa6e\"},\"headline\":\"Bijna twintig procent ondernemers vreest voor einde bedrijf\",\"datePublished\":\"2020-03-25T13:40:40+00:00\",\"mainEntityOfPage\":{\"@id\":\"https:\/\/www.ondernemendvenlo.nl\/bijna-twintig-procent-ondernemers-vreest-voor-einde-bedrijf\/\"},\"wordCount\":396,\"publisher\":{\"@id\":\"https:\/\/www.ondernemendvenlo.nl\/#organization\"},\"image\":{\"@id\":\"https:\/\/www.ondernemendvenlo.nl\/bijna-twintig-procent-ondernemers-vreest-voor-einde-bedrijf\/#primaryimage\"},\"thumbnailUrl\":\"https:\/\/www.ondernemendvenlo.nl\/wp-content\/uploads\/2025\/04\/WhatsApp-Image-2020-03-16-at-18.17.01.jpeg\",\"articleSection\":[\"Nieuws\"],\"inLanguage\":\"fr-FR\"},{\"@type\":\"WebPage\",\"@id\":\"https:\/\/www.ondernemendvenlo.nl\/bijna-twintig-procent-ondernemers-vreest-voor-einde-bedrijf\/\",\"url\":\"https:\/\/www.ondernemendvenlo.nl\/bijna-twintig-procent-ondernemers-vreest-voor-einde-bedrijf\/\",\"name\":\"Bijna twintig procent ondernemers vreest voor einde bedrijf - Ondernemend Venlo\",\"isPartOf\":{\"@id\":\"https:\/\/www.ondernemendvenlo.nl\/#website\"},\"primaryImageOfPage\":{\"@id\":\"https:\/\/www.ondernemendvenlo.nl\/bijna-twintig-procent-ondernemers-vreest-voor-einde-bedrijf\/#primaryimage\"},\"image\":{\"@id\":\"https:\/\/www.ondernemendvenlo.nl\/bijna-twintig-procent-ondernemers-vreest-voor-einde-bedrijf\/#primaryimage\"},\"thumbnailUrl\":\"https:\/\/www.ondernemendvenlo.nl\/wp-content\/uploads\/2025\/04\/WhatsApp-Image-2020-03-16-at-18.17.01.jpeg\",\"datePublished\":\"2020-03-25T13:40:40+00:00\",\"breadcrumb\":{\"@id\":\"https:\/\/www.ondernemendvenlo.nl\/bijna-twintig-procent-ondernemers-vreest-voor-einde-bedrijf\/#breadcrumb\"},\"inLanguage\":\"fr-FR\",\"potentialAction\":[{\"@type\":\"ReadAction\",\"target\":[\"https:\/\/www.ondernemendvenlo.nl\/bijna-twintig-procent-ondernemers-vreest-voor-einde-bedrijf\/\"]}]},{\"@type\":\"ImageObject\",\"inLanguage\":\"fr-FR\",\"@id\":\"https:\/\/www.ondernemendvenlo.nl\/bijna-twintig-procent-ondernemers-vreest-voor-einde-bedrijf\/#primaryimage\",\"url\":\"https:\/\/www.ondernemendvenlo.nl\/wp-content\/uploads\/2025\/04\/WhatsApp-Image-2020-03-16-at-18.17.01.jpeg\",\"contentUrl\":\"https:\/\/www.ondernemendvenlo.nl\/wp-content\/uploads\/2025\/04\/WhatsApp-Image-2020-03-16-at-18.17.01.jpeg\",\"width\":1200,\"height\":1600},{\"@type\":\"BreadcrumbList\",\"@id\":\"https:\/\/www.ondernemendvenlo.nl\/bijna-twintig-procent-ondernemers-vreest-voor-einde-bedrijf\/#breadcrumb\",\"itemListElement\":[{\"@type\":\"ListItem\",\"position\":1,\"name\":\"Ondernemend Venlo\",\"item\":\"https:\/\/www.ondernemendvenlo.nl\/\"},{\"@type\":\"ListItem\",\"position\":2,\"name\":\"Nieuws\",\"item\":\"https:\/\/www.ondernemendvenlo.nl\/categorie\/nieuws\/\"},{\"@type\":\"ListItem\",\"position\":3,\"name\":\"Bijna twintig procent ondernemers vreest voor einde bedrijf\"}]},{\"@type\":\"WebSite\",\"@id\":\"https:\/\/www.ondernemendvenlo.nl\/#website\",\"url\":\"https:\/\/www.ondernemendvenlo.nl\/\",\"name\":\"Ondernemend Venlo\",\"description\":\"Samen succesvol ondernemen\",\"publisher\":{\"@id\":\"https:\/\/www.ondernemendvenlo.nl\/#organization\"},\"potentialAction\":[{\"@type\":\"SearchAction\",\"target\":{\"@type\":\"EntryPoint\",\"urlTemplate\":\"https:\/\/www.ondernemendvenlo.nl\/?s={search_term_string}\"},\"query-input\":{\"@type\":\"PropertyValueSpecification\",\"valueRequired\":true,\"valueName\":\"search_term_string\"}}],\"inLanguage\":\"fr-FR\"},{\"@type\":\"Organization\",\"@id\":\"https:\/\/www.ondernemendvenlo.nl\/#organization\",\"name\":\"Ondernemend Venlo\",\"url\":\"https:\/\/www.ondernemendvenlo.nl\/\",\"logo\":{\"@type\":\"ImageObject\",\"inLanguage\":\"fr-FR\",\"@id\":\"https:\/\/www.ondernemendvenlo.nl\/#\/schema\/logo\/image\/\",\"url\":\"https:\/\/www.ondernemendvenlo.nl\/wp-content\/uploads\/2025\/02\/Ondernemend-Venlo-logo-scaled.webp\",\"contentUrl\":\"https:\/\/www.ondernemendvenlo.nl\/wp-content\/uploads\/2025\/02\/Ondernemend-Venlo-logo-scaled.webp\",\"width\":2560,\"height\":1010,\"caption\":\"Ondernemend Venlo\"},\"image\":{\"@id\":\"https:\/\/www.ondernemendvenlo.nl\/#\/schema\/logo\/image\/\"},\"sameAs\":[\"https:\/\/www.linkedin.com\/company\/ondernemend-venlo\/\"]},{\"@type\":\"Person\",\"@id\":\"https:\/\/www.ondernemendvenlo.nl\/#\/schema\/person\/347e935f8ad4c7030608ef74bb57aa6e\",\"name\":\"admin\",\"image\":{\"@type\":\"ImageObject\",\"inLanguage\":\"fr-FR\",\"@id\":\"https:\/\/www.ondernemendvenlo.nl\/#\/schema\/person\/image\/\",\"url\":\"https:\/\/www.ondernemendvenlo.nl\/wp-content\/litespeed\/avatar\/720af750b037aecf6e33e12833479059.jpg?ver=1777382954\",\"contentUrl\":\"https:\/\/www.ondernemendvenlo.nl\/wp-content\/litespeed\/avatar\/720af750b037aecf6e33e12833479059.jpg?ver=1777382954\",\"caption\":\"admin\"},\"sameAs\":[\"https:\/\/www.ondernemendvenlo.nl\"]}]}<\/script>\n<!-- \/ Yoast SEO plugin. -->","yoast_head_json":{"title":"Bijna twintig procent ondernemers vreest voor einde bedrijf - Ondernemend Venlo","robots":{"index":"index","follow":"follow","max-snippet":"max-snippet:-1","max-image-preview":"max-image-preview:large","max-video-preview":"max-video-preview:-1"},"canonical":"https:\/\/www.ondernemendvenlo.nl\/fr\/bijna-twintig-procent-ondernemers-vreest-voor-einde-bedrijf\/","og_locale":"fr_FR","og_type":"article","og_title":"Bijna twintig procent ondernemers vreest voor einde bedrijf - Ondernemend Venlo","og_description":"LIMBURG &#8211;\u00a0MKB-Limburg en de Limburgse Werkgevers Vereniging (LWV) hebben samen met Parkmanagement Midden-Limburg, de Samenwerkende Industrieterreinen Maastricht (SIM) en Ondernemend Venlo een onderzoek laten uitvoeren onder 547 Limburgse bedrijven naar de impact van het coronavirus COVID-19 op het bedrijfsleven in Limburg.\u00a0 De impact van de coronacrisis wordt als groot tot zeer groot ervaren (70% van [&hellip;]","og_url":"https:\/\/www.ondernemendvenlo.nl\/fr\/bijna-twintig-procent-ondernemers-vreest-voor-einde-bedrijf\/","og_site_name":"Ondernemend Venlo","article_published_time":"2020-03-25T13:40:40+00:00","og_image":[{"width":1200,"height":1600,"url":"https:\/\/www.ondernemendvenlo.nl\/wp-content\/uploads\/2025\/04\/WhatsApp-Image-2020-03-16-at-18.17.01.jpeg","type":"image\/jpeg"}],"author":"admin","twitter_card":"summary_large_image","twitter_misc":{"\u00c9crit par":"admin","Dur\u00e9e de lecture estim\u00e9e":"2 minutes"},"schema":{"@context":"https:\/\/schema.org","@graph":[{"@type":"Article","@id":"https:\/\/www.ondernemendvenlo.nl\/bijna-twintig-procent-ondernemers-vreest-voor-einde-bedrijf\/#article","isPartOf":{"@id":"https:\/\/www.ondernemendvenlo.nl\/bijna-twintig-procent-ondernemers-vreest-voor-einde-bedrijf\/"},"author":{"name":"admin","@id":"https:\/\/www.ondernemendvenlo.nl\/#\/schema\/person\/347e935f8ad4c7030608ef74bb57aa6e"},"headline":"Bijna twintig procent ondernemers vreest voor einde bedrijf","datePublished":"2020-03-25T13:40:40+00:00","mainEntityOfPage":{"@id":"https:\/\/www.ondernemendvenlo.nl\/bijna-twintig-procent-ondernemers-vreest-voor-einde-bedrijf\/"},"wordCount":396,"publisher":{"@id":"https:\/\/www.ondernemendvenlo.nl\/#organization"},"image":{"@id":"https:\/\/www.ondernemendvenlo.nl\/bijna-twintig-procent-ondernemers-vreest-voor-einde-bedrijf\/#primaryimage"},"thumbnailUrl":"https:\/\/www.ondernemendvenlo.nl\/wp-content\/uploads\/2025\/04\/WhatsApp-Image-2020-03-16-at-18.17.01.jpeg","articleSection":["Nieuws"],"inLanguage":"fr-FR"},{"@type":"WebPage","@id":"https:\/\/www.ondernemendvenlo.nl\/bijna-twintig-procent-ondernemers-vreest-voor-einde-bedrijf\/","url":"https:\/\/www.ondernemendvenlo.nl\/bijna-twintig-procent-ondernemers-vreest-voor-einde-bedrijf\/","name":"Bijna twintig procent ondernemers vreest voor einde bedrijf - Ondernemend Venlo","isPartOf":{"@id":"https:\/\/www.ondernemendvenlo.nl\/#website"},"primaryImageOfPage":{"@id":"https:\/\/www.ondernemendvenlo.nl\/bijna-twintig-procent-ondernemers-vreest-voor-einde-bedrijf\/#primaryimage"},"image":{"@id":"https:\/\/www.ondernemendvenlo.nl\/bijna-twintig-procent-ondernemers-vreest-voor-einde-bedrijf\/#primaryimage"},"thumbnailUrl":"https:\/\/www.ondernemendvenlo.nl\/wp-content\/uploads\/2025\/04\/WhatsApp-Image-2020-03-16-at-18.17.01.jpeg","datePublished":"2020-03-25T13:40:40+00:00","breadcrumb":{"@id":"https:\/\/www.ondernemendvenlo.nl\/bijna-twintig-procent-ondernemers-vreest-voor-einde-bedrijf\/#breadcrumb"},"inLanguage":"fr-FR","potentialAction":[{"@type":"ReadAction","target":["https:\/\/www.ondernemendvenlo.nl\/bijna-twintig-procent-ondernemers-vreest-voor-einde-bedrijf\/"]}]},{"@type":"ImageObject","inLanguage":"fr-FR","@id":"https:\/\/www.ondernemendvenlo.nl\/bijna-twintig-procent-ondernemers-vreest-voor-einde-bedrijf\/#primaryimage","url":"https:\/\/www.ondernemendvenlo.nl\/wp-content\/uploads\/2025\/04\/WhatsApp-Image-2020-03-16-at-18.17.01.jpeg","contentUrl":"https:\/\/www.ondernemendvenlo.nl\/wp-content\/uploads\/2025\/04\/WhatsApp-Image-2020-03-16-at-18.17.01.jpeg","width":1200,"height":1600},{"@type":"BreadcrumbList","@id":"https:\/\/www.ondernemendvenlo.nl\/bijna-twintig-procent-ondernemers-vreest-voor-einde-bedrijf\/#breadcrumb","itemListElement":[{"@type":"ListItem","position":1,"name":"Ondernemend Venlo","item":"https:\/\/www.ondernemendvenlo.nl\/"},{"@type":"ListItem","position":2,"name":"Nieuws","item":"https:\/\/www.ondernemendvenlo.nl\/categorie\/nieuws\/"},{"@type":"ListItem","position":3,"name":"Bijna twintig procent ondernemers vreest voor einde bedrijf"}]},{"@type":"WebSite","@id":"https:\/\/www.ondernemendvenlo.nl\/#website","url":"https:\/\/www.ondernemendvenlo.nl\/","name":"Venlo entrepreneurial","description":"Travailler ensemble avec succ\u00e8s","publisher":{"@id":"https:\/\/www.ondernemendvenlo.nl\/#organization"},"potentialAction":[{"@type":"SearchAction","target":{"@type":"EntryPoint","urlTemplate":"https:\/\/www.ondernemendvenlo.nl\/?s={search_term_string}"},"query-input":{"@type":"PropertyValueSpecification","valueRequired":true,"valueName":"search_term_string"}}],"inLanguage":"fr-FR"},{"@type":"Organization","@id":"https:\/\/www.ondernemendvenlo.nl\/#organization","name":"Venlo entrepreneurial","url":"https:\/\/www.ondernemendvenlo.nl\/","logo":{"@type":"ImageObject","inLanguage":"fr-FR","@id":"https:\/\/www.ondernemendvenlo.nl\/#\/schema\/logo\/image\/","url":"https:\/\/www.ondernemendvenlo.nl\/wp-content\/uploads\/2025\/02\/Ondernemend-Venlo-logo-scaled.webp","contentUrl":"https:\/\/www.ondernemendvenlo.nl\/wp-content\/uploads\/2025\/02\/Ondernemend-Venlo-logo-scaled.webp","width":2560,"height":1010,"caption":"Ondernemend Venlo"},"image":{"@id":"https:\/\/www.ondernemendvenlo.nl\/#\/schema\/logo\/image\/"},"sameAs":["https:\/\/www.linkedin.com\/company\/ondernemend-venlo\/"]},{"@type":"Person","@id":"https:\/\/www.ondernemendvenlo.nl\/#\/schema\/person\/347e935f8ad4c7030608ef74bb57aa6e","name":"admin","image":{"@type":"ImageObject","inLanguage":"fr-FR","@id":"https:\/\/www.ondernemendvenlo.nl\/#\/schema\/person\/image\/","url":"https:\/\/www.ondernemendvenlo.nl\/wp-content\/litespeed\/avatar\/720af750b037aecf6e33e12833479059.jpg?ver=1777382954","contentUrl":"https:\/\/www.ondernemendvenlo.nl\/wp-content\/litespeed\/avatar\/720af750b037aecf6e33e12833479059.jpg?ver=1777382954","caption":"admin"},"sameAs":["https:\/\/www.ondernemendvenlo.nl"]}]}},"_links":{"self":[{"href":"https:\/\/www.ondernemendvenlo.nl\/fr\/wp-json\/wp\/v2\/posts\/2051","targetHints":{"allow":["GET"]}}],"collection":[{"href":"https:\/\/www.ondernemendvenlo.nl\/fr\/wp-json\/wp\/v2\/posts"}],"about":[{"href":"https:\/\/www.ondernemendvenlo.nl\/fr\/wp-json\/wp\/v2\/types\/post"}],"author":[{"embeddable":true,"href":"https:\/\/www.ondernemendvenlo.nl\/fr\/wp-json\/wp\/v2\/users\/1"}],"replies":[{"embeddable":true,"href":"https:\/\/www.ondernemendvenlo.nl\/fr\/wp-json\/wp\/v2\/comments?post=2051"}],"version-history":[{"count":0,"href":"https:\/\/www.ondernemendvenlo.nl\/fr\/wp-json\/wp\/v2\/posts\/2051\/revisions"}],"wp:featuredmedia":[{"embeddable":true,"href":"https:\/\/www.ondernemendvenlo.nl\/fr\/wp-json\/wp\/v2\/media\/2052"}],"wp:attachment":[{"href":"https:\/\/www.ondernemendvenlo.nl\/fr\/wp-json\/wp\/v2\/media?parent=2051"}],"wp:term":[{"taxonomy":"category","embeddable":true,"href":"https:\/\/www.ondernemendvenlo.nl\/fr\/wp-json\/wp\/v2\/categories?post=2051"},{"taxonomy":"post_tag","embeddable":true,"href":"https:\/\/www.ondernemendvenlo.nl\/fr\/wp-json\/wp\/v2\/tags?post=2051"}],"curies":[{"name":"wp","href":"https:\/\/api.w.org\/{rel}","templated":true}]}}