{"id":2055,"date":"2020-03-26T07:08:01","date_gmt":"2020-03-26T06:08:01","guid":{"rendered":"https:\/\/www.ondernemendvenlo.nl\/landelijke-ophokplicht-pluimvee-verlengd\/"},"modified":"2020-03-26T07:08:01","modified_gmt":"2020-03-26T06:08:01","slug":"landelijke-ophokplicht-pluimvee-verlengd","status":"publish","type":"post","link":"https:\/\/www.ondernemendvenlo.nl\/fr\/landelijke-ophokplicht-pluimvee-verlengd\/","title":{"rendered":"Extension de l'obligation d'abattage des volailles \u00e0 l'\u00e9chelle nationale"},"content":{"rendered":"<p class=\"article-meta\"><strong>De landelijke ophokplicht die op 12 februari 2020 was ingesteld voor bedrijven met commercieel pluimvee wordt verlengd. Dat schrijft minister Schouten in een brief aan de Tweede Kamer.<\/strong><\/p>\n<p>De ophokplicht zou na vier weken opnieuw beoordeeld worden. Op 6 maart jl. beoordeelde de deskundigengroep dierziekten de situatie en kwamen zij tot het oordeel dat de kans op insleep in Nederland kleiner is dan vier weken geleden.<\/p>\n<p>Op 13 maart jl. is echter een tweede besmet hobbybedrijf in de buurt van Leipzig, Oost Duitsland gevonden. De week daarop, op 21 maart jl., is een besmetting gevonden bij een kalkoenenbedrijf in het Noorden van Duitsland, dicht bij de grens met Groningen. De deskundigen hebben deze bevindingen niet in hun advies kunnen meenemen.<\/p>\n<p>Uit voorzorg wordt de ophokplicht voor commercieel pluimvee daarom verlengd en wordt de situatie over vier weken opnieuw beoordeeld.<\/p>","protected":false},"excerpt":{"rendered":"<p>Le couvre-feu national impos\u00e9 aux exploitations avicoles commerciales le 12 f\u00e9vrier 2020 sera prolong\u00e9. C'est ce qu'indique le ministre Schouten dans une lettre adress\u00e9e \u00e0 la Chambre des repr\u00e9sentants. Le droit de coop\u00e9rative sera r\u00e9\u00e9valu\u00e9 apr\u00e8s quatre semaines. Le 6 mars dernier, le groupe d'experts en maladies animales a \u00e9valu\u00e9 la situation et a conclu que la [...]<\/p>","protected":false},"author":1,"featured_media":2056,"comment_status":"closed","ping_status":"open","sticky":false,"template":"","format":"standard","meta":{"_acf_changed":false,"footnotes":""},"categories":[8],"tags":[],"class_list":["post-2055","post","type-post","status-publish","format-standard","has-post-thumbnail","hentry","category-nieuws"],"acf":[],"yoast_head":"<!-- This site is optimized with the Yoast SEO plugin v26.3 - https:\/\/yoast.com\/wordpress\/plugins\/seo\/ -->\n<title>Landelijke ophokplicht pluimvee verlengd - Ondernemend Venlo<\/title>\n<meta name=\"robots\" content=\"index, follow, max-snippet:-1, max-image-preview:large, max-video-preview:-1\" \/>\n<link rel=\"canonical\" href=\"https:\/\/www.ondernemendvenlo.nl\/fr\/landelijke-ophokplicht-pluimvee-verlengd\/\" \/>\n<meta property=\"og:locale\" content=\"fr_FR\" \/>\n<meta property=\"og:type\" content=\"article\" \/>\n<meta property=\"og:title\" content=\"Landelijke ophokplicht pluimvee verlengd - Ondernemend Venlo\" \/>\n<meta property=\"og:description\" content=\"De landelijke ophokplicht die op 12 februari 2020 was ingesteld voor bedrijven met commercieel pluimvee wordt verlengd. Dat schrijft minister Schouten in een brief aan de Tweede Kamer. De ophokplicht zou na vier weken opnieuw beoordeeld worden. Op 6 maart jl. beoordeelde de deskundigengroep dierziekten de situatie en kwamen zij tot het oordeel dat de [&hellip;]\" \/>\n<meta property=\"og:url\" content=\"https:\/\/www.ondernemendvenlo.nl\/fr\/landelijke-ophokplicht-pluimvee-verlengd\/\" \/>\n<meta property=\"og:site_name\" content=\"Ondernemend Venlo\" \/>\n<meta property=\"article:published_time\" content=\"2020-03-26T06:08:01+00:00\" \/>\n<meta property=\"og:image\" content=\"https:\/\/www.ondernemendvenlo.nl\/wp-content\/uploads\/2025\/04\/ISA-Ospel-4619_7941359_8316621-scaled-1.jpg\" \/>\n\t<meta property=\"og:image:width\" content=\"2560\" \/>\n\t<meta property=\"og:image:height\" content=\"1707\" \/>\n\t<meta property=\"og:image:type\" content=\"image\/jpeg\" \/>\n<meta name=\"author\" content=\"admin\" \/>\n<meta name=\"twitter:card\" content=\"summary_large_image\" \/>\n<meta name=\"twitter:label1\" content=\"\u00c9crit par\" \/>\n\t<meta name=\"twitter:data1\" content=\"admin\" \/>\n\t<meta name=\"twitter:label2\" content=\"Dur\u00e9e de lecture estim\u00e9e\" \/>\n\t<meta name=\"twitter:data2\" content=\"1 minute\" \/>\n<script type=\"application\/ld+json\" class=\"yoast-schema-graph\">{\"@context\":\"https:\/\/schema.org\",\"@graph\":[{\"@type\":\"Article\",\"@id\":\"https:\/\/www.ondernemendvenlo.nl\/landelijke-ophokplicht-pluimvee-verlengd\/#article\",\"isPartOf\":{\"@id\":\"https:\/\/www.ondernemendvenlo.nl\/landelijke-ophokplicht-pluimvee-verlengd\/\"},\"author\":{\"name\":\"admin\",\"@id\":\"https:\/\/www.ondernemendvenlo.nl\/#\/schema\/person\/347e935f8ad4c7030608ef74bb57aa6e\"},\"headline\":\"Landelijke ophokplicht pluimvee verlengd\",\"datePublished\":\"2020-03-26T06:08:01+00:00\",\"mainEntityOfPage\":{\"@id\":\"https:\/\/www.ondernemendvenlo.nl\/landelijke-ophokplicht-pluimvee-verlengd\/\"},\"wordCount\":138,\"publisher\":{\"@id\":\"https:\/\/www.ondernemendvenlo.nl\/#organization\"},\"image\":{\"@id\":\"https:\/\/www.ondernemendvenlo.nl\/landelijke-ophokplicht-pluimvee-verlengd\/#primaryimage\"},\"thumbnailUrl\":\"https:\/\/www.ondernemendvenlo.nl\/wp-content\/uploads\/2025\/04\/ISA-Ospel-4619_7941359_8316621-scaled-1.jpg\",\"articleSection\":[\"Nieuws\"],\"inLanguage\":\"fr-FR\"},{\"@type\":\"WebPage\",\"@id\":\"https:\/\/www.ondernemendvenlo.nl\/landelijke-ophokplicht-pluimvee-verlengd\/\",\"url\":\"https:\/\/www.ondernemendvenlo.nl\/landelijke-ophokplicht-pluimvee-verlengd\/\",\"name\":\"Landelijke ophokplicht pluimvee verlengd - Ondernemend Venlo\",\"isPartOf\":{\"@id\":\"https:\/\/www.ondernemendvenlo.nl\/#website\"},\"primaryImageOfPage\":{\"@id\":\"https:\/\/www.ondernemendvenlo.nl\/landelijke-ophokplicht-pluimvee-verlengd\/#primaryimage\"},\"image\":{\"@id\":\"https:\/\/www.ondernemendvenlo.nl\/landelijke-ophokplicht-pluimvee-verlengd\/#primaryimage\"},\"thumbnailUrl\":\"https:\/\/www.ondernemendvenlo.nl\/wp-content\/uploads\/2025\/04\/ISA-Ospel-4619_7941359_8316621-scaled-1.jpg\",\"datePublished\":\"2020-03-26T06:08:01+00:00\",\"breadcrumb\":{\"@id\":\"https:\/\/www.ondernemendvenlo.nl\/landelijke-ophokplicht-pluimvee-verlengd\/#breadcrumb\"},\"inLanguage\":\"fr-FR\",\"potentialAction\":[{\"@type\":\"ReadAction\",\"target\":[\"https:\/\/www.ondernemendvenlo.nl\/landelijke-ophokplicht-pluimvee-verlengd\/\"]}]},{\"@type\":\"ImageObject\",\"inLanguage\":\"fr-FR\",\"@id\":\"https:\/\/www.ondernemendvenlo.nl\/landelijke-ophokplicht-pluimvee-verlengd\/#primaryimage\",\"url\":\"https:\/\/www.ondernemendvenlo.nl\/wp-content\/uploads\/2025\/04\/ISA-Ospel-4619_7941359_8316621-scaled-1.jpg\",\"contentUrl\":\"https:\/\/www.ondernemendvenlo.nl\/wp-content\/uploads\/2025\/04\/ISA-Ospel-4619_7941359_8316621-scaled-1.jpg\",\"width\":2560,\"height\":1707},{\"@type\":\"BreadcrumbList\",\"@id\":\"https:\/\/www.ondernemendvenlo.nl\/landelijke-ophokplicht-pluimvee-verlengd\/#breadcrumb\",\"itemListElement\":[{\"@type\":\"ListItem\",\"position\":1,\"name\":\"Ondernemend Venlo\",\"item\":\"https:\/\/www.ondernemendvenlo.nl\/\"},{\"@type\":\"ListItem\",\"position\":2,\"name\":\"Nieuws\",\"item\":\"https:\/\/www.ondernemendvenlo.nl\/categorie\/nieuws\/\"},{\"@type\":\"ListItem\",\"position\":3,\"name\":\"Landelijke ophokplicht pluimvee verlengd\"}]},{\"@type\":\"WebSite\",\"@id\":\"https:\/\/www.ondernemendvenlo.nl\/#website\",\"url\":\"https:\/\/www.ondernemendvenlo.nl\/\",\"name\":\"Ondernemend Venlo\",\"description\":\"Samen succesvol ondernemen\",\"publisher\":{\"@id\":\"https:\/\/www.ondernemendvenlo.nl\/#organization\"},\"potentialAction\":[{\"@type\":\"SearchAction\",\"target\":{\"@type\":\"EntryPoint\",\"urlTemplate\":\"https:\/\/www.ondernemendvenlo.nl\/?s={search_term_string}\"},\"query-input\":{\"@type\":\"PropertyValueSpecification\",\"valueRequired\":true,\"valueName\":\"search_term_string\"}}],\"inLanguage\":\"fr-FR\"},{\"@type\":\"Organization\",\"@id\":\"https:\/\/www.ondernemendvenlo.nl\/#organization\",\"name\":\"Ondernemend Venlo\",\"url\":\"https:\/\/www.ondernemendvenlo.nl\/\",\"logo\":{\"@type\":\"ImageObject\",\"inLanguage\":\"fr-FR\",\"@id\":\"https:\/\/www.ondernemendvenlo.nl\/#\/schema\/logo\/image\/\",\"url\":\"https:\/\/www.ondernemendvenlo.nl\/wp-content\/uploads\/2025\/02\/Ondernemend-Venlo-logo-scaled.webp\",\"contentUrl\":\"https:\/\/www.ondernemendvenlo.nl\/wp-content\/uploads\/2025\/02\/Ondernemend-Venlo-logo-scaled.webp\",\"width\":2560,\"height\":1010,\"caption\":\"Ondernemend Venlo\"},\"image\":{\"@id\":\"https:\/\/www.ondernemendvenlo.nl\/#\/schema\/logo\/image\/\"},\"sameAs\":[\"https:\/\/www.linkedin.com\/company\/ondernemend-venlo\/\"]},{\"@type\":\"Person\",\"@id\":\"https:\/\/www.ondernemendvenlo.nl\/#\/schema\/person\/347e935f8ad4c7030608ef74bb57aa6e\",\"name\":\"admin\",\"image\":{\"@type\":\"ImageObject\",\"inLanguage\":\"fr-FR\",\"@id\":\"https:\/\/www.ondernemendvenlo.nl\/#\/schema\/person\/image\/\",\"url\":\"https:\/\/www.ondernemendvenlo.nl\/wp-content\/litespeed\/avatar\/720af750b037aecf6e33e12833479059.jpg?ver=1777382954\",\"contentUrl\":\"https:\/\/www.ondernemendvenlo.nl\/wp-content\/litespeed\/avatar\/720af750b037aecf6e33e12833479059.jpg?ver=1777382954\",\"caption\":\"admin\"},\"sameAs\":[\"https:\/\/www.ondernemendvenlo.nl\"]}]}<\/script>\n<!-- \/ Yoast SEO plugin. -->","yoast_head_json":{"title":"Landelijke ophokplicht pluimvee verlengd - Ondernemend Venlo","robots":{"index":"index","follow":"follow","max-snippet":"max-snippet:-1","max-image-preview":"max-image-preview:large","max-video-preview":"max-video-preview:-1"},"canonical":"https:\/\/www.ondernemendvenlo.nl\/fr\/landelijke-ophokplicht-pluimvee-verlengd\/","og_locale":"fr_FR","og_type":"article","og_title":"Landelijke ophokplicht pluimvee verlengd - Ondernemend Venlo","og_description":"De landelijke ophokplicht die op 12 februari 2020 was ingesteld voor bedrijven met commercieel pluimvee wordt verlengd. Dat schrijft minister Schouten in een brief aan de Tweede Kamer. De ophokplicht zou na vier weken opnieuw beoordeeld worden. Op 6 maart jl. beoordeelde de deskundigengroep dierziekten de situatie en kwamen zij tot het oordeel dat de [&hellip;]","og_url":"https:\/\/www.ondernemendvenlo.nl\/fr\/landelijke-ophokplicht-pluimvee-verlengd\/","og_site_name":"Ondernemend Venlo","article_published_time":"2020-03-26T06:08:01+00:00","og_image":[{"width":2560,"height":1707,"url":"https:\/\/www.ondernemendvenlo.nl\/wp-content\/uploads\/2025\/04\/ISA-Ospel-4619_7941359_8316621-scaled-1.jpg","type":"image\/jpeg"}],"author":"admin","twitter_card":"summary_large_image","twitter_misc":{"\u00c9crit par":"admin","Dur\u00e9e de lecture estim\u00e9e":"1 minute"},"schema":{"@context":"https:\/\/schema.org","@graph":[{"@type":"Article","@id":"https:\/\/www.ondernemendvenlo.nl\/landelijke-ophokplicht-pluimvee-verlengd\/#article","isPartOf":{"@id":"https:\/\/www.ondernemendvenlo.nl\/landelijke-ophokplicht-pluimvee-verlengd\/"},"author":{"name":"admin","@id":"https:\/\/www.ondernemendvenlo.nl\/#\/schema\/person\/347e935f8ad4c7030608ef74bb57aa6e"},"headline":"Landelijke ophokplicht pluimvee verlengd","datePublished":"2020-03-26T06:08:01+00:00","mainEntityOfPage":{"@id":"https:\/\/www.ondernemendvenlo.nl\/landelijke-ophokplicht-pluimvee-verlengd\/"},"wordCount":138,"publisher":{"@id":"https:\/\/www.ondernemendvenlo.nl\/#organization"},"image":{"@id":"https:\/\/www.ondernemendvenlo.nl\/landelijke-ophokplicht-pluimvee-verlengd\/#primaryimage"},"thumbnailUrl":"https:\/\/www.ondernemendvenlo.nl\/wp-content\/uploads\/2025\/04\/ISA-Ospel-4619_7941359_8316621-scaled-1.jpg","articleSection":["Nieuws"],"inLanguage":"fr-FR"},{"@type":"WebPage","@id":"https:\/\/www.ondernemendvenlo.nl\/landelijke-ophokplicht-pluimvee-verlengd\/","url":"https:\/\/www.ondernemendvenlo.nl\/landelijke-ophokplicht-pluimvee-verlengd\/","name":"Landelijke ophokplicht pluimvee verlengd - Ondernemend Venlo","isPartOf":{"@id":"https:\/\/www.ondernemendvenlo.nl\/#website"},"primaryImageOfPage":{"@id":"https:\/\/www.ondernemendvenlo.nl\/landelijke-ophokplicht-pluimvee-verlengd\/#primaryimage"},"image":{"@id":"https:\/\/www.ondernemendvenlo.nl\/landelijke-ophokplicht-pluimvee-verlengd\/#primaryimage"},"thumbnailUrl":"https:\/\/www.ondernemendvenlo.nl\/wp-content\/uploads\/2025\/04\/ISA-Ospel-4619_7941359_8316621-scaled-1.jpg","datePublished":"2020-03-26T06:08:01+00:00","breadcrumb":{"@id":"https:\/\/www.ondernemendvenlo.nl\/landelijke-ophokplicht-pluimvee-verlengd\/#breadcrumb"},"inLanguage":"fr-FR","potentialAction":[{"@type":"ReadAction","target":["https:\/\/www.ondernemendvenlo.nl\/landelijke-ophokplicht-pluimvee-verlengd\/"]}]},{"@type":"ImageObject","inLanguage":"fr-FR","@id":"https:\/\/www.ondernemendvenlo.nl\/landelijke-ophokplicht-pluimvee-verlengd\/#primaryimage","url":"https:\/\/www.ondernemendvenlo.nl\/wp-content\/uploads\/2025\/04\/ISA-Ospel-4619_7941359_8316621-scaled-1.jpg","contentUrl":"https:\/\/www.ondernemendvenlo.nl\/wp-content\/uploads\/2025\/04\/ISA-Ospel-4619_7941359_8316621-scaled-1.jpg","width":2560,"height":1707},{"@type":"BreadcrumbList","@id":"https:\/\/www.ondernemendvenlo.nl\/landelijke-ophokplicht-pluimvee-verlengd\/#breadcrumb","itemListElement":[{"@type":"ListItem","position":1,"name":"Ondernemend Venlo","item":"https:\/\/www.ondernemendvenlo.nl\/"},{"@type":"ListItem","position":2,"name":"Nieuws","item":"https:\/\/www.ondernemendvenlo.nl\/categorie\/nieuws\/"},{"@type":"ListItem","position":3,"name":"Landelijke ophokplicht pluimvee verlengd"}]},{"@type":"WebSite","@id":"https:\/\/www.ondernemendvenlo.nl\/#website","url":"https:\/\/www.ondernemendvenlo.nl\/","name":"Venlo entrepreneurial","description":"Travailler ensemble avec succ\u00e8s","publisher":{"@id":"https:\/\/www.ondernemendvenlo.nl\/#organization"},"potentialAction":[{"@type":"SearchAction","target":{"@type":"EntryPoint","urlTemplate":"https:\/\/www.ondernemendvenlo.nl\/?s={search_term_string}"},"query-input":{"@type":"PropertyValueSpecification","valueRequired":true,"valueName":"search_term_string"}}],"inLanguage":"fr-FR"},{"@type":"Organization","@id":"https:\/\/www.ondernemendvenlo.nl\/#organization","name":"Venlo entrepreneurial","url":"https:\/\/www.ondernemendvenlo.nl\/","logo":{"@type":"ImageObject","inLanguage":"fr-FR","@id":"https:\/\/www.ondernemendvenlo.nl\/#\/schema\/logo\/image\/","url":"https:\/\/www.ondernemendvenlo.nl\/wp-content\/uploads\/2025\/02\/Ondernemend-Venlo-logo-scaled.webp","contentUrl":"https:\/\/www.ondernemendvenlo.nl\/wp-content\/uploads\/2025\/02\/Ondernemend-Venlo-logo-scaled.webp","width":2560,"height":1010,"caption":"Ondernemend Venlo"},"image":{"@id":"https:\/\/www.ondernemendvenlo.nl\/#\/schema\/logo\/image\/"},"sameAs":["https:\/\/www.linkedin.com\/company\/ondernemend-venlo\/"]},{"@type":"Person","@id":"https:\/\/www.ondernemendvenlo.nl\/#\/schema\/person\/347e935f8ad4c7030608ef74bb57aa6e","name":"admin","image":{"@type":"ImageObject","inLanguage":"fr-FR","@id":"https:\/\/www.ondernemendvenlo.nl\/#\/schema\/person\/image\/","url":"https:\/\/www.ondernemendvenlo.nl\/wp-content\/litespeed\/avatar\/720af750b037aecf6e33e12833479059.jpg?ver=1777382954","contentUrl":"https:\/\/www.ondernemendvenlo.nl\/wp-content\/litespeed\/avatar\/720af750b037aecf6e33e12833479059.jpg?ver=1777382954","caption":"admin"},"sameAs":["https:\/\/www.ondernemendvenlo.nl"]}]}},"_links":{"self":[{"href":"https:\/\/www.ondernemendvenlo.nl\/fr\/wp-json\/wp\/v2\/posts\/2055","targetHints":{"allow":["GET"]}}],"collection":[{"href":"https:\/\/www.ondernemendvenlo.nl\/fr\/wp-json\/wp\/v2\/posts"}],"about":[{"href":"https:\/\/www.ondernemendvenlo.nl\/fr\/wp-json\/wp\/v2\/types\/post"}],"author":[{"embeddable":true,"href":"https:\/\/www.ondernemendvenlo.nl\/fr\/wp-json\/wp\/v2\/users\/1"}],"replies":[{"embeddable":true,"href":"https:\/\/www.ondernemendvenlo.nl\/fr\/wp-json\/wp\/v2\/comments?post=2055"}],"version-history":[{"count":0,"href":"https:\/\/www.ondernemendvenlo.nl\/fr\/wp-json\/wp\/v2\/posts\/2055\/revisions"}],"wp:featuredmedia":[{"embeddable":true,"href":"https:\/\/www.ondernemendvenlo.nl\/fr\/wp-json\/wp\/v2\/media\/2056"}],"wp:attachment":[{"href":"https:\/\/www.ondernemendvenlo.nl\/fr\/wp-json\/wp\/v2\/media?parent=2055"}],"wp:term":[{"taxonomy":"category","embeddable":true,"href":"https:\/\/www.ondernemendvenlo.nl\/fr\/wp-json\/wp\/v2\/categories?post=2055"},{"taxonomy":"post_tag","embeddable":true,"href":"https:\/\/www.ondernemendvenlo.nl\/fr\/wp-json\/wp\/v2\/tags?post=2055"}],"curies":[{"name":"wp","href":"https:\/\/api.w.org\/{rel}","templated":true}]}}