{"id":2083,"date":"2020-04-07T09:02:07","date_gmt":"2020-04-07T07:02:07","guid":{"rendered":"https:\/\/www.ondernemendvenlo.nl\/geen-controles-aan-nederlands-duitse-grens\/"},"modified":"2020-04-07T09:02:07","modified_gmt":"2020-04-07T07:02:07","slug":"geen-controles-aan-nederlands-duitse-grens","status":"publish","type":"post","link":"https:\/\/www.ondernemendvenlo.nl\/fr\/geen-controles-aan-nederlands-duitse-grens\/","title":{"rendered":"Pas de contr\u00f4les \u00e0 la fronti\u00e8re germano-n\u00e9erlandaise"},"content":{"rendered":"<p><strong>VENLO &#8211;\u00a0Duitsland gaat geen strenge grenscontroles invoeren aan de grens met Nederland om te bepalen of reizigers het land binnen mogen. Dit heeft de Duitse regering maandag besloten. Volgens bondskanselier Merkel komen er wel extra patrouilles van de politie.<\/strong><\/p>\n<p>Op tafel lag een voorstel om de instroom van reizigers vanuit Nederland, Polen, Belgi\u00eb en Tsjechi\u00eb te beperken om de verspreiding van het coronavirus in Duitsland tegen te gaan. Alleen mensen die een dwingende reden hebben om naar Duitsland te komen, zoals werknemers in de grensstreek, zouden worden toegelaten. Een voorstel hierover van minister van Binnenlandse Zaken Seehofer lekte vrijdag uit.<\/p>\n<p>De strenge reisbeperkingen gelden sinds vorige maand wel aan de grenzen van Duitsland met vijf andere buurlanden, zoals Oostenrijk en Frankrijk. De regering van de deelstaten Noordrijn-Westfalen en Nedersaksen, die grenzen aan Nederland, deden met succes een beroep op Merkel om de strenge grenscontroles niet in te voeren aan de Duits-Nederlandse grens. Volgens Merkel is er voortdurend overleg tussen de autoriteiten in de grensstreek waardoor de reisbeperkingen in de praktijk niet nodig zijn<\/p>","protected":false},"excerpt":{"rendered":"<p>VENLO - L'Allemagne n'introduira pas de contr\u00f4les stricts \u00e0 la fronti\u00e8re avec les Pays-Bas pour d\u00e9terminer si les voyageurs peuvent entrer dans le pays. C'est ce qu'a d\u00e9cid\u00e9 le gouvernement allemand lundi. Selon la chanceli\u00e8re Merkel, des patrouilles de police suppl\u00e9mentaires seront toutefois mises en place. Une proposition visant \u00e0 limiter l'afflux de voyageurs en provenance des Pays-Bas, de la Pologne, de la Belgique et de la R\u00e9publique tch\u00e8que \u00e9tait sur la table [...]<\/p>","protected":false},"author":1,"featured_media":2084,"comment_status":"closed","ping_status":"open","sticky":false,"template":"","format":"standard","meta":{"_acf_changed":false,"footnotes":""},"categories":[8],"tags":[],"class_list":["post-2083","post","type-post","status-publish","format-standard","has-post-thumbnail","hentry","category-nieuws"],"acf":[],"yoast_head":"<!-- This site is optimized with the Yoast SEO plugin v26.3 - https:\/\/yoast.com\/wordpress\/plugins\/seo\/ -->\n<title>Geen controles aan Nederlands-Duitse grens - Ondernemend Venlo<\/title>\n<meta name=\"robots\" content=\"index, follow, max-snippet:-1, max-image-preview:large, max-video-preview:-1\" \/>\n<link rel=\"canonical\" href=\"https:\/\/www.ondernemendvenlo.nl\/fr\/geen-controles-aan-nederlands-duitse-grens\/\" \/>\n<meta property=\"og:locale\" content=\"fr_FR\" \/>\n<meta property=\"og:type\" content=\"article\" \/>\n<meta property=\"og:title\" content=\"Geen controles aan Nederlands-Duitse grens - Ondernemend Venlo\" \/>\n<meta property=\"og:description\" content=\"VENLO &#8211;\u00a0Duitsland gaat geen strenge grenscontroles invoeren aan de grens met Nederland om te bepalen of reizigers het land binnen mogen. Dit heeft de Duitse regering maandag besloten. Volgens bondskanselier Merkel komen er wel extra patrouilles van de politie. Op tafel lag een voorstel om de instroom van reizigers vanuit Nederland, Polen, Belgi\u00eb en Tsjechi\u00eb [&hellip;]\" \/>\n<meta property=\"og:url\" content=\"https:\/\/www.ondernemendvenlo.nl\/fr\/geen-controles-aan-nederlands-duitse-grens\/\" \/>\n<meta property=\"og:site_name\" content=\"Ondernemend Venlo\" \/>\n<meta property=\"article:published_time\" content=\"2020-04-07T07:02:07+00:00\" \/>\n<meta property=\"og:image\" content=\"https:\/\/www.ondernemendvenlo.nl\/wp-content\/uploads\/2025\/04\/administration-architecture-berlin-building-109629-scaled-1.jpg\" \/>\n\t<meta property=\"og:image:width\" content=\"2560\" \/>\n\t<meta property=\"og:image:height\" content=\"1566\" \/>\n\t<meta property=\"og:image:type\" content=\"image\/jpeg\" \/>\n<meta name=\"author\" content=\"admin\" \/>\n<meta name=\"twitter:card\" content=\"summary_large_image\" \/>\n<meta name=\"twitter:label1\" content=\"\u00c9crit par\" \/>\n\t<meta name=\"twitter:data1\" content=\"admin\" \/>\n\t<meta name=\"twitter:label2\" content=\"Dur\u00e9e de lecture estim\u00e9e\" \/>\n\t<meta name=\"twitter:data2\" content=\"1 minute\" \/>\n<script type=\"application\/ld+json\" class=\"yoast-schema-graph\">{\"@context\":\"https:\/\/schema.org\",\"@graph\":[{\"@type\":\"Article\",\"@id\":\"https:\/\/www.ondernemendvenlo.nl\/geen-controles-aan-nederlands-duitse-grens\/#article\",\"isPartOf\":{\"@id\":\"https:\/\/www.ondernemendvenlo.nl\/geen-controles-aan-nederlands-duitse-grens\/\"},\"author\":{\"name\":\"admin\",\"@id\":\"https:\/\/www.ondernemendvenlo.nl\/#\/schema\/person\/347e935f8ad4c7030608ef74bb57aa6e\"},\"headline\":\"Geen controles aan Nederlands-Duitse grens\",\"datePublished\":\"2020-04-07T07:02:07+00:00\",\"mainEntityOfPage\":{\"@id\":\"https:\/\/www.ondernemendvenlo.nl\/geen-controles-aan-nederlands-duitse-grens\/\"},\"wordCount\":178,\"publisher\":{\"@id\":\"https:\/\/www.ondernemendvenlo.nl\/#organization\"},\"image\":{\"@id\":\"https:\/\/www.ondernemendvenlo.nl\/geen-controles-aan-nederlands-duitse-grens\/#primaryimage\"},\"thumbnailUrl\":\"https:\/\/www.ondernemendvenlo.nl\/wp-content\/uploads\/2025\/04\/administration-architecture-berlin-building-109629-scaled-1.jpg\",\"articleSection\":[\"Nieuws\"],\"inLanguage\":\"fr-FR\"},{\"@type\":\"WebPage\",\"@id\":\"https:\/\/www.ondernemendvenlo.nl\/geen-controles-aan-nederlands-duitse-grens\/\",\"url\":\"https:\/\/www.ondernemendvenlo.nl\/geen-controles-aan-nederlands-duitse-grens\/\",\"name\":\"Geen controles aan Nederlands-Duitse grens - Ondernemend Venlo\",\"isPartOf\":{\"@id\":\"https:\/\/www.ondernemendvenlo.nl\/#website\"},\"primaryImageOfPage\":{\"@id\":\"https:\/\/www.ondernemendvenlo.nl\/geen-controles-aan-nederlands-duitse-grens\/#primaryimage\"},\"image\":{\"@id\":\"https:\/\/www.ondernemendvenlo.nl\/geen-controles-aan-nederlands-duitse-grens\/#primaryimage\"},\"thumbnailUrl\":\"https:\/\/www.ondernemendvenlo.nl\/wp-content\/uploads\/2025\/04\/administration-architecture-berlin-building-109629-scaled-1.jpg\",\"datePublished\":\"2020-04-07T07:02:07+00:00\",\"breadcrumb\":{\"@id\":\"https:\/\/www.ondernemendvenlo.nl\/geen-controles-aan-nederlands-duitse-grens\/#breadcrumb\"},\"inLanguage\":\"fr-FR\",\"potentialAction\":[{\"@type\":\"ReadAction\",\"target\":[\"https:\/\/www.ondernemendvenlo.nl\/geen-controles-aan-nederlands-duitse-grens\/\"]}]},{\"@type\":\"ImageObject\",\"inLanguage\":\"fr-FR\",\"@id\":\"https:\/\/www.ondernemendvenlo.nl\/geen-controles-aan-nederlands-duitse-grens\/#primaryimage\",\"url\":\"https:\/\/www.ondernemendvenlo.nl\/wp-content\/uploads\/2025\/04\/administration-architecture-berlin-building-109629-scaled-1.jpg\",\"contentUrl\":\"https:\/\/www.ondernemendvenlo.nl\/wp-content\/uploads\/2025\/04\/administration-architecture-berlin-building-109629-scaled-1.jpg\",\"width\":2560,\"height\":1566},{\"@type\":\"BreadcrumbList\",\"@id\":\"https:\/\/www.ondernemendvenlo.nl\/geen-controles-aan-nederlands-duitse-grens\/#breadcrumb\",\"itemListElement\":[{\"@type\":\"ListItem\",\"position\":1,\"name\":\"Ondernemend Venlo\",\"item\":\"https:\/\/www.ondernemendvenlo.nl\/\"},{\"@type\":\"ListItem\",\"position\":2,\"name\":\"Nieuws\",\"item\":\"https:\/\/www.ondernemendvenlo.nl\/categorie\/nieuws\/\"},{\"@type\":\"ListItem\",\"position\":3,\"name\":\"Geen controles aan Nederlands-Duitse grens\"}]},{\"@type\":\"WebSite\",\"@id\":\"https:\/\/www.ondernemendvenlo.nl\/#website\",\"url\":\"https:\/\/www.ondernemendvenlo.nl\/\",\"name\":\"Ondernemend Venlo\",\"description\":\"Samen succesvol ondernemen\",\"publisher\":{\"@id\":\"https:\/\/www.ondernemendvenlo.nl\/#organization\"},\"potentialAction\":[{\"@type\":\"SearchAction\",\"target\":{\"@type\":\"EntryPoint\",\"urlTemplate\":\"https:\/\/www.ondernemendvenlo.nl\/?s={search_term_string}\"},\"query-input\":{\"@type\":\"PropertyValueSpecification\",\"valueRequired\":true,\"valueName\":\"search_term_string\"}}],\"inLanguage\":\"fr-FR\"},{\"@type\":\"Organization\",\"@id\":\"https:\/\/www.ondernemendvenlo.nl\/#organization\",\"name\":\"Ondernemend Venlo\",\"url\":\"https:\/\/www.ondernemendvenlo.nl\/\",\"logo\":{\"@type\":\"ImageObject\",\"inLanguage\":\"fr-FR\",\"@id\":\"https:\/\/www.ondernemendvenlo.nl\/#\/schema\/logo\/image\/\",\"url\":\"https:\/\/www.ondernemendvenlo.nl\/wp-content\/uploads\/2025\/02\/Ondernemend-Venlo-logo-scaled.webp\",\"contentUrl\":\"https:\/\/www.ondernemendvenlo.nl\/wp-content\/uploads\/2025\/02\/Ondernemend-Venlo-logo-scaled.webp\",\"width\":2560,\"height\":1010,\"caption\":\"Ondernemend Venlo\"},\"image\":{\"@id\":\"https:\/\/www.ondernemendvenlo.nl\/#\/schema\/logo\/image\/\"},\"sameAs\":[\"https:\/\/www.linkedin.com\/company\/ondernemend-venlo\/\"]},{\"@type\":\"Person\",\"@id\":\"https:\/\/www.ondernemendvenlo.nl\/#\/schema\/person\/347e935f8ad4c7030608ef74bb57aa6e\",\"name\":\"admin\",\"image\":{\"@type\":\"ImageObject\",\"inLanguage\":\"fr-FR\",\"@id\":\"https:\/\/www.ondernemendvenlo.nl\/#\/schema\/person\/image\/\",\"url\":\"https:\/\/www.ondernemendvenlo.nl\/wp-content\/litespeed\/avatar\/720af750b037aecf6e33e12833479059.jpg?ver=1777382954\",\"contentUrl\":\"https:\/\/www.ondernemendvenlo.nl\/wp-content\/litespeed\/avatar\/720af750b037aecf6e33e12833479059.jpg?ver=1777382954\",\"caption\":\"admin\"},\"sameAs\":[\"https:\/\/www.ondernemendvenlo.nl\"]}]}<\/script>\n<!-- \/ Yoast SEO plugin. -->","yoast_head_json":{"title":"Geen controles aan Nederlands-Duitse grens - Ondernemend Venlo","robots":{"index":"index","follow":"follow","max-snippet":"max-snippet:-1","max-image-preview":"max-image-preview:large","max-video-preview":"max-video-preview:-1"},"canonical":"https:\/\/www.ondernemendvenlo.nl\/fr\/geen-controles-aan-nederlands-duitse-grens\/","og_locale":"fr_FR","og_type":"article","og_title":"Geen controles aan Nederlands-Duitse grens - Ondernemend Venlo","og_description":"VENLO &#8211;\u00a0Duitsland gaat geen strenge grenscontroles invoeren aan de grens met Nederland om te bepalen of reizigers het land binnen mogen. Dit heeft de Duitse regering maandag besloten. Volgens bondskanselier Merkel komen er wel extra patrouilles van de politie. Op tafel lag een voorstel om de instroom van reizigers vanuit Nederland, Polen, Belgi\u00eb en Tsjechi\u00eb [&hellip;]","og_url":"https:\/\/www.ondernemendvenlo.nl\/fr\/geen-controles-aan-nederlands-duitse-grens\/","og_site_name":"Ondernemend Venlo","article_published_time":"2020-04-07T07:02:07+00:00","og_image":[{"width":2560,"height":1566,"url":"https:\/\/www.ondernemendvenlo.nl\/wp-content\/uploads\/2025\/04\/administration-architecture-berlin-building-109629-scaled-1.jpg","type":"image\/jpeg"}],"author":"admin","twitter_card":"summary_large_image","twitter_misc":{"\u00c9crit par":"admin","Dur\u00e9e de lecture estim\u00e9e":"1 minute"},"schema":{"@context":"https:\/\/schema.org","@graph":[{"@type":"Article","@id":"https:\/\/www.ondernemendvenlo.nl\/geen-controles-aan-nederlands-duitse-grens\/#article","isPartOf":{"@id":"https:\/\/www.ondernemendvenlo.nl\/geen-controles-aan-nederlands-duitse-grens\/"},"author":{"name":"admin","@id":"https:\/\/www.ondernemendvenlo.nl\/#\/schema\/person\/347e935f8ad4c7030608ef74bb57aa6e"},"headline":"Geen controles aan Nederlands-Duitse grens","datePublished":"2020-04-07T07:02:07+00:00","mainEntityOfPage":{"@id":"https:\/\/www.ondernemendvenlo.nl\/geen-controles-aan-nederlands-duitse-grens\/"},"wordCount":178,"publisher":{"@id":"https:\/\/www.ondernemendvenlo.nl\/#organization"},"image":{"@id":"https:\/\/www.ondernemendvenlo.nl\/geen-controles-aan-nederlands-duitse-grens\/#primaryimage"},"thumbnailUrl":"https:\/\/www.ondernemendvenlo.nl\/wp-content\/uploads\/2025\/04\/administration-architecture-berlin-building-109629-scaled-1.jpg","articleSection":["Nieuws"],"inLanguage":"fr-FR"},{"@type":"WebPage","@id":"https:\/\/www.ondernemendvenlo.nl\/geen-controles-aan-nederlands-duitse-grens\/","url":"https:\/\/www.ondernemendvenlo.nl\/geen-controles-aan-nederlands-duitse-grens\/","name":"Geen controles aan Nederlands-Duitse grens - Ondernemend Venlo","isPartOf":{"@id":"https:\/\/www.ondernemendvenlo.nl\/#website"},"primaryImageOfPage":{"@id":"https:\/\/www.ondernemendvenlo.nl\/geen-controles-aan-nederlands-duitse-grens\/#primaryimage"},"image":{"@id":"https:\/\/www.ondernemendvenlo.nl\/geen-controles-aan-nederlands-duitse-grens\/#primaryimage"},"thumbnailUrl":"https:\/\/www.ondernemendvenlo.nl\/wp-content\/uploads\/2025\/04\/administration-architecture-berlin-building-109629-scaled-1.jpg","datePublished":"2020-04-07T07:02:07+00:00","breadcrumb":{"@id":"https:\/\/www.ondernemendvenlo.nl\/geen-controles-aan-nederlands-duitse-grens\/#breadcrumb"},"inLanguage":"fr-FR","potentialAction":[{"@type":"ReadAction","target":["https:\/\/www.ondernemendvenlo.nl\/geen-controles-aan-nederlands-duitse-grens\/"]}]},{"@type":"ImageObject","inLanguage":"fr-FR","@id":"https:\/\/www.ondernemendvenlo.nl\/geen-controles-aan-nederlands-duitse-grens\/#primaryimage","url":"https:\/\/www.ondernemendvenlo.nl\/wp-content\/uploads\/2025\/04\/administration-architecture-berlin-building-109629-scaled-1.jpg","contentUrl":"https:\/\/www.ondernemendvenlo.nl\/wp-content\/uploads\/2025\/04\/administration-architecture-berlin-building-109629-scaled-1.jpg","width":2560,"height":1566},{"@type":"BreadcrumbList","@id":"https:\/\/www.ondernemendvenlo.nl\/geen-controles-aan-nederlands-duitse-grens\/#breadcrumb","itemListElement":[{"@type":"ListItem","position":1,"name":"Ondernemend Venlo","item":"https:\/\/www.ondernemendvenlo.nl\/"},{"@type":"ListItem","position":2,"name":"Nieuws","item":"https:\/\/www.ondernemendvenlo.nl\/categorie\/nieuws\/"},{"@type":"ListItem","position":3,"name":"Geen controles aan Nederlands-Duitse grens"}]},{"@type":"WebSite","@id":"https:\/\/www.ondernemendvenlo.nl\/#website","url":"https:\/\/www.ondernemendvenlo.nl\/","name":"Venlo entrepreneurial","description":"Travailler ensemble avec succ\u00e8s","publisher":{"@id":"https:\/\/www.ondernemendvenlo.nl\/#organization"},"potentialAction":[{"@type":"SearchAction","target":{"@type":"EntryPoint","urlTemplate":"https:\/\/www.ondernemendvenlo.nl\/?s={search_term_string}"},"query-input":{"@type":"PropertyValueSpecification","valueRequired":true,"valueName":"search_term_string"}}],"inLanguage":"fr-FR"},{"@type":"Organization","@id":"https:\/\/www.ondernemendvenlo.nl\/#organization","name":"Venlo entrepreneurial","url":"https:\/\/www.ondernemendvenlo.nl\/","logo":{"@type":"ImageObject","inLanguage":"fr-FR","@id":"https:\/\/www.ondernemendvenlo.nl\/#\/schema\/logo\/image\/","url":"https:\/\/www.ondernemendvenlo.nl\/wp-content\/uploads\/2025\/02\/Ondernemend-Venlo-logo-scaled.webp","contentUrl":"https:\/\/www.ondernemendvenlo.nl\/wp-content\/uploads\/2025\/02\/Ondernemend-Venlo-logo-scaled.webp","width":2560,"height":1010,"caption":"Ondernemend Venlo"},"image":{"@id":"https:\/\/www.ondernemendvenlo.nl\/#\/schema\/logo\/image\/"},"sameAs":["https:\/\/www.linkedin.com\/company\/ondernemend-venlo\/"]},{"@type":"Person","@id":"https:\/\/www.ondernemendvenlo.nl\/#\/schema\/person\/347e935f8ad4c7030608ef74bb57aa6e","name":"admin","image":{"@type":"ImageObject","inLanguage":"fr-FR","@id":"https:\/\/www.ondernemendvenlo.nl\/#\/schema\/person\/image\/","url":"https:\/\/www.ondernemendvenlo.nl\/wp-content\/litespeed\/avatar\/720af750b037aecf6e33e12833479059.jpg?ver=1777382954","contentUrl":"https:\/\/www.ondernemendvenlo.nl\/wp-content\/litespeed\/avatar\/720af750b037aecf6e33e12833479059.jpg?ver=1777382954","caption":"admin"},"sameAs":["https:\/\/www.ondernemendvenlo.nl"]}]}},"_links":{"self":[{"href":"https:\/\/www.ondernemendvenlo.nl\/fr\/wp-json\/wp\/v2\/posts\/2083","targetHints":{"allow":["GET"]}}],"collection":[{"href":"https:\/\/www.ondernemendvenlo.nl\/fr\/wp-json\/wp\/v2\/posts"}],"about":[{"href":"https:\/\/www.ondernemendvenlo.nl\/fr\/wp-json\/wp\/v2\/types\/post"}],"author":[{"embeddable":true,"href":"https:\/\/www.ondernemendvenlo.nl\/fr\/wp-json\/wp\/v2\/users\/1"}],"replies":[{"embeddable":true,"href":"https:\/\/www.ondernemendvenlo.nl\/fr\/wp-json\/wp\/v2\/comments?post=2083"}],"version-history":[{"count":0,"href":"https:\/\/www.ondernemendvenlo.nl\/fr\/wp-json\/wp\/v2\/posts\/2083\/revisions"}],"wp:featuredmedia":[{"embeddable":true,"href":"https:\/\/www.ondernemendvenlo.nl\/fr\/wp-json\/wp\/v2\/media\/2084"}],"wp:attachment":[{"href":"https:\/\/www.ondernemendvenlo.nl\/fr\/wp-json\/wp\/v2\/media?parent=2083"}],"wp:term":[{"taxonomy":"category","embeddable":true,"href":"https:\/\/www.ondernemendvenlo.nl\/fr\/wp-json\/wp\/v2\/categories?post=2083"},{"taxonomy":"post_tag","embeddable":true,"href":"https:\/\/www.ondernemendvenlo.nl\/fr\/wp-json\/wp\/v2\/tags?post=2083"}],"curies":[{"name":"wp","href":"https:\/\/api.w.org\/{rel}","templated":true}]}}