{"id":2093,"date":"2020-04-08T13:34:00","date_gmt":"2020-04-08T11:34:00","guid":{"rendered":"https:\/\/www.ondernemendvenlo.nl\/online-corona-vragenuur-voor-ondernemers\/"},"modified":"2020-04-08T13:34:00","modified_gmt":"2020-04-08T11:34:00","slug":"online-corona-vragenuur-voor-ondernemers","status":"publish","type":"post","link":"https:\/\/www.ondernemendvenlo.nl\/fr\/online-corona-vragenuur-voor-ondernemers\/","title":{"rendered":"L'heure des questions en ligne pour les entrepreneurs"},"content":{"rendered":"<p><strong>VENLO &#8211; Een unieke gebeurtenis: ondernemers konden online met Wethouder Erwin Boom, voorzitter Peter Thissen en Parkmanager Lidy Rutten chatten over zaken waar zij tegenaan liepen. Het ging met name over problemen, die zijn ontstaan rondom de coronacrisis.<\/strong><\/p>\n<p>Zo konden we enkele ondernemers al van dienst zijn met persoonlijk contact door iemand van het ondernemersloket van de gemeente Venlo. Ook het advies om vooral de eigen accountant te raadplegen in plaats van het allemaal zelf uit te zoeken werd onderstreept.<\/p>\n<p><strong>Positieve reacties<\/strong><br \/>\nDe vraag om persoonlijke beschermingsmiddelen wordt opgenomen door Parkmanagement en het idee om AGV in te zetten voor eventuele personeelstekorten in de nabije toekomst zal door de Commissies Innovatie en Duurzaamheid\/Arbeidsmarkt, kennis en Onderwijs van Ondernemend Venlo verder bestuurd worden.<\/p>\n<p>Ondernemers reageren positief op dit initiatief om op deze manier persoonlijk met de voorzitter en de wethouder contact te hebben. Vooral in deze tijd is het behouden van persoonlijk contact zeer wenselijk.<\/p>\n<p>De volgende online bel-\/inloopuren zijn:<br \/>\nwoensdag, 15 april om 11.00 uur<br \/>\nwoensdag, 22 april om 15.30 uur<\/p>\n<p>U kunt zich aanmelden met vragen via: <a href=\"mailto:secretariaat@ondernemendvenlo.nl\" target=\"_blank\" rel=\"noopener noreferrer\">secretariaat@ondernemendvenlo.nl<\/a><\/p>\n<p>Meer informatie vindt u <a href=\"https:\/\/www.ondernemendvenlo.nl\/fr\/online-bel-en-vragenuur-ondernemend-venlo\/\" target=\"_blank\" rel=\"noopener noreferrer\" class=\"external\">ici<\/a>.<\/p>","protected":false},"excerpt":{"rendered":"<p>VENLO - Un \u00e9v\u00e9nement unique : les entrepreneurs ont pu discuter en ligne avec le conseiller municipal Erwin Boom, le pr\u00e9sident Peter Thissen et la directrice du parc Lidy Rutten des probl\u00e8mes auxquels ils sont confront\u00e9s. Il s'agissait en particulier de probl\u00e8mes li\u00e9s \u00e0 la crise de la corona. Nous avons donc d\u00e9j\u00e0 pu offrir \u00e0 certains entrepreneurs un contact personnel avec un membre du bureau des entrepreneurs [...].<\/p>","protected":false},"author":1,"featured_media":2094,"comment_status":"closed","ping_status":"open","sticky":false,"template":"","format":"standard","meta":{"_acf_changed":false,"footnotes":""},"categories":[8],"tags":[],"class_list":["post-2093","post","type-post","status-publish","format-standard","has-post-thumbnail","hentry","category-nieuws"],"acf":[],"yoast_head":"<!-- This site is optimized with the Yoast SEO plugin v26.3 - https:\/\/yoast.com\/wordpress\/plugins\/seo\/ -->\n<title>Online corona vragenuur voor ondernemers - Ondernemend Venlo<\/title>\n<meta name=\"robots\" content=\"index, follow, max-snippet:-1, max-image-preview:large, max-video-preview:-1\" \/>\n<link rel=\"canonical\" href=\"https:\/\/www.ondernemendvenlo.nl\/fr\/online-corona-vragenuur-voor-ondernemers\/\" \/>\n<meta property=\"og:locale\" content=\"fr_FR\" \/>\n<meta property=\"og:type\" content=\"article\" \/>\n<meta property=\"og:title\" content=\"Online corona vragenuur voor ondernemers - Ondernemend Venlo\" \/>\n<meta property=\"og:description\" content=\"VENLO &#8211; Een unieke gebeurtenis: ondernemers konden online met Wethouder Erwin Boom, voorzitter Peter Thissen en Parkmanager Lidy Rutten chatten over zaken waar zij tegenaan liepen. Het ging met name over problemen, die zijn ontstaan rondom de coronacrisis. Zo konden we enkele ondernemers al van dienst zijn met persoonlijk contact door iemand van het ondernemersloket [&hellip;]\" \/>\n<meta property=\"og:url\" content=\"https:\/\/www.ondernemendvenlo.nl\/fr\/online-corona-vragenuur-voor-ondernemers\/\" \/>\n<meta property=\"og:site_name\" content=\"Ondernemend Venlo\" \/>\n<meta property=\"article:published_time\" content=\"2020-04-08T11:34:00+00:00\" \/>\n<meta property=\"og:image\" content=\"https:\/\/www.ondernemendvenlo.nl\/wp-content\/uploads\/2025\/04\/2020-04-08_5e8dd52a3254c_Virtueeloverleg2020-04-082.jpg\" \/>\n\t<meta property=\"og:image:width\" content=\"1593\" \/>\n\t<meta property=\"og:image:height\" content=\"1007\" \/>\n\t<meta property=\"og:image:type\" content=\"image\/jpeg\" \/>\n<meta name=\"author\" content=\"admin\" \/>\n<meta name=\"twitter:card\" content=\"summary_large_image\" \/>\n<meta name=\"twitter:label1\" content=\"\u00c9crit par\" \/>\n\t<meta name=\"twitter:data1\" content=\"admin\" \/>\n\t<meta name=\"twitter:label2\" content=\"Dur\u00e9e de lecture estim\u00e9e\" \/>\n\t<meta name=\"twitter:data2\" content=\"1 minute\" \/>\n<script type=\"application\/ld+json\" class=\"yoast-schema-graph\">{\"@context\":\"https:\/\/schema.org\",\"@graph\":[{\"@type\":\"Article\",\"@id\":\"https:\/\/www.ondernemendvenlo.nl\/online-corona-vragenuur-voor-ondernemers\/#article\",\"isPartOf\":{\"@id\":\"https:\/\/www.ondernemendvenlo.nl\/online-corona-vragenuur-voor-ondernemers\/\"},\"author\":{\"name\":\"admin\",\"@id\":\"https:\/\/www.ondernemendvenlo.nl\/#\/schema\/person\/347e935f8ad4c7030608ef74bb57aa6e\"},\"headline\":\"Online corona vragenuur voor ondernemers\",\"datePublished\":\"2020-04-08T11:34:00+00:00\",\"mainEntityOfPage\":{\"@id\":\"https:\/\/www.ondernemendvenlo.nl\/online-corona-vragenuur-voor-ondernemers\/\"},\"wordCount\":188,\"publisher\":{\"@id\":\"https:\/\/www.ondernemendvenlo.nl\/#organization\"},\"image\":{\"@id\":\"https:\/\/www.ondernemendvenlo.nl\/online-corona-vragenuur-voor-ondernemers\/#primaryimage\"},\"thumbnailUrl\":\"https:\/\/www.ondernemendvenlo.nl\/wp-content\/uploads\/2025\/04\/2020-04-08_5e8dd52a3254c_Virtueeloverleg2020-04-082.jpg\",\"articleSection\":[\"Nieuws\"],\"inLanguage\":\"fr-FR\"},{\"@type\":\"WebPage\",\"@id\":\"https:\/\/www.ondernemendvenlo.nl\/online-corona-vragenuur-voor-ondernemers\/\",\"url\":\"https:\/\/www.ondernemendvenlo.nl\/online-corona-vragenuur-voor-ondernemers\/\",\"name\":\"Online corona vragenuur voor ondernemers - Ondernemend Venlo\",\"isPartOf\":{\"@id\":\"https:\/\/www.ondernemendvenlo.nl\/#website\"},\"primaryImageOfPage\":{\"@id\":\"https:\/\/www.ondernemendvenlo.nl\/online-corona-vragenuur-voor-ondernemers\/#primaryimage\"},\"image\":{\"@id\":\"https:\/\/www.ondernemendvenlo.nl\/online-corona-vragenuur-voor-ondernemers\/#primaryimage\"},\"thumbnailUrl\":\"https:\/\/www.ondernemendvenlo.nl\/wp-content\/uploads\/2025\/04\/2020-04-08_5e8dd52a3254c_Virtueeloverleg2020-04-082.jpg\",\"datePublished\":\"2020-04-08T11:34:00+00:00\",\"breadcrumb\":{\"@id\":\"https:\/\/www.ondernemendvenlo.nl\/online-corona-vragenuur-voor-ondernemers\/#breadcrumb\"},\"inLanguage\":\"fr-FR\",\"potentialAction\":[{\"@type\":\"ReadAction\",\"target\":[\"https:\/\/www.ondernemendvenlo.nl\/online-corona-vragenuur-voor-ondernemers\/\"]}]},{\"@type\":\"ImageObject\",\"inLanguage\":\"fr-FR\",\"@id\":\"https:\/\/www.ondernemendvenlo.nl\/online-corona-vragenuur-voor-ondernemers\/#primaryimage\",\"url\":\"https:\/\/www.ondernemendvenlo.nl\/wp-content\/uploads\/2025\/04\/2020-04-08_5e8dd52a3254c_Virtueeloverleg2020-04-082.jpg\",\"contentUrl\":\"https:\/\/www.ondernemendvenlo.nl\/wp-content\/uploads\/2025\/04\/2020-04-08_5e8dd52a3254c_Virtueeloverleg2020-04-082.jpg\",\"width\":1593,\"height\":1007},{\"@type\":\"BreadcrumbList\",\"@id\":\"https:\/\/www.ondernemendvenlo.nl\/online-corona-vragenuur-voor-ondernemers\/#breadcrumb\",\"itemListElement\":[{\"@type\":\"ListItem\",\"position\":1,\"name\":\"Ondernemend Venlo\",\"item\":\"https:\/\/www.ondernemendvenlo.nl\/\"},{\"@type\":\"ListItem\",\"position\":2,\"name\":\"Nieuws\",\"item\":\"https:\/\/www.ondernemendvenlo.nl\/categorie\/nieuws\/\"},{\"@type\":\"ListItem\",\"position\":3,\"name\":\"Online corona vragenuur voor ondernemers\"}]},{\"@type\":\"WebSite\",\"@id\":\"https:\/\/www.ondernemendvenlo.nl\/#website\",\"url\":\"https:\/\/www.ondernemendvenlo.nl\/\",\"name\":\"Ondernemend Venlo\",\"description\":\"Samen succesvol ondernemen\",\"publisher\":{\"@id\":\"https:\/\/www.ondernemendvenlo.nl\/#organization\"},\"potentialAction\":[{\"@type\":\"SearchAction\",\"target\":{\"@type\":\"EntryPoint\",\"urlTemplate\":\"https:\/\/www.ondernemendvenlo.nl\/?s={search_term_string}\"},\"query-input\":{\"@type\":\"PropertyValueSpecification\",\"valueRequired\":true,\"valueName\":\"search_term_string\"}}],\"inLanguage\":\"fr-FR\"},{\"@type\":\"Organization\",\"@id\":\"https:\/\/www.ondernemendvenlo.nl\/#organization\",\"name\":\"Ondernemend Venlo\",\"url\":\"https:\/\/www.ondernemendvenlo.nl\/\",\"logo\":{\"@type\":\"ImageObject\",\"inLanguage\":\"fr-FR\",\"@id\":\"https:\/\/www.ondernemendvenlo.nl\/#\/schema\/logo\/image\/\",\"url\":\"https:\/\/www.ondernemendvenlo.nl\/wp-content\/uploads\/2025\/02\/Ondernemend-Venlo-logo-scaled.webp\",\"contentUrl\":\"https:\/\/www.ondernemendvenlo.nl\/wp-content\/uploads\/2025\/02\/Ondernemend-Venlo-logo-scaled.webp\",\"width\":2560,\"height\":1010,\"caption\":\"Ondernemend Venlo\"},\"image\":{\"@id\":\"https:\/\/www.ondernemendvenlo.nl\/#\/schema\/logo\/image\/\"},\"sameAs\":[\"https:\/\/www.linkedin.com\/company\/ondernemend-venlo\/\"]},{\"@type\":\"Person\",\"@id\":\"https:\/\/www.ondernemendvenlo.nl\/#\/schema\/person\/347e935f8ad4c7030608ef74bb57aa6e\",\"name\":\"admin\",\"image\":{\"@type\":\"ImageObject\",\"inLanguage\":\"fr-FR\",\"@id\":\"https:\/\/www.ondernemendvenlo.nl\/#\/schema\/person\/image\/\",\"url\":\"https:\/\/www.ondernemendvenlo.nl\/wp-content\/litespeed\/avatar\/720af750b037aecf6e33e12833479059.jpg?ver=1777382954\",\"contentUrl\":\"https:\/\/www.ondernemendvenlo.nl\/wp-content\/litespeed\/avatar\/720af750b037aecf6e33e12833479059.jpg?ver=1777382954\",\"caption\":\"admin\"},\"sameAs\":[\"https:\/\/www.ondernemendvenlo.nl\"]}]}<\/script>\n<!-- \/ Yoast SEO plugin. -->","yoast_head_json":{"title":"Online corona vragenuur voor ondernemers - Ondernemend Venlo","robots":{"index":"index","follow":"follow","max-snippet":"max-snippet:-1","max-image-preview":"max-image-preview:large","max-video-preview":"max-video-preview:-1"},"canonical":"https:\/\/www.ondernemendvenlo.nl\/fr\/online-corona-vragenuur-voor-ondernemers\/","og_locale":"fr_FR","og_type":"article","og_title":"Online corona vragenuur voor ondernemers - Ondernemend Venlo","og_description":"VENLO &#8211; Een unieke gebeurtenis: ondernemers konden online met Wethouder Erwin Boom, voorzitter Peter Thissen en Parkmanager Lidy Rutten chatten over zaken waar zij tegenaan liepen. Het ging met name over problemen, die zijn ontstaan rondom de coronacrisis. Zo konden we enkele ondernemers al van dienst zijn met persoonlijk contact door iemand van het ondernemersloket [&hellip;]","og_url":"https:\/\/www.ondernemendvenlo.nl\/fr\/online-corona-vragenuur-voor-ondernemers\/","og_site_name":"Ondernemend Venlo","article_published_time":"2020-04-08T11:34:00+00:00","og_image":[{"width":1593,"height":1007,"url":"https:\/\/www.ondernemendvenlo.nl\/wp-content\/uploads\/2025\/04\/2020-04-08_5e8dd52a3254c_Virtueeloverleg2020-04-082.jpg","type":"image\/jpeg"}],"author":"admin","twitter_card":"summary_large_image","twitter_misc":{"\u00c9crit par":"admin","Dur\u00e9e de lecture estim\u00e9e":"1 minute"},"schema":{"@context":"https:\/\/schema.org","@graph":[{"@type":"Article","@id":"https:\/\/www.ondernemendvenlo.nl\/online-corona-vragenuur-voor-ondernemers\/#article","isPartOf":{"@id":"https:\/\/www.ondernemendvenlo.nl\/online-corona-vragenuur-voor-ondernemers\/"},"author":{"name":"admin","@id":"https:\/\/www.ondernemendvenlo.nl\/#\/schema\/person\/347e935f8ad4c7030608ef74bb57aa6e"},"headline":"Online corona vragenuur voor ondernemers","datePublished":"2020-04-08T11:34:00+00:00","mainEntityOfPage":{"@id":"https:\/\/www.ondernemendvenlo.nl\/online-corona-vragenuur-voor-ondernemers\/"},"wordCount":188,"publisher":{"@id":"https:\/\/www.ondernemendvenlo.nl\/#organization"},"image":{"@id":"https:\/\/www.ondernemendvenlo.nl\/online-corona-vragenuur-voor-ondernemers\/#primaryimage"},"thumbnailUrl":"https:\/\/www.ondernemendvenlo.nl\/wp-content\/uploads\/2025\/04\/2020-04-08_5e8dd52a3254c_Virtueeloverleg2020-04-082.jpg","articleSection":["Nieuws"],"inLanguage":"fr-FR"},{"@type":"WebPage","@id":"https:\/\/www.ondernemendvenlo.nl\/online-corona-vragenuur-voor-ondernemers\/","url":"https:\/\/www.ondernemendvenlo.nl\/online-corona-vragenuur-voor-ondernemers\/","name":"Online corona vragenuur voor ondernemers - Ondernemend Venlo","isPartOf":{"@id":"https:\/\/www.ondernemendvenlo.nl\/#website"},"primaryImageOfPage":{"@id":"https:\/\/www.ondernemendvenlo.nl\/online-corona-vragenuur-voor-ondernemers\/#primaryimage"},"image":{"@id":"https:\/\/www.ondernemendvenlo.nl\/online-corona-vragenuur-voor-ondernemers\/#primaryimage"},"thumbnailUrl":"https:\/\/www.ondernemendvenlo.nl\/wp-content\/uploads\/2025\/04\/2020-04-08_5e8dd52a3254c_Virtueeloverleg2020-04-082.jpg","datePublished":"2020-04-08T11:34:00+00:00","breadcrumb":{"@id":"https:\/\/www.ondernemendvenlo.nl\/online-corona-vragenuur-voor-ondernemers\/#breadcrumb"},"inLanguage":"fr-FR","potentialAction":[{"@type":"ReadAction","target":["https:\/\/www.ondernemendvenlo.nl\/online-corona-vragenuur-voor-ondernemers\/"]}]},{"@type":"ImageObject","inLanguage":"fr-FR","@id":"https:\/\/www.ondernemendvenlo.nl\/online-corona-vragenuur-voor-ondernemers\/#primaryimage","url":"https:\/\/www.ondernemendvenlo.nl\/wp-content\/uploads\/2025\/04\/2020-04-08_5e8dd52a3254c_Virtueeloverleg2020-04-082.jpg","contentUrl":"https:\/\/www.ondernemendvenlo.nl\/wp-content\/uploads\/2025\/04\/2020-04-08_5e8dd52a3254c_Virtueeloverleg2020-04-082.jpg","width":1593,"height":1007},{"@type":"BreadcrumbList","@id":"https:\/\/www.ondernemendvenlo.nl\/online-corona-vragenuur-voor-ondernemers\/#breadcrumb","itemListElement":[{"@type":"ListItem","position":1,"name":"Ondernemend Venlo","item":"https:\/\/www.ondernemendvenlo.nl\/"},{"@type":"ListItem","position":2,"name":"Nieuws","item":"https:\/\/www.ondernemendvenlo.nl\/categorie\/nieuws\/"},{"@type":"ListItem","position":3,"name":"Online corona vragenuur voor ondernemers"}]},{"@type":"WebSite","@id":"https:\/\/www.ondernemendvenlo.nl\/#website","url":"https:\/\/www.ondernemendvenlo.nl\/","name":"Venlo entrepreneurial","description":"Travailler ensemble avec succ\u00e8s","publisher":{"@id":"https:\/\/www.ondernemendvenlo.nl\/#organization"},"potentialAction":[{"@type":"SearchAction","target":{"@type":"EntryPoint","urlTemplate":"https:\/\/www.ondernemendvenlo.nl\/?s={search_term_string}"},"query-input":{"@type":"PropertyValueSpecification","valueRequired":true,"valueName":"search_term_string"}}],"inLanguage":"fr-FR"},{"@type":"Organization","@id":"https:\/\/www.ondernemendvenlo.nl\/#organization","name":"Venlo entrepreneurial","url":"https:\/\/www.ondernemendvenlo.nl\/","logo":{"@type":"ImageObject","inLanguage":"fr-FR","@id":"https:\/\/www.ondernemendvenlo.nl\/#\/schema\/logo\/image\/","url":"https:\/\/www.ondernemendvenlo.nl\/wp-content\/uploads\/2025\/02\/Ondernemend-Venlo-logo-scaled.webp","contentUrl":"https:\/\/www.ondernemendvenlo.nl\/wp-content\/uploads\/2025\/02\/Ondernemend-Venlo-logo-scaled.webp","width":2560,"height":1010,"caption":"Ondernemend Venlo"},"image":{"@id":"https:\/\/www.ondernemendvenlo.nl\/#\/schema\/logo\/image\/"},"sameAs":["https:\/\/www.linkedin.com\/company\/ondernemend-venlo\/"]},{"@type":"Person","@id":"https:\/\/www.ondernemendvenlo.nl\/#\/schema\/person\/347e935f8ad4c7030608ef74bb57aa6e","name":"admin","image":{"@type":"ImageObject","inLanguage":"fr-FR","@id":"https:\/\/www.ondernemendvenlo.nl\/#\/schema\/person\/image\/","url":"https:\/\/www.ondernemendvenlo.nl\/wp-content\/litespeed\/avatar\/720af750b037aecf6e33e12833479059.jpg?ver=1777382954","contentUrl":"https:\/\/www.ondernemendvenlo.nl\/wp-content\/litespeed\/avatar\/720af750b037aecf6e33e12833479059.jpg?ver=1777382954","caption":"admin"},"sameAs":["https:\/\/www.ondernemendvenlo.nl"]}]}},"_links":{"self":[{"href":"https:\/\/www.ondernemendvenlo.nl\/fr\/wp-json\/wp\/v2\/posts\/2093","targetHints":{"allow":["GET"]}}],"collection":[{"href":"https:\/\/www.ondernemendvenlo.nl\/fr\/wp-json\/wp\/v2\/posts"}],"about":[{"href":"https:\/\/www.ondernemendvenlo.nl\/fr\/wp-json\/wp\/v2\/types\/post"}],"author":[{"embeddable":true,"href":"https:\/\/www.ondernemendvenlo.nl\/fr\/wp-json\/wp\/v2\/users\/1"}],"replies":[{"embeddable":true,"href":"https:\/\/www.ondernemendvenlo.nl\/fr\/wp-json\/wp\/v2\/comments?post=2093"}],"version-history":[{"count":0,"href":"https:\/\/www.ondernemendvenlo.nl\/fr\/wp-json\/wp\/v2\/posts\/2093\/revisions"}],"wp:featuredmedia":[{"embeddable":true,"href":"https:\/\/www.ondernemendvenlo.nl\/fr\/wp-json\/wp\/v2\/media\/2094"}],"wp:attachment":[{"href":"https:\/\/www.ondernemendvenlo.nl\/fr\/wp-json\/wp\/v2\/media?parent=2093"}],"wp:term":[{"taxonomy":"category","embeddable":true,"href":"https:\/\/www.ondernemendvenlo.nl\/fr\/wp-json\/wp\/v2\/categories?post=2093"},{"taxonomy":"post_tag","embeddable":true,"href":"https:\/\/www.ondernemendvenlo.nl\/fr\/wp-json\/wp\/v2\/tags?post=2093"}],"curies":[{"name":"wp","href":"https:\/\/api.w.org\/{rel}","templated":true}]}}