{"id":2137,"date":"2020-05-14T08:46:12","date_gmt":"2020-05-14T06:46:12","guid":{"rendered":"https:\/\/www.ondernemendvenlo.nl\/fonds-voor-duurzamer-limburg-uitgebreid-naar-268-miljoen-euro\/"},"modified":"2020-05-14T08:46:12","modified_gmt":"2020-05-14T06:46:12","slug":"fonds-voor-duurzamer-limburg-uitgebreid-naar-268-miljoen-euro","status":"publish","type":"post","link":"https:\/\/www.ondernemendvenlo.nl\/fr\/fonds-voor-duurzamer-limburg-uitgebreid-naar-268-miljoen-euro\/","title":{"rendered":"Le fonds pour un Limbourg plus durable est port\u00e9 \u00e0 268 millions d'euros"},"content":{"rendered":"<p><b>LIMBURG &#8211; Het Limburgs Energiefonds (LEF) wordt flink uitgebreid naar van 90 miljoen euro naar 268 miljoen euro. Initiatieven vanuit het bedrijfsleven en de samenleving kunnen gebruik maken van het fonds om projecten mee te financieren waarbij duurzame energie wordt opgewekt en de CO2-uitstoot wordt teruggedrongen.<\/b><\/p>\n<p>Het fonds is opgericht in 2013 en voorziet in leningen in plaats van subsidies. Duurzaamheid staat centraal. Initiatieven waarbij producten en grondstoffen worden herbruikt vallen bijvoorbeeld ook onder het fonds.<\/p>\n<p><strong>Uitbreiding<br \/>\n<\/strong>De uitbreiding van het fonds komt voor rekening van diverse partijen zoals de provincie en de Europese Investeringsbank (EIB). Er lopen nog gesprekken met het Europees Investeringsfonds en het landelijke fonds Invest-NL. Er zijn inmiddels 47 projecten gerealiseerd. Het bedrijf Feunix Energy in Weert is daar een voorbeeld van: daar wordt met een vernieuwende recyclingtechniek plastic tot op moleculair niveau afgebroken. De grondstoffen worden daarna opnieuw gebruikt voor andere producten.<\/p>","protected":false},"excerpt":{"rendered":"<p>LIMBURG &#8211; Het Limburgs Energiefonds (LEF) wordt flink uitgebreid naar van 90 miljoen euro naar 268 miljoen euro. Initiatieven vanuit het bedrijfsleven en de samenleving kunnen gebruik maken van het fonds om projecten mee te financieren waarbij duurzame energie wordt opgewekt en de CO2-uitstoot wordt teruggedrongen. Het fonds is opgericht in 2013 en voorziet in [&hellip;]<\/p>","protected":false},"author":1,"featured_media":2138,"comment_status":"closed","ping_status":"open","sticky":false,"template":"","format":"standard","meta":{"_acf_changed":false,"footnotes":""},"categories":[8],"tags":[],"class_list":["post-2137","post","type-post","status-publish","format-standard","has-post-thumbnail","hentry","category-nieuws"],"acf":[],"yoast_head":"<!-- This site is optimized with the Yoast SEO plugin v26.3 - https:\/\/yoast.com\/wordpress\/plugins\/seo\/ -->\n<title>Fonds voor duurzamer Limburg uitgebreid naar 268 miljoen euro - Ondernemend Venlo<\/title>\n<meta name=\"robots\" content=\"index, follow, max-snippet:-1, max-image-preview:large, max-video-preview:-1\" \/>\n<link rel=\"canonical\" href=\"https:\/\/www.ondernemendvenlo.nl\/fr\/fonds-voor-duurzamer-limburg-uitgebreid-naar-268-miljoen-euro\/\" \/>\n<meta property=\"og:locale\" content=\"fr_FR\" \/>\n<meta property=\"og:type\" content=\"article\" \/>\n<meta property=\"og:title\" content=\"Fonds voor duurzamer Limburg uitgebreid naar 268 miljoen euro - Ondernemend Venlo\" \/>\n<meta property=\"og:description\" content=\"LIMBURG &#8211; Het Limburgs Energiefonds (LEF) wordt flink uitgebreid naar van 90 miljoen euro naar 268 miljoen euro. Initiatieven vanuit het bedrijfsleven en de samenleving kunnen gebruik maken van het fonds om projecten mee te financieren waarbij duurzame energie wordt opgewekt en de CO2-uitstoot wordt teruggedrongen. Het fonds is opgericht in 2013 en voorziet in [&hellip;]\" \/>\n<meta property=\"og:url\" content=\"https:\/\/www.ondernemendvenlo.nl\/fr\/fonds-voor-duurzamer-limburg-uitgebreid-naar-268-miljoen-euro\/\" \/>\n<meta property=\"og:site_name\" content=\"Ondernemend Venlo\" \/>\n<meta property=\"article:published_time\" content=\"2020-05-14T06:46:12+00:00\" \/>\n<meta property=\"og:image\" content=\"https:\/\/www.ondernemendvenlo.nl\/wp-content\/uploads\/2025\/04\/Zonnepanelen1-e1457523757971_3368319_9091022_9510691_8309903-scaled-1.jpg\" \/>\n\t<meta property=\"og:image:width\" content=\"2560\" \/>\n\t<meta property=\"og:image:height\" content=\"1302\" \/>\n\t<meta property=\"og:image:type\" content=\"image\/jpeg\" \/>\n<meta name=\"author\" content=\"admin\" \/>\n<meta name=\"twitter:card\" content=\"summary_large_image\" \/>\n<meta name=\"twitter:label1\" content=\"\u00c9crit par\" \/>\n\t<meta name=\"twitter:data1\" content=\"admin\" \/>\n\t<meta name=\"twitter:label2\" content=\"Dur\u00e9e de lecture estim\u00e9e\" \/>\n\t<meta name=\"twitter:data2\" content=\"1 minute\" \/>\n<script type=\"application\/ld+json\" class=\"yoast-schema-graph\">{\"@context\":\"https:\/\/schema.org\",\"@graph\":[{\"@type\":\"Article\",\"@id\":\"https:\/\/www.ondernemendvenlo.nl\/fonds-voor-duurzamer-limburg-uitgebreid-naar-268-miljoen-euro\/#article\",\"isPartOf\":{\"@id\":\"https:\/\/www.ondernemendvenlo.nl\/fonds-voor-duurzamer-limburg-uitgebreid-naar-268-miljoen-euro\/\"},\"author\":{\"name\":\"admin\",\"@id\":\"https:\/\/www.ondernemendvenlo.nl\/#\/schema\/person\/347e935f8ad4c7030608ef74bb57aa6e\"},\"headline\":\"Fonds voor duurzamer Limburg uitgebreid naar 268 miljoen euro\",\"datePublished\":\"2020-05-14T06:46:12+00:00\",\"mainEntityOfPage\":{\"@id\":\"https:\/\/www.ondernemendvenlo.nl\/fonds-voor-duurzamer-limburg-uitgebreid-naar-268-miljoen-euro\/\"},\"wordCount\":151,\"publisher\":{\"@id\":\"https:\/\/www.ondernemendvenlo.nl\/#organization\"},\"image\":{\"@id\":\"https:\/\/www.ondernemendvenlo.nl\/fonds-voor-duurzamer-limburg-uitgebreid-naar-268-miljoen-euro\/#primaryimage\"},\"thumbnailUrl\":\"https:\/\/www.ondernemendvenlo.nl\/wp-content\/uploads\/2025\/04\/Zonnepanelen1-e1457523757971_3368319_9091022_9510691_8309903-scaled-1.jpg\",\"articleSection\":[\"Nieuws\"],\"inLanguage\":\"fr-FR\"},{\"@type\":\"WebPage\",\"@id\":\"https:\/\/www.ondernemendvenlo.nl\/fonds-voor-duurzamer-limburg-uitgebreid-naar-268-miljoen-euro\/\",\"url\":\"https:\/\/www.ondernemendvenlo.nl\/fonds-voor-duurzamer-limburg-uitgebreid-naar-268-miljoen-euro\/\",\"name\":\"Fonds voor duurzamer Limburg uitgebreid naar 268 miljoen euro - Ondernemend Venlo\",\"isPartOf\":{\"@id\":\"https:\/\/www.ondernemendvenlo.nl\/#website\"},\"primaryImageOfPage\":{\"@id\":\"https:\/\/www.ondernemendvenlo.nl\/fonds-voor-duurzamer-limburg-uitgebreid-naar-268-miljoen-euro\/#primaryimage\"},\"image\":{\"@id\":\"https:\/\/www.ondernemendvenlo.nl\/fonds-voor-duurzamer-limburg-uitgebreid-naar-268-miljoen-euro\/#primaryimage\"},\"thumbnailUrl\":\"https:\/\/www.ondernemendvenlo.nl\/wp-content\/uploads\/2025\/04\/Zonnepanelen1-e1457523757971_3368319_9091022_9510691_8309903-scaled-1.jpg\",\"datePublished\":\"2020-05-14T06:46:12+00:00\",\"breadcrumb\":{\"@id\":\"https:\/\/www.ondernemendvenlo.nl\/fonds-voor-duurzamer-limburg-uitgebreid-naar-268-miljoen-euro\/#breadcrumb\"},\"inLanguage\":\"fr-FR\",\"potentialAction\":[{\"@type\":\"ReadAction\",\"target\":[\"https:\/\/www.ondernemendvenlo.nl\/fonds-voor-duurzamer-limburg-uitgebreid-naar-268-miljoen-euro\/\"]}]},{\"@type\":\"ImageObject\",\"inLanguage\":\"fr-FR\",\"@id\":\"https:\/\/www.ondernemendvenlo.nl\/fonds-voor-duurzamer-limburg-uitgebreid-naar-268-miljoen-euro\/#primaryimage\",\"url\":\"https:\/\/www.ondernemendvenlo.nl\/wp-content\/uploads\/2025\/04\/Zonnepanelen1-e1457523757971_3368319_9091022_9510691_8309903-scaled-1.jpg\",\"contentUrl\":\"https:\/\/www.ondernemendvenlo.nl\/wp-content\/uploads\/2025\/04\/Zonnepanelen1-e1457523757971_3368319_9091022_9510691_8309903-scaled-1.jpg\",\"width\":2560,\"height\":1302},{\"@type\":\"BreadcrumbList\",\"@id\":\"https:\/\/www.ondernemendvenlo.nl\/fonds-voor-duurzamer-limburg-uitgebreid-naar-268-miljoen-euro\/#breadcrumb\",\"itemListElement\":[{\"@type\":\"ListItem\",\"position\":1,\"name\":\"Ondernemend Venlo\",\"item\":\"https:\/\/www.ondernemendvenlo.nl\/\"},{\"@type\":\"ListItem\",\"position\":2,\"name\":\"Nieuws\",\"item\":\"https:\/\/www.ondernemendvenlo.nl\/categorie\/nieuws\/\"},{\"@type\":\"ListItem\",\"position\":3,\"name\":\"Fonds voor duurzamer Limburg uitgebreid naar 268 miljoen euro\"}]},{\"@type\":\"WebSite\",\"@id\":\"https:\/\/www.ondernemendvenlo.nl\/#website\",\"url\":\"https:\/\/www.ondernemendvenlo.nl\/\",\"name\":\"Ondernemend Venlo\",\"description\":\"Samen succesvol ondernemen\",\"publisher\":{\"@id\":\"https:\/\/www.ondernemendvenlo.nl\/#organization\"},\"potentialAction\":[{\"@type\":\"SearchAction\",\"target\":{\"@type\":\"EntryPoint\",\"urlTemplate\":\"https:\/\/www.ondernemendvenlo.nl\/?s={search_term_string}\"},\"query-input\":{\"@type\":\"PropertyValueSpecification\",\"valueRequired\":true,\"valueName\":\"search_term_string\"}}],\"inLanguage\":\"fr-FR\"},{\"@type\":\"Organization\",\"@id\":\"https:\/\/www.ondernemendvenlo.nl\/#organization\",\"name\":\"Ondernemend Venlo\",\"url\":\"https:\/\/www.ondernemendvenlo.nl\/\",\"logo\":{\"@type\":\"ImageObject\",\"inLanguage\":\"fr-FR\",\"@id\":\"https:\/\/www.ondernemendvenlo.nl\/#\/schema\/logo\/image\/\",\"url\":\"https:\/\/www.ondernemendvenlo.nl\/wp-content\/uploads\/2025\/02\/Ondernemend-Venlo-logo-scaled.webp\",\"contentUrl\":\"https:\/\/www.ondernemendvenlo.nl\/wp-content\/uploads\/2025\/02\/Ondernemend-Venlo-logo-scaled.webp\",\"width\":2560,\"height\":1010,\"caption\":\"Ondernemend Venlo\"},\"image\":{\"@id\":\"https:\/\/www.ondernemendvenlo.nl\/#\/schema\/logo\/image\/\"},\"sameAs\":[\"https:\/\/www.linkedin.com\/company\/ondernemend-venlo\/\"]},{\"@type\":\"Person\",\"@id\":\"https:\/\/www.ondernemendvenlo.nl\/#\/schema\/person\/347e935f8ad4c7030608ef74bb57aa6e\",\"name\":\"admin\",\"image\":{\"@type\":\"ImageObject\",\"inLanguage\":\"fr-FR\",\"@id\":\"https:\/\/www.ondernemendvenlo.nl\/#\/schema\/person\/image\/\",\"url\":\"https:\/\/www.ondernemendvenlo.nl\/wp-content\/litespeed\/avatar\/720af750b037aecf6e33e12833479059.jpg?ver=1777382954\",\"contentUrl\":\"https:\/\/www.ondernemendvenlo.nl\/wp-content\/litespeed\/avatar\/720af750b037aecf6e33e12833479059.jpg?ver=1777382954\",\"caption\":\"admin\"},\"sameAs\":[\"https:\/\/www.ondernemendvenlo.nl\"]}]}<\/script>\n<!-- \/ Yoast SEO plugin. -->","yoast_head_json":{"title":"Fonds voor duurzamer Limburg uitgebreid naar 268 miljoen euro - Ondernemend Venlo","robots":{"index":"index","follow":"follow","max-snippet":"max-snippet:-1","max-image-preview":"max-image-preview:large","max-video-preview":"max-video-preview:-1"},"canonical":"https:\/\/www.ondernemendvenlo.nl\/fr\/fonds-voor-duurzamer-limburg-uitgebreid-naar-268-miljoen-euro\/","og_locale":"fr_FR","og_type":"article","og_title":"Fonds voor duurzamer Limburg uitgebreid naar 268 miljoen euro - Ondernemend Venlo","og_description":"LIMBURG &#8211; Het Limburgs Energiefonds (LEF) wordt flink uitgebreid naar van 90 miljoen euro naar 268 miljoen euro. Initiatieven vanuit het bedrijfsleven en de samenleving kunnen gebruik maken van het fonds om projecten mee te financieren waarbij duurzame energie wordt opgewekt en de CO2-uitstoot wordt teruggedrongen. Het fonds is opgericht in 2013 en voorziet in [&hellip;]","og_url":"https:\/\/www.ondernemendvenlo.nl\/fr\/fonds-voor-duurzamer-limburg-uitgebreid-naar-268-miljoen-euro\/","og_site_name":"Ondernemend Venlo","article_published_time":"2020-05-14T06:46:12+00:00","og_image":[{"width":2560,"height":1302,"url":"https:\/\/www.ondernemendvenlo.nl\/wp-content\/uploads\/2025\/04\/Zonnepanelen1-e1457523757971_3368319_9091022_9510691_8309903-scaled-1.jpg","type":"image\/jpeg"}],"author":"admin","twitter_card":"summary_large_image","twitter_misc":{"\u00c9crit par":"admin","Dur\u00e9e de lecture estim\u00e9e":"1 minute"},"schema":{"@context":"https:\/\/schema.org","@graph":[{"@type":"Article","@id":"https:\/\/www.ondernemendvenlo.nl\/fonds-voor-duurzamer-limburg-uitgebreid-naar-268-miljoen-euro\/#article","isPartOf":{"@id":"https:\/\/www.ondernemendvenlo.nl\/fonds-voor-duurzamer-limburg-uitgebreid-naar-268-miljoen-euro\/"},"author":{"name":"admin","@id":"https:\/\/www.ondernemendvenlo.nl\/#\/schema\/person\/347e935f8ad4c7030608ef74bb57aa6e"},"headline":"Fonds voor duurzamer Limburg uitgebreid naar 268 miljoen euro","datePublished":"2020-05-14T06:46:12+00:00","mainEntityOfPage":{"@id":"https:\/\/www.ondernemendvenlo.nl\/fonds-voor-duurzamer-limburg-uitgebreid-naar-268-miljoen-euro\/"},"wordCount":151,"publisher":{"@id":"https:\/\/www.ondernemendvenlo.nl\/#organization"},"image":{"@id":"https:\/\/www.ondernemendvenlo.nl\/fonds-voor-duurzamer-limburg-uitgebreid-naar-268-miljoen-euro\/#primaryimage"},"thumbnailUrl":"https:\/\/www.ondernemendvenlo.nl\/wp-content\/uploads\/2025\/04\/Zonnepanelen1-e1457523757971_3368319_9091022_9510691_8309903-scaled-1.jpg","articleSection":["Nieuws"],"inLanguage":"fr-FR"},{"@type":"WebPage","@id":"https:\/\/www.ondernemendvenlo.nl\/fonds-voor-duurzamer-limburg-uitgebreid-naar-268-miljoen-euro\/","url":"https:\/\/www.ondernemendvenlo.nl\/fonds-voor-duurzamer-limburg-uitgebreid-naar-268-miljoen-euro\/","name":"Fonds voor duurzamer Limburg uitgebreid naar 268 miljoen euro - Ondernemend Venlo","isPartOf":{"@id":"https:\/\/www.ondernemendvenlo.nl\/#website"},"primaryImageOfPage":{"@id":"https:\/\/www.ondernemendvenlo.nl\/fonds-voor-duurzamer-limburg-uitgebreid-naar-268-miljoen-euro\/#primaryimage"},"image":{"@id":"https:\/\/www.ondernemendvenlo.nl\/fonds-voor-duurzamer-limburg-uitgebreid-naar-268-miljoen-euro\/#primaryimage"},"thumbnailUrl":"https:\/\/www.ondernemendvenlo.nl\/wp-content\/uploads\/2025\/04\/Zonnepanelen1-e1457523757971_3368319_9091022_9510691_8309903-scaled-1.jpg","datePublished":"2020-05-14T06:46:12+00:00","breadcrumb":{"@id":"https:\/\/www.ondernemendvenlo.nl\/fonds-voor-duurzamer-limburg-uitgebreid-naar-268-miljoen-euro\/#breadcrumb"},"inLanguage":"fr-FR","potentialAction":[{"@type":"ReadAction","target":["https:\/\/www.ondernemendvenlo.nl\/fonds-voor-duurzamer-limburg-uitgebreid-naar-268-miljoen-euro\/"]}]},{"@type":"ImageObject","inLanguage":"fr-FR","@id":"https:\/\/www.ondernemendvenlo.nl\/fonds-voor-duurzamer-limburg-uitgebreid-naar-268-miljoen-euro\/#primaryimage","url":"https:\/\/www.ondernemendvenlo.nl\/wp-content\/uploads\/2025\/04\/Zonnepanelen1-e1457523757971_3368319_9091022_9510691_8309903-scaled-1.jpg","contentUrl":"https:\/\/www.ondernemendvenlo.nl\/wp-content\/uploads\/2025\/04\/Zonnepanelen1-e1457523757971_3368319_9091022_9510691_8309903-scaled-1.jpg","width":2560,"height":1302},{"@type":"BreadcrumbList","@id":"https:\/\/www.ondernemendvenlo.nl\/fonds-voor-duurzamer-limburg-uitgebreid-naar-268-miljoen-euro\/#breadcrumb","itemListElement":[{"@type":"ListItem","position":1,"name":"Ondernemend Venlo","item":"https:\/\/www.ondernemendvenlo.nl\/"},{"@type":"ListItem","position":2,"name":"Nieuws","item":"https:\/\/www.ondernemendvenlo.nl\/categorie\/nieuws\/"},{"@type":"ListItem","position":3,"name":"Fonds voor duurzamer Limburg uitgebreid naar 268 miljoen euro"}]},{"@type":"WebSite","@id":"https:\/\/www.ondernemendvenlo.nl\/#website","url":"https:\/\/www.ondernemendvenlo.nl\/","name":"Venlo entrepreneurial","description":"Travailler ensemble avec succ\u00e8s","publisher":{"@id":"https:\/\/www.ondernemendvenlo.nl\/#organization"},"potentialAction":[{"@type":"SearchAction","target":{"@type":"EntryPoint","urlTemplate":"https:\/\/www.ondernemendvenlo.nl\/?s={search_term_string}"},"query-input":{"@type":"PropertyValueSpecification","valueRequired":true,"valueName":"search_term_string"}}],"inLanguage":"fr-FR"},{"@type":"Organization","@id":"https:\/\/www.ondernemendvenlo.nl\/#organization","name":"Venlo entrepreneurial","url":"https:\/\/www.ondernemendvenlo.nl\/","logo":{"@type":"ImageObject","inLanguage":"fr-FR","@id":"https:\/\/www.ondernemendvenlo.nl\/#\/schema\/logo\/image\/","url":"https:\/\/www.ondernemendvenlo.nl\/wp-content\/uploads\/2025\/02\/Ondernemend-Venlo-logo-scaled.webp","contentUrl":"https:\/\/www.ondernemendvenlo.nl\/wp-content\/uploads\/2025\/02\/Ondernemend-Venlo-logo-scaled.webp","width":2560,"height":1010,"caption":"Ondernemend Venlo"},"image":{"@id":"https:\/\/www.ondernemendvenlo.nl\/#\/schema\/logo\/image\/"},"sameAs":["https:\/\/www.linkedin.com\/company\/ondernemend-venlo\/"]},{"@type":"Person","@id":"https:\/\/www.ondernemendvenlo.nl\/#\/schema\/person\/347e935f8ad4c7030608ef74bb57aa6e","name":"admin","image":{"@type":"ImageObject","inLanguage":"fr-FR","@id":"https:\/\/www.ondernemendvenlo.nl\/#\/schema\/person\/image\/","url":"https:\/\/www.ondernemendvenlo.nl\/wp-content\/litespeed\/avatar\/720af750b037aecf6e33e12833479059.jpg?ver=1777382954","contentUrl":"https:\/\/www.ondernemendvenlo.nl\/wp-content\/litespeed\/avatar\/720af750b037aecf6e33e12833479059.jpg?ver=1777382954","caption":"admin"},"sameAs":["https:\/\/www.ondernemendvenlo.nl"]}]}},"_links":{"self":[{"href":"https:\/\/www.ondernemendvenlo.nl\/fr\/wp-json\/wp\/v2\/posts\/2137","targetHints":{"allow":["GET"]}}],"collection":[{"href":"https:\/\/www.ondernemendvenlo.nl\/fr\/wp-json\/wp\/v2\/posts"}],"about":[{"href":"https:\/\/www.ondernemendvenlo.nl\/fr\/wp-json\/wp\/v2\/types\/post"}],"author":[{"embeddable":true,"href":"https:\/\/www.ondernemendvenlo.nl\/fr\/wp-json\/wp\/v2\/users\/1"}],"replies":[{"embeddable":true,"href":"https:\/\/www.ondernemendvenlo.nl\/fr\/wp-json\/wp\/v2\/comments?post=2137"}],"version-history":[{"count":0,"href":"https:\/\/www.ondernemendvenlo.nl\/fr\/wp-json\/wp\/v2\/posts\/2137\/revisions"}],"wp:featuredmedia":[{"embeddable":true,"href":"https:\/\/www.ondernemendvenlo.nl\/fr\/wp-json\/wp\/v2\/media\/2138"}],"wp:attachment":[{"href":"https:\/\/www.ondernemendvenlo.nl\/fr\/wp-json\/wp\/v2\/media?parent=2137"}],"wp:term":[{"taxonomy":"category","embeddable":true,"href":"https:\/\/www.ondernemendvenlo.nl\/fr\/wp-json\/wp\/v2\/categories?post=2137"},{"taxonomy":"post_tag","embeddable":true,"href":"https:\/\/www.ondernemendvenlo.nl\/fr\/wp-json\/wp\/v2\/tags?post=2137"}],"curies":[{"name":"wp","href":"https:\/\/api.w.org\/{rel}","templated":true}]}}