{"id":2169,"date":"2020-06-02T13:50:00","date_gmt":"2020-06-02T11:50:00","guid":{"rendered":"https:\/\/www.ondernemendvenlo.nl\/statusupdate-inzake-ontwikkeling-van-albertushof\/"},"modified":"2020-06-02T13:50:00","modified_gmt":"2020-06-02T11:50:00","slug":"statusupdate-inzake-ontwikkeling-van-albertushof","status":"publish","type":"post","link":"https:\/\/www.ondernemendvenlo.nl\/fr\/statusupdate-inzake-ontwikkeling-van-albertushof\/","title":{"rendered":"Statusupdate inzake ontwikkeling van Albertushof"},"content":{"rendered":"<p><strong>VENLO &#8211; Ondernemend Venlo heeft als belangenbehartiger voor de ondernemers in 2018 een enqu\u00eate uitgeschreven inzake deze plannen en hebben wij de uitkomsten van deze enqu\u00eate gedeeld met u en de gemeente Venlo. Ook hebben wij met u afgesproken om u periodiek op de hoogte te houden van de ontwikkelingen.<\/strong><\/p>\n<p>De gemeente heeft het bestuur bevestigd dat de\u00a0initiatiefnemers van het plan voor de ontwikkeling van Albertushof op bedrijventerrein Noorderpoort\u00a0v\u00f3\u00f3r 1 maart 2020 stukken heeft aangeleverd die benodigd zijn bij de beoordeling en besluitvorming omtrent een ontwerp bestemmingsplan. De aangeleverde documenten worden thans beoordeeld door de gemeente. Van verdere besluitvorming is nog geen sprake.<\/p>\n<p><strong>Toezegging<\/strong><br \/>\nDe gemeente heeft toegezegd het bestuur nader te informeren zodra er ontwikkelingen zijn. Daarna zullen wij u uiteraard zo spoedig mogelijk nader infomeren, mede met het oog op de termijn voor het indienen van een zienswijze.<\/p>\n<p>Eerder bericht:<\/p>\n<blockquote class=\"wp-embedded-content\" data-secret=\"BIYDKfvcvH\">\n<p><a href=\"https:\/\/www.ondernemendvenlo.nl\/fr\/statusupdate-inzake-plannen-arbeidsmigrantenhuisvesting-op-albertushof\/\" class=\"external\" target=\"_blank\" rel=\"noopener noreferrer\">Statusupdate inzake plannen arbeidsmigrantenhuisvesting op Albertushof<\/a><\/p>\n<\/blockquote>","protected":false},"excerpt":{"rendered":"<p>VENLO &#8211; Ondernemend Venlo heeft als belangenbehartiger voor de ondernemers in 2018 een enqu\u00eate uitgeschreven inzake deze plannen en hebben wij de uitkomsten van deze enqu\u00eate gedeeld met u en de gemeente Venlo. Ook hebben wij met u afgesproken om u periodiek op de hoogte te houden van de ontwikkelingen. De gemeente heeft het bestuur [&hellip;]<\/p>","protected":false},"author":1,"featured_media":2170,"comment_status":"closed","ping_status":"open","sticky":false,"template":"","format":"standard","meta":{"_acf_changed":false,"footnotes":""},"categories":[8],"tags":[],"class_list":["post-2169","post","type-post","status-publish","format-standard","has-post-thumbnail","hentry","category-nieuws"],"acf":[],"yoast_head":"<!-- This site is optimized with the Yoast SEO plugin v26.3 - https:\/\/yoast.com\/wordpress\/plugins\/seo\/ -->\n<title>Statusupdate inzake ontwikkeling van Albertushof - Ondernemend Venlo<\/title>\n<meta name=\"robots\" content=\"index, follow, max-snippet:-1, max-image-preview:large, max-video-preview:-1\" \/>\n<link rel=\"canonical\" href=\"https:\/\/www.ondernemendvenlo.nl\/fr\/statusupdate-inzake-ontwikkeling-van-albertushof\/\" \/>\n<meta property=\"og:locale\" content=\"fr_FR\" \/>\n<meta property=\"og:type\" content=\"article\" \/>\n<meta property=\"og:title\" content=\"Statusupdate inzake ontwikkeling van Albertushof - Ondernemend Venlo\" \/>\n<meta property=\"og:description\" content=\"VENLO &#8211; Ondernemend Venlo heeft als belangenbehartiger voor de ondernemers in 2018 een enqu\u00eate uitgeschreven inzake deze plannen en hebben wij de uitkomsten van deze enqu\u00eate gedeeld met u en de gemeente Venlo. Ook hebben wij met u afgesproken om u periodiek op de hoogte te houden van de ontwikkelingen. De gemeente heeft het bestuur [&hellip;]\" \/>\n<meta property=\"og:url\" content=\"https:\/\/www.ondernemendvenlo.nl\/fr\/statusupdate-inzake-ontwikkeling-van-albertushof\/\" \/>\n<meta property=\"og:site_name\" content=\"Ondernemend Venlo\" \/>\n<meta property=\"article:published_time\" content=\"2020-06-02T11:50:00+00:00\" \/>\n<meta property=\"og:image\" content=\"https:\/\/www.ondernemendvenlo.nl\/wp-content\/uploads\/2025\/04\/Schermafbeelding-2020-06-03-om-09.52.19-1024x508.png\" \/>\n\t<meta property=\"og:image:width\" content=\"1024\" \/>\n\t<meta property=\"og:image:height\" content=\"508\" \/>\n\t<meta property=\"og:image:type\" content=\"image\/png\" \/>\n<meta name=\"author\" content=\"admin\" \/>\n<meta name=\"twitter:card\" content=\"summary_large_image\" \/>\n<meta name=\"twitter:label1\" content=\"\u00c9crit par\" \/>\n\t<meta name=\"twitter:data1\" content=\"admin\" \/>\n\t<meta name=\"twitter:label2\" content=\"Dur\u00e9e de lecture estim\u00e9e\" \/>\n\t<meta name=\"twitter:data2\" content=\"1 minute\" \/>\n<script type=\"application\/ld+json\" class=\"yoast-schema-graph\">{\"@context\":\"https:\/\/schema.org\",\"@graph\":[{\"@type\":\"Article\",\"@id\":\"https:\/\/www.ondernemendvenlo.nl\/statusupdate-inzake-ontwikkeling-van-albertushof\/#article\",\"isPartOf\":{\"@id\":\"https:\/\/www.ondernemendvenlo.nl\/statusupdate-inzake-ontwikkeling-van-albertushof\/\"},\"author\":{\"name\":\"admin\",\"@id\":\"https:\/\/www.ondernemendvenlo.nl\/#\/schema\/person\/347e935f8ad4c7030608ef74bb57aa6e\"},\"headline\":\"Statusupdate inzake ontwikkeling van Albertushof\",\"datePublished\":\"2020-06-02T11:50:00+00:00\",\"mainEntityOfPage\":{\"@id\":\"https:\/\/www.ondernemendvenlo.nl\/statusupdate-inzake-ontwikkeling-van-albertushof\/\"},\"wordCount\":154,\"publisher\":{\"@id\":\"https:\/\/www.ondernemendvenlo.nl\/#organization\"},\"image\":{\"@id\":\"https:\/\/www.ondernemendvenlo.nl\/statusupdate-inzake-ontwikkeling-van-albertushof\/#primaryimage\"},\"thumbnailUrl\":\"https:\/\/www.ondernemendvenlo.nl\/wp-content\/uploads\/2025\/04\/Schermafbeelding-2020-06-03-om-09.52.19.png\",\"articleSection\":[\"Nieuws\"],\"inLanguage\":\"fr-FR\"},{\"@type\":\"WebPage\",\"@id\":\"https:\/\/www.ondernemendvenlo.nl\/statusupdate-inzake-ontwikkeling-van-albertushof\/\",\"url\":\"https:\/\/www.ondernemendvenlo.nl\/statusupdate-inzake-ontwikkeling-van-albertushof\/\",\"name\":\"Statusupdate inzake ontwikkeling van Albertushof - Ondernemend Venlo\",\"isPartOf\":{\"@id\":\"https:\/\/www.ondernemendvenlo.nl\/#website\"},\"primaryImageOfPage\":{\"@id\":\"https:\/\/www.ondernemendvenlo.nl\/statusupdate-inzake-ontwikkeling-van-albertushof\/#primaryimage\"},\"image\":{\"@id\":\"https:\/\/www.ondernemendvenlo.nl\/statusupdate-inzake-ontwikkeling-van-albertushof\/#primaryimage\"},\"thumbnailUrl\":\"https:\/\/www.ondernemendvenlo.nl\/wp-content\/uploads\/2025\/04\/Schermafbeelding-2020-06-03-om-09.52.19.png\",\"datePublished\":\"2020-06-02T11:50:00+00:00\",\"breadcrumb\":{\"@id\":\"https:\/\/www.ondernemendvenlo.nl\/statusupdate-inzake-ontwikkeling-van-albertushof\/#breadcrumb\"},\"inLanguage\":\"fr-FR\",\"potentialAction\":[{\"@type\":\"ReadAction\",\"target\":[\"https:\/\/www.ondernemendvenlo.nl\/statusupdate-inzake-ontwikkeling-van-albertushof\/\"]}]},{\"@type\":\"ImageObject\",\"inLanguage\":\"fr-FR\",\"@id\":\"https:\/\/www.ondernemendvenlo.nl\/statusupdate-inzake-ontwikkeling-van-albertushof\/#primaryimage\",\"url\":\"https:\/\/www.ondernemendvenlo.nl\/wp-content\/uploads\/2025\/04\/Schermafbeelding-2020-06-03-om-09.52.19.png\",\"contentUrl\":\"https:\/\/www.ondernemendvenlo.nl\/wp-content\/uploads\/2025\/04\/Schermafbeelding-2020-06-03-om-09.52.19.png\",\"width\":1084,\"height\":538},{\"@type\":\"BreadcrumbList\",\"@id\":\"https:\/\/www.ondernemendvenlo.nl\/statusupdate-inzake-ontwikkeling-van-albertushof\/#breadcrumb\",\"itemListElement\":[{\"@type\":\"ListItem\",\"position\":1,\"name\":\"Ondernemend Venlo\",\"item\":\"https:\/\/www.ondernemendvenlo.nl\/\"},{\"@type\":\"ListItem\",\"position\":2,\"name\":\"Nieuws\",\"item\":\"https:\/\/www.ondernemendvenlo.nl\/categorie\/nieuws\/\"},{\"@type\":\"ListItem\",\"position\":3,\"name\":\"Statusupdate inzake ontwikkeling van Albertushof\"}]},{\"@type\":\"WebSite\",\"@id\":\"https:\/\/www.ondernemendvenlo.nl\/#website\",\"url\":\"https:\/\/www.ondernemendvenlo.nl\/\",\"name\":\"Ondernemend Venlo\",\"description\":\"Samen succesvol ondernemen\",\"publisher\":{\"@id\":\"https:\/\/www.ondernemendvenlo.nl\/#organization\"},\"potentialAction\":[{\"@type\":\"SearchAction\",\"target\":{\"@type\":\"EntryPoint\",\"urlTemplate\":\"https:\/\/www.ondernemendvenlo.nl\/?s={search_term_string}\"},\"query-input\":{\"@type\":\"PropertyValueSpecification\",\"valueRequired\":true,\"valueName\":\"search_term_string\"}}],\"inLanguage\":\"fr-FR\"},{\"@type\":\"Organization\",\"@id\":\"https:\/\/www.ondernemendvenlo.nl\/#organization\",\"name\":\"Ondernemend Venlo\",\"url\":\"https:\/\/www.ondernemendvenlo.nl\/\",\"logo\":{\"@type\":\"ImageObject\",\"inLanguage\":\"fr-FR\",\"@id\":\"https:\/\/www.ondernemendvenlo.nl\/#\/schema\/logo\/image\/\",\"url\":\"https:\/\/www.ondernemendvenlo.nl\/wp-content\/uploads\/2025\/02\/Ondernemend-Venlo-logo-scaled.webp\",\"contentUrl\":\"https:\/\/www.ondernemendvenlo.nl\/wp-content\/uploads\/2025\/02\/Ondernemend-Venlo-logo-scaled.webp\",\"width\":2560,\"height\":1010,\"caption\":\"Ondernemend Venlo\"},\"image\":{\"@id\":\"https:\/\/www.ondernemendvenlo.nl\/#\/schema\/logo\/image\/\"},\"sameAs\":[\"https:\/\/www.linkedin.com\/company\/ondernemend-venlo\/\"]},{\"@type\":\"Person\",\"@id\":\"https:\/\/www.ondernemendvenlo.nl\/#\/schema\/person\/347e935f8ad4c7030608ef74bb57aa6e\",\"name\":\"admin\",\"image\":{\"@type\":\"ImageObject\",\"inLanguage\":\"fr-FR\",\"@id\":\"https:\/\/www.ondernemendvenlo.nl\/#\/schema\/person\/image\/\",\"url\":\"https:\/\/www.ondernemendvenlo.nl\/wp-content\/litespeed\/avatar\/720af750b037aecf6e33e12833479059.jpg?ver=1777382954\",\"contentUrl\":\"https:\/\/www.ondernemendvenlo.nl\/wp-content\/litespeed\/avatar\/720af750b037aecf6e33e12833479059.jpg?ver=1777382954\",\"caption\":\"admin\"},\"sameAs\":[\"https:\/\/www.ondernemendvenlo.nl\"]}]}<\/script>\n<!-- \/ Yoast SEO plugin. -->","yoast_head_json":{"title":"Statusupdate inzake ontwikkeling van Albertushof - Ondernemend Venlo","robots":{"index":"index","follow":"follow","max-snippet":"max-snippet:-1","max-image-preview":"max-image-preview:large","max-video-preview":"max-video-preview:-1"},"canonical":"https:\/\/www.ondernemendvenlo.nl\/fr\/statusupdate-inzake-ontwikkeling-van-albertushof\/","og_locale":"fr_FR","og_type":"article","og_title":"Statusupdate inzake ontwikkeling van Albertushof - Ondernemend Venlo","og_description":"VENLO &#8211; Ondernemend Venlo heeft als belangenbehartiger voor de ondernemers in 2018 een enqu\u00eate uitgeschreven inzake deze plannen en hebben wij de uitkomsten van deze enqu\u00eate gedeeld met u en de gemeente Venlo. Ook hebben wij met u afgesproken om u periodiek op de hoogte te houden van de ontwikkelingen. De gemeente heeft het bestuur [&hellip;]","og_url":"https:\/\/www.ondernemendvenlo.nl\/fr\/statusupdate-inzake-ontwikkeling-van-albertushof\/","og_site_name":"Ondernemend Venlo","article_published_time":"2020-06-02T11:50:00+00:00","og_image":[{"width":1024,"height":508,"url":"https:\/\/www.ondernemendvenlo.nl\/wp-content\/uploads\/2025\/04\/Schermafbeelding-2020-06-03-om-09.52.19-1024x508.png","type":"image\/png"}],"author":"admin","twitter_card":"summary_large_image","twitter_misc":{"\u00c9crit par":"admin","Dur\u00e9e de lecture estim\u00e9e":"1 minute"},"schema":{"@context":"https:\/\/schema.org","@graph":[{"@type":"Article","@id":"https:\/\/www.ondernemendvenlo.nl\/statusupdate-inzake-ontwikkeling-van-albertushof\/#article","isPartOf":{"@id":"https:\/\/www.ondernemendvenlo.nl\/statusupdate-inzake-ontwikkeling-van-albertushof\/"},"author":{"name":"admin","@id":"https:\/\/www.ondernemendvenlo.nl\/#\/schema\/person\/347e935f8ad4c7030608ef74bb57aa6e"},"headline":"Statusupdate inzake ontwikkeling van Albertushof","datePublished":"2020-06-02T11:50:00+00:00","mainEntityOfPage":{"@id":"https:\/\/www.ondernemendvenlo.nl\/statusupdate-inzake-ontwikkeling-van-albertushof\/"},"wordCount":154,"publisher":{"@id":"https:\/\/www.ondernemendvenlo.nl\/#organization"},"image":{"@id":"https:\/\/www.ondernemendvenlo.nl\/statusupdate-inzake-ontwikkeling-van-albertushof\/#primaryimage"},"thumbnailUrl":"https:\/\/www.ondernemendvenlo.nl\/wp-content\/uploads\/2025\/04\/Schermafbeelding-2020-06-03-om-09.52.19.png","articleSection":["Nieuws"],"inLanguage":"fr-FR"},{"@type":"WebPage","@id":"https:\/\/www.ondernemendvenlo.nl\/statusupdate-inzake-ontwikkeling-van-albertushof\/","url":"https:\/\/www.ondernemendvenlo.nl\/statusupdate-inzake-ontwikkeling-van-albertushof\/","name":"Statusupdate inzake ontwikkeling van Albertushof - Ondernemend Venlo","isPartOf":{"@id":"https:\/\/www.ondernemendvenlo.nl\/#website"},"primaryImageOfPage":{"@id":"https:\/\/www.ondernemendvenlo.nl\/statusupdate-inzake-ontwikkeling-van-albertushof\/#primaryimage"},"image":{"@id":"https:\/\/www.ondernemendvenlo.nl\/statusupdate-inzake-ontwikkeling-van-albertushof\/#primaryimage"},"thumbnailUrl":"https:\/\/www.ondernemendvenlo.nl\/wp-content\/uploads\/2025\/04\/Schermafbeelding-2020-06-03-om-09.52.19.png","datePublished":"2020-06-02T11:50:00+00:00","breadcrumb":{"@id":"https:\/\/www.ondernemendvenlo.nl\/statusupdate-inzake-ontwikkeling-van-albertushof\/#breadcrumb"},"inLanguage":"fr-FR","potentialAction":[{"@type":"ReadAction","target":["https:\/\/www.ondernemendvenlo.nl\/statusupdate-inzake-ontwikkeling-van-albertushof\/"]}]},{"@type":"ImageObject","inLanguage":"fr-FR","@id":"https:\/\/www.ondernemendvenlo.nl\/statusupdate-inzake-ontwikkeling-van-albertushof\/#primaryimage","url":"https:\/\/www.ondernemendvenlo.nl\/wp-content\/uploads\/2025\/04\/Schermafbeelding-2020-06-03-om-09.52.19.png","contentUrl":"https:\/\/www.ondernemendvenlo.nl\/wp-content\/uploads\/2025\/04\/Schermafbeelding-2020-06-03-om-09.52.19.png","width":1084,"height":538},{"@type":"BreadcrumbList","@id":"https:\/\/www.ondernemendvenlo.nl\/statusupdate-inzake-ontwikkeling-van-albertushof\/#breadcrumb","itemListElement":[{"@type":"ListItem","position":1,"name":"Ondernemend Venlo","item":"https:\/\/www.ondernemendvenlo.nl\/"},{"@type":"ListItem","position":2,"name":"Nieuws","item":"https:\/\/www.ondernemendvenlo.nl\/categorie\/nieuws\/"},{"@type":"ListItem","position":3,"name":"Statusupdate inzake ontwikkeling van Albertushof"}]},{"@type":"WebSite","@id":"https:\/\/www.ondernemendvenlo.nl\/#website","url":"https:\/\/www.ondernemendvenlo.nl\/","name":"Venlo entrepreneurial","description":"Travailler ensemble avec succ\u00e8s","publisher":{"@id":"https:\/\/www.ondernemendvenlo.nl\/#organization"},"potentialAction":[{"@type":"SearchAction","target":{"@type":"EntryPoint","urlTemplate":"https:\/\/www.ondernemendvenlo.nl\/?s={search_term_string}"},"query-input":{"@type":"PropertyValueSpecification","valueRequired":true,"valueName":"search_term_string"}}],"inLanguage":"fr-FR"},{"@type":"Organization","@id":"https:\/\/www.ondernemendvenlo.nl\/#organization","name":"Venlo entrepreneurial","url":"https:\/\/www.ondernemendvenlo.nl\/","logo":{"@type":"ImageObject","inLanguage":"fr-FR","@id":"https:\/\/www.ondernemendvenlo.nl\/#\/schema\/logo\/image\/","url":"https:\/\/www.ondernemendvenlo.nl\/wp-content\/uploads\/2025\/02\/Ondernemend-Venlo-logo-scaled.webp","contentUrl":"https:\/\/www.ondernemendvenlo.nl\/wp-content\/uploads\/2025\/02\/Ondernemend-Venlo-logo-scaled.webp","width":2560,"height":1010,"caption":"Ondernemend Venlo"},"image":{"@id":"https:\/\/www.ondernemendvenlo.nl\/#\/schema\/logo\/image\/"},"sameAs":["https:\/\/www.linkedin.com\/company\/ondernemend-venlo\/"]},{"@type":"Person","@id":"https:\/\/www.ondernemendvenlo.nl\/#\/schema\/person\/347e935f8ad4c7030608ef74bb57aa6e","name":"admin","image":{"@type":"ImageObject","inLanguage":"fr-FR","@id":"https:\/\/www.ondernemendvenlo.nl\/#\/schema\/person\/image\/","url":"https:\/\/www.ondernemendvenlo.nl\/wp-content\/litespeed\/avatar\/720af750b037aecf6e33e12833479059.jpg?ver=1777382954","contentUrl":"https:\/\/www.ondernemendvenlo.nl\/wp-content\/litespeed\/avatar\/720af750b037aecf6e33e12833479059.jpg?ver=1777382954","caption":"admin"},"sameAs":["https:\/\/www.ondernemendvenlo.nl"]}]}},"_links":{"self":[{"href":"https:\/\/www.ondernemendvenlo.nl\/fr\/wp-json\/wp\/v2\/posts\/2169","targetHints":{"allow":["GET"]}}],"collection":[{"href":"https:\/\/www.ondernemendvenlo.nl\/fr\/wp-json\/wp\/v2\/posts"}],"about":[{"href":"https:\/\/www.ondernemendvenlo.nl\/fr\/wp-json\/wp\/v2\/types\/post"}],"author":[{"embeddable":true,"href":"https:\/\/www.ondernemendvenlo.nl\/fr\/wp-json\/wp\/v2\/users\/1"}],"replies":[{"embeddable":true,"href":"https:\/\/www.ondernemendvenlo.nl\/fr\/wp-json\/wp\/v2\/comments?post=2169"}],"version-history":[{"count":0,"href":"https:\/\/www.ondernemendvenlo.nl\/fr\/wp-json\/wp\/v2\/posts\/2169\/revisions"}],"wp:featuredmedia":[{"embeddable":true,"href":"https:\/\/www.ondernemendvenlo.nl\/fr\/wp-json\/wp\/v2\/media\/2170"}],"wp:attachment":[{"href":"https:\/\/www.ondernemendvenlo.nl\/fr\/wp-json\/wp\/v2\/media?parent=2169"}],"wp:term":[{"taxonomy":"category","embeddable":true,"href":"https:\/\/www.ondernemendvenlo.nl\/fr\/wp-json\/wp\/v2\/categories?post=2169"},{"taxonomy":"post_tag","embeddable":true,"href":"https:\/\/www.ondernemendvenlo.nl\/fr\/wp-json\/wp\/v2\/tags?post=2169"}],"curies":[{"name":"wp","href":"https:\/\/api.w.org\/{rel}","templated":true}]}}