{"id":2193,"date":"2020-06-18T12:36:00","date_gmt":"2020-06-18T10:36:00","guid":{"rendered":"https:\/\/www.ondernemendvenlo.nl\/digitale-informatiesessies-a73-bij-knooppunt-zaarderheiken\/"},"modified":"2020-06-18T12:36:00","modified_gmt":"2020-06-18T10:36:00","slug":"digitale-informatiesessies-a73-bij-knooppunt-zaarderheiken","status":"publish","type":"post","link":"https:\/\/www.ondernemendvenlo.nl\/fr\/digitale-informatiesessies-a73-bij-knooppunt-zaarderheiken\/","title":{"rendered":"Digitale informatiesessies A73 bij knooppunt Zaarderheiken"},"content":{"rendered":"<p><strong>VENLO &#8211;<\/strong>\u00a0<strong>Rijkswaterstaat nodigt belangstellenden uit om deel te nemen aan \u00e9\u00e9n van de twee digitale informatiesessies over de uitbreiding van de A73 bij knooppunt Zaarderheiken. De oostelijke parallelbaan krijgt hier een extra rijstrook. De sessies vinden plaats op dinsdag 30 juni en donderdag 2 juli. <\/strong><\/p>\n<p>Minister Van Nieuwenhuizen (Infrastructuur en Waterstaat) heeft op 2 juni 2020 het ontwerptrac\u00e9besluit (OTB) voor de A67\/A73 Knooppunt Zaarderheiken ondertekend. De nieuwe rijstrook op de A73 in noordelijke richting begint bij aansluiting Maasbree en loopt tot en met aansluiting Venlo-West en tot de bocht naar de A67.<\/p>\n<p><strong>Dagelijkse file<\/strong><br \/>\nHet verkeer dat vanuit Roermond via de A73 naar Venlo rijdt staat bij knooppunt Zaarderheiken dagelijks in de file. In de spits kan de parallelbaan de hoeveelheid verkeer niet goed verwerken, omdat er maar \u00e9\u00e9n doorgaande rijstrook is. Rijkswaterstaat legt met medefinanciering door de provincie Limburg, op de oostelijke parallelbaan een extra rijstrook van circa 2 km aan om de doorstroming en veiligheid op de A73 te verbeteren. Naar verwachting beginnen de werkzaamheden in 2021.<\/p>\n<p><strong>Twee digitale sessies<br \/>\n<\/strong>Als alternatief voor de informatieavond die vanwege het coronavirus (COVID-19)niet kan plaatsvinden, organiseert Rijkswaterstaat twee webinars op dinsdag 30 juni en op donderdag 2 juli van 19.00 \u2013 20.30 uur. De nadruk ligt op het OTB, het wegontwerp, de maatregelen, de effecten op geluid en de ruimtelijke kwaliteit.<\/p>\n<p>Ge\u00efnteresseerden kunnen zich aanmelden voor \u00e9\u00e9n van de twee identieke digitale informatiesessies via de projectwebsite: <a href=\"http:\/\/www.rijkswaterstaat.nl\/a73zaarderheiken.\" class=\"external\" target=\"_blank\" rel=\"noopener noreferrer\">www.rijkswaterstaat.nl\/a73zaarderheiken.<\/a> Deelnemers worden verzocht direct vanaf het begin van de sessie deel te nemen. Het programma start met een presentatie en aansluitend is er de mogelijkheid om vragen te stellen. Na beide sessies wordt de presentie op de projectwebsite geplaatst.<\/p>\n<p><strong>Ontwerptrac\u00e9besluit<br \/>\n<\/strong>Het OTB is de verdere uitwerking van het voorkeurstrac\u00e9. Het OTB omvat het wegontwerp van het A67\/A73 Knooppunt Zaarderheiken met de bijkomende maatregelen. Er bestaat vanaf 11 juni de mogelijkheid om het OTB digitaal en op papier in te zien. Dit kan op het kantoor van Rijkswaterstaat in Maastricht of op het stadskantoor van Venlo (alleen op afspraak). Van 11 juni tot en met 22 juli 2020 kunnen belanghebbenden hun zienswijze op het OTB kenbaar maken. Dat kan digitaal, schriftelijk en mondeling. Kijk voor meer informatie op <a href=\"http:\/\/www.platformparticipatie.nl\/knooppuntzaarderheiken.\" class=\"external\" target=\"_blank\" rel=\"noopener noreferrer\">www.platformparticipatie.nl\/knooppuntzaarderheiken.<\/a><\/p>","protected":false},"excerpt":{"rendered":"<p>VENLO &#8211;\u00a0Rijkswaterstaat nodigt belangstellenden uit om deel te nemen aan \u00e9\u00e9n van de twee digitale informatiesessies over de uitbreiding van de A73 bij knooppunt Zaarderheiken. De oostelijke parallelbaan krijgt hier een extra rijstrook. De sessies vinden plaats op dinsdag 30 juni en donderdag 2 juli. Minister Van Nieuwenhuizen (Infrastructuur en Waterstaat) heeft op 2 juni [&hellip;]<\/p>","protected":false},"author":1,"featured_media":2194,"comment_status":"closed","ping_status":"open","sticky":false,"template":"","format":"standard","meta":{"_acf_changed":false,"footnotes":""},"categories":[8],"tags":[],"class_list":["post-2193","post","type-post","status-publish","format-standard","has-post-thumbnail","hentry","category-nieuws"],"acf":[],"yoast_head":"<!-- This site is optimized with the Yoast SEO plugin v26.3 - https:\/\/yoast.com\/wordpress\/plugins\/seo\/ -->\n<title>Digitale informatiesessies A73 bij knooppunt Zaarderheiken - Ondernemend Venlo<\/title>\n<meta name=\"robots\" content=\"index, follow, max-snippet:-1, max-image-preview:large, max-video-preview:-1\" \/>\n<link rel=\"canonical\" href=\"https:\/\/www.ondernemendvenlo.nl\/fr\/digitale-informatiesessies-a73-bij-knooppunt-zaarderheiken\/\" \/>\n<meta property=\"og:locale\" content=\"fr_FR\" \/>\n<meta property=\"og:type\" content=\"article\" \/>\n<meta property=\"og:title\" content=\"Digitale informatiesessies A73 bij knooppunt Zaarderheiken - Ondernemend Venlo\" \/>\n<meta property=\"og:description\" content=\"VENLO &#8211;\u00a0Rijkswaterstaat nodigt belangstellenden uit om deel te nemen aan \u00e9\u00e9n van de twee digitale informatiesessies over de uitbreiding van de A73 bij knooppunt Zaarderheiken. De oostelijke parallelbaan krijgt hier een extra rijstrook. De sessies vinden plaats op dinsdag 30 juni en donderdag 2 juli. Minister Van Nieuwenhuizen (Infrastructuur en Waterstaat) heeft op 2 juni [&hellip;]\" \/>\n<meta property=\"og:url\" content=\"https:\/\/www.ondernemendvenlo.nl\/fr\/digitale-informatiesessies-a73-bij-knooppunt-zaarderheiken\/\" \/>\n<meta property=\"og:site_name\" content=\"Ondernemend Venlo\" \/>\n<meta property=\"article:published_time\" content=\"2020-06-18T10:36:00+00:00\" \/>\n<meta property=\"og:image\" content=\"https:\/\/www.ondernemendvenlo.nl\/wp-content\/uploads\/2025\/04\/Schermafbeelding-2020-06-18-om-16.11.22-1024x683.png\" \/>\n\t<meta property=\"og:image:width\" content=\"1024\" \/>\n\t<meta property=\"og:image:height\" content=\"683\" \/>\n\t<meta property=\"og:image:type\" content=\"image\/png\" \/>\n<meta name=\"author\" content=\"admin\" \/>\n<meta name=\"twitter:card\" content=\"summary_large_image\" \/>\n<meta name=\"twitter:label1\" content=\"\u00c9crit par\" \/>\n\t<meta name=\"twitter:data1\" content=\"admin\" \/>\n\t<meta name=\"twitter:label2\" content=\"Dur\u00e9e de lecture estim\u00e9e\" \/>\n\t<meta name=\"twitter:data2\" content=\"2 minutes\" \/>\n<script type=\"application\/ld+json\" class=\"yoast-schema-graph\">{\"@context\":\"https:\/\/schema.org\",\"@graph\":[{\"@type\":\"Article\",\"@id\":\"https:\/\/www.ondernemendvenlo.nl\/digitale-informatiesessies-a73-bij-knooppunt-zaarderheiken\/#article\",\"isPartOf\":{\"@id\":\"https:\/\/www.ondernemendvenlo.nl\/digitale-informatiesessies-a73-bij-knooppunt-zaarderheiken\/\"},\"author\":{\"name\":\"admin\",\"@id\":\"https:\/\/www.ondernemendvenlo.nl\/#\/schema\/person\/347e935f8ad4c7030608ef74bb57aa6e\"},\"headline\":\"Digitale informatiesessies A73 bij knooppunt Zaarderheiken\",\"datePublished\":\"2020-06-18T10:36:00+00:00\",\"mainEntityOfPage\":{\"@id\":\"https:\/\/www.ondernemendvenlo.nl\/digitale-informatiesessies-a73-bij-knooppunt-zaarderheiken\/\"},\"wordCount\":368,\"publisher\":{\"@id\":\"https:\/\/www.ondernemendvenlo.nl\/#organization\"},\"image\":{\"@id\":\"https:\/\/www.ondernemendvenlo.nl\/digitale-informatiesessies-a73-bij-knooppunt-zaarderheiken\/#primaryimage\"},\"thumbnailUrl\":\"https:\/\/www.ondernemendvenlo.nl\/wp-content\/uploads\/2025\/04\/Schermafbeelding-2020-06-18-om-16.11.22.png\",\"articleSection\":[\"Nieuws\"],\"inLanguage\":\"fr-FR\"},{\"@type\":\"WebPage\",\"@id\":\"https:\/\/www.ondernemendvenlo.nl\/digitale-informatiesessies-a73-bij-knooppunt-zaarderheiken\/\",\"url\":\"https:\/\/www.ondernemendvenlo.nl\/digitale-informatiesessies-a73-bij-knooppunt-zaarderheiken\/\",\"name\":\"Digitale informatiesessies A73 bij knooppunt Zaarderheiken - Ondernemend Venlo\",\"isPartOf\":{\"@id\":\"https:\/\/www.ondernemendvenlo.nl\/#website\"},\"primaryImageOfPage\":{\"@id\":\"https:\/\/www.ondernemendvenlo.nl\/digitale-informatiesessies-a73-bij-knooppunt-zaarderheiken\/#primaryimage\"},\"image\":{\"@id\":\"https:\/\/www.ondernemendvenlo.nl\/digitale-informatiesessies-a73-bij-knooppunt-zaarderheiken\/#primaryimage\"},\"thumbnailUrl\":\"https:\/\/www.ondernemendvenlo.nl\/wp-content\/uploads\/2025\/04\/Schermafbeelding-2020-06-18-om-16.11.22.png\",\"datePublished\":\"2020-06-18T10:36:00+00:00\",\"breadcrumb\":{\"@id\":\"https:\/\/www.ondernemendvenlo.nl\/digitale-informatiesessies-a73-bij-knooppunt-zaarderheiken\/#breadcrumb\"},\"inLanguage\":\"fr-FR\",\"potentialAction\":[{\"@type\":\"ReadAction\",\"target\":[\"https:\/\/www.ondernemendvenlo.nl\/digitale-informatiesessies-a73-bij-knooppunt-zaarderheiken\/\"]}]},{\"@type\":\"ImageObject\",\"inLanguage\":\"fr-FR\",\"@id\":\"https:\/\/www.ondernemendvenlo.nl\/digitale-informatiesessies-a73-bij-knooppunt-zaarderheiken\/#primaryimage\",\"url\":\"https:\/\/www.ondernemendvenlo.nl\/wp-content\/uploads\/2025\/04\/Schermafbeelding-2020-06-18-om-16.11.22.png\",\"contentUrl\":\"https:\/\/www.ondernemendvenlo.nl\/wp-content\/uploads\/2025\/04\/Schermafbeelding-2020-06-18-om-16.11.22.png\",\"width\":3682,\"height\":2456},{\"@type\":\"BreadcrumbList\",\"@id\":\"https:\/\/www.ondernemendvenlo.nl\/digitale-informatiesessies-a73-bij-knooppunt-zaarderheiken\/#breadcrumb\",\"itemListElement\":[{\"@type\":\"ListItem\",\"position\":1,\"name\":\"Ondernemend Venlo\",\"item\":\"https:\/\/www.ondernemendvenlo.nl\/\"},{\"@type\":\"ListItem\",\"position\":2,\"name\":\"Nieuws\",\"item\":\"https:\/\/www.ondernemendvenlo.nl\/categorie\/nieuws\/\"},{\"@type\":\"ListItem\",\"position\":3,\"name\":\"Digitale informatiesessies A73 bij knooppunt Zaarderheiken\"}]},{\"@type\":\"WebSite\",\"@id\":\"https:\/\/www.ondernemendvenlo.nl\/#website\",\"url\":\"https:\/\/www.ondernemendvenlo.nl\/\",\"name\":\"Ondernemend Venlo\",\"description\":\"Samen succesvol ondernemen\",\"publisher\":{\"@id\":\"https:\/\/www.ondernemendvenlo.nl\/#organization\"},\"potentialAction\":[{\"@type\":\"SearchAction\",\"target\":{\"@type\":\"EntryPoint\",\"urlTemplate\":\"https:\/\/www.ondernemendvenlo.nl\/?s={search_term_string}\"},\"query-input\":{\"@type\":\"PropertyValueSpecification\",\"valueRequired\":true,\"valueName\":\"search_term_string\"}}],\"inLanguage\":\"fr-FR\"},{\"@type\":\"Organization\",\"@id\":\"https:\/\/www.ondernemendvenlo.nl\/#organization\",\"name\":\"Ondernemend Venlo\",\"url\":\"https:\/\/www.ondernemendvenlo.nl\/\",\"logo\":{\"@type\":\"ImageObject\",\"inLanguage\":\"fr-FR\",\"@id\":\"https:\/\/www.ondernemendvenlo.nl\/#\/schema\/logo\/image\/\",\"url\":\"https:\/\/www.ondernemendvenlo.nl\/wp-content\/uploads\/2025\/02\/Ondernemend-Venlo-logo-scaled.webp\",\"contentUrl\":\"https:\/\/www.ondernemendvenlo.nl\/wp-content\/uploads\/2025\/02\/Ondernemend-Venlo-logo-scaled.webp\",\"width\":2560,\"height\":1010,\"caption\":\"Ondernemend Venlo\"},\"image\":{\"@id\":\"https:\/\/www.ondernemendvenlo.nl\/#\/schema\/logo\/image\/\"},\"sameAs\":[\"https:\/\/www.linkedin.com\/company\/ondernemend-venlo\/\"]},{\"@type\":\"Person\",\"@id\":\"https:\/\/www.ondernemendvenlo.nl\/#\/schema\/person\/347e935f8ad4c7030608ef74bb57aa6e\",\"name\":\"admin\",\"image\":{\"@type\":\"ImageObject\",\"inLanguage\":\"fr-FR\",\"@id\":\"https:\/\/www.ondernemendvenlo.nl\/#\/schema\/person\/image\/\",\"url\":\"https:\/\/www.ondernemendvenlo.nl\/wp-content\/litespeed\/avatar\/720af750b037aecf6e33e12833479059.jpg?ver=1777382954\",\"contentUrl\":\"https:\/\/www.ondernemendvenlo.nl\/wp-content\/litespeed\/avatar\/720af750b037aecf6e33e12833479059.jpg?ver=1777382954\",\"caption\":\"admin\"},\"sameAs\":[\"https:\/\/www.ondernemendvenlo.nl\"]}]}<\/script>\n<!-- \/ Yoast SEO plugin. -->","yoast_head_json":{"title":"Digitale informatiesessies A73 bij knooppunt Zaarderheiken - Ondernemend Venlo","robots":{"index":"index","follow":"follow","max-snippet":"max-snippet:-1","max-image-preview":"max-image-preview:large","max-video-preview":"max-video-preview:-1"},"canonical":"https:\/\/www.ondernemendvenlo.nl\/fr\/digitale-informatiesessies-a73-bij-knooppunt-zaarderheiken\/","og_locale":"fr_FR","og_type":"article","og_title":"Digitale informatiesessies A73 bij knooppunt Zaarderheiken - Ondernemend Venlo","og_description":"VENLO &#8211;\u00a0Rijkswaterstaat nodigt belangstellenden uit om deel te nemen aan \u00e9\u00e9n van de twee digitale informatiesessies over de uitbreiding van de A73 bij knooppunt Zaarderheiken. De oostelijke parallelbaan krijgt hier een extra rijstrook. De sessies vinden plaats op dinsdag 30 juni en donderdag 2 juli. Minister Van Nieuwenhuizen (Infrastructuur en Waterstaat) heeft op 2 juni [&hellip;]","og_url":"https:\/\/www.ondernemendvenlo.nl\/fr\/digitale-informatiesessies-a73-bij-knooppunt-zaarderheiken\/","og_site_name":"Ondernemend Venlo","article_published_time":"2020-06-18T10:36:00+00:00","og_image":[{"width":1024,"height":683,"url":"https:\/\/www.ondernemendvenlo.nl\/wp-content\/uploads\/2025\/04\/Schermafbeelding-2020-06-18-om-16.11.22-1024x683.png","type":"image\/png"}],"author":"admin","twitter_card":"summary_large_image","twitter_misc":{"\u00c9crit par":"admin","Dur\u00e9e de lecture estim\u00e9e":"2 minutes"},"schema":{"@context":"https:\/\/schema.org","@graph":[{"@type":"Article","@id":"https:\/\/www.ondernemendvenlo.nl\/digitale-informatiesessies-a73-bij-knooppunt-zaarderheiken\/#article","isPartOf":{"@id":"https:\/\/www.ondernemendvenlo.nl\/digitale-informatiesessies-a73-bij-knooppunt-zaarderheiken\/"},"author":{"name":"admin","@id":"https:\/\/www.ondernemendvenlo.nl\/#\/schema\/person\/347e935f8ad4c7030608ef74bb57aa6e"},"headline":"Digitale informatiesessies A73 bij knooppunt Zaarderheiken","datePublished":"2020-06-18T10:36:00+00:00","mainEntityOfPage":{"@id":"https:\/\/www.ondernemendvenlo.nl\/digitale-informatiesessies-a73-bij-knooppunt-zaarderheiken\/"},"wordCount":368,"publisher":{"@id":"https:\/\/www.ondernemendvenlo.nl\/#organization"},"image":{"@id":"https:\/\/www.ondernemendvenlo.nl\/digitale-informatiesessies-a73-bij-knooppunt-zaarderheiken\/#primaryimage"},"thumbnailUrl":"https:\/\/www.ondernemendvenlo.nl\/wp-content\/uploads\/2025\/04\/Schermafbeelding-2020-06-18-om-16.11.22.png","articleSection":["Nieuws"],"inLanguage":"fr-FR"},{"@type":"WebPage","@id":"https:\/\/www.ondernemendvenlo.nl\/digitale-informatiesessies-a73-bij-knooppunt-zaarderheiken\/","url":"https:\/\/www.ondernemendvenlo.nl\/digitale-informatiesessies-a73-bij-knooppunt-zaarderheiken\/","name":"Digitale informatiesessies A73 bij knooppunt Zaarderheiken - Ondernemend Venlo","isPartOf":{"@id":"https:\/\/www.ondernemendvenlo.nl\/#website"},"primaryImageOfPage":{"@id":"https:\/\/www.ondernemendvenlo.nl\/digitale-informatiesessies-a73-bij-knooppunt-zaarderheiken\/#primaryimage"},"image":{"@id":"https:\/\/www.ondernemendvenlo.nl\/digitale-informatiesessies-a73-bij-knooppunt-zaarderheiken\/#primaryimage"},"thumbnailUrl":"https:\/\/www.ondernemendvenlo.nl\/wp-content\/uploads\/2025\/04\/Schermafbeelding-2020-06-18-om-16.11.22.png","datePublished":"2020-06-18T10:36:00+00:00","breadcrumb":{"@id":"https:\/\/www.ondernemendvenlo.nl\/digitale-informatiesessies-a73-bij-knooppunt-zaarderheiken\/#breadcrumb"},"inLanguage":"fr-FR","potentialAction":[{"@type":"ReadAction","target":["https:\/\/www.ondernemendvenlo.nl\/digitale-informatiesessies-a73-bij-knooppunt-zaarderheiken\/"]}]},{"@type":"ImageObject","inLanguage":"fr-FR","@id":"https:\/\/www.ondernemendvenlo.nl\/digitale-informatiesessies-a73-bij-knooppunt-zaarderheiken\/#primaryimage","url":"https:\/\/www.ondernemendvenlo.nl\/wp-content\/uploads\/2025\/04\/Schermafbeelding-2020-06-18-om-16.11.22.png","contentUrl":"https:\/\/www.ondernemendvenlo.nl\/wp-content\/uploads\/2025\/04\/Schermafbeelding-2020-06-18-om-16.11.22.png","width":3682,"height":2456},{"@type":"BreadcrumbList","@id":"https:\/\/www.ondernemendvenlo.nl\/digitale-informatiesessies-a73-bij-knooppunt-zaarderheiken\/#breadcrumb","itemListElement":[{"@type":"ListItem","position":1,"name":"Ondernemend Venlo","item":"https:\/\/www.ondernemendvenlo.nl\/"},{"@type":"ListItem","position":2,"name":"Nieuws","item":"https:\/\/www.ondernemendvenlo.nl\/categorie\/nieuws\/"},{"@type":"ListItem","position":3,"name":"Digitale informatiesessies A73 bij knooppunt Zaarderheiken"}]},{"@type":"WebSite","@id":"https:\/\/www.ondernemendvenlo.nl\/#website","url":"https:\/\/www.ondernemendvenlo.nl\/","name":"Venlo entrepreneurial","description":"Travailler ensemble avec succ\u00e8s","publisher":{"@id":"https:\/\/www.ondernemendvenlo.nl\/#organization"},"potentialAction":[{"@type":"SearchAction","target":{"@type":"EntryPoint","urlTemplate":"https:\/\/www.ondernemendvenlo.nl\/?s={search_term_string}"},"query-input":{"@type":"PropertyValueSpecification","valueRequired":true,"valueName":"search_term_string"}}],"inLanguage":"fr-FR"},{"@type":"Organization","@id":"https:\/\/www.ondernemendvenlo.nl\/#organization","name":"Venlo entrepreneurial","url":"https:\/\/www.ondernemendvenlo.nl\/","logo":{"@type":"ImageObject","inLanguage":"fr-FR","@id":"https:\/\/www.ondernemendvenlo.nl\/#\/schema\/logo\/image\/","url":"https:\/\/www.ondernemendvenlo.nl\/wp-content\/uploads\/2025\/02\/Ondernemend-Venlo-logo-scaled.webp","contentUrl":"https:\/\/www.ondernemendvenlo.nl\/wp-content\/uploads\/2025\/02\/Ondernemend-Venlo-logo-scaled.webp","width":2560,"height":1010,"caption":"Ondernemend Venlo"},"image":{"@id":"https:\/\/www.ondernemendvenlo.nl\/#\/schema\/logo\/image\/"},"sameAs":["https:\/\/www.linkedin.com\/company\/ondernemend-venlo\/"]},{"@type":"Person","@id":"https:\/\/www.ondernemendvenlo.nl\/#\/schema\/person\/347e935f8ad4c7030608ef74bb57aa6e","name":"admin","image":{"@type":"ImageObject","inLanguage":"fr-FR","@id":"https:\/\/www.ondernemendvenlo.nl\/#\/schema\/person\/image\/","url":"https:\/\/www.ondernemendvenlo.nl\/wp-content\/litespeed\/avatar\/720af750b037aecf6e33e12833479059.jpg?ver=1777382954","contentUrl":"https:\/\/www.ondernemendvenlo.nl\/wp-content\/litespeed\/avatar\/720af750b037aecf6e33e12833479059.jpg?ver=1777382954","caption":"admin"},"sameAs":["https:\/\/www.ondernemendvenlo.nl"]}]}},"_links":{"self":[{"href":"https:\/\/www.ondernemendvenlo.nl\/fr\/wp-json\/wp\/v2\/posts\/2193","targetHints":{"allow":["GET"]}}],"collection":[{"href":"https:\/\/www.ondernemendvenlo.nl\/fr\/wp-json\/wp\/v2\/posts"}],"about":[{"href":"https:\/\/www.ondernemendvenlo.nl\/fr\/wp-json\/wp\/v2\/types\/post"}],"author":[{"embeddable":true,"href":"https:\/\/www.ondernemendvenlo.nl\/fr\/wp-json\/wp\/v2\/users\/1"}],"replies":[{"embeddable":true,"href":"https:\/\/www.ondernemendvenlo.nl\/fr\/wp-json\/wp\/v2\/comments?post=2193"}],"version-history":[{"count":0,"href":"https:\/\/www.ondernemendvenlo.nl\/fr\/wp-json\/wp\/v2\/posts\/2193\/revisions"}],"wp:featuredmedia":[{"embeddable":true,"href":"https:\/\/www.ondernemendvenlo.nl\/fr\/wp-json\/wp\/v2\/media\/2194"}],"wp:attachment":[{"href":"https:\/\/www.ondernemendvenlo.nl\/fr\/wp-json\/wp\/v2\/media?parent=2193"}],"wp:term":[{"taxonomy":"category","embeddable":true,"href":"https:\/\/www.ondernemendvenlo.nl\/fr\/wp-json\/wp\/v2\/categories?post=2193"},{"taxonomy":"post_tag","embeddable":true,"href":"https:\/\/www.ondernemendvenlo.nl\/fr\/wp-json\/wp\/v2\/tags?post=2193"}],"curies":[{"name":"wp","href":"https:\/\/api.w.org\/{rel}","templated":true}]}}