{"id":2250,"date":"2020-08-21T09:07:21","date_gmt":"2020-08-21T07:07:21","guid":{"rendered":"https:\/\/www.ondernemendvenlo.nl\/a73-gedeeltelijk-afgesloten-van-28-tot-en-met-31-augustus\/"},"modified":"2020-08-21T09:07:21","modified_gmt":"2020-08-21T07:07:21","slug":"a73-gedeeltelijk-afgesloten-van-28-tot-en-met-31-augustus","status":"publish","type":"post","link":"https:\/\/www.ondernemendvenlo.nl\/fr\/a73-gedeeltelijk-afgesloten-van-28-tot-en-met-31-augustus\/","title":{"rendered":"A73 gedeeltelijk afgesloten van 28 tot en met 31 augustus"},"content":{"rendered":"<p><strong>VENLO &#8211; De A73 tussen knooppunt Tiglia en afrit (19) Roermond in de richting van Maastricht is afgesloten van vrijdag 28 augustus 20.00 uur tot maandag 31 augustus 05.00 uur. Rijkswaterstaat voert dan onderhoudswerkzaamheden uit aan het asfalt. Door de werkzaamheden zijn ook de tussenliggende op- en afritten afgesloten. Daarnaast is de A73 tussen oprit (13) Venlo-West en afrit (16) Venlo-Zuid in de richting van Maastricht afgesloten van vrijdag 28 augustus 20.00 uur tot zaterdag 29 augustus 10.00 uur. Weggebruikers dienen door omleidingen rekening te houden met extra reistijd die kan oplopen tot 30 minuten.<\/strong><\/p>\n<p>Tegelijkertijd is er ook nog een tijdelijke afsluiting van kracht ter hoogte van Venlo. In de avond en nacht van vrijdag 28 augustus 20.00 uur tot zaterdag 29 augustus 10.00 uur is de A73 ook tussen oprit (13) Venlo-West en afrit (16) Venlo-Zuid in de richting van Maastricht afgesloten in verband met onderhoudswerkzaamheden.<\/p>\n<p><strong>Afsluitingen<br \/>\n<\/strong>A73 tussen knooppunt Tiglia en afrit (19) Roermond richting Maastricht<br \/>\n&#8211; Op en afrit (17) Belfeld van de A73 richting Maastricht<br \/>\n&#8211; Op- en afrit (18) Beesel van de A73 richting Maastricht<br \/>\n&#8211; Afrit (19) Roermond van de A73 richting Maastricht<br \/>\n+ Vrijdag 28 augustus 20.00 uur tot maandag 31 augustus 05.00 uur.<\/p>\n<p>A73 tussen oprit (13) Venlo-West en afrit (16) Venlo-Zuid richting Maastricht<br \/>\n&#8211; Op- en afrit (14) Maasbree van de A73 richting Maastricht<br \/>\n&#8211; Oprit (15) komende vanaf de Groetweg in Venlo naar de A73 richting Maastricht<br \/>\n&#8211; Afrit (16) Venlo-Zuid richting Maastricht<br \/>\n+ Vrijdag 28 augustus 20.00 uur tot zaterdag 29 augustus 10.00 uur.<\/p>\n<p><strong>Omleidingsroute<br \/>\n<\/strong>Het verkeer ter hoogte van knooppunt Zaarderheiken in de richting van Maastricht wordt als volgt omgeleid:<br \/>\n&#8211; Volg de A73 tot afrit (14) Maasbree<br \/>\n&#8211; Ga direct na de afrit de N273 op richting Belgi\u00eb<br \/>\n&#8211; Neem oprit (41) Grathem van de A2 richting Maastricht<\/p>\n<p><strong>Weersgevoelige werkzaamheden<br \/>\n<\/strong>Onderhoudswerkzaamheden zijn weersgevoelig. Bij slecht weer kunnen de werkzaamheden mogelijk geen doorgang vinden en worden ze opnieuw ingepland.<\/p>\n<p><strong>Regulier onderhoud<br \/>\n<\/strong>Deze onderhoudswerkzaamheden vallen onder het Groot Variabel Onderhoudscontract 2020 dat Rijkswaterstaat laat uitvoeren. Het betreft regulier onderhoud dat wegennet, viaducten, bruggen en tunnels periodiek nodig hebben, zoals asfaltering, vervangen van voegovergangen en onderhoud aan de vangrail. Met als doel een vlotte en veilige doorstroming voor de weggebruiker.<\/p>\n<p><strong>Wegwerkzaamheden: veiligheid voorop<br \/>\n<\/strong>Rijkswaterstaat werkt dagelijks aan vlot en veilig verkeer. Daarvoor zetten wegwerkers en onze weginspecteurs zich dag en nacht in. Veiligheid staat hierbij voorop. Ook u kunt als weggebruiker een bijdrage leveren aan de veiligheid van wegwerkers \u00e9n uzelf: volg de aanwijzingen en respecteer de snelheidslimiet.<\/p>\n<p><strong>Plus d'informations<br \/>\n<\/strong>Heeft u vragen of opmerkingen over de werkzaamheden? Kijk op de pagina van de geplande werkzaamheden:<a href=\"http:\/\/www.rijkswaterstaat.nl\/werkzaamheden\" class=\"external\" target=\"_blank\" rel=\"noopener noreferrer\">www.rijkswaterstaat.nl\/werkzaamheden<\/a><\/p>\n<p>U kunt ook bellen met de Landelijke Informatielijn van Rijkswaterstaat: 0800-8002 (gratis).<\/p>","protected":false},"excerpt":{"rendered":"<p>VENLO &#8211; De A73 tussen knooppunt Tiglia en afrit (19) Roermond in de richting van Maastricht is afgesloten van vrijdag 28 augustus 20.00 uur tot maandag 31 augustus 05.00 uur. Rijkswaterstaat voert dan onderhoudswerkzaamheden uit aan het asfalt. Door de werkzaamheden zijn ook de tussenliggende op- en afritten afgesloten. Daarnaast is de A73 tussen oprit [&hellip;]<\/p>","protected":false},"author":1,"featured_media":2251,"comment_status":"closed","ping_status":"open","sticky":false,"template":"","format":"standard","meta":{"_acf_changed":false,"footnotes":""},"categories":[8],"tags":[],"class_list":["post-2250","post","type-post","status-publish","format-standard","has-post-thumbnail","hentry","category-nieuws"],"acf":[],"yoast_head":"<!-- This site is optimized with the Yoast SEO plugin v26.3 - https:\/\/yoast.com\/wordpress\/plugins\/seo\/ -->\n<title>A73 gedeeltelijk afgesloten van 28 tot en met 31 augustus - Ondernemend Venlo<\/title>\n<meta name=\"robots\" content=\"index, follow, max-snippet:-1, max-image-preview:large, max-video-preview:-1\" \/>\n<link rel=\"canonical\" href=\"https:\/\/www.ondernemendvenlo.nl\/fr\/a73-gedeeltelijk-afgesloten-van-28-tot-en-met-31-augustus\/\" \/>\n<meta property=\"og:locale\" content=\"fr_FR\" \/>\n<meta property=\"og:type\" content=\"article\" \/>\n<meta property=\"og:title\" content=\"A73 gedeeltelijk afgesloten van 28 tot en met 31 augustus - Ondernemend Venlo\" \/>\n<meta property=\"og:description\" content=\"VENLO &#8211; De A73 tussen knooppunt Tiglia en afrit (19) Roermond in de richting van Maastricht is afgesloten van vrijdag 28 augustus 20.00 uur tot maandag 31 augustus 05.00 uur. Rijkswaterstaat voert dan onderhoudswerkzaamheden uit aan het asfalt. Door de werkzaamheden zijn ook de tussenliggende op- en afritten afgesloten. Daarnaast is de A73 tussen oprit [&hellip;]\" \/>\n<meta property=\"og:url\" content=\"https:\/\/www.ondernemendvenlo.nl\/fr\/a73-gedeeltelijk-afgesloten-van-28-tot-en-met-31-augustus\/\" \/>\n<meta property=\"og:site_name\" content=\"Ondernemend Venlo\" \/>\n<meta property=\"article:published_time\" content=\"2020-08-21T07:07:21+00:00\" \/>\n<meta property=\"og:image\" content=\"https:\/\/www.ondernemendvenlo.nl\/wp-content\/uploads\/2025\/04\/RWS_A73-Beesel-Roermond-WEB-scaled-1.jpg\" \/>\n\t<meta property=\"og:image:width\" content=\"2560\" \/>\n\t<meta property=\"og:image:height\" content=\"1485\" \/>\n\t<meta property=\"og:image:type\" content=\"image\/jpeg\" \/>\n<meta name=\"author\" content=\"admin\" \/>\n<meta name=\"twitter:card\" content=\"summary_large_image\" \/>\n<meta name=\"twitter:label1\" content=\"\u00c9crit par\" \/>\n\t<meta name=\"twitter:data1\" content=\"admin\" \/>\n\t<meta name=\"twitter:label2\" content=\"Dur\u00e9e de lecture estim\u00e9e\" \/>\n\t<meta name=\"twitter:data2\" content=\"2 minutes\" \/>\n<script type=\"application\/ld+json\" class=\"yoast-schema-graph\">{\"@context\":\"https:\/\/schema.org\",\"@graph\":[{\"@type\":\"Article\",\"@id\":\"https:\/\/www.ondernemendvenlo.nl\/a73-gedeeltelijk-afgesloten-van-28-tot-en-met-31-augustus\/#article\",\"isPartOf\":{\"@id\":\"https:\/\/www.ondernemendvenlo.nl\/a73-gedeeltelijk-afgesloten-van-28-tot-en-met-31-augustus\/\"},\"author\":{\"name\":\"admin\",\"@id\":\"https:\/\/www.ondernemendvenlo.nl\/#\/schema\/person\/347e935f8ad4c7030608ef74bb57aa6e\"},\"headline\":\"A73 gedeeltelijk afgesloten van 28 tot en met 31 augustus\",\"datePublished\":\"2020-08-21T07:07:21+00:00\",\"mainEntityOfPage\":{\"@id\":\"https:\/\/www.ondernemendvenlo.nl\/a73-gedeeltelijk-afgesloten-van-28-tot-en-met-31-augustus\/\"},\"wordCount\":411,\"publisher\":{\"@id\":\"https:\/\/www.ondernemendvenlo.nl\/#organization\"},\"image\":{\"@id\":\"https:\/\/www.ondernemendvenlo.nl\/a73-gedeeltelijk-afgesloten-van-28-tot-en-met-31-augustus\/#primaryimage\"},\"thumbnailUrl\":\"https:\/\/www.ondernemendvenlo.nl\/wp-content\/uploads\/2025\/04\/RWS_A73-Beesel-Roermond-WEB-scaled-1.jpg\",\"articleSection\":[\"Nieuws\"],\"inLanguage\":\"fr-FR\"},{\"@type\":\"WebPage\",\"@id\":\"https:\/\/www.ondernemendvenlo.nl\/a73-gedeeltelijk-afgesloten-van-28-tot-en-met-31-augustus\/\",\"url\":\"https:\/\/www.ondernemendvenlo.nl\/a73-gedeeltelijk-afgesloten-van-28-tot-en-met-31-augustus\/\",\"name\":\"A73 gedeeltelijk afgesloten van 28 tot en met 31 augustus - Ondernemend Venlo\",\"isPartOf\":{\"@id\":\"https:\/\/www.ondernemendvenlo.nl\/#website\"},\"primaryImageOfPage\":{\"@id\":\"https:\/\/www.ondernemendvenlo.nl\/a73-gedeeltelijk-afgesloten-van-28-tot-en-met-31-augustus\/#primaryimage\"},\"image\":{\"@id\":\"https:\/\/www.ondernemendvenlo.nl\/a73-gedeeltelijk-afgesloten-van-28-tot-en-met-31-augustus\/#primaryimage\"},\"thumbnailUrl\":\"https:\/\/www.ondernemendvenlo.nl\/wp-content\/uploads\/2025\/04\/RWS_A73-Beesel-Roermond-WEB-scaled-1.jpg\",\"datePublished\":\"2020-08-21T07:07:21+00:00\",\"breadcrumb\":{\"@id\":\"https:\/\/www.ondernemendvenlo.nl\/a73-gedeeltelijk-afgesloten-van-28-tot-en-met-31-augustus\/#breadcrumb\"},\"inLanguage\":\"fr-FR\",\"potentialAction\":[{\"@type\":\"ReadAction\",\"target\":[\"https:\/\/www.ondernemendvenlo.nl\/a73-gedeeltelijk-afgesloten-van-28-tot-en-met-31-augustus\/\"]}]},{\"@type\":\"ImageObject\",\"inLanguage\":\"fr-FR\",\"@id\":\"https:\/\/www.ondernemendvenlo.nl\/a73-gedeeltelijk-afgesloten-van-28-tot-en-met-31-augustus\/#primaryimage\",\"url\":\"https:\/\/www.ondernemendvenlo.nl\/wp-content\/uploads\/2025\/04\/RWS_A73-Beesel-Roermond-WEB-scaled-1.jpg\",\"contentUrl\":\"https:\/\/www.ondernemendvenlo.nl\/wp-content\/uploads\/2025\/04\/RWS_A73-Beesel-Roermond-WEB-scaled-1.jpg\",\"width\":2560,\"height\":1485},{\"@type\":\"BreadcrumbList\",\"@id\":\"https:\/\/www.ondernemendvenlo.nl\/a73-gedeeltelijk-afgesloten-van-28-tot-en-met-31-augustus\/#breadcrumb\",\"itemListElement\":[{\"@type\":\"ListItem\",\"position\":1,\"name\":\"Ondernemend Venlo\",\"item\":\"https:\/\/www.ondernemendvenlo.nl\/\"},{\"@type\":\"ListItem\",\"position\":2,\"name\":\"Nieuws\",\"item\":\"https:\/\/www.ondernemendvenlo.nl\/categorie\/nieuws\/\"},{\"@type\":\"ListItem\",\"position\":3,\"name\":\"A73 gedeeltelijk afgesloten van 28 tot en met 31 augustus\"}]},{\"@type\":\"WebSite\",\"@id\":\"https:\/\/www.ondernemendvenlo.nl\/#website\",\"url\":\"https:\/\/www.ondernemendvenlo.nl\/\",\"name\":\"Ondernemend Venlo\",\"description\":\"Samen succesvol ondernemen\",\"publisher\":{\"@id\":\"https:\/\/www.ondernemendvenlo.nl\/#organization\"},\"potentialAction\":[{\"@type\":\"SearchAction\",\"target\":{\"@type\":\"EntryPoint\",\"urlTemplate\":\"https:\/\/www.ondernemendvenlo.nl\/?s={search_term_string}\"},\"query-input\":{\"@type\":\"PropertyValueSpecification\",\"valueRequired\":true,\"valueName\":\"search_term_string\"}}],\"inLanguage\":\"fr-FR\"},{\"@type\":\"Organization\",\"@id\":\"https:\/\/www.ondernemendvenlo.nl\/#organization\",\"name\":\"Ondernemend Venlo\",\"url\":\"https:\/\/www.ondernemendvenlo.nl\/\",\"logo\":{\"@type\":\"ImageObject\",\"inLanguage\":\"fr-FR\",\"@id\":\"https:\/\/www.ondernemendvenlo.nl\/#\/schema\/logo\/image\/\",\"url\":\"https:\/\/www.ondernemendvenlo.nl\/wp-content\/uploads\/2025\/02\/Ondernemend-Venlo-logo-scaled.webp\",\"contentUrl\":\"https:\/\/www.ondernemendvenlo.nl\/wp-content\/uploads\/2025\/02\/Ondernemend-Venlo-logo-scaled.webp\",\"width\":2560,\"height\":1010,\"caption\":\"Ondernemend Venlo\"},\"image\":{\"@id\":\"https:\/\/www.ondernemendvenlo.nl\/#\/schema\/logo\/image\/\"},\"sameAs\":[\"https:\/\/www.linkedin.com\/company\/ondernemend-venlo\/\"]},{\"@type\":\"Person\",\"@id\":\"https:\/\/www.ondernemendvenlo.nl\/#\/schema\/person\/347e935f8ad4c7030608ef74bb57aa6e\",\"name\":\"admin\",\"image\":{\"@type\":\"ImageObject\",\"inLanguage\":\"fr-FR\",\"@id\":\"https:\/\/www.ondernemendvenlo.nl\/#\/schema\/person\/image\/\",\"url\":\"https:\/\/www.ondernemendvenlo.nl\/wp-content\/litespeed\/avatar\/720af750b037aecf6e33e12833479059.jpg?ver=1777382954\",\"contentUrl\":\"https:\/\/www.ondernemendvenlo.nl\/wp-content\/litespeed\/avatar\/720af750b037aecf6e33e12833479059.jpg?ver=1777382954\",\"caption\":\"admin\"},\"sameAs\":[\"https:\/\/www.ondernemendvenlo.nl\"]}]}<\/script>\n<!-- \/ Yoast SEO plugin. -->","yoast_head_json":{"title":"A73 gedeeltelijk afgesloten van 28 tot en met 31 augustus - Ondernemend Venlo","robots":{"index":"index","follow":"follow","max-snippet":"max-snippet:-1","max-image-preview":"max-image-preview:large","max-video-preview":"max-video-preview:-1"},"canonical":"https:\/\/www.ondernemendvenlo.nl\/fr\/a73-gedeeltelijk-afgesloten-van-28-tot-en-met-31-augustus\/","og_locale":"fr_FR","og_type":"article","og_title":"A73 gedeeltelijk afgesloten van 28 tot en met 31 augustus - Ondernemend Venlo","og_description":"VENLO &#8211; De A73 tussen knooppunt Tiglia en afrit (19) Roermond in de richting van Maastricht is afgesloten van vrijdag 28 augustus 20.00 uur tot maandag 31 augustus 05.00 uur. Rijkswaterstaat voert dan onderhoudswerkzaamheden uit aan het asfalt. Door de werkzaamheden zijn ook de tussenliggende op- en afritten afgesloten. Daarnaast is de A73 tussen oprit [&hellip;]","og_url":"https:\/\/www.ondernemendvenlo.nl\/fr\/a73-gedeeltelijk-afgesloten-van-28-tot-en-met-31-augustus\/","og_site_name":"Ondernemend Venlo","article_published_time":"2020-08-21T07:07:21+00:00","og_image":[{"width":2560,"height":1485,"url":"https:\/\/www.ondernemendvenlo.nl\/wp-content\/uploads\/2025\/04\/RWS_A73-Beesel-Roermond-WEB-scaled-1.jpg","type":"image\/jpeg"}],"author":"admin","twitter_card":"summary_large_image","twitter_misc":{"\u00c9crit par":"admin","Dur\u00e9e de lecture estim\u00e9e":"2 minutes"},"schema":{"@context":"https:\/\/schema.org","@graph":[{"@type":"Article","@id":"https:\/\/www.ondernemendvenlo.nl\/a73-gedeeltelijk-afgesloten-van-28-tot-en-met-31-augustus\/#article","isPartOf":{"@id":"https:\/\/www.ondernemendvenlo.nl\/a73-gedeeltelijk-afgesloten-van-28-tot-en-met-31-augustus\/"},"author":{"name":"admin","@id":"https:\/\/www.ondernemendvenlo.nl\/#\/schema\/person\/347e935f8ad4c7030608ef74bb57aa6e"},"headline":"A73 gedeeltelijk afgesloten van 28 tot en met 31 augustus","datePublished":"2020-08-21T07:07:21+00:00","mainEntityOfPage":{"@id":"https:\/\/www.ondernemendvenlo.nl\/a73-gedeeltelijk-afgesloten-van-28-tot-en-met-31-augustus\/"},"wordCount":411,"publisher":{"@id":"https:\/\/www.ondernemendvenlo.nl\/#organization"},"image":{"@id":"https:\/\/www.ondernemendvenlo.nl\/a73-gedeeltelijk-afgesloten-van-28-tot-en-met-31-augustus\/#primaryimage"},"thumbnailUrl":"https:\/\/www.ondernemendvenlo.nl\/wp-content\/uploads\/2025\/04\/RWS_A73-Beesel-Roermond-WEB-scaled-1.jpg","articleSection":["Nieuws"],"inLanguage":"fr-FR"},{"@type":"WebPage","@id":"https:\/\/www.ondernemendvenlo.nl\/a73-gedeeltelijk-afgesloten-van-28-tot-en-met-31-augustus\/","url":"https:\/\/www.ondernemendvenlo.nl\/a73-gedeeltelijk-afgesloten-van-28-tot-en-met-31-augustus\/","name":"A73 gedeeltelijk afgesloten van 28 tot en met 31 augustus - Ondernemend Venlo","isPartOf":{"@id":"https:\/\/www.ondernemendvenlo.nl\/#website"},"primaryImageOfPage":{"@id":"https:\/\/www.ondernemendvenlo.nl\/a73-gedeeltelijk-afgesloten-van-28-tot-en-met-31-augustus\/#primaryimage"},"image":{"@id":"https:\/\/www.ondernemendvenlo.nl\/a73-gedeeltelijk-afgesloten-van-28-tot-en-met-31-augustus\/#primaryimage"},"thumbnailUrl":"https:\/\/www.ondernemendvenlo.nl\/wp-content\/uploads\/2025\/04\/RWS_A73-Beesel-Roermond-WEB-scaled-1.jpg","datePublished":"2020-08-21T07:07:21+00:00","breadcrumb":{"@id":"https:\/\/www.ondernemendvenlo.nl\/a73-gedeeltelijk-afgesloten-van-28-tot-en-met-31-augustus\/#breadcrumb"},"inLanguage":"fr-FR","potentialAction":[{"@type":"ReadAction","target":["https:\/\/www.ondernemendvenlo.nl\/a73-gedeeltelijk-afgesloten-van-28-tot-en-met-31-augustus\/"]}]},{"@type":"ImageObject","inLanguage":"fr-FR","@id":"https:\/\/www.ondernemendvenlo.nl\/a73-gedeeltelijk-afgesloten-van-28-tot-en-met-31-augustus\/#primaryimage","url":"https:\/\/www.ondernemendvenlo.nl\/wp-content\/uploads\/2025\/04\/RWS_A73-Beesel-Roermond-WEB-scaled-1.jpg","contentUrl":"https:\/\/www.ondernemendvenlo.nl\/wp-content\/uploads\/2025\/04\/RWS_A73-Beesel-Roermond-WEB-scaled-1.jpg","width":2560,"height":1485},{"@type":"BreadcrumbList","@id":"https:\/\/www.ondernemendvenlo.nl\/a73-gedeeltelijk-afgesloten-van-28-tot-en-met-31-augustus\/#breadcrumb","itemListElement":[{"@type":"ListItem","position":1,"name":"Ondernemend Venlo","item":"https:\/\/www.ondernemendvenlo.nl\/"},{"@type":"ListItem","position":2,"name":"Nieuws","item":"https:\/\/www.ondernemendvenlo.nl\/categorie\/nieuws\/"},{"@type":"ListItem","position":3,"name":"A73 gedeeltelijk afgesloten van 28 tot en met 31 augustus"}]},{"@type":"WebSite","@id":"https:\/\/www.ondernemendvenlo.nl\/#website","url":"https:\/\/www.ondernemendvenlo.nl\/","name":"Venlo entrepreneurial","description":"Travailler ensemble avec succ\u00e8s","publisher":{"@id":"https:\/\/www.ondernemendvenlo.nl\/#organization"},"potentialAction":[{"@type":"SearchAction","target":{"@type":"EntryPoint","urlTemplate":"https:\/\/www.ondernemendvenlo.nl\/?s={search_term_string}"},"query-input":{"@type":"PropertyValueSpecification","valueRequired":true,"valueName":"search_term_string"}}],"inLanguage":"fr-FR"},{"@type":"Organization","@id":"https:\/\/www.ondernemendvenlo.nl\/#organization","name":"Venlo entrepreneurial","url":"https:\/\/www.ondernemendvenlo.nl\/","logo":{"@type":"ImageObject","inLanguage":"fr-FR","@id":"https:\/\/www.ondernemendvenlo.nl\/#\/schema\/logo\/image\/","url":"https:\/\/www.ondernemendvenlo.nl\/wp-content\/uploads\/2025\/02\/Ondernemend-Venlo-logo-scaled.webp","contentUrl":"https:\/\/www.ondernemendvenlo.nl\/wp-content\/uploads\/2025\/02\/Ondernemend-Venlo-logo-scaled.webp","width":2560,"height":1010,"caption":"Ondernemend Venlo"},"image":{"@id":"https:\/\/www.ondernemendvenlo.nl\/#\/schema\/logo\/image\/"},"sameAs":["https:\/\/www.linkedin.com\/company\/ondernemend-venlo\/"]},{"@type":"Person","@id":"https:\/\/www.ondernemendvenlo.nl\/#\/schema\/person\/347e935f8ad4c7030608ef74bb57aa6e","name":"admin","image":{"@type":"ImageObject","inLanguage":"fr-FR","@id":"https:\/\/www.ondernemendvenlo.nl\/#\/schema\/person\/image\/","url":"https:\/\/www.ondernemendvenlo.nl\/wp-content\/litespeed\/avatar\/720af750b037aecf6e33e12833479059.jpg?ver=1777382954","contentUrl":"https:\/\/www.ondernemendvenlo.nl\/wp-content\/litespeed\/avatar\/720af750b037aecf6e33e12833479059.jpg?ver=1777382954","caption":"admin"},"sameAs":["https:\/\/www.ondernemendvenlo.nl"]}]}},"_links":{"self":[{"href":"https:\/\/www.ondernemendvenlo.nl\/fr\/wp-json\/wp\/v2\/posts\/2250","targetHints":{"allow":["GET"]}}],"collection":[{"href":"https:\/\/www.ondernemendvenlo.nl\/fr\/wp-json\/wp\/v2\/posts"}],"about":[{"href":"https:\/\/www.ondernemendvenlo.nl\/fr\/wp-json\/wp\/v2\/types\/post"}],"author":[{"embeddable":true,"href":"https:\/\/www.ondernemendvenlo.nl\/fr\/wp-json\/wp\/v2\/users\/1"}],"replies":[{"embeddable":true,"href":"https:\/\/www.ondernemendvenlo.nl\/fr\/wp-json\/wp\/v2\/comments?post=2250"}],"version-history":[{"count":0,"href":"https:\/\/www.ondernemendvenlo.nl\/fr\/wp-json\/wp\/v2\/posts\/2250\/revisions"}],"wp:featuredmedia":[{"embeddable":true,"href":"https:\/\/www.ondernemendvenlo.nl\/fr\/wp-json\/wp\/v2\/media\/2251"}],"wp:attachment":[{"href":"https:\/\/www.ondernemendvenlo.nl\/fr\/wp-json\/wp\/v2\/media?parent=2250"}],"wp:term":[{"taxonomy":"category","embeddable":true,"href":"https:\/\/www.ondernemendvenlo.nl\/fr\/wp-json\/wp\/v2\/categories?post=2250"},{"taxonomy":"post_tag","embeddable":true,"href":"https:\/\/www.ondernemendvenlo.nl\/fr\/wp-json\/wp\/v2\/tags?post=2250"}],"curies":[{"name":"wp","href":"https:\/\/api.w.org\/{rel}","templated":true}]}}