{"id":2260,"date":"2020-08-31T08:55:32","date_gmt":"2020-08-31T06:55:32","guid":{"rendered":"https:\/\/www.ondernemendvenlo.nl\/cursus-omgaan-met-leveranciers-tijdens-covid-19\/"},"modified":"2020-08-31T08:55:32","modified_gmt":"2020-08-31T06:55:32","slug":"cursus-omgaan-met-leveranciers-tijdens-covid-19","status":"publish","type":"post","link":"https:\/\/www.ondernemendvenlo.nl\/fr\/cursus-omgaan-met-leveranciers-tijdens-covid-19\/","title":{"rendered":"Cours sur la gestion des contrats et des fournisseurs"},"content":{"rendered":"<p><strong>\u2018Een aantal van onze leveranciers komt gedurende de contractduur de afspraken niet na: de performance loopt terug, kosten stijgen, en\/of de relatie komt onder druk te staan&#8217;. Daarmee rijst de vraag: Hoe ga je om met leveranciers tijdens de COVID-19 crisis?\u00a0<\/strong><\/p>\n<p>U kunt nu de regie nemen om de randvoorwaarden te scheppen opdat uw leveranciers optimaal kunnen presteren binnen uw budgettaire kader. Het bepalen van de juiste inkoopstrategie, het opstellen van een kwalitatief goed programma van wensen &amp; eisen, de leveranciersselectie en de vertaling hiervan naar een passend contract vraagt de nodige deskundigheid. Echter dan begint het \u2018spel\u2019 pas, waar het vooral ook gaat om de knikkers!<\/p>\n<p>Ce cours pratique interactif traite des \"achats professionnels\" dans les phases pr\u00e9c\u00e9dant, suivant et suivant la phase de passation des march\u00e9s. Il couvre les principes de base du processus de passation des march\u00e9s, en mettant l'accent sur la gestion des contrats et des fournisseurs pour chaque phase.<\/p>\n<p><strong>Cursusmaterialen<\/strong><br \/>\nDe heer Robert Coolen van Coordinate Inkoopmanagement verzorgt al vele jaren met succes de cursus Contract &amp; Leveranciersmanagement voor SIM. Hij is mede-auteur van het boek \u2018Contract- en Leveranciersmanagement, samen werken aan de relatie en de prestatie\u2019. Dit boek en de cursusmap krijgt u uitgereikt bij aanvang van de cursus.<\/p>\n<p><strong>Pour qui.<\/strong><br \/>\nDeze cursus is gericht op de inkoper, contractmanager en de (facilitair)manager die de rol heeft van opdrachtgever voor uitbestede diensten. Leden van Ondernemend Venlo kunnen ook aansluiten bij deze cursus.<\/p>\n<p><strong>Co\u00fbts et inscription<\/strong><br \/>\nDe kosten van deze cursus (1 dag) zijn \u20ac 649,00 excl. BTW incl. lunch.\u00a0 Wees er snel bij, er zijn maar een beperkt aantal plaatsen beschikbaar!<br \/>\nAanmeldingen\u00a0voor 1 september a.s.\u00a0ontvangen een\u00a0korting van \u20ac50,-!<\/p>\n<p>U kunt zich aanmelden voor deze cursus middels een mailtje aan Lidy Rutten (<a href=\"mailto:info@parkmanagementvenlo.nl\">info@parkmanagementvenlo.nl<\/a>). U kunt zich na aanmelding kosteloos afmelden tot 1 oktober 2020. Daarna zijn wij helaas genoodzaakt de cursus alsnog te factureren\u00a0(u mag wel een vervanger voor deze cursus sturen). Bij te weinig aanmeldingen wordt deze cursus geannuleerd.<\/p>\n<p><strong>RIVM-Maatregelen<\/strong><br \/>\nUiteraard volgen wij de RIVM maatregelen en is de 1,5 meter afstand gewaarborgd. De cursus vindt in een kleine setting plaats van max. 10 personen.<\/p>\n<p><strong>Datum<\/strong><br \/>\nWoensdag 14 oktober 2020<\/p>\n<p><strong>Tijdstip<\/strong><br \/>\n09:00 - 16:30<\/p>\n<p><strong>Localisation<\/strong><br \/>\nLogic-All<br \/>\nLimmelderweg 5<br \/>\n6222 PB Maastricht<\/p>","protected":false},"excerpt":{"rendered":"<p>\u2018Een aantal van onze leveranciers komt gedurende de contractduur de afspraken niet na: de performance loopt terug, kosten stijgen, en\/of de relatie komt onder druk te staan&#8217;. Daarmee rijst de vraag: Hoe ga je om met leveranciers tijdens de COVID-19 crisis?\u00a0 U kunt nu de regie nemen om de randvoorwaarden te scheppen opdat uw leveranciers [&hellip;]<\/p>","protected":false},"author":1,"featured_media":2261,"comment_status":"closed","ping_status":"open","sticky":false,"template":"","format":"standard","meta":{"_acf_changed":false,"footnotes":""},"categories":[8],"tags":[],"class_list":["post-2260","post","type-post","status-publish","format-standard","has-post-thumbnail","hentry","category-nieuws"],"acf":[],"yoast_head":"<!-- This site is optimized with the Yoast SEO plugin v26.3 - https:\/\/yoast.com\/wordpress\/plugins\/seo\/ -->\n<title>Cursus Contract &#038; Leveranciersmanagement - Ondernemend Venlo<\/title>\n<meta name=\"robots\" content=\"index, follow, max-snippet:-1, max-image-preview:large, max-video-preview:-1\" \/>\n<link rel=\"canonical\" href=\"https:\/\/www.ondernemendvenlo.nl\/fr\/cursus-omgaan-met-leveranciers-tijdens-covid-19\/\" \/>\n<meta property=\"og:locale\" content=\"fr_FR\" \/>\n<meta property=\"og:type\" content=\"article\" \/>\n<meta property=\"og:title\" content=\"Cursus Contract &#038; Leveranciersmanagement - Ondernemend Venlo\" \/>\n<meta property=\"og:description\" content=\"\u2018Een aantal van onze leveranciers komt gedurende de contractduur de afspraken niet na: de performance loopt terug, kosten stijgen, en\/of de relatie komt onder druk te staan&#8217;. Daarmee rijst de vraag: Hoe ga je om met leveranciers tijdens de COVID-19 crisis?\u00a0 U kunt nu de regie nemen om de randvoorwaarden te scheppen opdat uw leveranciers [&hellip;]\" \/>\n<meta property=\"og:url\" content=\"https:\/\/www.ondernemendvenlo.nl\/fr\/cursus-omgaan-met-leveranciers-tijdens-covid-19\/\" \/>\n<meta property=\"og:site_name\" content=\"Ondernemend Venlo\" \/>\n<meta property=\"article:published_time\" content=\"2020-08-31T06:55:32+00:00\" \/>\n<meta property=\"og:image\" content=\"https:\/\/www.ondernemendvenlo.nl\/wp-content\/uploads\/2025\/04\/ISS_23470_00151-scaled-1.jpg\" \/>\n\t<meta property=\"og:image:width\" content=\"2560\" \/>\n\t<meta property=\"og:image:height\" content=\"1707\" \/>\n\t<meta property=\"og:image:type\" content=\"image\/jpeg\" \/>\n<meta name=\"author\" content=\"admin\" \/>\n<meta name=\"twitter:card\" content=\"summary_large_image\" \/>\n<meta name=\"twitter:label1\" content=\"\u00c9crit par\" \/>\n\t<meta name=\"twitter:data1\" content=\"admin\" \/>\n\t<meta name=\"twitter:label2\" content=\"Dur\u00e9e de lecture estim\u00e9e\" \/>\n\t<meta name=\"twitter:data2\" content=\"2 minutes\" \/>\n<script type=\"application\/ld+json\" class=\"yoast-schema-graph\">{\"@context\":\"https:\/\/schema.org\",\"@graph\":[{\"@type\":\"Article\",\"@id\":\"https:\/\/www.ondernemendvenlo.nl\/cursus-omgaan-met-leveranciers-tijdens-covid-19\/#article\",\"isPartOf\":{\"@id\":\"https:\/\/www.ondernemendvenlo.nl\/cursus-omgaan-met-leveranciers-tijdens-covid-19\/\"},\"author\":{\"name\":\"admin\",\"@id\":\"https:\/\/www.ondernemendvenlo.nl\/#\/schema\/person\/347e935f8ad4c7030608ef74bb57aa6e\"},\"headline\":\"Cursus Contract &#038; Leveranciersmanagement\",\"datePublished\":\"2020-08-31T06:55:32+00:00\",\"mainEntityOfPage\":{\"@id\":\"https:\/\/www.ondernemendvenlo.nl\/cursus-omgaan-met-leveranciers-tijdens-covid-19\/\"},\"wordCount\":349,\"publisher\":{\"@id\":\"https:\/\/www.ondernemendvenlo.nl\/#organization\"},\"image\":{\"@id\":\"https:\/\/www.ondernemendvenlo.nl\/cursus-omgaan-met-leveranciers-tijdens-covid-19\/#primaryimage\"},\"thumbnailUrl\":\"https:\/\/www.ondernemendvenlo.nl\/wp-content\/uploads\/2025\/04\/ISS_23470_00151-scaled-1.jpg\",\"articleSection\":[\"Nieuws\"],\"inLanguage\":\"fr-FR\"},{\"@type\":\"WebPage\",\"@id\":\"https:\/\/www.ondernemendvenlo.nl\/cursus-omgaan-met-leveranciers-tijdens-covid-19\/\",\"url\":\"https:\/\/www.ondernemendvenlo.nl\/cursus-omgaan-met-leveranciers-tijdens-covid-19\/\",\"name\":\"Cursus Contract &#038; Leveranciersmanagement - Ondernemend Venlo\",\"isPartOf\":{\"@id\":\"https:\/\/www.ondernemendvenlo.nl\/#website\"},\"primaryImageOfPage\":{\"@id\":\"https:\/\/www.ondernemendvenlo.nl\/cursus-omgaan-met-leveranciers-tijdens-covid-19\/#primaryimage\"},\"image\":{\"@id\":\"https:\/\/www.ondernemendvenlo.nl\/cursus-omgaan-met-leveranciers-tijdens-covid-19\/#primaryimage\"},\"thumbnailUrl\":\"https:\/\/www.ondernemendvenlo.nl\/wp-content\/uploads\/2025\/04\/ISS_23470_00151-scaled-1.jpg\",\"datePublished\":\"2020-08-31T06:55:32+00:00\",\"breadcrumb\":{\"@id\":\"https:\/\/www.ondernemendvenlo.nl\/cursus-omgaan-met-leveranciers-tijdens-covid-19\/#breadcrumb\"},\"inLanguage\":\"fr-FR\",\"potentialAction\":[{\"@type\":\"ReadAction\",\"target\":[\"https:\/\/www.ondernemendvenlo.nl\/cursus-omgaan-met-leveranciers-tijdens-covid-19\/\"]}]},{\"@type\":\"ImageObject\",\"inLanguage\":\"fr-FR\",\"@id\":\"https:\/\/www.ondernemendvenlo.nl\/cursus-omgaan-met-leveranciers-tijdens-covid-19\/#primaryimage\",\"url\":\"https:\/\/www.ondernemendvenlo.nl\/wp-content\/uploads\/2025\/04\/ISS_23470_00151-scaled-1.jpg\",\"contentUrl\":\"https:\/\/www.ondernemendvenlo.nl\/wp-content\/uploads\/2025\/04\/ISS_23470_00151-scaled-1.jpg\",\"width\":2560,\"height\":1707},{\"@type\":\"BreadcrumbList\",\"@id\":\"https:\/\/www.ondernemendvenlo.nl\/cursus-omgaan-met-leveranciers-tijdens-covid-19\/#breadcrumb\",\"itemListElement\":[{\"@type\":\"ListItem\",\"position\":1,\"name\":\"Ondernemend Venlo\",\"item\":\"https:\/\/www.ondernemendvenlo.nl\/\"},{\"@type\":\"ListItem\",\"position\":2,\"name\":\"Nieuws\",\"item\":\"https:\/\/www.ondernemendvenlo.nl\/categorie\/nieuws\/\"},{\"@type\":\"ListItem\",\"position\":3,\"name\":\"Cursus Contract &#038; Leveranciersmanagement\"}]},{\"@type\":\"WebSite\",\"@id\":\"https:\/\/www.ondernemendvenlo.nl\/#website\",\"url\":\"https:\/\/www.ondernemendvenlo.nl\/\",\"name\":\"Ondernemend Venlo\",\"description\":\"Samen succesvol ondernemen\",\"publisher\":{\"@id\":\"https:\/\/www.ondernemendvenlo.nl\/#organization\"},\"potentialAction\":[{\"@type\":\"SearchAction\",\"target\":{\"@type\":\"EntryPoint\",\"urlTemplate\":\"https:\/\/www.ondernemendvenlo.nl\/?s={search_term_string}\"},\"query-input\":{\"@type\":\"PropertyValueSpecification\",\"valueRequired\":true,\"valueName\":\"search_term_string\"}}],\"inLanguage\":\"fr-FR\"},{\"@type\":\"Organization\",\"@id\":\"https:\/\/www.ondernemendvenlo.nl\/#organization\",\"name\":\"Ondernemend Venlo\",\"url\":\"https:\/\/www.ondernemendvenlo.nl\/\",\"logo\":{\"@type\":\"ImageObject\",\"inLanguage\":\"fr-FR\",\"@id\":\"https:\/\/www.ondernemendvenlo.nl\/#\/schema\/logo\/image\/\",\"url\":\"https:\/\/www.ondernemendvenlo.nl\/wp-content\/uploads\/2025\/02\/Ondernemend-Venlo-logo-scaled.webp\",\"contentUrl\":\"https:\/\/www.ondernemendvenlo.nl\/wp-content\/uploads\/2025\/02\/Ondernemend-Venlo-logo-scaled.webp\",\"width\":2560,\"height\":1010,\"caption\":\"Ondernemend Venlo\"},\"image\":{\"@id\":\"https:\/\/www.ondernemendvenlo.nl\/#\/schema\/logo\/image\/\"},\"sameAs\":[\"https:\/\/www.linkedin.com\/company\/ondernemend-venlo\/\"]},{\"@type\":\"Person\",\"@id\":\"https:\/\/www.ondernemendvenlo.nl\/#\/schema\/person\/347e935f8ad4c7030608ef74bb57aa6e\",\"name\":\"admin\",\"image\":{\"@type\":\"ImageObject\",\"inLanguage\":\"fr-FR\",\"@id\":\"https:\/\/www.ondernemendvenlo.nl\/#\/schema\/person\/image\/\",\"url\":\"https:\/\/www.ondernemendvenlo.nl\/wp-content\/litespeed\/avatar\/720af750b037aecf6e33e12833479059.jpg?ver=1777382954\",\"contentUrl\":\"https:\/\/www.ondernemendvenlo.nl\/wp-content\/litespeed\/avatar\/720af750b037aecf6e33e12833479059.jpg?ver=1777382954\",\"caption\":\"admin\"},\"sameAs\":[\"https:\/\/www.ondernemendvenlo.nl\"]}]}<\/script>\n<!-- \/ Yoast SEO plugin. -->","yoast_head_json":{"title":"Cursus Contract &#038; Leveranciersmanagement - Ondernemend Venlo","robots":{"index":"index","follow":"follow","max-snippet":"max-snippet:-1","max-image-preview":"max-image-preview:large","max-video-preview":"max-video-preview:-1"},"canonical":"https:\/\/www.ondernemendvenlo.nl\/fr\/cursus-omgaan-met-leveranciers-tijdens-covid-19\/","og_locale":"fr_FR","og_type":"article","og_title":"Cursus Contract &#038; Leveranciersmanagement - Ondernemend Venlo","og_description":"\u2018Een aantal van onze leveranciers komt gedurende de contractduur de afspraken niet na: de performance loopt terug, kosten stijgen, en\/of de relatie komt onder druk te staan&#8217;. Daarmee rijst de vraag: Hoe ga je om met leveranciers tijdens de COVID-19 crisis?\u00a0 U kunt nu de regie nemen om de randvoorwaarden te scheppen opdat uw leveranciers [&hellip;]","og_url":"https:\/\/www.ondernemendvenlo.nl\/fr\/cursus-omgaan-met-leveranciers-tijdens-covid-19\/","og_site_name":"Ondernemend Venlo","article_published_time":"2020-08-31T06:55:32+00:00","og_image":[{"width":2560,"height":1707,"url":"https:\/\/www.ondernemendvenlo.nl\/wp-content\/uploads\/2025\/04\/ISS_23470_00151-scaled-1.jpg","type":"image\/jpeg"}],"author":"admin","twitter_card":"summary_large_image","twitter_misc":{"\u00c9crit par":"admin","Dur\u00e9e de lecture estim\u00e9e":"2 minutes"},"schema":{"@context":"https:\/\/schema.org","@graph":[{"@type":"Article","@id":"https:\/\/www.ondernemendvenlo.nl\/cursus-omgaan-met-leveranciers-tijdens-covid-19\/#article","isPartOf":{"@id":"https:\/\/www.ondernemendvenlo.nl\/cursus-omgaan-met-leveranciers-tijdens-covid-19\/"},"author":{"name":"admin","@id":"https:\/\/www.ondernemendvenlo.nl\/#\/schema\/person\/347e935f8ad4c7030608ef74bb57aa6e"},"headline":"Cursus Contract &#038; Leveranciersmanagement","datePublished":"2020-08-31T06:55:32+00:00","mainEntityOfPage":{"@id":"https:\/\/www.ondernemendvenlo.nl\/cursus-omgaan-met-leveranciers-tijdens-covid-19\/"},"wordCount":349,"publisher":{"@id":"https:\/\/www.ondernemendvenlo.nl\/#organization"},"image":{"@id":"https:\/\/www.ondernemendvenlo.nl\/cursus-omgaan-met-leveranciers-tijdens-covid-19\/#primaryimage"},"thumbnailUrl":"https:\/\/www.ondernemendvenlo.nl\/wp-content\/uploads\/2025\/04\/ISS_23470_00151-scaled-1.jpg","articleSection":["Nieuws"],"inLanguage":"fr-FR"},{"@type":"WebPage","@id":"https:\/\/www.ondernemendvenlo.nl\/cursus-omgaan-met-leveranciers-tijdens-covid-19\/","url":"https:\/\/www.ondernemendvenlo.nl\/cursus-omgaan-met-leveranciers-tijdens-covid-19\/","name":"Cursus Contract &#038; Leveranciersmanagement - Ondernemend Venlo","isPartOf":{"@id":"https:\/\/www.ondernemendvenlo.nl\/#website"},"primaryImageOfPage":{"@id":"https:\/\/www.ondernemendvenlo.nl\/cursus-omgaan-met-leveranciers-tijdens-covid-19\/#primaryimage"},"image":{"@id":"https:\/\/www.ondernemendvenlo.nl\/cursus-omgaan-met-leveranciers-tijdens-covid-19\/#primaryimage"},"thumbnailUrl":"https:\/\/www.ondernemendvenlo.nl\/wp-content\/uploads\/2025\/04\/ISS_23470_00151-scaled-1.jpg","datePublished":"2020-08-31T06:55:32+00:00","breadcrumb":{"@id":"https:\/\/www.ondernemendvenlo.nl\/cursus-omgaan-met-leveranciers-tijdens-covid-19\/#breadcrumb"},"inLanguage":"fr-FR","potentialAction":[{"@type":"ReadAction","target":["https:\/\/www.ondernemendvenlo.nl\/cursus-omgaan-met-leveranciers-tijdens-covid-19\/"]}]},{"@type":"ImageObject","inLanguage":"fr-FR","@id":"https:\/\/www.ondernemendvenlo.nl\/cursus-omgaan-met-leveranciers-tijdens-covid-19\/#primaryimage","url":"https:\/\/www.ondernemendvenlo.nl\/wp-content\/uploads\/2025\/04\/ISS_23470_00151-scaled-1.jpg","contentUrl":"https:\/\/www.ondernemendvenlo.nl\/wp-content\/uploads\/2025\/04\/ISS_23470_00151-scaled-1.jpg","width":2560,"height":1707},{"@type":"BreadcrumbList","@id":"https:\/\/www.ondernemendvenlo.nl\/cursus-omgaan-met-leveranciers-tijdens-covid-19\/#breadcrumb","itemListElement":[{"@type":"ListItem","position":1,"name":"Ondernemend Venlo","item":"https:\/\/www.ondernemendvenlo.nl\/"},{"@type":"ListItem","position":2,"name":"Nieuws","item":"https:\/\/www.ondernemendvenlo.nl\/categorie\/nieuws\/"},{"@type":"ListItem","position":3,"name":"Cursus Contract &#038; Leveranciersmanagement"}]},{"@type":"WebSite","@id":"https:\/\/www.ondernemendvenlo.nl\/#website","url":"https:\/\/www.ondernemendvenlo.nl\/","name":"Venlo entrepreneurial","description":"Travailler ensemble avec succ\u00e8s","publisher":{"@id":"https:\/\/www.ondernemendvenlo.nl\/#organization"},"potentialAction":[{"@type":"SearchAction","target":{"@type":"EntryPoint","urlTemplate":"https:\/\/www.ondernemendvenlo.nl\/?s={search_term_string}"},"query-input":{"@type":"PropertyValueSpecification","valueRequired":true,"valueName":"search_term_string"}}],"inLanguage":"fr-FR"},{"@type":"Organization","@id":"https:\/\/www.ondernemendvenlo.nl\/#organization","name":"Venlo entrepreneurial","url":"https:\/\/www.ondernemendvenlo.nl\/","logo":{"@type":"ImageObject","inLanguage":"fr-FR","@id":"https:\/\/www.ondernemendvenlo.nl\/#\/schema\/logo\/image\/","url":"https:\/\/www.ondernemendvenlo.nl\/wp-content\/uploads\/2025\/02\/Ondernemend-Venlo-logo-scaled.webp","contentUrl":"https:\/\/www.ondernemendvenlo.nl\/wp-content\/uploads\/2025\/02\/Ondernemend-Venlo-logo-scaled.webp","width":2560,"height":1010,"caption":"Ondernemend Venlo"},"image":{"@id":"https:\/\/www.ondernemendvenlo.nl\/#\/schema\/logo\/image\/"},"sameAs":["https:\/\/www.linkedin.com\/company\/ondernemend-venlo\/"]},{"@type":"Person","@id":"https:\/\/www.ondernemendvenlo.nl\/#\/schema\/person\/347e935f8ad4c7030608ef74bb57aa6e","name":"admin","image":{"@type":"ImageObject","inLanguage":"fr-FR","@id":"https:\/\/www.ondernemendvenlo.nl\/#\/schema\/person\/image\/","url":"https:\/\/www.ondernemendvenlo.nl\/wp-content\/litespeed\/avatar\/720af750b037aecf6e33e12833479059.jpg?ver=1777382954","contentUrl":"https:\/\/www.ondernemendvenlo.nl\/wp-content\/litespeed\/avatar\/720af750b037aecf6e33e12833479059.jpg?ver=1777382954","caption":"admin"},"sameAs":["https:\/\/www.ondernemendvenlo.nl"]}]}},"_links":{"self":[{"href":"https:\/\/www.ondernemendvenlo.nl\/fr\/wp-json\/wp\/v2\/posts\/2260","targetHints":{"allow":["GET"]}}],"collection":[{"href":"https:\/\/www.ondernemendvenlo.nl\/fr\/wp-json\/wp\/v2\/posts"}],"about":[{"href":"https:\/\/www.ondernemendvenlo.nl\/fr\/wp-json\/wp\/v2\/types\/post"}],"author":[{"embeddable":true,"href":"https:\/\/www.ondernemendvenlo.nl\/fr\/wp-json\/wp\/v2\/users\/1"}],"replies":[{"embeddable":true,"href":"https:\/\/www.ondernemendvenlo.nl\/fr\/wp-json\/wp\/v2\/comments?post=2260"}],"version-history":[{"count":0,"href":"https:\/\/www.ondernemendvenlo.nl\/fr\/wp-json\/wp\/v2\/posts\/2260\/revisions"}],"wp:featuredmedia":[{"embeddable":true,"href":"https:\/\/www.ondernemendvenlo.nl\/fr\/wp-json\/wp\/v2\/media\/2261"}],"wp:attachment":[{"href":"https:\/\/www.ondernemendvenlo.nl\/fr\/wp-json\/wp\/v2\/media?parent=2260"}],"wp:term":[{"taxonomy":"category","embeddable":true,"href":"https:\/\/www.ondernemendvenlo.nl\/fr\/wp-json\/wp\/v2\/categories?post=2260"},{"taxonomy":"post_tag","embeddable":true,"href":"https:\/\/www.ondernemendvenlo.nl\/fr\/wp-json\/wp\/v2\/tags?post=2260"}],"curies":[{"name":"wp","href":"https:\/\/api.w.org\/{rel}","templated":true}]}}