{"id":2297,"date":"2020-09-25T08:12:01","date_gmt":"2020-09-25T06:12:01","guid":{"rendered":"https:\/\/www.ondernemendvenlo.nl\/jan-deckers-van-deja-tech-benoemd-tot-ridder-in-de-orde-van-de-nederlandse-leeuw\/"},"modified":"2020-09-25T08:12:01","modified_gmt":"2020-09-25T06:12:01","slug":"jan-deckers-van-deja-tech-benoemd-tot-ridder-in-de-orde-van-de-nederlandse-leeuw","status":"publish","type":"post","link":"https:\/\/www.ondernemendvenlo.nl\/fr\/jan-deckers-van-deja-tech-benoemd-tot-ridder-in-de-orde-van-de-nederlandse-leeuw\/","title":{"rendered":"Jan Deckers van Deja Tech benoemd tot Ridder in de Orde van de Nederlandse Leeuw"},"content":{"rendered":"<p><strong>Gisteren, 24 september, heeft Jan Deckers uit handen van burgemeester Antoin Scholten een zeer bijzondere koninklijke onderscheiding ontvangen. De onderscheiding, die hij ontvangen heeft, is \u201cRidder in de orde van de Nederlandse Leeuw\u201d. Een zeer unieke, maar ook terechte onderscheiding, waar Jan Deckers naar eigen zeggen \u201cberetrots\u201d op is.<\/strong><\/p>\n<p>Jan Deckers is al 50 jaar d\u00e9 autoriteit op het gebied van ontwikkeling van nieuwe duurzame producten. Jan Deckers heeft met zijn bedrijf Dejatech de energietransitie vormgegeven van gewone CV ketels naar HR CV ketels en gezorgd dat dit mogelijk gemaakt werd. Jan Deckers heeft in deze 50 jaar meer dan 46 patenten gerealiseerd en in 50% van de CV ketels in Europa zit een ontwikkeling van Jan Deckers. Zijn innovatieve kracht heeft niet alleen resultaat gehad in Europa, maar ook in de USA en de laatste jaren ook in China.<\/p>\n<p>Ook nu, waar we weer in een nieuwe energietransitie zitten, is Jan Deckers nog steeds een drijvende kracht en idee\u00ebngever voor vernieuwende producten. Hij adviseert Dejatech nog steeds hoe de huidige energietransitie vormgegeven kan worden en doet dit met een onvermoeibare passie en gedrevenheid. Hij laat zich daarbij door zijn leeftijd van 75 jaar niet in belemmeren.<\/p>\n<p>In de verwarmingsmarkt wordt Jan Deckers ook wel de \u201cLeonardo da Vinci\u201d van de HR CV ketel genoemd, wat veel zegt over zijn rol als uitvinder van nieuwe producten. Dejatech bouwt verder op de koers die Jan Deckers heeft uitgezet: het ontwikkelen van innovatieve producten waarmee Dejatech leidend kan zijn in de huidige energietransitie.<\/p>","protected":false},"excerpt":{"rendered":"<p>Gisteren, 24 september, heeft Jan Deckers uit handen van burgemeester Antoin Scholten een zeer bijzondere koninklijke onderscheiding ontvangen. De onderscheiding, die hij ontvangen heeft, is \u201cRidder in de orde van de Nederlandse Leeuw\u201d. Een zeer unieke, maar ook terechte onderscheiding, waar Jan Deckers naar eigen zeggen \u201cberetrots\u201d op is. Jan Deckers is al 50 jaar [&hellip;]<\/p>","protected":false},"author":1,"featured_media":2298,"comment_status":"closed","ping_status":"open","sticky":false,"template":"","format":"standard","meta":{"_acf_changed":false,"footnotes":""},"categories":[8],"tags":[],"class_list":["post-2297","post","type-post","status-publish","format-standard","has-post-thumbnail","hentry","category-nieuws"],"acf":[],"yoast_head":"<!-- This site is optimized with the Yoast SEO plugin v26.3 - https:\/\/yoast.com\/wordpress\/plugins\/seo\/ -->\n<title>Jan Deckers van Deja Tech benoemd tot Ridder in de Orde van de Nederlandse Leeuw - Ondernemend Venlo<\/title>\n<meta name=\"robots\" content=\"index, follow, max-snippet:-1, max-image-preview:large, max-video-preview:-1\" \/>\n<link rel=\"canonical\" href=\"https:\/\/www.ondernemendvenlo.nl\/fr\/jan-deckers-van-deja-tech-benoemd-tot-ridder-in-de-orde-van-de-nederlandse-leeuw\/\" \/>\n<meta property=\"og:locale\" content=\"fr_FR\" \/>\n<meta property=\"og:type\" content=\"article\" \/>\n<meta property=\"og:title\" content=\"Jan Deckers van Deja Tech benoemd tot Ridder in de Orde van de Nederlandse Leeuw - Ondernemend Venlo\" \/>\n<meta property=\"og:description\" content=\"Gisteren, 24 september, heeft Jan Deckers uit handen van burgemeester Antoin Scholten een zeer bijzondere koninklijke onderscheiding ontvangen. De onderscheiding, die hij ontvangen heeft, is \u201cRidder in de orde van de Nederlandse Leeuw\u201d. Een zeer unieke, maar ook terechte onderscheiding, waar Jan Deckers naar eigen zeggen \u201cberetrots\u201d op is. Jan Deckers is al 50 jaar [&hellip;]\" \/>\n<meta property=\"og:url\" content=\"https:\/\/www.ondernemendvenlo.nl\/fr\/jan-deckers-van-deja-tech-benoemd-tot-ridder-in-de-orde-van-de-nederlandse-leeuw\/\" \/>\n<meta property=\"og:site_name\" content=\"Ondernemend Venlo\" \/>\n<meta property=\"article:published_time\" content=\"2020-09-25T06:12:01+00:00\" \/>\n<meta property=\"og:image\" content=\"https:\/\/www.ondernemendvenlo.nl\/wp-content\/uploads\/2025\/04\/Ridder-Jan-Deckers-geridderd-tussen-zijn-uitvindingen-scaled-1.jpg\" \/>\n\t<meta property=\"og:image:width\" content=\"2560\" \/>\n\t<meta property=\"og:image:height\" content=\"1709\" \/>\n\t<meta property=\"og:image:type\" content=\"image\/jpeg\" \/>\n<meta name=\"author\" content=\"admin\" \/>\n<meta name=\"twitter:card\" content=\"summary_large_image\" \/>\n<meta name=\"twitter:label1\" content=\"\u00c9crit par\" \/>\n\t<meta name=\"twitter:data1\" content=\"admin\" \/>\n\t<meta name=\"twitter:label2\" content=\"Dur\u00e9e de lecture estim\u00e9e\" \/>\n\t<meta name=\"twitter:data2\" content=\"1 minute\" \/>\n<script type=\"application\/ld+json\" class=\"yoast-schema-graph\">{\"@context\":\"https:\/\/schema.org\",\"@graph\":[{\"@type\":\"Article\",\"@id\":\"https:\/\/www.ondernemendvenlo.nl\/jan-deckers-van-deja-tech-benoemd-tot-ridder-in-de-orde-van-de-nederlandse-leeuw\/#article\",\"isPartOf\":{\"@id\":\"https:\/\/www.ondernemendvenlo.nl\/jan-deckers-van-deja-tech-benoemd-tot-ridder-in-de-orde-van-de-nederlandse-leeuw\/\"},\"author\":{\"name\":\"admin\",\"@id\":\"https:\/\/www.ondernemendvenlo.nl\/#\/schema\/person\/347e935f8ad4c7030608ef74bb57aa6e\"},\"headline\":\"Jan Deckers van Deja Tech benoemd tot Ridder in de Orde van de Nederlandse Leeuw\",\"datePublished\":\"2020-09-25T06:12:01+00:00\",\"mainEntityOfPage\":{\"@id\":\"https:\/\/www.ondernemendvenlo.nl\/jan-deckers-van-deja-tech-benoemd-tot-ridder-in-de-orde-van-de-nederlandse-leeuw\/\"},\"wordCount\":261,\"publisher\":{\"@id\":\"https:\/\/www.ondernemendvenlo.nl\/#organization\"},\"image\":{\"@id\":\"https:\/\/www.ondernemendvenlo.nl\/jan-deckers-van-deja-tech-benoemd-tot-ridder-in-de-orde-van-de-nederlandse-leeuw\/#primaryimage\"},\"thumbnailUrl\":\"https:\/\/www.ondernemendvenlo.nl\/wp-content\/uploads\/2025\/04\/Ridder-Jan-Deckers-geridderd-tussen-zijn-uitvindingen-scaled-1.jpg\",\"articleSection\":[\"Nieuws\"],\"inLanguage\":\"fr-FR\"},{\"@type\":\"WebPage\",\"@id\":\"https:\/\/www.ondernemendvenlo.nl\/jan-deckers-van-deja-tech-benoemd-tot-ridder-in-de-orde-van-de-nederlandse-leeuw\/\",\"url\":\"https:\/\/www.ondernemendvenlo.nl\/jan-deckers-van-deja-tech-benoemd-tot-ridder-in-de-orde-van-de-nederlandse-leeuw\/\",\"name\":\"Jan Deckers van Deja Tech benoemd tot Ridder in de Orde van de Nederlandse Leeuw - Ondernemend Venlo\",\"isPartOf\":{\"@id\":\"https:\/\/www.ondernemendvenlo.nl\/#website\"},\"primaryImageOfPage\":{\"@id\":\"https:\/\/www.ondernemendvenlo.nl\/jan-deckers-van-deja-tech-benoemd-tot-ridder-in-de-orde-van-de-nederlandse-leeuw\/#primaryimage\"},\"image\":{\"@id\":\"https:\/\/www.ondernemendvenlo.nl\/jan-deckers-van-deja-tech-benoemd-tot-ridder-in-de-orde-van-de-nederlandse-leeuw\/#primaryimage\"},\"thumbnailUrl\":\"https:\/\/www.ondernemendvenlo.nl\/wp-content\/uploads\/2025\/04\/Ridder-Jan-Deckers-geridderd-tussen-zijn-uitvindingen-scaled-1.jpg\",\"datePublished\":\"2020-09-25T06:12:01+00:00\",\"breadcrumb\":{\"@id\":\"https:\/\/www.ondernemendvenlo.nl\/jan-deckers-van-deja-tech-benoemd-tot-ridder-in-de-orde-van-de-nederlandse-leeuw\/#breadcrumb\"},\"inLanguage\":\"fr-FR\",\"potentialAction\":[{\"@type\":\"ReadAction\",\"target\":[\"https:\/\/www.ondernemendvenlo.nl\/jan-deckers-van-deja-tech-benoemd-tot-ridder-in-de-orde-van-de-nederlandse-leeuw\/\"]}]},{\"@type\":\"ImageObject\",\"inLanguage\":\"fr-FR\",\"@id\":\"https:\/\/www.ondernemendvenlo.nl\/jan-deckers-van-deja-tech-benoemd-tot-ridder-in-de-orde-van-de-nederlandse-leeuw\/#primaryimage\",\"url\":\"https:\/\/www.ondernemendvenlo.nl\/wp-content\/uploads\/2025\/04\/Ridder-Jan-Deckers-geridderd-tussen-zijn-uitvindingen-scaled-1.jpg\",\"contentUrl\":\"https:\/\/www.ondernemendvenlo.nl\/wp-content\/uploads\/2025\/04\/Ridder-Jan-Deckers-geridderd-tussen-zijn-uitvindingen-scaled-1.jpg\",\"width\":2560,\"height\":1709},{\"@type\":\"BreadcrumbList\",\"@id\":\"https:\/\/www.ondernemendvenlo.nl\/jan-deckers-van-deja-tech-benoemd-tot-ridder-in-de-orde-van-de-nederlandse-leeuw\/#breadcrumb\",\"itemListElement\":[{\"@type\":\"ListItem\",\"position\":1,\"name\":\"Ondernemend Venlo\",\"item\":\"https:\/\/www.ondernemendvenlo.nl\/\"},{\"@type\":\"ListItem\",\"position\":2,\"name\":\"Nieuws\",\"item\":\"https:\/\/www.ondernemendvenlo.nl\/categorie\/nieuws\/\"},{\"@type\":\"ListItem\",\"position\":3,\"name\":\"Jan Deckers van Deja Tech benoemd tot Ridder in de Orde van de Nederlandse Leeuw\"}]},{\"@type\":\"WebSite\",\"@id\":\"https:\/\/www.ondernemendvenlo.nl\/#website\",\"url\":\"https:\/\/www.ondernemendvenlo.nl\/\",\"name\":\"Ondernemend Venlo\",\"description\":\"Samen succesvol ondernemen\",\"publisher\":{\"@id\":\"https:\/\/www.ondernemendvenlo.nl\/#organization\"},\"potentialAction\":[{\"@type\":\"SearchAction\",\"target\":{\"@type\":\"EntryPoint\",\"urlTemplate\":\"https:\/\/www.ondernemendvenlo.nl\/?s={search_term_string}\"},\"query-input\":{\"@type\":\"PropertyValueSpecification\",\"valueRequired\":true,\"valueName\":\"search_term_string\"}}],\"inLanguage\":\"fr-FR\"},{\"@type\":\"Organization\",\"@id\":\"https:\/\/www.ondernemendvenlo.nl\/#organization\",\"name\":\"Ondernemend Venlo\",\"url\":\"https:\/\/www.ondernemendvenlo.nl\/\",\"logo\":{\"@type\":\"ImageObject\",\"inLanguage\":\"fr-FR\",\"@id\":\"https:\/\/www.ondernemendvenlo.nl\/#\/schema\/logo\/image\/\",\"url\":\"https:\/\/www.ondernemendvenlo.nl\/wp-content\/uploads\/2025\/02\/Ondernemend-Venlo-logo-scaled.webp\",\"contentUrl\":\"https:\/\/www.ondernemendvenlo.nl\/wp-content\/uploads\/2025\/02\/Ondernemend-Venlo-logo-scaled.webp\",\"width\":2560,\"height\":1010,\"caption\":\"Ondernemend Venlo\"},\"image\":{\"@id\":\"https:\/\/www.ondernemendvenlo.nl\/#\/schema\/logo\/image\/\"},\"sameAs\":[\"https:\/\/www.linkedin.com\/company\/ondernemend-venlo\/\"]},{\"@type\":\"Person\",\"@id\":\"https:\/\/www.ondernemendvenlo.nl\/#\/schema\/person\/347e935f8ad4c7030608ef74bb57aa6e\",\"name\":\"admin\",\"image\":{\"@type\":\"ImageObject\",\"inLanguage\":\"fr-FR\",\"@id\":\"https:\/\/www.ondernemendvenlo.nl\/#\/schema\/person\/image\/\",\"url\":\"https:\/\/www.ondernemendvenlo.nl\/wp-content\/litespeed\/avatar\/720af750b037aecf6e33e12833479059.jpg?ver=1777382954\",\"contentUrl\":\"https:\/\/www.ondernemendvenlo.nl\/wp-content\/litespeed\/avatar\/720af750b037aecf6e33e12833479059.jpg?ver=1777382954\",\"caption\":\"admin\"},\"sameAs\":[\"https:\/\/www.ondernemendvenlo.nl\"]}]}<\/script>\n<!-- \/ Yoast SEO plugin. -->","yoast_head_json":{"title":"Jan Deckers van Deja Tech benoemd tot Ridder in de Orde van de Nederlandse Leeuw - Ondernemend Venlo","robots":{"index":"index","follow":"follow","max-snippet":"max-snippet:-1","max-image-preview":"max-image-preview:large","max-video-preview":"max-video-preview:-1"},"canonical":"https:\/\/www.ondernemendvenlo.nl\/fr\/jan-deckers-van-deja-tech-benoemd-tot-ridder-in-de-orde-van-de-nederlandse-leeuw\/","og_locale":"fr_FR","og_type":"article","og_title":"Jan Deckers van Deja Tech benoemd tot Ridder in de Orde van de Nederlandse Leeuw - Ondernemend Venlo","og_description":"Gisteren, 24 september, heeft Jan Deckers uit handen van burgemeester Antoin Scholten een zeer bijzondere koninklijke onderscheiding ontvangen. De onderscheiding, die hij ontvangen heeft, is \u201cRidder in de orde van de Nederlandse Leeuw\u201d. Een zeer unieke, maar ook terechte onderscheiding, waar Jan Deckers naar eigen zeggen \u201cberetrots\u201d op is. Jan Deckers is al 50 jaar [&hellip;]","og_url":"https:\/\/www.ondernemendvenlo.nl\/fr\/jan-deckers-van-deja-tech-benoemd-tot-ridder-in-de-orde-van-de-nederlandse-leeuw\/","og_site_name":"Ondernemend Venlo","article_published_time":"2020-09-25T06:12:01+00:00","og_image":[{"width":2560,"height":1709,"url":"https:\/\/www.ondernemendvenlo.nl\/wp-content\/uploads\/2025\/04\/Ridder-Jan-Deckers-geridderd-tussen-zijn-uitvindingen-scaled-1.jpg","type":"image\/jpeg"}],"author":"admin","twitter_card":"summary_large_image","twitter_misc":{"\u00c9crit par":"admin","Dur\u00e9e de lecture estim\u00e9e":"1 minute"},"schema":{"@context":"https:\/\/schema.org","@graph":[{"@type":"Article","@id":"https:\/\/www.ondernemendvenlo.nl\/jan-deckers-van-deja-tech-benoemd-tot-ridder-in-de-orde-van-de-nederlandse-leeuw\/#article","isPartOf":{"@id":"https:\/\/www.ondernemendvenlo.nl\/jan-deckers-van-deja-tech-benoemd-tot-ridder-in-de-orde-van-de-nederlandse-leeuw\/"},"author":{"name":"admin","@id":"https:\/\/www.ondernemendvenlo.nl\/#\/schema\/person\/347e935f8ad4c7030608ef74bb57aa6e"},"headline":"Jan Deckers van Deja Tech benoemd tot Ridder in de Orde van de Nederlandse Leeuw","datePublished":"2020-09-25T06:12:01+00:00","mainEntityOfPage":{"@id":"https:\/\/www.ondernemendvenlo.nl\/jan-deckers-van-deja-tech-benoemd-tot-ridder-in-de-orde-van-de-nederlandse-leeuw\/"},"wordCount":261,"publisher":{"@id":"https:\/\/www.ondernemendvenlo.nl\/#organization"},"image":{"@id":"https:\/\/www.ondernemendvenlo.nl\/jan-deckers-van-deja-tech-benoemd-tot-ridder-in-de-orde-van-de-nederlandse-leeuw\/#primaryimage"},"thumbnailUrl":"https:\/\/www.ondernemendvenlo.nl\/wp-content\/uploads\/2025\/04\/Ridder-Jan-Deckers-geridderd-tussen-zijn-uitvindingen-scaled-1.jpg","articleSection":["Nieuws"],"inLanguage":"fr-FR"},{"@type":"WebPage","@id":"https:\/\/www.ondernemendvenlo.nl\/jan-deckers-van-deja-tech-benoemd-tot-ridder-in-de-orde-van-de-nederlandse-leeuw\/","url":"https:\/\/www.ondernemendvenlo.nl\/jan-deckers-van-deja-tech-benoemd-tot-ridder-in-de-orde-van-de-nederlandse-leeuw\/","name":"Jan Deckers van Deja Tech benoemd tot Ridder in de Orde van de Nederlandse Leeuw - Ondernemend Venlo","isPartOf":{"@id":"https:\/\/www.ondernemendvenlo.nl\/#website"},"primaryImageOfPage":{"@id":"https:\/\/www.ondernemendvenlo.nl\/jan-deckers-van-deja-tech-benoemd-tot-ridder-in-de-orde-van-de-nederlandse-leeuw\/#primaryimage"},"image":{"@id":"https:\/\/www.ondernemendvenlo.nl\/jan-deckers-van-deja-tech-benoemd-tot-ridder-in-de-orde-van-de-nederlandse-leeuw\/#primaryimage"},"thumbnailUrl":"https:\/\/www.ondernemendvenlo.nl\/wp-content\/uploads\/2025\/04\/Ridder-Jan-Deckers-geridderd-tussen-zijn-uitvindingen-scaled-1.jpg","datePublished":"2020-09-25T06:12:01+00:00","breadcrumb":{"@id":"https:\/\/www.ondernemendvenlo.nl\/jan-deckers-van-deja-tech-benoemd-tot-ridder-in-de-orde-van-de-nederlandse-leeuw\/#breadcrumb"},"inLanguage":"fr-FR","potentialAction":[{"@type":"ReadAction","target":["https:\/\/www.ondernemendvenlo.nl\/jan-deckers-van-deja-tech-benoemd-tot-ridder-in-de-orde-van-de-nederlandse-leeuw\/"]}]},{"@type":"ImageObject","inLanguage":"fr-FR","@id":"https:\/\/www.ondernemendvenlo.nl\/jan-deckers-van-deja-tech-benoemd-tot-ridder-in-de-orde-van-de-nederlandse-leeuw\/#primaryimage","url":"https:\/\/www.ondernemendvenlo.nl\/wp-content\/uploads\/2025\/04\/Ridder-Jan-Deckers-geridderd-tussen-zijn-uitvindingen-scaled-1.jpg","contentUrl":"https:\/\/www.ondernemendvenlo.nl\/wp-content\/uploads\/2025\/04\/Ridder-Jan-Deckers-geridderd-tussen-zijn-uitvindingen-scaled-1.jpg","width":2560,"height":1709},{"@type":"BreadcrumbList","@id":"https:\/\/www.ondernemendvenlo.nl\/jan-deckers-van-deja-tech-benoemd-tot-ridder-in-de-orde-van-de-nederlandse-leeuw\/#breadcrumb","itemListElement":[{"@type":"ListItem","position":1,"name":"Ondernemend Venlo","item":"https:\/\/www.ondernemendvenlo.nl\/"},{"@type":"ListItem","position":2,"name":"Nieuws","item":"https:\/\/www.ondernemendvenlo.nl\/categorie\/nieuws\/"},{"@type":"ListItem","position":3,"name":"Jan Deckers van Deja Tech benoemd tot Ridder in de Orde van de Nederlandse Leeuw"}]},{"@type":"WebSite","@id":"https:\/\/www.ondernemendvenlo.nl\/#website","url":"https:\/\/www.ondernemendvenlo.nl\/","name":"Venlo entrepreneurial","description":"Travailler ensemble avec succ\u00e8s","publisher":{"@id":"https:\/\/www.ondernemendvenlo.nl\/#organization"},"potentialAction":[{"@type":"SearchAction","target":{"@type":"EntryPoint","urlTemplate":"https:\/\/www.ondernemendvenlo.nl\/?s={search_term_string}"},"query-input":{"@type":"PropertyValueSpecification","valueRequired":true,"valueName":"search_term_string"}}],"inLanguage":"fr-FR"},{"@type":"Organization","@id":"https:\/\/www.ondernemendvenlo.nl\/#organization","name":"Venlo entrepreneurial","url":"https:\/\/www.ondernemendvenlo.nl\/","logo":{"@type":"ImageObject","inLanguage":"fr-FR","@id":"https:\/\/www.ondernemendvenlo.nl\/#\/schema\/logo\/image\/","url":"https:\/\/www.ondernemendvenlo.nl\/wp-content\/uploads\/2025\/02\/Ondernemend-Venlo-logo-scaled.webp","contentUrl":"https:\/\/www.ondernemendvenlo.nl\/wp-content\/uploads\/2025\/02\/Ondernemend-Venlo-logo-scaled.webp","width":2560,"height":1010,"caption":"Ondernemend Venlo"},"image":{"@id":"https:\/\/www.ondernemendvenlo.nl\/#\/schema\/logo\/image\/"},"sameAs":["https:\/\/www.linkedin.com\/company\/ondernemend-venlo\/"]},{"@type":"Person","@id":"https:\/\/www.ondernemendvenlo.nl\/#\/schema\/person\/347e935f8ad4c7030608ef74bb57aa6e","name":"admin","image":{"@type":"ImageObject","inLanguage":"fr-FR","@id":"https:\/\/www.ondernemendvenlo.nl\/#\/schema\/person\/image\/","url":"https:\/\/www.ondernemendvenlo.nl\/wp-content\/litespeed\/avatar\/720af750b037aecf6e33e12833479059.jpg?ver=1777382954","contentUrl":"https:\/\/www.ondernemendvenlo.nl\/wp-content\/litespeed\/avatar\/720af750b037aecf6e33e12833479059.jpg?ver=1777382954","caption":"admin"},"sameAs":["https:\/\/www.ondernemendvenlo.nl"]}]}},"_links":{"self":[{"href":"https:\/\/www.ondernemendvenlo.nl\/fr\/wp-json\/wp\/v2\/posts\/2297","targetHints":{"allow":["GET"]}}],"collection":[{"href":"https:\/\/www.ondernemendvenlo.nl\/fr\/wp-json\/wp\/v2\/posts"}],"about":[{"href":"https:\/\/www.ondernemendvenlo.nl\/fr\/wp-json\/wp\/v2\/types\/post"}],"author":[{"embeddable":true,"href":"https:\/\/www.ondernemendvenlo.nl\/fr\/wp-json\/wp\/v2\/users\/1"}],"replies":[{"embeddable":true,"href":"https:\/\/www.ondernemendvenlo.nl\/fr\/wp-json\/wp\/v2\/comments?post=2297"}],"version-history":[{"count":0,"href":"https:\/\/www.ondernemendvenlo.nl\/fr\/wp-json\/wp\/v2\/posts\/2297\/revisions"}],"wp:featuredmedia":[{"embeddable":true,"href":"https:\/\/www.ondernemendvenlo.nl\/fr\/wp-json\/wp\/v2\/media\/2298"}],"wp:attachment":[{"href":"https:\/\/www.ondernemendvenlo.nl\/fr\/wp-json\/wp\/v2\/media?parent=2297"}],"wp:term":[{"taxonomy":"category","embeddable":true,"href":"https:\/\/www.ondernemendvenlo.nl\/fr\/wp-json\/wp\/v2\/categories?post=2297"},{"taxonomy":"post_tag","embeddable":true,"href":"https:\/\/www.ondernemendvenlo.nl\/fr\/wp-json\/wp\/v2\/tags?post=2297"}],"curies":[{"name":"wp","href":"https:\/\/api.w.org\/{rel}","templated":true}]}}