{"id":2362,"date":"2021-01-04T08:37:00","date_gmt":"2021-01-04T07:37:00","guid":{"rendered":"https:\/\/www.ondernemendvenlo.nl\/nieuwe-voorzitter-lodewijk-van-der-grinten-prijs\/"},"modified":"2021-01-04T08:37:00","modified_gmt":"2021-01-04T07:37:00","slug":"nieuwe-voorzitter-lodewijk-van-der-grinten-prijs","status":"publish","type":"post","link":"https:\/\/www.ondernemendvenlo.nl\/fr\/nieuwe-voorzitter-lodewijk-van-der-grinten-prijs\/","title":{"rendered":"Nouveau pr\u00e9sident du prix Lodewijk van der Grinten"},"content":{"rendered":"<p><strong>VENLO - Apr\u00e8s cinq ann\u00e9es de pr\u00e9sidence du jury de la <a href=\"http:\/\/www.lvdgprijs.nl\" target=\"_blank\" rel=\"noopener noreferrer\" class=\"external\">Prix Lodewijk van der Grinten<\/a> Tjebbe Smit remet le marteau \u00e0 Marcel Frielinck. Marcel est directeur financier de Canon Production Printing et vit \u00e0 Venlo.<\/strong><\/p>\n<p>Chaque ann\u00e9e, un jury d'experts \u00e9value les entrepreneurs nomin\u00e9s en fonction de leur esprit d'entreprise, de leur souci de durabilit\u00e9 et de leur contribution \u00e0 la soci\u00e9t\u00e9 de Venlo. Sur la base d'un pitch, d'une pr\u00e9sentation de l'entreprise et d'une visite approfondie de l'entreprise, le jury d\u00e9termine le gagnant final.<\/p>\n<p>Le conseil d'administration du prix LvdG remercie M. Tjebbe pour son d\u00e9vouement et son engagement et souhaite \u00e0 Marcel beaucoup de succ\u00e8s dans son r\u00f4le de nouveau pr\u00e9sident du jury.<\/p>","protected":false},"excerpt":{"rendered":"<p>VENLO &#8211; Na vijf jaar juryvoorzitterschap van de Lodewijk van der Grinten Prijs draagt Tjebbe Smit de voorzittershamer over aan Marcel Frielinck. Marcel is de CFO van Canon Production Printing en woonachtig in Venlo. Ieder jaar beoordeelt een deskundige jury de genomineerde ondernemers op ondernemerschap, oog voor duurzaamheid en bijdrage aan de Venlose samenleving. Op [&hellip;]<\/p>","protected":false},"author":1,"featured_media":2363,"comment_status":"closed","ping_status":"open","sticky":false,"template":"","format":"standard","meta":{"_acf_changed":false,"footnotes":""},"categories":[8],"tags":[],"class_list":["post-2362","post","type-post","status-publish","format-standard","has-post-thumbnail","hentry","category-nieuws"],"acf":[],"yoast_head":"<!-- This site is optimized with the Yoast SEO plugin v26.3 - https:\/\/yoast.com\/wordpress\/plugins\/seo\/ -->\n<title>Nieuwe voorzitter Lodewijk van der Grinten Prijs - Ondernemend Venlo<\/title>\n<meta name=\"robots\" content=\"index, follow, max-snippet:-1, max-image-preview:large, max-video-preview:-1\" \/>\n<link rel=\"canonical\" href=\"https:\/\/www.ondernemendvenlo.nl\/fr\/nieuwe-voorzitter-lodewijk-van-der-grinten-prijs\/\" \/>\n<meta property=\"og:locale\" content=\"fr_FR\" \/>\n<meta property=\"og:type\" content=\"article\" \/>\n<meta property=\"og:title\" content=\"Nieuwe voorzitter Lodewijk van der Grinten Prijs - Ondernemend Venlo\" \/>\n<meta property=\"og:description\" content=\"VENLO &#8211; Na vijf jaar juryvoorzitterschap van de Lodewijk van der Grinten Prijs draagt Tjebbe Smit de voorzittershamer over aan Marcel Frielinck. Marcel is de CFO van Canon Production Printing en woonachtig in Venlo. Ieder jaar beoordeelt een deskundige jury de genomineerde ondernemers op ondernemerschap, oog voor duurzaamheid en bijdrage aan de Venlose samenleving. Op [&hellip;]\" \/>\n<meta property=\"og:url\" content=\"https:\/\/www.ondernemendvenlo.nl\/fr\/nieuwe-voorzitter-lodewijk-van-der-grinten-prijs\/\" \/>\n<meta property=\"og:site_name\" content=\"Ondernemend Venlo\" \/>\n<meta property=\"article:published_time\" content=\"2021-01-04T07:37:00+00:00\" \/>\n<meta property=\"og:image\" content=\"https:\/\/www.ondernemendvenlo.nl\/wp-content\/uploads\/2025\/04\/2020-12-30_5fec681cc7e70_LvdGprijsnieuwevoorzitter2021.png\" \/>\n\t<meta property=\"og:image:width\" content=\"1515\" \/>\n\t<meta property=\"og:image:height\" content=\"617\" \/>\n\t<meta property=\"og:image:type\" content=\"image\/png\" \/>\n<meta name=\"author\" content=\"admin\" \/>\n<meta name=\"twitter:card\" content=\"summary_large_image\" \/>\n<meta name=\"twitter:label1\" content=\"\u00c9crit par\" \/>\n\t<meta name=\"twitter:data1\" content=\"admin\" \/>\n<script type=\"application\/ld+json\" class=\"yoast-schema-graph\">{\"@context\":\"https:\/\/schema.org\",\"@graph\":[{\"@type\":\"Article\",\"@id\":\"https:\/\/www.ondernemendvenlo.nl\/nieuwe-voorzitter-lodewijk-van-der-grinten-prijs\/#article\",\"isPartOf\":{\"@id\":\"https:\/\/www.ondernemendvenlo.nl\/nieuwe-voorzitter-lodewijk-van-der-grinten-prijs\/\"},\"author\":{\"name\":\"admin\",\"@id\":\"https:\/\/www.ondernemendvenlo.nl\/#\/schema\/person\/347e935f8ad4c7030608ef74bb57aa6e\"},\"headline\":\"Nieuwe voorzitter Lodewijk van der Grinten Prijs\",\"datePublished\":\"2021-01-04T07:37:00+00:00\",\"mainEntityOfPage\":{\"@id\":\"https:\/\/www.ondernemendvenlo.nl\/nieuwe-voorzitter-lodewijk-van-der-grinten-prijs\/\"},\"wordCount\":101,\"publisher\":{\"@id\":\"https:\/\/www.ondernemendvenlo.nl\/#organization\"},\"image\":{\"@id\":\"https:\/\/www.ondernemendvenlo.nl\/nieuwe-voorzitter-lodewijk-van-der-grinten-prijs\/#primaryimage\"},\"thumbnailUrl\":\"https:\/\/www.ondernemendvenlo.nl\/wp-content\/uploads\/2025\/04\/2020-12-30_5fec681cc7e70_LvdGprijsnieuwevoorzitter2021.png\",\"articleSection\":[\"Nieuws\"],\"inLanguage\":\"fr-FR\"},{\"@type\":\"WebPage\",\"@id\":\"https:\/\/www.ondernemendvenlo.nl\/nieuwe-voorzitter-lodewijk-van-der-grinten-prijs\/\",\"url\":\"https:\/\/www.ondernemendvenlo.nl\/nieuwe-voorzitter-lodewijk-van-der-grinten-prijs\/\",\"name\":\"Nieuwe voorzitter Lodewijk van der Grinten Prijs - Ondernemend Venlo\",\"isPartOf\":{\"@id\":\"https:\/\/www.ondernemendvenlo.nl\/#website\"},\"primaryImageOfPage\":{\"@id\":\"https:\/\/www.ondernemendvenlo.nl\/nieuwe-voorzitter-lodewijk-van-der-grinten-prijs\/#primaryimage\"},\"image\":{\"@id\":\"https:\/\/www.ondernemendvenlo.nl\/nieuwe-voorzitter-lodewijk-van-der-grinten-prijs\/#primaryimage\"},\"thumbnailUrl\":\"https:\/\/www.ondernemendvenlo.nl\/wp-content\/uploads\/2025\/04\/2020-12-30_5fec681cc7e70_LvdGprijsnieuwevoorzitter2021.png\",\"datePublished\":\"2021-01-04T07:37:00+00:00\",\"breadcrumb\":{\"@id\":\"https:\/\/www.ondernemendvenlo.nl\/nieuwe-voorzitter-lodewijk-van-der-grinten-prijs\/#breadcrumb\"},\"inLanguage\":\"fr-FR\",\"potentialAction\":[{\"@type\":\"ReadAction\",\"target\":[\"https:\/\/www.ondernemendvenlo.nl\/nieuwe-voorzitter-lodewijk-van-der-grinten-prijs\/\"]}]},{\"@type\":\"ImageObject\",\"inLanguage\":\"fr-FR\",\"@id\":\"https:\/\/www.ondernemendvenlo.nl\/nieuwe-voorzitter-lodewijk-van-der-grinten-prijs\/#primaryimage\",\"url\":\"https:\/\/www.ondernemendvenlo.nl\/wp-content\/uploads\/2025\/04\/2020-12-30_5fec681cc7e70_LvdGprijsnieuwevoorzitter2021.png\",\"contentUrl\":\"https:\/\/www.ondernemendvenlo.nl\/wp-content\/uploads\/2025\/04\/2020-12-30_5fec681cc7e70_LvdGprijsnieuwevoorzitter2021.png\",\"width\":1515,\"height\":617},{\"@type\":\"BreadcrumbList\",\"@id\":\"https:\/\/www.ondernemendvenlo.nl\/nieuwe-voorzitter-lodewijk-van-der-grinten-prijs\/#breadcrumb\",\"itemListElement\":[{\"@type\":\"ListItem\",\"position\":1,\"name\":\"Ondernemend Venlo\",\"item\":\"https:\/\/www.ondernemendvenlo.nl\/\"},{\"@type\":\"ListItem\",\"position\":2,\"name\":\"Nieuws\",\"item\":\"https:\/\/www.ondernemendvenlo.nl\/categorie\/nieuws\/\"},{\"@type\":\"ListItem\",\"position\":3,\"name\":\"Nieuwe voorzitter Lodewijk van der Grinten Prijs\"}]},{\"@type\":\"WebSite\",\"@id\":\"https:\/\/www.ondernemendvenlo.nl\/#website\",\"url\":\"https:\/\/www.ondernemendvenlo.nl\/\",\"name\":\"Ondernemend Venlo\",\"description\":\"Samen succesvol ondernemen\",\"publisher\":{\"@id\":\"https:\/\/www.ondernemendvenlo.nl\/#organization\"},\"potentialAction\":[{\"@type\":\"SearchAction\",\"target\":{\"@type\":\"EntryPoint\",\"urlTemplate\":\"https:\/\/www.ondernemendvenlo.nl\/?s={search_term_string}\"},\"query-input\":{\"@type\":\"PropertyValueSpecification\",\"valueRequired\":true,\"valueName\":\"search_term_string\"}}],\"inLanguage\":\"fr-FR\"},{\"@type\":\"Organization\",\"@id\":\"https:\/\/www.ondernemendvenlo.nl\/#organization\",\"name\":\"Ondernemend Venlo\",\"url\":\"https:\/\/www.ondernemendvenlo.nl\/\",\"logo\":{\"@type\":\"ImageObject\",\"inLanguage\":\"fr-FR\",\"@id\":\"https:\/\/www.ondernemendvenlo.nl\/#\/schema\/logo\/image\/\",\"url\":\"https:\/\/www.ondernemendvenlo.nl\/wp-content\/uploads\/2025\/02\/Ondernemend-Venlo-logo-scaled.webp\",\"contentUrl\":\"https:\/\/www.ondernemendvenlo.nl\/wp-content\/uploads\/2025\/02\/Ondernemend-Venlo-logo-scaled.webp\",\"width\":2560,\"height\":1010,\"caption\":\"Ondernemend Venlo\"},\"image\":{\"@id\":\"https:\/\/www.ondernemendvenlo.nl\/#\/schema\/logo\/image\/\"},\"sameAs\":[\"https:\/\/www.linkedin.com\/company\/ondernemend-venlo\/\"]},{\"@type\":\"Person\",\"@id\":\"https:\/\/www.ondernemendvenlo.nl\/#\/schema\/person\/347e935f8ad4c7030608ef74bb57aa6e\",\"name\":\"admin\",\"image\":{\"@type\":\"ImageObject\",\"inLanguage\":\"fr-FR\",\"@id\":\"https:\/\/www.ondernemendvenlo.nl\/#\/schema\/person\/image\/\",\"url\":\"https:\/\/www.ondernemendvenlo.nl\/wp-content\/litespeed\/avatar\/720af750b037aecf6e33e12833479059.jpg?ver=1777382954\",\"contentUrl\":\"https:\/\/www.ondernemendvenlo.nl\/wp-content\/litespeed\/avatar\/720af750b037aecf6e33e12833479059.jpg?ver=1777382954\",\"caption\":\"admin\"},\"sameAs\":[\"https:\/\/www.ondernemendvenlo.nl\"]}]}<\/script>\n<!-- \/ Yoast SEO plugin. -->","yoast_head_json":{"title":"Nieuwe voorzitter Lodewijk van der Grinten Prijs - Ondernemend Venlo","robots":{"index":"index","follow":"follow","max-snippet":"max-snippet:-1","max-image-preview":"max-image-preview:large","max-video-preview":"max-video-preview:-1"},"canonical":"https:\/\/www.ondernemendvenlo.nl\/fr\/nieuwe-voorzitter-lodewijk-van-der-grinten-prijs\/","og_locale":"fr_FR","og_type":"article","og_title":"Nieuwe voorzitter Lodewijk van der Grinten Prijs - Ondernemend Venlo","og_description":"VENLO &#8211; Na vijf jaar juryvoorzitterschap van de Lodewijk van der Grinten Prijs draagt Tjebbe Smit de voorzittershamer over aan Marcel Frielinck. Marcel is de CFO van Canon Production Printing en woonachtig in Venlo. Ieder jaar beoordeelt een deskundige jury de genomineerde ondernemers op ondernemerschap, oog voor duurzaamheid en bijdrage aan de Venlose samenleving. Op [&hellip;]","og_url":"https:\/\/www.ondernemendvenlo.nl\/fr\/nieuwe-voorzitter-lodewijk-van-der-grinten-prijs\/","og_site_name":"Ondernemend Venlo","article_published_time":"2021-01-04T07:37:00+00:00","og_image":[{"width":1515,"height":617,"url":"https:\/\/www.ondernemendvenlo.nl\/wp-content\/uploads\/2025\/04\/2020-12-30_5fec681cc7e70_LvdGprijsnieuwevoorzitter2021.png","type":"image\/png"}],"author":"admin","twitter_card":"summary_large_image","twitter_misc":{"\u00c9crit par":"admin"},"schema":{"@context":"https:\/\/schema.org","@graph":[{"@type":"Article","@id":"https:\/\/www.ondernemendvenlo.nl\/nieuwe-voorzitter-lodewijk-van-der-grinten-prijs\/#article","isPartOf":{"@id":"https:\/\/www.ondernemendvenlo.nl\/nieuwe-voorzitter-lodewijk-van-der-grinten-prijs\/"},"author":{"name":"admin","@id":"https:\/\/www.ondernemendvenlo.nl\/#\/schema\/person\/347e935f8ad4c7030608ef74bb57aa6e"},"headline":"Nieuwe voorzitter Lodewijk van der Grinten Prijs","datePublished":"2021-01-04T07:37:00+00:00","mainEntityOfPage":{"@id":"https:\/\/www.ondernemendvenlo.nl\/nieuwe-voorzitter-lodewijk-van-der-grinten-prijs\/"},"wordCount":101,"publisher":{"@id":"https:\/\/www.ondernemendvenlo.nl\/#organization"},"image":{"@id":"https:\/\/www.ondernemendvenlo.nl\/nieuwe-voorzitter-lodewijk-van-der-grinten-prijs\/#primaryimage"},"thumbnailUrl":"https:\/\/www.ondernemendvenlo.nl\/wp-content\/uploads\/2025\/04\/2020-12-30_5fec681cc7e70_LvdGprijsnieuwevoorzitter2021.png","articleSection":["Nieuws"],"inLanguage":"fr-FR"},{"@type":"WebPage","@id":"https:\/\/www.ondernemendvenlo.nl\/nieuwe-voorzitter-lodewijk-van-der-grinten-prijs\/","url":"https:\/\/www.ondernemendvenlo.nl\/nieuwe-voorzitter-lodewijk-van-der-grinten-prijs\/","name":"Nieuwe voorzitter Lodewijk van der Grinten Prijs - Ondernemend Venlo","isPartOf":{"@id":"https:\/\/www.ondernemendvenlo.nl\/#website"},"primaryImageOfPage":{"@id":"https:\/\/www.ondernemendvenlo.nl\/nieuwe-voorzitter-lodewijk-van-der-grinten-prijs\/#primaryimage"},"image":{"@id":"https:\/\/www.ondernemendvenlo.nl\/nieuwe-voorzitter-lodewijk-van-der-grinten-prijs\/#primaryimage"},"thumbnailUrl":"https:\/\/www.ondernemendvenlo.nl\/wp-content\/uploads\/2025\/04\/2020-12-30_5fec681cc7e70_LvdGprijsnieuwevoorzitter2021.png","datePublished":"2021-01-04T07:37:00+00:00","breadcrumb":{"@id":"https:\/\/www.ondernemendvenlo.nl\/nieuwe-voorzitter-lodewijk-van-der-grinten-prijs\/#breadcrumb"},"inLanguage":"fr-FR","potentialAction":[{"@type":"ReadAction","target":["https:\/\/www.ondernemendvenlo.nl\/nieuwe-voorzitter-lodewijk-van-der-grinten-prijs\/"]}]},{"@type":"ImageObject","inLanguage":"fr-FR","@id":"https:\/\/www.ondernemendvenlo.nl\/nieuwe-voorzitter-lodewijk-van-der-grinten-prijs\/#primaryimage","url":"https:\/\/www.ondernemendvenlo.nl\/wp-content\/uploads\/2025\/04\/2020-12-30_5fec681cc7e70_LvdGprijsnieuwevoorzitter2021.png","contentUrl":"https:\/\/www.ondernemendvenlo.nl\/wp-content\/uploads\/2025\/04\/2020-12-30_5fec681cc7e70_LvdGprijsnieuwevoorzitter2021.png","width":1515,"height":617},{"@type":"BreadcrumbList","@id":"https:\/\/www.ondernemendvenlo.nl\/nieuwe-voorzitter-lodewijk-van-der-grinten-prijs\/#breadcrumb","itemListElement":[{"@type":"ListItem","position":1,"name":"Ondernemend Venlo","item":"https:\/\/www.ondernemendvenlo.nl\/"},{"@type":"ListItem","position":2,"name":"Nieuws","item":"https:\/\/www.ondernemendvenlo.nl\/categorie\/nieuws\/"},{"@type":"ListItem","position":3,"name":"Nieuwe voorzitter Lodewijk van der Grinten Prijs"}]},{"@type":"WebSite","@id":"https:\/\/www.ondernemendvenlo.nl\/#website","url":"https:\/\/www.ondernemendvenlo.nl\/","name":"Venlo entrepreneurial","description":"Travailler ensemble avec succ\u00e8s","publisher":{"@id":"https:\/\/www.ondernemendvenlo.nl\/#organization"},"potentialAction":[{"@type":"SearchAction","target":{"@type":"EntryPoint","urlTemplate":"https:\/\/www.ondernemendvenlo.nl\/?s={search_term_string}"},"query-input":{"@type":"PropertyValueSpecification","valueRequired":true,"valueName":"search_term_string"}}],"inLanguage":"fr-FR"},{"@type":"Organization","@id":"https:\/\/www.ondernemendvenlo.nl\/#organization","name":"Venlo entrepreneurial","url":"https:\/\/www.ondernemendvenlo.nl\/","logo":{"@type":"ImageObject","inLanguage":"fr-FR","@id":"https:\/\/www.ondernemendvenlo.nl\/#\/schema\/logo\/image\/","url":"https:\/\/www.ondernemendvenlo.nl\/wp-content\/uploads\/2025\/02\/Ondernemend-Venlo-logo-scaled.webp","contentUrl":"https:\/\/www.ondernemendvenlo.nl\/wp-content\/uploads\/2025\/02\/Ondernemend-Venlo-logo-scaled.webp","width":2560,"height":1010,"caption":"Ondernemend Venlo"},"image":{"@id":"https:\/\/www.ondernemendvenlo.nl\/#\/schema\/logo\/image\/"},"sameAs":["https:\/\/www.linkedin.com\/company\/ondernemend-venlo\/"]},{"@type":"Person","@id":"https:\/\/www.ondernemendvenlo.nl\/#\/schema\/person\/347e935f8ad4c7030608ef74bb57aa6e","name":"admin","image":{"@type":"ImageObject","inLanguage":"fr-FR","@id":"https:\/\/www.ondernemendvenlo.nl\/#\/schema\/person\/image\/","url":"https:\/\/www.ondernemendvenlo.nl\/wp-content\/litespeed\/avatar\/720af750b037aecf6e33e12833479059.jpg?ver=1777382954","contentUrl":"https:\/\/www.ondernemendvenlo.nl\/wp-content\/litespeed\/avatar\/720af750b037aecf6e33e12833479059.jpg?ver=1777382954","caption":"admin"},"sameAs":["https:\/\/www.ondernemendvenlo.nl"]}]}},"_links":{"self":[{"href":"https:\/\/www.ondernemendvenlo.nl\/fr\/wp-json\/wp\/v2\/posts\/2362","targetHints":{"allow":["GET"]}}],"collection":[{"href":"https:\/\/www.ondernemendvenlo.nl\/fr\/wp-json\/wp\/v2\/posts"}],"about":[{"href":"https:\/\/www.ondernemendvenlo.nl\/fr\/wp-json\/wp\/v2\/types\/post"}],"author":[{"embeddable":true,"href":"https:\/\/www.ondernemendvenlo.nl\/fr\/wp-json\/wp\/v2\/users\/1"}],"replies":[{"embeddable":true,"href":"https:\/\/www.ondernemendvenlo.nl\/fr\/wp-json\/wp\/v2\/comments?post=2362"}],"version-history":[{"count":0,"href":"https:\/\/www.ondernemendvenlo.nl\/fr\/wp-json\/wp\/v2\/posts\/2362\/revisions"}],"wp:featuredmedia":[{"embeddable":true,"href":"https:\/\/www.ondernemendvenlo.nl\/fr\/wp-json\/wp\/v2\/media\/2363"}],"wp:attachment":[{"href":"https:\/\/www.ondernemendvenlo.nl\/fr\/wp-json\/wp\/v2\/media?parent=2362"}],"wp:term":[{"taxonomy":"category","embeddable":true,"href":"https:\/\/www.ondernemendvenlo.nl\/fr\/wp-json\/wp\/v2\/categories?post=2362"},{"taxonomy":"post_tag","embeddable":true,"href":"https:\/\/www.ondernemendvenlo.nl\/fr\/wp-json\/wp\/v2\/tags?post=2362"}],"curies":[{"name":"wp","href":"https:\/\/api.w.org\/{rel}","templated":true}]}}