{"id":2370,"date":"2021-01-12T09:55:57","date_gmt":"2021-01-12T08:55:57","guid":{"rendered":"https:\/\/www.ondernemendvenlo.nl\/wens-in-vervulling-met-start-fontys-opleiding-gezondheid\/"},"modified":"2021-01-12T09:55:57","modified_gmt":"2021-01-12T08:55:57","slug":"wens-in-vervulling-met-start-fontys-opleiding-gezondheid","status":"publish","type":"post","link":"https:\/\/www.ondernemendvenlo.nl\/fr\/wens-in-vervulling-met-start-fontys-opleiding-gezondheid\/","title":{"rendered":"Un v\u0153u exauc\u00e9 avec l'ouverture d'un cours de sant\u00e9 \u00e0 Fontys"},"content":{"rendered":"<p><strong>\u00c0 partir de l'ann\u00e9e scolaire prochaine, les \u00e9l\u00e8ves de la Fontys Hogescholen Venlo pourront opter pour un cours sur la sant\u00e9. Ils seront ainsi form\u00e9s pour devenir des sp\u00e9cialistes de la promotion de la sant\u00e9.<\/strong><\/p>\n<p>L'\u00e9tablissement avait d\u00e9j\u00e0 annonc\u00e9 son intention de lancer ce cours. Le minist\u00e8re a maintenant donn\u00e9 son accord officiel. Cela r\u00e9pond \u00e0 un souhait de Venlo. S'adressant \u00e0 Omroep Venlo, l'\u00e9chevin Erwin Boom (\u00e9ducation sup\u00e9rieure) a d\u00e9clar\u00e9 : \"Depuis des ann\u00e9es, nous voulons que les soins de sant\u00e9 fassent partie de notre syst\u00e8me \u00e9ducatif. Il est formidable que Fontys mette en place ce cours \u00e0 partir de septembre. Ainsi, par le biais de l'\u00e9ducation, les gens seront enthousiastes \u00e0 l'id\u00e9e de travailler dans le secteur des soins de sant\u00e9\". Les \u00e9tudiants se concentreront sur les questions d'innovation et de technologie.<\/p>","protected":false},"excerpt":{"rendered":"<p>Vanaf komend schooljaar kunnen studenten bij Fontys Hogescholen Venlo kiezen voor een opleiding Gezondheid. Studenten worden hierin opgeleid tot specialisten in gezondheidsbevordering. Eerder kondigde de hogeschool al aan te willen starten met de opleiding. Het ministerie heeft nu offici\u00eble goedkeuring verleend. Daarmee komt voor Venlo een wens in vervulling. Tegenover Omroep Venlo zegt wethouder Erwin [&hellip;]<\/p>","protected":false},"author":1,"featured_media":2371,"comment_status":"closed","ping_status":"open","sticky":false,"template":"","format":"standard","meta":{"_acf_changed":false,"footnotes":""},"categories":[8],"tags":[],"class_list":["post-2370","post","type-post","status-publish","format-standard","has-post-thumbnail","hentry","category-nieuws"],"acf":[],"yoast_head":"<!-- This site is optimized with the Yoast SEO plugin v26.3 - https:\/\/yoast.com\/wordpress\/plugins\/seo\/ -->\n<title>Wens in vervulling met start Fontys-opleiding Gezondheid - Ondernemend Venlo<\/title>\n<meta name=\"robots\" content=\"index, follow, max-snippet:-1, max-image-preview:large, max-video-preview:-1\" \/>\n<link rel=\"canonical\" href=\"https:\/\/www.ondernemendvenlo.nl\/fr\/wens-in-vervulling-met-start-fontys-opleiding-gezondheid\/\" \/>\n<meta property=\"og:locale\" content=\"fr_FR\" \/>\n<meta property=\"og:type\" content=\"article\" \/>\n<meta property=\"og:title\" content=\"Wens in vervulling met start Fontys-opleiding Gezondheid - Ondernemend Venlo\" \/>\n<meta property=\"og:description\" content=\"Vanaf komend schooljaar kunnen studenten bij Fontys Hogescholen Venlo kiezen voor een opleiding Gezondheid. Studenten worden hierin opgeleid tot specialisten in gezondheidsbevordering. Eerder kondigde de hogeschool al aan te willen starten met de opleiding. Het ministerie heeft nu offici\u00eble goedkeuring verleend. Daarmee komt voor Venlo een wens in vervulling. Tegenover Omroep Venlo zegt wethouder Erwin [&hellip;]\" \/>\n<meta property=\"og:url\" content=\"https:\/\/www.ondernemendvenlo.nl\/fr\/wens-in-vervulling-met-start-fontys-opleiding-gezondheid\/\" \/>\n<meta property=\"og:site_name\" content=\"Ondernemend Venlo\" \/>\n<meta property=\"article:published_time\" content=\"2021-01-12T08:55:57+00:00\" \/>\n<meta property=\"og:image\" content=\"https:\/\/www.ondernemendvenlo.nl\/wp-content\/uploads\/2025\/04\/Schermafbeelding-2021-01-12-om-12.23.28-1024x641.png\" \/>\n\t<meta property=\"og:image:width\" content=\"1024\" \/>\n\t<meta property=\"og:image:height\" content=\"641\" \/>\n\t<meta property=\"og:image:type\" content=\"image\/png\" \/>\n<meta name=\"author\" content=\"admin\" \/>\n<meta name=\"twitter:card\" content=\"summary_large_image\" \/>\n<meta name=\"twitter:label1\" content=\"\u00c9crit par\" \/>\n\t<meta name=\"twitter:data1\" content=\"admin\" \/>\n\t<meta name=\"twitter:label2\" content=\"Dur\u00e9e de lecture estim\u00e9e\" \/>\n\t<meta name=\"twitter:data2\" content=\"1 minute\" \/>\n<script type=\"application\/ld+json\" class=\"yoast-schema-graph\">{\"@context\":\"https:\/\/schema.org\",\"@graph\":[{\"@type\":\"Article\",\"@id\":\"https:\/\/www.ondernemendvenlo.nl\/wens-in-vervulling-met-start-fontys-opleiding-gezondheid\/#article\",\"isPartOf\":{\"@id\":\"https:\/\/www.ondernemendvenlo.nl\/wens-in-vervulling-met-start-fontys-opleiding-gezondheid\/\"},\"author\":{\"name\":\"admin\",\"@id\":\"https:\/\/www.ondernemendvenlo.nl\/#\/schema\/person\/347e935f8ad4c7030608ef74bb57aa6e\"},\"headline\":\"Wens in vervulling met start Fontys-opleiding Gezondheid\",\"datePublished\":\"2021-01-12T08:55:57+00:00\",\"mainEntityOfPage\":{\"@id\":\"https:\/\/www.ondernemendvenlo.nl\/wens-in-vervulling-met-start-fontys-opleiding-gezondheid\/\"},\"wordCount\":119,\"publisher\":{\"@id\":\"https:\/\/www.ondernemendvenlo.nl\/#organization\"},\"image\":{\"@id\":\"https:\/\/www.ondernemendvenlo.nl\/wens-in-vervulling-met-start-fontys-opleiding-gezondheid\/#primaryimage\"},\"thumbnailUrl\":\"https:\/\/www.ondernemendvenlo.nl\/wp-content\/uploads\/2025\/04\/Schermafbeelding-2021-01-12-om-12.23.28.png\",\"articleSection\":[\"Nieuws\"],\"inLanguage\":\"fr-FR\"},{\"@type\":\"WebPage\",\"@id\":\"https:\/\/www.ondernemendvenlo.nl\/wens-in-vervulling-met-start-fontys-opleiding-gezondheid\/\",\"url\":\"https:\/\/www.ondernemendvenlo.nl\/wens-in-vervulling-met-start-fontys-opleiding-gezondheid\/\",\"name\":\"Wens in vervulling met start Fontys-opleiding Gezondheid - Ondernemend Venlo\",\"isPartOf\":{\"@id\":\"https:\/\/www.ondernemendvenlo.nl\/#website\"},\"primaryImageOfPage\":{\"@id\":\"https:\/\/www.ondernemendvenlo.nl\/wens-in-vervulling-met-start-fontys-opleiding-gezondheid\/#primaryimage\"},\"image\":{\"@id\":\"https:\/\/www.ondernemendvenlo.nl\/wens-in-vervulling-met-start-fontys-opleiding-gezondheid\/#primaryimage\"},\"thumbnailUrl\":\"https:\/\/www.ondernemendvenlo.nl\/wp-content\/uploads\/2025\/04\/Schermafbeelding-2021-01-12-om-12.23.28.png\",\"datePublished\":\"2021-01-12T08:55:57+00:00\",\"breadcrumb\":{\"@id\":\"https:\/\/www.ondernemendvenlo.nl\/wens-in-vervulling-met-start-fontys-opleiding-gezondheid\/#breadcrumb\"},\"inLanguage\":\"fr-FR\",\"potentialAction\":[{\"@type\":\"ReadAction\",\"target\":[\"https:\/\/www.ondernemendvenlo.nl\/wens-in-vervulling-met-start-fontys-opleiding-gezondheid\/\"]}]},{\"@type\":\"ImageObject\",\"inLanguage\":\"fr-FR\",\"@id\":\"https:\/\/www.ondernemendvenlo.nl\/wens-in-vervulling-met-start-fontys-opleiding-gezondheid\/#primaryimage\",\"url\":\"https:\/\/www.ondernemendvenlo.nl\/wp-content\/uploads\/2025\/04\/Schermafbeelding-2021-01-12-om-12.23.28.png\",\"contentUrl\":\"https:\/\/www.ondernemendvenlo.nl\/wp-content\/uploads\/2025\/04\/Schermafbeelding-2021-01-12-om-12.23.28.png\",\"width\":1398,\"height\":875},{\"@type\":\"BreadcrumbList\",\"@id\":\"https:\/\/www.ondernemendvenlo.nl\/wens-in-vervulling-met-start-fontys-opleiding-gezondheid\/#breadcrumb\",\"itemListElement\":[{\"@type\":\"ListItem\",\"position\":1,\"name\":\"Ondernemend Venlo\",\"item\":\"https:\/\/www.ondernemendvenlo.nl\/\"},{\"@type\":\"ListItem\",\"position\":2,\"name\":\"Nieuws\",\"item\":\"https:\/\/www.ondernemendvenlo.nl\/categorie\/nieuws\/\"},{\"@type\":\"ListItem\",\"position\":3,\"name\":\"Wens in vervulling met start Fontys-opleiding Gezondheid\"}]},{\"@type\":\"WebSite\",\"@id\":\"https:\/\/www.ondernemendvenlo.nl\/#website\",\"url\":\"https:\/\/www.ondernemendvenlo.nl\/\",\"name\":\"Ondernemend Venlo\",\"description\":\"Samen succesvol ondernemen\",\"publisher\":{\"@id\":\"https:\/\/www.ondernemendvenlo.nl\/#organization\"},\"potentialAction\":[{\"@type\":\"SearchAction\",\"target\":{\"@type\":\"EntryPoint\",\"urlTemplate\":\"https:\/\/www.ondernemendvenlo.nl\/?s={search_term_string}\"},\"query-input\":{\"@type\":\"PropertyValueSpecification\",\"valueRequired\":true,\"valueName\":\"search_term_string\"}}],\"inLanguage\":\"fr-FR\"},{\"@type\":\"Organization\",\"@id\":\"https:\/\/www.ondernemendvenlo.nl\/#organization\",\"name\":\"Ondernemend Venlo\",\"url\":\"https:\/\/www.ondernemendvenlo.nl\/\",\"logo\":{\"@type\":\"ImageObject\",\"inLanguage\":\"fr-FR\",\"@id\":\"https:\/\/www.ondernemendvenlo.nl\/#\/schema\/logo\/image\/\",\"url\":\"https:\/\/www.ondernemendvenlo.nl\/wp-content\/uploads\/2025\/02\/Ondernemend-Venlo-logo-scaled.webp\",\"contentUrl\":\"https:\/\/www.ondernemendvenlo.nl\/wp-content\/uploads\/2025\/02\/Ondernemend-Venlo-logo-scaled.webp\",\"width\":2560,\"height\":1010,\"caption\":\"Ondernemend Venlo\"},\"image\":{\"@id\":\"https:\/\/www.ondernemendvenlo.nl\/#\/schema\/logo\/image\/\"},\"sameAs\":[\"https:\/\/www.linkedin.com\/company\/ondernemend-venlo\/\"]},{\"@type\":\"Person\",\"@id\":\"https:\/\/www.ondernemendvenlo.nl\/#\/schema\/person\/347e935f8ad4c7030608ef74bb57aa6e\",\"name\":\"admin\",\"image\":{\"@type\":\"ImageObject\",\"inLanguage\":\"fr-FR\",\"@id\":\"https:\/\/www.ondernemendvenlo.nl\/#\/schema\/person\/image\/\",\"url\":\"https:\/\/www.ondernemendvenlo.nl\/wp-content\/litespeed\/avatar\/720af750b037aecf6e33e12833479059.jpg?ver=1777382954\",\"contentUrl\":\"https:\/\/www.ondernemendvenlo.nl\/wp-content\/litespeed\/avatar\/720af750b037aecf6e33e12833479059.jpg?ver=1777382954\",\"caption\":\"admin\"},\"sameAs\":[\"https:\/\/www.ondernemendvenlo.nl\"]}]}<\/script>\n<!-- \/ Yoast SEO plugin. -->","yoast_head_json":{"title":"Wens in vervulling met start Fontys-opleiding Gezondheid - Ondernemend Venlo","robots":{"index":"index","follow":"follow","max-snippet":"max-snippet:-1","max-image-preview":"max-image-preview:large","max-video-preview":"max-video-preview:-1"},"canonical":"https:\/\/www.ondernemendvenlo.nl\/fr\/wens-in-vervulling-met-start-fontys-opleiding-gezondheid\/","og_locale":"fr_FR","og_type":"article","og_title":"Wens in vervulling met start Fontys-opleiding Gezondheid - Ondernemend Venlo","og_description":"Vanaf komend schooljaar kunnen studenten bij Fontys Hogescholen Venlo kiezen voor een opleiding Gezondheid. Studenten worden hierin opgeleid tot specialisten in gezondheidsbevordering. Eerder kondigde de hogeschool al aan te willen starten met de opleiding. Het ministerie heeft nu offici\u00eble goedkeuring verleend. Daarmee komt voor Venlo een wens in vervulling. Tegenover Omroep Venlo zegt wethouder Erwin [&hellip;]","og_url":"https:\/\/www.ondernemendvenlo.nl\/fr\/wens-in-vervulling-met-start-fontys-opleiding-gezondheid\/","og_site_name":"Ondernemend Venlo","article_published_time":"2021-01-12T08:55:57+00:00","og_image":[{"width":1024,"height":641,"url":"https:\/\/www.ondernemendvenlo.nl\/wp-content\/uploads\/2025\/04\/Schermafbeelding-2021-01-12-om-12.23.28-1024x641.png","type":"image\/png"}],"author":"admin","twitter_card":"summary_large_image","twitter_misc":{"\u00c9crit par":"admin","Dur\u00e9e de lecture estim\u00e9e":"1 minute"},"schema":{"@context":"https:\/\/schema.org","@graph":[{"@type":"Article","@id":"https:\/\/www.ondernemendvenlo.nl\/wens-in-vervulling-met-start-fontys-opleiding-gezondheid\/#article","isPartOf":{"@id":"https:\/\/www.ondernemendvenlo.nl\/wens-in-vervulling-met-start-fontys-opleiding-gezondheid\/"},"author":{"name":"admin","@id":"https:\/\/www.ondernemendvenlo.nl\/#\/schema\/person\/347e935f8ad4c7030608ef74bb57aa6e"},"headline":"Wens in vervulling met start Fontys-opleiding Gezondheid","datePublished":"2021-01-12T08:55:57+00:00","mainEntityOfPage":{"@id":"https:\/\/www.ondernemendvenlo.nl\/wens-in-vervulling-met-start-fontys-opleiding-gezondheid\/"},"wordCount":119,"publisher":{"@id":"https:\/\/www.ondernemendvenlo.nl\/#organization"},"image":{"@id":"https:\/\/www.ondernemendvenlo.nl\/wens-in-vervulling-met-start-fontys-opleiding-gezondheid\/#primaryimage"},"thumbnailUrl":"https:\/\/www.ondernemendvenlo.nl\/wp-content\/uploads\/2025\/04\/Schermafbeelding-2021-01-12-om-12.23.28.png","articleSection":["Nieuws"],"inLanguage":"fr-FR"},{"@type":"WebPage","@id":"https:\/\/www.ondernemendvenlo.nl\/wens-in-vervulling-met-start-fontys-opleiding-gezondheid\/","url":"https:\/\/www.ondernemendvenlo.nl\/wens-in-vervulling-met-start-fontys-opleiding-gezondheid\/","name":"Wens in vervulling met start Fontys-opleiding Gezondheid - Ondernemend Venlo","isPartOf":{"@id":"https:\/\/www.ondernemendvenlo.nl\/#website"},"primaryImageOfPage":{"@id":"https:\/\/www.ondernemendvenlo.nl\/wens-in-vervulling-met-start-fontys-opleiding-gezondheid\/#primaryimage"},"image":{"@id":"https:\/\/www.ondernemendvenlo.nl\/wens-in-vervulling-met-start-fontys-opleiding-gezondheid\/#primaryimage"},"thumbnailUrl":"https:\/\/www.ondernemendvenlo.nl\/wp-content\/uploads\/2025\/04\/Schermafbeelding-2021-01-12-om-12.23.28.png","datePublished":"2021-01-12T08:55:57+00:00","breadcrumb":{"@id":"https:\/\/www.ondernemendvenlo.nl\/wens-in-vervulling-met-start-fontys-opleiding-gezondheid\/#breadcrumb"},"inLanguage":"fr-FR","potentialAction":[{"@type":"ReadAction","target":["https:\/\/www.ondernemendvenlo.nl\/wens-in-vervulling-met-start-fontys-opleiding-gezondheid\/"]}]},{"@type":"ImageObject","inLanguage":"fr-FR","@id":"https:\/\/www.ondernemendvenlo.nl\/wens-in-vervulling-met-start-fontys-opleiding-gezondheid\/#primaryimage","url":"https:\/\/www.ondernemendvenlo.nl\/wp-content\/uploads\/2025\/04\/Schermafbeelding-2021-01-12-om-12.23.28.png","contentUrl":"https:\/\/www.ondernemendvenlo.nl\/wp-content\/uploads\/2025\/04\/Schermafbeelding-2021-01-12-om-12.23.28.png","width":1398,"height":875},{"@type":"BreadcrumbList","@id":"https:\/\/www.ondernemendvenlo.nl\/wens-in-vervulling-met-start-fontys-opleiding-gezondheid\/#breadcrumb","itemListElement":[{"@type":"ListItem","position":1,"name":"Ondernemend Venlo","item":"https:\/\/www.ondernemendvenlo.nl\/"},{"@type":"ListItem","position":2,"name":"Nieuws","item":"https:\/\/www.ondernemendvenlo.nl\/categorie\/nieuws\/"},{"@type":"ListItem","position":3,"name":"Wens in vervulling met start Fontys-opleiding Gezondheid"}]},{"@type":"WebSite","@id":"https:\/\/www.ondernemendvenlo.nl\/#website","url":"https:\/\/www.ondernemendvenlo.nl\/","name":"Venlo entrepreneurial","description":"Travailler ensemble avec succ\u00e8s","publisher":{"@id":"https:\/\/www.ondernemendvenlo.nl\/#organization"},"potentialAction":[{"@type":"SearchAction","target":{"@type":"EntryPoint","urlTemplate":"https:\/\/www.ondernemendvenlo.nl\/?s={search_term_string}"},"query-input":{"@type":"PropertyValueSpecification","valueRequired":true,"valueName":"search_term_string"}}],"inLanguage":"fr-FR"},{"@type":"Organization","@id":"https:\/\/www.ondernemendvenlo.nl\/#organization","name":"Venlo entrepreneurial","url":"https:\/\/www.ondernemendvenlo.nl\/","logo":{"@type":"ImageObject","inLanguage":"fr-FR","@id":"https:\/\/www.ondernemendvenlo.nl\/#\/schema\/logo\/image\/","url":"https:\/\/www.ondernemendvenlo.nl\/wp-content\/uploads\/2025\/02\/Ondernemend-Venlo-logo-scaled.webp","contentUrl":"https:\/\/www.ondernemendvenlo.nl\/wp-content\/uploads\/2025\/02\/Ondernemend-Venlo-logo-scaled.webp","width":2560,"height":1010,"caption":"Ondernemend Venlo"},"image":{"@id":"https:\/\/www.ondernemendvenlo.nl\/#\/schema\/logo\/image\/"},"sameAs":["https:\/\/www.linkedin.com\/company\/ondernemend-venlo\/"]},{"@type":"Person","@id":"https:\/\/www.ondernemendvenlo.nl\/#\/schema\/person\/347e935f8ad4c7030608ef74bb57aa6e","name":"admin","image":{"@type":"ImageObject","inLanguage":"fr-FR","@id":"https:\/\/www.ondernemendvenlo.nl\/#\/schema\/person\/image\/","url":"https:\/\/www.ondernemendvenlo.nl\/wp-content\/litespeed\/avatar\/720af750b037aecf6e33e12833479059.jpg?ver=1777382954","contentUrl":"https:\/\/www.ondernemendvenlo.nl\/wp-content\/litespeed\/avatar\/720af750b037aecf6e33e12833479059.jpg?ver=1777382954","caption":"admin"},"sameAs":["https:\/\/www.ondernemendvenlo.nl"]}]}},"_links":{"self":[{"href":"https:\/\/www.ondernemendvenlo.nl\/fr\/wp-json\/wp\/v2\/posts\/2370","targetHints":{"allow":["GET"]}}],"collection":[{"href":"https:\/\/www.ondernemendvenlo.nl\/fr\/wp-json\/wp\/v2\/posts"}],"about":[{"href":"https:\/\/www.ondernemendvenlo.nl\/fr\/wp-json\/wp\/v2\/types\/post"}],"author":[{"embeddable":true,"href":"https:\/\/www.ondernemendvenlo.nl\/fr\/wp-json\/wp\/v2\/users\/1"}],"replies":[{"embeddable":true,"href":"https:\/\/www.ondernemendvenlo.nl\/fr\/wp-json\/wp\/v2\/comments?post=2370"}],"version-history":[{"count":0,"href":"https:\/\/www.ondernemendvenlo.nl\/fr\/wp-json\/wp\/v2\/posts\/2370\/revisions"}],"wp:featuredmedia":[{"embeddable":true,"href":"https:\/\/www.ondernemendvenlo.nl\/fr\/wp-json\/wp\/v2\/media\/2371"}],"wp:attachment":[{"href":"https:\/\/www.ondernemendvenlo.nl\/fr\/wp-json\/wp\/v2\/media?parent=2370"}],"wp:term":[{"taxonomy":"category","embeddable":true,"href":"https:\/\/www.ondernemendvenlo.nl\/fr\/wp-json\/wp\/v2\/categories?post=2370"},{"taxonomy":"post_tag","embeddable":true,"href":"https:\/\/www.ondernemendvenlo.nl\/fr\/wp-json\/wp\/v2\/tags?post=2370"}],"curies":[{"name":"wp","href":"https:\/\/api.w.org\/{rel}","templated":true}]}}