{"id":2372,"date":"2021-01-13T10:00:31","date_gmt":"2021-01-13T09:00:31","guid":{"rendered":"https:\/\/www.ondernemendvenlo.nl\/raamovereenkomst-bouwkundig-onderhoud-gemeente-venlo-ondertekend\/"},"modified":"2021-01-13T10:00:31","modified_gmt":"2021-01-13T09:00:31","slug":"raamovereenkomst-bouwkundig-onderhoud-gemeente-venlo-ondertekend","status":"publish","type":"post","link":"https:\/\/www.ondernemendvenlo.nl\/fr\/raamovereenkomst-bouwkundig-onderhoud-gemeente-venlo-ondertekend\/","title":{"rendered":"Signature d'un accord-cadre sur l'entretien des b\u00e2timents de la municipalit\u00e9 de Venlo"},"content":{"rendered":"<p><strong>La municipalit\u00e9 de Venlo a sign\u00e9 un accord-cadre avec Janssen de Jong OnderhoudPlus et Raedts pour l'entretien structurel de la propri\u00e9t\u00e9 municipale. Les parties ont \u00e9t\u00e9 jug\u00e9es les meilleures en termes de rapport qualit\u00e9-prix sur la base de leurs offres dans le cadre de l'appel d'offres correspondant.<\/strong><\/p>\n<p>Le terrain municipal a \u00e9t\u00e9 divis\u00e9 en deux lots. Les num\u00e9ros un et deux, Janssen de Jong OnderhoudPlus et Raedts, se sont vu attribuer respectivement le lot 1 et le lot 2. Au total, 248 biens immobiliers d'une superficie brute de 171 652 m<sup>2<\/sup>. Les deux parties effectueront des travaux d'entretien structurel correctifs, quotidiens et planifi\u00e9s afin d'assurer l'utilisation, la s\u00e9curit\u00e9, le confort, la durabilit\u00e9 et l'esth\u00e9tique des b\u00e2timents de la municipalit\u00e9 de Venlo. L'objectif des travaux d'entretien est, d'une part, de veiller \u00e0 ce que les b\u00e2timents continuent \u00e0 fonctionner au niveau de qualit\u00e9 requis et, d'autre part, de contrer autant que possible le vieillissement des \u00e9l\u00e9ments architecturaux.<\/p>\n<p><strong>80 ans d'exp\u00e9rience<br \/>\n<\/strong>\"En tant qu'entreprise d'entretien de Venlo, nous sommes tr\u00e8s fiers que la municipalit\u00e9 nous ait choisis pour cette belle t\u00e2che d'entretien\", a d\u00e9clar\u00e9 Judith Verweij, directrice commerciale de Janssen de Jong OnderhoudPlus. \"Depuis plus de 80 ans, nous travaillons dans la r\u00e9gion de Venlo \u00e0 l'entretien structurel correctif, quotidien, planifi\u00e9 et d'investissement des propri\u00e9t\u00e9s existantes. L'objectif principal \u00e9tant l'utilisation abordable, durable et fonctionnelle des b\u00e2timents. Nous sommes donc tr\u00e8s heureux de pouvoir d\u00e9sormais nous en charger \u00e9galement pour notre propre municipalit\u00e9. Pour les b\u00e2timents monumentaux appartenant \u00e0 la municipalit\u00e9 de Venlo, nous faisons appel \u00e0 l'expertise de notre soci\u00e9t\u00e9 s\u0153ur Koninklijke Woudenberg Maastricht. Un Erkend Restauratie Bouwbedrijf (ERB) qui poss\u00e8de une grande exp\u00e9rience en mati\u00e8re de biens municipaux monumentaux\".<\/p>\n<p><strong>Belle expansion des services<br \/>\n<\/strong>\"Nous sommes heureux et honor\u00e9s d'avoir \u00e9t\u00e9 s\u00e9lectionn\u00e9s pour les travaux d'entretien structurel de la municipalit\u00e9 de Venlo. L'\u00e9largissement de notre cercle de clients professionnels r\u00e9guliers s'inscrit parfaitement dans notre strat\u00e9gie et notre ambition de croissance. En tant que sp\u00e9cialiste de l'entretien des b\u00e2timents o\u00f9 l'on vit, travaille et s'occupe comme d'habitude, nous avons notre place dans la zone de travail tout au long de l'A73\", d\u00e9clare Hans Janssen, directeur du service et de l'entretien de Raedts. \"C'est une belle extension des services que nous fournissons d\u00e9j\u00e0 aux soci\u00e9t\u00e9s de logement, aux institutions de soins et aux entreprises de la municipalit\u00e9 de Venlo. En particulier, le fait que Venlo soit \u00e0 la pointe du d\u00e9veloppement durable correspond \u00e0 notre vision et au certificat ISO-14001 que nous venons d'obtenir.\"<\/p>","protected":false},"excerpt":{"rendered":"<p>De gemeente Venlo heeft een raamovereenkomst ondertekend met Janssen de Jong OnderhoudPlus en Raedts voor het bouwkundig onderhoud aan het gemeentelijk vastgoed. De partijen werden op basis van hun inschrijving op de betreffende aanbesteding als beste beoordeeld op het gebied van prijs-kwaliteitverhouding. Het gemeentelijk vastgoed is onderverdeeld in twee percelen. De nummers \u00e9\u00e9n en twee, [&hellip;]<\/p>","protected":false},"author":1,"featured_media":2373,"comment_status":"closed","ping_status":"open","sticky":false,"template":"","format":"standard","meta":{"_acf_changed":false,"footnotes":""},"categories":[8],"tags":[],"class_list":["post-2372","post","type-post","status-publish","format-standard","has-post-thumbnail","hentry","category-nieuws"],"acf":[],"yoast_head":"<!-- This site is optimized with the Yoast SEO plugin v26.3 - https:\/\/yoast.com\/wordpress\/plugins\/seo\/ -->\n<title>Raamovereenkomst bouwkundig onderhoud gemeente Venlo ondertekend - Ondernemend Venlo<\/title>\n<meta name=\"robots\" content=\"index, follow, max-snippet:-1, max-image-preview:large, max-video-preview:-1\" \/>\n<link rel=\"canonical\" href=\"https:\/\/www.ondernemendvenlo.nl\/fr\/raamovereenkomst-bouwkundig-onderhoud-gemeente-venlo-ondertekend\/\" \/>\n<meta property=\"og:locale\" content=\"fr_FR\" \/>\n<meta property=\"og:type\" content=\"article\" \/>\n<meta property=\"og:title\" content=\"Raamovereenkomst bouwkundig onderhoud gemeente Venlo ondertekend - Ondernemend Venlo\" \/>\n<meta property=\"og:description\" content=\"De gemeente Venlo heeft een raamovereenkomst ondertekend met Janssen de Jong OnderhoudPlus en Raedts voor het bouwkundig onderhoud aan het gemeentelijk vastgoed. De partijen werden op basis van hun inschrijving op de betreffende aanbesteding als beste beoordeeld op het gebied van prijs-kwaliteitverhouding. Het gemeentelijk vastgoed is onderverdeeld in twee percelen. De nummers \u00e9\u00e9n en twee, [&hellip;]\" \/>\n<meta property=\"og:url\" content=\"https:\/\/www.ondernemendvenlo.nl\/fr\/raamovereenkomst-bouwkundig-onderhoud-gemeente-venlo-ondertekend\/\" \/>\n<meta property=\"og:site_name\" content=\"Ondernemend Venlo\" \/>\n<meta property=\"article:published_time\" content=\"2021-01-13T09:00:31+00:00\" \/>\n<meta property=\"og:image\" content=\"https:\/\/www.ondernemendvenlo.nl\/wp-content\/uploads\/2025\/04\/Schermafbeelding-2021-01-13-om-10.58.32-1024x671.png\" \/>\n\t<meta property=\"og:image:width\" content=\"1024\" \/>\n\t<meta property=\"og:image:height\" content=\"671\" \/>\n\t<meta property=\"og:image:type\" content=\"image\/png\" \/>\n<meta name=\"author\" content=\"admin\" \/>\n<meta name=\"twitter:card\" content=\"summary_large_image\" \/>\n<meta name=\"twitter:label1\" content=\"\u00c9crit par\" \/>\n\t<meta name=\"twitter:data1\" content=\"admin\" \/>\n\t<meta name=\"twitter:label2\" content=\"Dur\u00e9e de lecture estim\u00e9e\" \/>\n\t<meta name=\"twitter:data2\" content=\"2 minutes\" \/>\n<script type=\"application\/ld+json\" class=\"yoast-schema-graph\">{\"@context\":\"https:\/\/schema.org\",\"@graph\":[{\"@type\":\"Article\",\"@id\":\"https:\/\/www.ondernemendvenlo.nl\/raamovereenkomst-bouwkundig-onderhoud-gemeente-venlo-ondertekend\/#article\",\"isPartOf\":{\"@id\":\"https:\/\/www.ondernemendvenlo.nl\/raamovereenkomst-bouwkundig-onderhoud-gemeente-venlo-ondertekend\/\"},\"author\":{\"name\":\"admin\",\"@id\":\"https:\/\/www.ondernemendvenlo.nl\/#\/schema\/person\/347e935f8ad4c7030608ef74bb57aa6e\"},\"headline\":\"Raamovereenkomst bouwkundig onderhoud gemeente Venlo ondertekend\",\"datePublished\":\"2021-01-13T09:00:31+00:00\",\"mainEntityOfPage\":{\"@id\":\"https:\/\/www.ondernemendvenlo.nl\/raamovereenkomst-bouwkundig-onderhoud-gemeente-venlo-ondertekend\/\"},\"wordCount\":380,\"publisher\":{\"@id\":\"https:\/\/www.ondernemendvenlo.nl\/#organization\"},\"image\":{\"@id\":\"https:\/\/www.ondernemendvenlo.nl\/raamovereenkomst-bouwkundig-onderhoud-gemeente-venlo-ondertekend\/#primaryimage\"},\"thumbnailUrl\":\"https:\/\/www.ondernemendvenlo.nl\/wp-content\/uploads\/2025\/04\/Schermafbeelding-2021-01-13-om-10.58.32.png\",\"articleSection\":[\"Nieuws\"],\"inLanguage\":\"fr-FR\"},{\"@type\":\"WebPage\",\"@id\":\"https:\/\/www.ondernemendvenlo.nl\/raamovereenkomst-bouwkundig-onderhoud-gemeente-venlo-ondertekend\/\",\"url\":\"https:\/\/www.ondernemendvenlo.nl\/raamovereenkomst-bouwkundig-onderhoud-gemeente-venlo-ondertekend\/\",\"name\":\"Raamovereenkomst bouwkundig onderhoud gemeente Venlo ondertekend - Ondernemend Venlo\",\"isPartOf\":{\"@id\":\"https:\/\/www.ondernemendvenlo.nl\/#website\"},\"primaryImageOfPage\":{\"@id\":\"https:\/\/www.ondernemendvenlo.nl\/raamovereenkomst-bouwkundig-onderhoud-gemeente-venlo-ondertekend\/#primaryimage\"},\"image\":{\"@id\":\"https:\/\/www.ondernemendvenlo.nl\/raamovereenkomst-bouwkundig-onderhoud-gemeente-venlo-ondertekend\/#primaryimage\"},\"thumbnailUrl\":\"https:\/\/www.ondernemendvenlo.nl\/wp-content\/uploads\/2025\/04\/Schermafbeelding-2021-01-13-om-10.58.32.png\",\"datePublished\":\"2021-01-13T09:00:31+00:00\",\"breadcrumb\":{\"@id\":\"https:\/\/www.ondernemendvenlo.nl\/raamovereenkomst-bouwkundig-onderhoud-gemeente-venlo-ondertekend\/#breadcrumb\"},\"inLanguage\":\"fr-FR\",\"potentialAction\":[{\"@type\":\"ReadAction\",\"target\":[\"https:\/\/www.ondernemendvenlo.nl\/raamovereenkomst-bouwkundig-onderhoud-gemeente-venlo-ondertekend\/\"]}]},{\"@type\":\"ImageObject\",\"inLanguage\":\"fr-FR\",\"@id\":\"https:\/\/www.ondernemendvenlo.nl\/raamovereenkomst-bouwkundig-onderhoud-gemeente-venlo-ondertekend\/#primaryimage\",\"url\":\"https:\/\/www.ondernemendvenlo.nl\/wp-content\/uploads\/2025\/04\/Schermafbeelding-2021-01-13-om-10.58.32.png\",\"contentUrl\":\"https:\/\/www.ondernemendvenlo.nl\/wp-content\/uploads\/2025\/04\/Schermafbeelding-2021-01-13-om-10.58.32.png\",\"width\":1968,\"height\":1290},{\"@type\":\"BreadcrumbList\",\"@id\":\"https:\/\/www.ondernemendvenlo.nl\/raamovereenkomst-bouwkundig-onderhoud-gemeente-venlo-ondertekend\/#breadcrumb\",\"itemListElement\":[{\"@type\":\"ListItem\",\"position\":1,\"name\":\"Ondernemend Venlo\",\"item\":\"https:\/\/www.ondernemendvenlo.nl\/\"},{\"@type\":\"ListItem\",\"position\":2,\"name\":\"Nieuws\",\"item\":\"https:\/\/www.ondernemendvenlo.nl\/categorie\/nieuws\/\"},{\"@type\":\"ListItem\",\"position\":3,\"name\":\"Raamovereenkomst bouwkundig onderhoud gemeente Venlo ondertekend\"}]},{\"@type\":\"WebSite\",\"@id\":\"https:\/\/www.ondernemendvenlo.nl\/#website\",\"url\":\"https:\/\/www.ondernemendvenlo.nl\/\",\"name\":\"Ondernemend Venlo\",\"description\":\"Samen succesvol ondernemen\",\"publisher\":{\"@id\":\"https:\/\/www.ondernemendvenlo.nl\/#organization\"},\"potentialAction\":[{\"@type\":\"SearchAction\",\"target\":{\"@type\":\"EntryPoint\",\"urlTemplate\":\"https:\/\/www.ondernemendvenlo.nl\/?s={search_term_string}\"},\"query-input\":{\"@type\":\"PropertyValueSpecification\",\"valueRequired\":true,\"valueName\":\"search_term_string\"}}],\"inLanguage\":\"fr-FR\"},{\"@type\":\"Organization\",\"@id\":\"https:\/\/www.ondernemendvenlo.nl\/#organization\",\"name\":\"Ondernemend Venlo\",\"url\":\"https:\/\/www.ondernemendvenlo.nl\/\",\"logo\":{\"@type\":\"ImageObject\",\"inLanguage\":\"fr-FR\",\"@id\":\"https:\/\/www.ondernemendvenlo.nl\/#\/schema\/logo\/image\/\",\"url\":\"https:\/\/www.ondernemendvenlo.nl\/wp-content\/uploads\/2025\/02\/Ondernemend-Venlo-logo-scaled.webp\",\"contentUrl\":\"https:\/\/www.ondernemendvenlo.nl\/wp-content\/uploads\/2025\/02\/Ondernemend-Venlo-logo-scaled.webp\",\"width\":2560,\"height\":1010,\"caption\":\"Ondernemend Venlo\"},\"image\":{\"@id\":\"https:\/\/www.ondernemendvenlo.nl\/#\/schema\/logo\/image\/\"},\"sameAs\":[\"https:\/\/www.linkedin.com\/company\/ondernemend-venlo\/\"]},{\"@type\":\"Person\",\"@id\":\"https:\/\/www.ondernemendvenlo.nl\/#\/schema\/person\/347e935f8ad4c7030608ef74bb57aa6e\",\"name\":\"admin\",\"image\":{\"@type\":\"ImageObject\",\"inLanguage\":\"fr-FR\",\"@id\":\"https:\/\/www.ondernemendvenlo.nl\/#\/schema\/person\/image\/\",\"url\":\"https:\/\/www.ondernemendvenlo.nl\/wp-content\/litespeed\/avatar\/720af750b037aecf6e33e12833479059.jpg?ver=1777382954\",\"contentUrl\":\"https:\/\/www.ondernemendvenlo.nl\/wp-content\/litespeed\/avatar\/720af750b037aecf6e33e12833479059.jpg?ver=1777382954\",\"caption\":\"admin\"},\"sameAs\":[\"https:\/\/www.ondernemendvenlo.nl\"]}]}<\/script>\n<!-- \/ Yoast SEO plugin. -->","yoast_head_json":{"title":"Raamovereenkomst bouwkundig onderhoud gemeente Venlo ondertekend - Ondernemend Venlo","robots":{"index":"index","follow":"follow","max-snippet":"max-snippet:-1","max-image-preview":"max-image-preview:large","max-video-preview":"max-video-preview:-1"},"canonical":"https:\/\/www.ondernemendvenlo.nl\/fr\/raamovereenkomst-bouwkundig-onderhoud-gemeente-venlo-ondertekend\/","og_locale":"fr_FR","og_type":"article","og_title":"Raamovereenkomst bouwkundig onderhoud gemeente Venlo ondertekend - Ondernemend Venlo","og_description":"De gemeente Venlo heeft een raamovereenkomst ondertekend met Janssen de Jong OnderhoudPlus en Raedts voor het bouwkundig onderhoud aan het gemeentelijk vastgoed. De partijen werden op basis van hun inschrijving op de betreffende aanbesteding als beste beoordeeld op het gebied van prijs-kwaliteitverhouding. Het gemeentelijk vastgoed is onderverdeeld in twee percelen. De nummers \u00e9\u00e9n en twee, [&hellip;]","og_url":"https:\/\/www.ondernemendvenlo.nl\/fr\/raamovereenkomst-bouwkundig-onderhoud-gemeente-venlo-ondertekend\/","og_site_name":"Ondernemend Venlo","article_published_time":"2021-01-13T09:00:31+00:00","og_image":[{"width":1024,"height":671,"url":"https:\/\/www.ondernemendvenlo.nl\/wp-content\/uploads\/2025\/04\/Schermafbeelding-2021-01-13-om-10.58.32-1024x671.png","type":"image\/png"}],"author":"admin","twitter_card":"summary_large_image","twitter_misc":{"\u00c9crit par":"admin","Dur\u00e9e de lecture estim\u00e9e":"2 minutes"},"schema":{"@context":"https:\/\/schema.org","@graph":[{"@type":"Article","@id":"https:\/\/www.ondernemendvenlo.nl\/raamovereenkomst-bouwkundig-onderhoud-gemeente-venlo-ondertekend\/#article","isPartOf":{"@id":"https:\/\/www.ondernemendvenlo.nl\/raamovereenkomst-bouwkundig-onderhoud-gemeente-venlo-ondertekend\/"},"author":{"name":"admin","@id":"https:\/\/www.ondernemendvenlo.nl\/#\/schema\/person\/347e935f8ad4c7030608ef74bb57aa6e"},"headline":"Raamovereenkomst bouwkundig onderhoud gemeente Venlo ondertekend","datePublished":"2021-01-13T09:00:31+00:00","mainEntityOfPage":{"@id":"https:\/\/www.ondernemendvenlo.nl\/raamovereenkomst-bouwkundig-onderhoud-gemeente-venlo-ondertekend\/"},"wordCount":380,"publisher":{"@id":"https:\/\/www.ondernemendvenlo.nl\/#organization"},"image":{"@id":"https:\/\/www.ondernemendvenlo.nl\/raamovereenkomst-bouwkundig-onderhoud-gemeente-venlo-ondertekend\/#primaryimage"},"thumbnailUrl":"https:\/\/www.ondernemendvenlo.nl\/wp-content\/uploads\/2025\/04\/Schermafbeelding-2021-01-13-om-10.58.32.png","articleSection":["Nieuws"],"inLanguage":"fr-FR"},{"@type":"WebPage","@id":"https:\/\/www.ondernemendvenlo.nl\/raamovereenkomst-bouwkundig-onderhoud-gemeente-venlo-ondertekend\/","url":"https:\/\/www.ondernemendvenlo.nl\/raamovereenkomst-bouwkundig-onderhoud-gemeente-venlo-ondertekend\/","name":"Raamovereenkomst bouwkundig onderhoud gemeente Venlo ondertekend - Ondernemend Venlo","isPartOf":{"@id":"https:\/\/www.ondernemendvenlo.nl\/#website"},"primaryImageOfPage":{"@id":"https:\/\/www.ondernemendvenlo.nl\/raamovereenkomst-bouwkundig-onderhoud-gemeente-venlo-ondertekend\/#primaryimage"},"image":{"@id":"https:\/\/www.ondernemendvenlo.nl\/raamovereenkomst-bouwkundig-onderhoud-gemeente-venlo-ondertekend\/#primaryimage"},"thumbnailUrl":"https:\/\/www.ondernemendvenlo.nl\/wp-content\/uploads\/2025\/04\/Schermafbeelding-2021-01-13-om-10.58.32.png","datePublished":"2021-01-13T09:00:31+00:00","breadcrumb":{"@id":"https:\/\/www.ondernemendvenlo.nl\/raamovereenkomst-bouwkundig-onderhoud-gemeente-venlo-ondertekend\/#breadcrumb"},"inLanguage":"fr-FR","potentialAction":[{"@type":"ReadAction","target":["https:\/\/www.ondernemendvenlo.nl\/raamovereenkomst-bouwkundig-onderhoud-gemeente-venlo-ondertekend\/"]}]},{"@type":"ImageObject","inLanguage":"fr-FR","@id":"https:\/\/www.ondernemendvenlo.nl\/raamovereenkomst-bouwkundig-onderhoud-gemeente-venlo-ondertekend\/#primaryimage","url":"https:\/\/www.ondernemendvenlo.nl\/wp-content\/uploads\/2025\/04\/Schermafbeelding-2021-01-13-om-10.58.32.png","contentUrl":"https:\/\/www.ondernemendvenlo.nl\/wp-content\/uploads\/2025\/04\/Schermafbeelding-2021-01-13-om-10.58.32.png","width":1968,"height":1290},{"@type":"BreadcrumbList","@id":"https:\/\/www.ondernemendvenlo.nl\/raamovereenkomst-bouwkundig-onderhoud-gemeente-venlo-ondertekend\/#breadcrumb","itemListElement":[{"@type":"ListItem","position":1,"name":"Ondernemend Venlo","item":"https:\/\/www.ondernemendvenlo.nl\/"},{"@type":"ListItem","position":2,"name":"Nieuws","item":"https:\/\/www.ondernemendvenlo.nl\/categorie\/nieuws\/"},{"@type":"ListItem","position":3,"name":"Raamovereenkomst bouwkundig onderhoud gemeente Venlo ondertekend"}]},{"@type":"WebSite","@id":"https:\/\/www.ondernemendvenlo.nl\/#website","url":"https:\/\/www.ondernemendvenlo.nl\/","name":"Venlo entrepreneurial","description":"Travailler ensemble avec succ\u00e8s","publisher":{"@id":"https:\/\/www.ondernemendvenlo.nl\/#organization"},"potentialAction":[{"@type":"SearchAction","target":{"@type":"EntryPoint","urlTemplate":"https:\/\/www.ondernemendvenlo.nl\/?s={search_term_string}"},"query-input":{"@type":"PropertyValueSpecification","valueRequired":true,"valueName":"search_term_string"}}],"inLanguage":"fr-FR"},{"@type":"Organization","@id":"https:\/\/www.ondernemendvenlo.nl\/#organization","name":"Venlo entrepreneurial","url":"https:\/\/www.ondernemendvenlo.nl\/","logo":{"@type":"ImageObject","inLanguage":"fr-FR","@id":"https:\/\/www.ondernemendvenlo.nl\/#\/schema\/logo\/image\/","url":"https:\/\/www.ondernemendvenlo.nl\/wp-content\/uploads\/2025\/02\/Ondernemend-Venlo-logo-scaled.webp","contentUrl":"https:\/\/www.ondernemendvenlo.nl\/wp-content\/uploads\/2025\/02\/Ondernemend-Venlo-logo-scaled.webp","width":2560,"height":1010,"caption":"Ondernemend Venlo"},"image":{"@id":"https:\/\/www.ondernemendvenlo.nl\/#\/schema\/logo\/image\/"},"sameAs":["https:\/\/www.linkedin.com\/company\/ondernemend-venlo\/"]},{"@type":"Person","@id":"https:\/\/www.ondernemendvenlo.nl\/#\/schema\/person\/347e935f8ad4c7030608ef74bb57aa6e","name":"admin","image":{"@type":"ImageObject","inLanguage":"fr-FR","@id":"https:\/\/www.ondernemendvenlo.nl\/#\/schema\/person\/image\/","url":"https:\/\/www.ondernemendvenlo.nl\/wp-content\/litespeed\/avatar\/720af750b037aecf6e33e12833479059.jpg?ver=1777382954","contentUrl":"https:\/\/www.ondernemendvenlo.nl\/wp-content\/litespeed\/avatar\/720af750b037aecf6e33e12833479059.jpg?ver=1777382954","caption":"admin"},"sameAs":["https:\/\/www.ondernemendvenlo.nl"]}]}},"_links":{"self":[{"href":"https:\/\/www.ondernemendvenlo.nl\/fr\/wp-json\/wp\/v2\/posts\/2372","targetHints":{"allow":["GET"]}}],"collection":[{"href":"https:\/\/www.ondernemendvenlo.nl\/fr\/wp-json\/wp\/v2\/posts"}],"about":[{"href":"https:\/\/www.ondernemendvenlo.nl\/fr\/wp-json\/wp\/v2\/types\/post"}],"author":[{"embeddable":true,"href":"https:\/\/www.ondernemendvenlo.nl\/fr\/wp-json\/wp\/v2\/users\/1"}],"replies":[{"embeddable":true,"href":"https:\/\/www.ondernemendvenlo.nl\/fr\/wp-json\/wp\/v2\/comments?post=2372"}],"version-history":[{"count":0,"href":"https:\/\/www.ondernemendvenlo.nl\/fr\/wp-json\/wp\/v2\/posts\/2372\/revisions"}],"wp:featuredmedia":[{"embeddable":true,"href":"https:\/\/www.ondernemendvenlo.nl\/fr\/wp-json\/wp\/v2\/media\/2373"}],"wp:attachment":[{"href":"https:\/\/www.ondernemendvenlo.nl\/fr\/wp-json\/wp\/v2\/media?parent=2372"}],"wp:term":[{"taxonomy":"category","embeddable":true,"href":"https:\/\/www.ondernemendvenlo.nl\/fr\/wp-json\/wp\/v2\/categories?post=2372"},{"taxonomy":"post_tag","embeddable":true,"href":"https:\/\/www.ondernemendvenlo.nl\/fr\/wp-json\/wp\/v2\/tags?post=2372"}],"curies":[{"name":"wp","href":"https:\/\/api.w.org\/{rel}","templated":true}]}}