{"id":2378,"date":"2021-01-18T14:10:00","date_gmt":"2021-01-18T13:10:00","guid":{"rendered":"https:\/\/www.ondernemendvenlo.nl\/presenteer-uw-bedrijf-aan-studenten-in-de-regio\/"},"modified":"2021-01-18T14:10:00","modified_gmt":"2021-01-18T13:10:00","slug":"presenteer-uw-bedrijf-aan-studenten-in-de-regio","status":"publish","type":"post","link":"https:\/\/www.ondernemendvenlo.nl\/fr\/presenteer-uw-bedrijf-aan-studenten-in-de-regio\/","title":{"rendered":"Pr\u00e9senter votre entreprise aux \u00e9tudiants de la r\u00e9gion"},"content":{"rendered":"<p><strong>VENLO - Entrepreneurial Venlo soutient sans r\u00e9serve l'initiative Cleverland et invite ses membres \u00e0 s'inscrire dans la base de donn\u00e9es des entreprises.<\/strong><\/p>\n<p>Nous vous invitons \u00e0 soumettre votre entreprise par l'interm\u00e9diaire du site web de la Commission europ\u00e9enne. <a href=\"https:\/\/cleverland.eu\/nl\/presenteer-uw-bedrijf\/\" target=\"_blank\" rel=\"noopener noreferrer\" class=\"external\">base de donn\u00e9es des entreprises<\/a> de notre partenaire \"Cleverland - la r\u00e9gion de la connaissance entre Meuse et Rhin\" aux \u00e9tudiants de la r\u00e9gion.<\/p>\n<p><strong>Les \u00e9tudiants<\/strong><br \/>\nDes \u00e9tudes montrent que les \u00e9tudiants ne connaissent pas suffisamment le paysage entrepreneurial de la r\u00e9gion, et en particulier les PME et les \"champions cach\u00e9s\", pour y voir des employeurs potentiels. En cons\u00e9quence, notre r\u00e9gion souffre d'une \"fuite des cerveaux\". La plupart des dipl\u00f4m\u00e9s quittent la r\u00e9gion. En cons\u00e9quence, il est souvent difficile pour vous, en tant qu'entrepreneur, de trouver un candidat appropri\u00e9 pour les postes vacants.<\/p>\n<p><strong>Augmenter la visibilit\u00e9 des entreprises<br \/>\n<\/strong>Avec le projet Cleverland, l'Euregio Campus-Limburg\/Niederrhein vise \u00e0 r\u00e9duire la fuite des cerveaux dans la r\u00e9gion frontali\u00e8re germano-n\u00e9erlandaise, notamment en augmentant la visibilit\u00e9 des entreprises aupr\u00e8s des \u00e9tudiants gr\u00e2ce \u00e0 la base de donn\u00e9es des entreprises. En outre, la plateforme <a href=\"http:\/\/www.cleverland.eu\" class=\"external\" target=\"_blank\" rel=\"noopener\">www.cleverland.eu<\/a> sous les rubriques \"\u00e9tudes\", \"travail\" et \"vie\" pour montrer aux \u00e9tudiants \u00e0 quel point notre r\u00e9gion est attrayante. En outre, Cleverland propose \u00e9galement des \u00e9v\u00e9nements de mise en relation entre \u00e9tudiants et entreprises.<\/p>\n<p>Ce n'est qu'ensemble que nous pourrons mettre un terme \u00e0 la fuite des cerveaux dans la r\u00e9gion. C'est pourquoi nous vous invitons \u00e0 prendre 5 minutes pour indiquer les coordonn\u00e9es de votre entreprise dans le formulaire et lui donner ainsi une plus grande visibilit\u00e9 aupr\u00e8s des \u00e9tudiants et des jeunes professionnels. Merci d'avance pour votre soutien ! Si vous avez d'autres questions, n'h\u00e9sitez pas \u00e0 nous contacter.<\/p>\n<p><strong>Informations g\u00e9n\u00e9rales<br \/>\n<\/strong>Le projet Euregio Campus-Limburg\/Niederrhein Cleverland est soutenu par l'Union europ\u00e9enne, le Land allemand de Rh\u00e9nanie-du-Nord-Westphalie et la province n\u00e9erlandaise du Limbourg. Les partenaires du projet sont Fontys Venlo, Hochschule Niederrhein et les villes de Krefeld, M\u00f6nchengladbach et Venlo.<\/p>","protected":false},"excerpt":{"rendered":"<p>VENLO &#8211; Ondernemend Venlo ondersteunt het initiatief Cleverland van harte en wij roepen onze leden op om zich aan te melden voor de bedrijvendatabase. We willen u graag uitnodigen om uw bedrijf via de bedrijvendatabase van onze partner &#8216;Cleverland &#8211; de kennisregio tussen Maas en Rijn&#8217; aan de studenten uit de regio te presenteren. Studenten [&hellip;]<\/p>","protected":false},"author":1,"featured_media":2379,"comment_status":"closed","ping_status":"open","sticky":false,"template":"","format":"standard","meta":{"_acf_changed":false,"footnotes":""},"categories":[8],"tags":[],"class_list":["post-2378","post","type-post","status-publish","format-standard","has-post-thumbnail","hentry","category-nieuws"],"acf":[],"yoast_head":"<!-- This site is optimized with the Yoast SEO plugin v26.3 - https:\/\/yoast.com\/wordpress\/plugins\/seo\/ -->\n<title>Presenteer uw bedrijf aan studenten in de regio - Ondernemend Venlo<\/title>\n<meta name=\"robots\" content=\"index, follow, max-snippet:-1, max-image-preview:large, max-video-preview:-1\" \/>\n<link rel=\"canonical\" href=\"https:\/\/www.ondernemendvenlo.nl\/fr\/presenteer-uw-bedrijf-aan-studenten-in-de-regio\/\" \/>\n<meta property=\"og:locale\" content=\"fr_FR\" \/>\n<meta property=\"og:type\" content=\"article\" \/>\n<meta property=\"og:title\" content=\"Presenteer uw bedrijf aan studenten in de regio - Ondernemend Venlo\" \/>\n<meta property=\"og:description\" content=\"VENLO &#8211; Ondernemend Venlo ondersteunt het initiatief Cleverland van harte en wij roepen onze leden op om zich aan te melden voor de bedrijvendatabase. We willen u graag uitnodigen om uw bedrijf via de bedrijvendatabase van onze partner &#8216;Cleverland &#8211; de kennisregio tussen Maas en Rijn&#8217; aan de studenten uit de regio te presenteren. Studenten [&hellip;]\" \/>\n<meta property=\"og:url\" content=\"https:\/\/www.ondernemendvenlo.nl\/fr\/presenteer-uw-bedrijf-aan-studenten-in-de-regio\/\" \/>\n<meta property=\"og:site_name\" content=\"Ondernemend Venlo\" \/>\n<meta property=\"article:published_time\" content=\"2021-01-18T13:10:00+00:00\" \/>\n<meta property=\"og:image\" content=\"https:\/\/www.ondernemendvenlo.nl\/wp-content\/uploads\/2025\/04\/ing_19060_32107-scaled-1.jpg\" \/>\n\t<meta property=\"og:image:width\" content=\"2560\" \/>\n\t<meta property=\"og:image:height\" content=\"1707\" \/>\n\t<meta property=\"og:image:type\" content=\"image\/jpeg\" \/>\n<meta name=\"author\" content=\"admin\" \/>\n<meta name=\"twitter:card\" content=\"summary_large_image\" \/>\n<meta name=\"twitter:label1\" content=\"\u00c9crit par\" \/>\n\t<meta name=\"twitter:data1\" content=\"admin\" \/>\n\t<meta name=\"twitter:label2\" content=\"Dur\u00e9e de lecture estim\u00e9e\" \/>\n\t<meta name=\"twitter:data2\" content=\"1 minute\" \/>\n<script type=\"application\/ld+json\" class=\"yoast-schema-graph\">{\"@context\":\"https:\/\/schema.org\",\"@graph\":[{\"@type\":\"Article\",\"@id\":\"https:\/\/www.ondernemendvenlo.nl\/presenteer-uw-bedrijf-aan-studenten-in-de-regio\/#article\",\"isPartOf\":{\"@id\":\"https:\/\/www.ondernemendvenlo.nl\/presenteer-uw-bedrijf-aan-studenten-in-de-regio\/\"},\"author\":{\"name\":\"admin\",\"@id\":\"https:\/\/www.ondernemendvenlo.nl\/#\/schema\/person\/347e935f8ad4c7030608ef74bb57aa6e\"},\"headline\":\"Presenteer uw bedrijf aan studenten in de regio\",\"datePublished\":\"2021-01-18T13:10:00+00:00\",\"mainEntityOfPage\":{\"@id\":\"https:\/\/www.ondernemendvenlo.nl\/presenteer-uw-bedrijf-aan-studenten-in-de-regio\/\"},\"wordCount\":300,\"publisher\":{\"@id\":\"https:\/\/www.ondernemendvenlo.nl\/#organization\"},\"image\":{\"@id\":\"https:\/\/www.ondernemendvenlo.nl\/presenteer-uw-bedrijf-aan-studenten-in-de-regio\/#primaryimage\"},\"thumbnailUrl\":\"https:\/\/www.ondernemendvenlo.nl\/wp-content\/uploads\/2025\/04\/ing_19060_32107-scaled-1.jpg\",\"articleSection\":[\"Nieuws\"],\"inLanguage\":\"fr-FR\"},{\"@type\":\"WebPage\",\"@id\":\"https:\/\/www.ondernemendvenlo.nl\/presenteer-uw-bedrijf-aan-studenten-in-de-regio\/\",\"url\":\"https:\/\/www.ondernemendvenlo.nl\/presenteer-uw-bedrijf-aan-studenten-in-de-regio\/\",\"name\":\"Presenteer uw bedrijf aan studenten in de regio - Ondernemend Venlo\",\"isPartOf\":{\"@id\":\"https:\/\/www.ondernemendvenlo.nl\/#website\"},\"primaryImageOfPage\":{\"@id\":\"https:\/\/www.ondernemendvenlo.nl\/presenteer-uw-bedrijf-aan-studenten-in-de-regio\/#primaryimage\"},\"image\":{\"@id\":\"https:\/\/www.ondernemendvenlo.nl\/presenteer-uw-bedrijf-aan-studenten-in-de-regio\/#primaryimage\"},\"thumbnailUrl\":\"https:\/\/www.ondernemendvenlo.nl\/wp-content\/uploads\/2025\/04\/ing_19060_32107-scaled-1.jpg\",\"datePublished\":\"2021-01-18T13:10:00+00:00\",\"breadcrumb\":{\"@id\":\"https:\/\/www.ondernemendvenlo.nl\/presenteer-uw-bedrijf-aan-studenten-in-de-regio\/#breadcrumb\"},\"inLanguage\":\"fr-FR\",\"potentialAction\":[{\"@type\":\"ReadAction\",\"target\":[\"https:\/\/www.ondernemendvenlo.nl\/presenteer-uw-bedrijf-aan-studenten-in-de-regio\/\"]}]},{\"@type\":\"ImageObject\",\"inLanguage\":\"fr-FR\",\"@id\":\"https:\/\/www.ondernemendvenlo.nl\/presenteer-uw-bedrijf-aan-studenten-in-de-regio\/#primaryimage\",\"url\":\"https:\/\/www.ondernemendvenlo.nl\/wp-content\/uploads\/2025\/04\/ing_19060_32107-scaled-1.jpg\",\"contentUrl\":\"https:\/\/www.ondernemendvenlo.nl\/wp-content\/uploads\/2025\/04\/ing_19060_32107-scaled-1.jpg\",\"width\":2560,\"height\":1707},{\"@type\":\"BreadcrumbList\",\"@id\":\"https:\/\/www.ondernemendvenlo.nl\/presenteer-uw-bedrijf-aan-studenten-in-de-regio\/#breadcrumb\",\"itemListElement\":[{\"@type\":\"ListItem\",\"position\":1,\"name\":\"Ondernemend Venlo\",\"item\":\"https:\/\/www.ondernemendvenlo.nl\/\"},{\"@type\":\"ListItem\",\"position\":2,\"name\":\"Nieuws\",\"item\":\"https:\/\/www.ondernemendvenlo.nl\/categorie\/nieuws\/\"},{\"@type\":\"ListItem\",\"position\":3,\"name\":\"Presenteer uw bedrijf aan studenten in de regio\"}]},{\"@type\":\"WebSite\",\"@id\":\"https:\/\/www.ondernemendvenlo.nl\/#website\",\"url\":\"https:\/\/www.ondernemendvenlo.nl\/\",\"name\":\"Ondernemend Venlo\",\"description\":\"Samen succesvol ondernemen\",\"publisher\":{\"@id\":\"https:\/\/www.ondernemendvenlo.nl\/#organization\"},\"potentialAction\":[{\"@type\":\"SearchAction\",\"target\":{\"@type\":\"EntryPoint\",\"urlTemplate\":\"https:\/\/www.ondernemendvenlo.nl\/?s={search_term_string}\"},\"query-input\":{\"@type\":\"PropertyValueSpecification\",\"valueRequired\":true,\"valueName\":\"search_term_string\"}}],\"inLanguage\":\"fr-FR\"},{\"@type\":\"Organization\",\"@id\":\"https:\/\/www.ondernemendvenlo.nl\/#organization\",\"name\":\"Ondernemend Venlo\",\"url\":\"https:\/\/www.ondernemendvenlo.nl\/\",\"logo\":{\"@type\":\"ImageObject\",\"inLanguage\":\"fr-FR\",\"@id\":\"https:\/\/www.ondernemendvenlo.nl\/#\/schema\/logo\/image\/\",\"url\":\"https:\/\/www.ondernemendvenlo.nl\/wp-content\/uploads\/2025\/02\/Ondernemend-Venlo-logo-scaled.webp\",\"contentUrl\":\"https:\/\/www.ondernemendvenlo.nl\/wp-content\/uploads\/2025\/02\/Ondernemend-Venlo-logo-scaled.webp\",\"width\":2560,\"height\":1010,\"caption\":\"Ondernemend Venlo\"},\"image\":{\"@id\":\"https:\/\/www.ondernemendvenlo.nl\/#\/schema\/logo\/image\/\"},\"sameAs\":[\"https:\/\/www.linkedin.com\/company\/ondernemend-venlo\/\"]},{\"@type\":\"Person\",\"@id\":\"https:\/\/www.ondernemendvenlo.nl\/#\/schema\/person\/347e935f8ad4c7030608ef74bb57aa6e\",\"name\":\"admin\",\"image\":{\"@type\":\"ImageObject\",\"inLanguage\":\"fr-FR\",\"@id\":\"https:\/\/www.ondernemendvenlo.nl\/#\/schema\/person\/image\/\",\"url\":\"https:\/\/www.ondernemendvenlo.nl\/wp-content\/litespeed\/avatar\/720af750b037aecf6e33e12833479059.jpg?ver=1777382954\",\"contentUrl\":\"https:\/\/www.ondernemendvenlo.nl\/wp-content\/litespeed\/avatar\/720af750b037aecf6e33e12833479059.jpg?ver=1777382954\",\"caption\":\"admin\"},\"sameAs\":[\"https:\/\/www.ondernemendvenlo.nl\"]}]}<\/script>\n<!-- \/ Yoast SEO plugin. -->","yoast_head_json":{"title":"Presenteer uw bedrijf aan studenten in de regio - Ondernemend Venlo","robots":{"index":"index","follow":"follow","max-snippet":"max-snippet:-1","max-image-preview":"max-image-preview:large","max-video-preview":"max-video-preview:-1"},"canonical":"https:\/\/www.ondernemendvenlo.nl\/fr\/presenteer-uw-bedrijf-aan-studenten-in-de-regio\/","og_locale":"fr_FR","og_type":"article","og_title":"Presenteer uw bedrijf aan studenten in de regio - Ondernemend Venlo","og_description":"VENLO &#8211; Ondernemend Venlo ondersteunt het initiatief Cleverland van harte en wij roepen onze leden op om zich aan te melden voor de bedrijvendatabase. We willen u graag uitnodigen om uw bedrijf via de bedrijvendatabase van onze partner &#8216;Cleverland &#8211; de kennisregio tussen Maas en Rijn&#8217; aan de studenten uit de regio te presenteren. Studenten [&hellip;]","og_url":"https:\/\/www.ondernemendvenlo.nl\/fr\/presenteer-uw-bedrijf-aan-studenten-in-de-regio\/","og_site_name":"Ondernemend Venlo","article_published_time":"2021-01-18T13:10:00+00:00","og_image":[{"width":2560,"height":1707,"url":"https:\/\/www.ondernemendvenlo.nl\/wp-content\/uploads\/2025\/04\/ing_19060_32107-scaled-1.jpg","type":"image\/jpeg"}],"author":"admin","twitter_card":"summary_large_image","twitter_misc":{"\u00c9crit par":"admin","Dur\u00e9e de lecture estim\u00e9e":"1 minute"},"schema":{"@context":"https:\/\/schema.org","@graph":[{"@type":"Article","@id":"https:\/\/www.ondernemendvenlo.nl\/presenteer-uw-bedrijf-aan-studenten-in-de-regio\/#article","isPartOf":{"@id":"https:\/\/www.ondernemendvenlo.nl\/presenteer-uw-bedrijf-aan-studenten-in-de-regio\/"},"author":{"name":"admin","@id":"https:\/\/www.ondernemendvenlo.nl\/#\/schema\/person\/347e935f8ad4c7030608ef74bb57aa6e"},"headline":"Presenteer uw bedrijf aan studenten in de regio","datePublished":"2021-01-18T13:10:00+00:00","mainEntityOfPage":{"@id":"https:\/\/www.ondernemendvenlo.nl\/presenteer-uw-bedrijf-aan-studenten-in-de-regio\/"},"wordCount":300,"publisher":{"@id":"https:\/\/www.ondernemendvenlo.nl\/#organization"},"image":{"@id":"https:\/\/www.ondernemendvenlo.nl\/presenteer-uw-bedrijf-aan-studenten-in-de-regio\/#primaryimage"},"thumbnailUrl":"https:\/\/www.ondernemendvenlo.nl\/wp-content\/uploads\/2025\/04\/ing_19060_32107-scaled-1.jpg","articleSection":["Nieuws"],"inLanguage":"fr-FR"},{"@type":"WebPage","@id":"https:\/\/www.ondernemendvenlo.nl\/presenteer-uw-bedrijf-aan-studenten-in-de-regio\/","url":"https:\/\/www.ondernemendvenlo.nl\/presenteer-uw-bedrijf-aan-studenten-in-de-regio\/","name":"Presenteer uw bedrijf aan studenten in de regio - Ondernemend Venlo","isPartOf":{"@id":"https:\/\/www.ondernemendvenlo.nl\/#website"},"primaryImageOfPage":{"@id":"https:\/\/www.ondernemendvenlo.nl\/presenteer-uw-bedrijf-aan-studenten-in-de-regio\/#primaryimage"},"image":{"@id":"https:\/\/www.ondernemendvenlo.nl\/presenteer-uw-bedrijf-aan-studenten-in-de-regio\/#primaryimage"},"thumbnailUrl":"https:\/\/www.ondernemendvenlo.nl\/wp-content\/uploads\/2025\/04\/ing_19060_32107-scaled-1.jpg","datePublished":"2021-01-18T13:10:00+00:00","breadcrumb":{"@id":"https:\/\/www.ondernemendvenlo.nl\/presenteer-uw-bedrijf-aan-studenten-in-de-regio\/#breadcrumb"},"inLanguage":"fr-FR","potentialAction":[{"@type":"ReadAction","target":["https:\/\/www.ondernemendvenlo.nl\/presenteer-uw-bedrijf-aan-studenten-in-de-regio\/"]}]},{"@type":"ImageObject","inLanguage":"fr-FR","@id":"https:\/\/www.ondernemendvenlo.nl\/presenteer-uw-bedrijf-aan-studenten-in-de-regio\/#primaryimage","url":"https:\/\/www.ondernemendvenlo.nl\/wp-content\/uploads\/2025\/04\/ing_19060_32107-scaled-1.jpg","contentUrl":"https:\/\/www.ondernemendvenlo.nl\/wp-content\/uploads\/2025\/04\/ing_19060_32107-scaled-1.jpg","width":2560,"height":1707},{"@type":"BreadcrumbList","@id":"https:\/\/www.ondernemendvenlo.nl\/presenteer-uw-bedrijf-aan-studenten-in-de-regio\/#breadcrumb","itemListElement":[{"@type":"ListItem","position":1,"name":"Ondernemend Venlo","item":"https:\/\/www.ondernemendvenlo.nl\/"},{"@type":"ListItem","position":2,"name":"Nieuws","item":"https:\/\/www.ondernemendvenlo.nl\/categorie\/nieuws\/"},{"@type":"ListItem","position":3,"name":"Presenteer uw bedrijf aan studenten in de regio"}]},{"@type":"WebSite","@id":"https:\/\/www.ondernemendvenlo.nl\/#website","url":"https:\/\/www.ondernemendvenlo.nl\/","name":"Venlo entrepreneurial","description":"Travailler ensemble avec succ\u00e8s","publisher":{"@id":"https:\/\/www.ondernemendvenlo.nl\/#organization"},"potentialAction":[{"@type":"SearchAction","target":{"@type":"EntryPoint","urlTemplate":"https:\/\/www.ondernemendvenlo.nl\/?s={search_term_string}"},"query-input":{"@type":"PropertyValueSpecification","valueRequired":true,"valueName":"search_term_string"}}],"inLanguage":"fr-FR"},{"@type":"Organization","@id":"https:\/\/www.ondernemendvenlo.nl\/#organization","name":"Venlo entrepreneurial","url":"https:\/\/www.ondernemendvenlo.nl\/","logo":{"@type":"ImageObject","inLanguage":"fr-FR","@id":"https:\/\/www.ondernemendvenlo.nl\/#\/schema\/logo\/image\/","url":"https:\/\/www.ondernemendvenlo.nl\/wp-content\/uploads\/2025\/02\/Ondernemend-Venlo-logo-scaled.webp","contentUrl":"https:\/\/www.ondernemendvenlo.nl\/wp-content\/uploads\/2025\/02\/Ondernemend-Venlo-logo-scaled.webp","width":2560,"height":1010,"caption":"Ondernemend Venlo"},"image":{"@id":"https:\/\/www.ondernemendvenlo.nl\/#\/schema\/logo\/image\/"},"sameAs":["https:\/\/www.linkedin.com\/company\/ondernemend-venlo\/"]},{"@type":"Person","@id":"https:\/\/www.ondernemendvenlo.nl\/#\/schema\/person\/347e935f8ad4c7030608ef74bb57aa6e","name":"admin","image":{"@type":"ImageObject","inLanguage":"fr-FR","@id":"https:\/\/www.ondernemendvenlo.nl\/#\/schema\/person\/image\/","url":"https:\/\/www.ondernemendvenlo.nl\/wp-content\/litespeed\/avatar\/720af750b037aecf6e33e12833479059.jpg?ver=1777382954","contentUrl":"https:\/\/www.ondernemendvenlo.nl\/wp-content\/litespeed\/avatar\/720af750b037aecf6e33e12833479059.jpg?ver=1777382954","caption":"admin"},"sameAs":["https:\/\/www.ondernemendvenlo.nl"]}]}},"_links":{"self":[{"href":"https:\/\/www.ondernemendvenlo.nl\/fr\/wp-json\/wp\/v2\/posts\/2378","targetHints":{"allow":["GET"]}}],"collection":[{"href":"https:\/\/www.ondernemendvenlo.nl\/fr\/wp-json\/wp\/v2\/posts"}],"about":[{"href":"https:\/\/www.ondernemendvenlo.nl\/fr\/wp-json\/wp\/v2\/types\/post"}],"author":[{"embeddable":true,"href":"https:\/\/www.ondernemendvenlo.nl\/fr\/wp-json\/wp\/v2\/users\/1"}],"replies":[{"embeddable":true,"href":"https:\/\/www.ondernemendvenlo.nl\/fr\/wp-json\/wp\/v2\/comments?post=2378"}],"version-history":[{"count":0,"href":"https:\/\/www.ondernemendvenlo.nl\/fr\/wp-json\/wp\/v2\/posts\/2378\/revisions"}],"wp:featuredmedia":[{"embeddable":true,"href":"https:\/\/www.ondernemendvenlo.nl\/fr\/wp-json\/wp\/v2\/media\/2379"}],"wp:attachment":[{"href":"https:\/\/www.ondernemendvenlo.nl\/fr\/wp-json\/wp\/v2\/media?parent=2378"}],"wp:term":[{"taxonomy":"category","embeddable":true,"href":"https:\/\/www.ondernemendvenlo.nl\/fr\/wp-json\/wp\/v2\/categories?post=2378"},{"taxonomy":"post_tag","embeddable":true,"href":"https:\/\/www.ondernemendvenlo.nl\/fr\/wp-json\/wp\/v2\/tags?post=2378"}],"curies":[{"name":"wp","href":"https:\/\/api.w.org\/{rel}","templated":true}]}}