{"id":2384,"date":"2021-01-19T16:03:00","date_gmt":"2021-01-19T15:03:00","guid":{"rendered":"https:\/\/www.ondernemendvenlo.nl\/meer-capaciteit-containervaart-rotterdam-limburg\/"},"modified":"2021-01-19T16:03:00","modified_gmt":"2021-01-19T15:03:00","slug":"meer-capaciteit-containervaart-rotterdam-limburg","status":"publish","type":"post","link":"https:\/\/www.ondernemendvenlo.nl\/fr\/meer-capaciteit-containervaart-rotterdam-limburg\/","title":{"rendered":"Augmentation de la capacit\u00e9 de transport de conteneurs entre Rotterdam et Limbourg"},"content":{"rendered":"<p><strong>VENLO - Sur le site de <a href=\"http:\/\/www.limburger.nl\" target=\"_blank\" rel=\"noopener noreferrer\" class=\"external\">Le Limburger<\/a> nous avons lu un rapport sur une collaboration tripartite visant \u00e0 \u00e9tendre leur connexion fluviale entre les ports de Rotterdam et les terminaux portuaires de Venlo et Born. Cela permettra de r\u00e9duire le transport de marchandises par camion<\/strong>.<\/p>\n<p>Entre Rotterdam et le Limbourg, la capacit\u00e9 de transport de conteneurs par barges sera augment\u00e9e, ce qui r\u00e9duira le nombre de camions sur la route.<br \/>\nTrois parties qui, depuis un peu moins de deux ans, assurent une liaison r\u00e9guli\u00e8re par p\u00e9niche entre les ports maritimes de Rotterdam et les terminaux portuaires de Venlo et Born au moyen du Limburg Express, vont utiliser un navire suppl\u00e9mentaire pour le transport de leurs conteneurs. Au total, ce mode de transport permet de r\u00e9duire d'environ 500 le nombre de trajets en camion par semaine.<\/p>\n<p><strong>Parties coop\u00e9rantes<\/strong><br \/>\nLes parties coop\u00e9rantes - European Gateway Services (EGS) \u00e0 Venlo, Barge Terminal Born et le groupe Danser, entre autres -, desservent des clients tels que la maison de couture am\u00e9ricaine Michael Kors avec un m\u00e9ga-entrep\u00f4t \u00e0 Venlo et l'entreprise chimique Sabic \u00e0 Geleen avec le Limburg Express. \"Nous constatons une demande croissante sur le march\u00e9 pour des solutions de transport fiables et \u00e9cologiques\", explique Joost Helwegen, directeur g\u00e9n\u00e9ral de Hutchison Ports Venlo (qui fait partie d'EGS), pour justifier l'expansion de la capacit\u00e9 de transport.<\/p>\n<p><strong>Temps d'attente<br \/>\n<\/strong>Le \"Limburg Express\" r\u00e9pond aux probl\u00e8mes de manutention des barges \u00e0 conteneurs dans les ports maritimes de Rotterdam, ce qui se traduit par de longues attentes et des retards. Frans van de Water, de Sabic, d\u00e9clare que les exp\u00e9diteurs internationaux sont \"tr\u00e8s g\u00ean\u00e9s\" par l'incertitude quant \u00e0 l'heure de la manutention.<\/p>\n<p>Toutefois, des cr\u00e9neaux horaires ont \u00e9t\u00e9 cr\u00e9\u00e9s pour les barges transportant un grand nombre de conteneurs. Cela permet de les charger et de les d\u00e9charger selon un horaire fixe, ce qui am\u00e9liore la fiabilit\u00e9 du transport. C'est justement gr\u00e2ce au regroupement des trois parties que le Limburg Express dispose toujours de suffisamment de marchandises pour pouvoir pr\u00e9tendre \u00e0 ce service.<\/p>\n<p>Dans ce contexte, M. Helwegen parle d'un \"coup de pouce \u00e0 l'\u00e9conomie limbourgeoise\". En augmentant la capacit\u00e9 de transport, Venlo et Born restent int\u00e9ressantes pour les sites logistiques\".<\/p>","protected":false},"excerpt":{"rendered":"<p>VENLO &#8211; Op de site van De Limburger lazen we een bericht over een samenwerking van drie partijen die hun binnenvaartverbinding uitbreiden tussen de Rotterdamse havens en de haventerminals in Venlo en Born. Hierdoor wordt goederenvervoer via trucks verminderd. Tussen Rotterdam en Limburg wordt de capaciteit voor containertransport per binnenvaartschip uitgebreid, waardoor er minder trucks [&hellip;]<\/p>","protected":false},"author":1,"featured_media":2385,"comment_status":"closed","ping_status":"open","sticky":false,"template":"","format":"standard","meta":{"_acf_changed":false,"footnotes":""},"categories":[8],"tags":[],"class_list":["post-2384","post","type-post","status-publish","format-standard","has-post-thumbnail","hentry","category-nieuws"],"acf":[],"yoast_head":"<!-- This site is optimized with the Yoast SEO plugin v26.3 - https:\/\/yoast.com\/wordpress\/plugins\/seo\/ -->\n<title>Meer capaciteit containervaart Rotterdam-Limburg - Ondernemend Venlo<\/title>\n<meta name=\"robots\" content=\"index, follow, max-snippet:-1, max-image-preview:large, max-video-preview:-1\" \/>\n<link rel=\"canonical\" href=\"https:\/\/www.ondernemendvenlo.nl\/fr\/meer-capaciteit-containervaart-rotterdam-limburg\/\" \/>\n<meta property=\"og:locale\" content=\"fr_FR\" \/>\n<meta property=\"og:type\" content=\"article\" \/>\n<meta property=\"og:title\" content=\"Meer capaciteit containervaart Rotterdam-Limburg - Ondernemend Venlo\" \/>\n<meta property=\"og:description\" content=\"VENLO &#8211; Op de site van De Limburger lazen we een bericht over een samenwerking van drie partijen die hun binnenvaartverbinding uitbreiden tussen de Rotterdamse havens en de haventerminals in Venlo en Born. Hierdoor wordt goederenvervoer via trucks verminderd. Tussen Rotterdam en Limburg wordt de capaciteit voor containertransport per binnenvaartschip uitgebreid, waardoor er minder trucks [&hellip;]\" \/>\n<meta property=\"og:url\" content=\"https:\/\/www.ondernemendvenlo.nl\/fr\/meer-capaciteit-containervaart-rotterdam-limburg\/\" \/>\n<meta property=\"og:site_name\" content=\"Ondernemend Venlo\" \/>\n<meta property=\"article:published_time\" content=\"2021-01-19T15:03:00+00:00\" \/>\n<meta property=\"og:image\" content=\"https:\/\/www.ondernemendvenlo.nl\/wp-content\/uploads\/2025\/04\/Schermafbeelding-2021-01-20-om-10.55.12.png\" \/>\n\t<meta property=\"og:image:width\" content=\"2522\" \/>\n\t<meta property=\"og:image:height\" content=\"1228\" \/>\n\t<meta property=\"og:image:type\" content=\"image\/png\" \/>\n<meta name=\"author\" content=\"admin\" \/>\n<meta name=\"twitter:card\" content=\"summary_large_image\" \/>\n<meta name=\"twitter:label1\" content=\"\u00c9crit par\" \/>\n\t<meta name=\"twitter:data1\" content=\"admin\" \/>\n\t<meta name=\"twitter:label2\" content=\"Dur\u00e9e de lecture estim\u00e9e\" \/>\n\t<meta name=\"twitter:data2\" content=\"2 minutes\" \/>\n<script type=\"application\/ld+json\" class=\"yoast-schema-graph\">{\"@context\":\"https:\/\/schema.org\",\"@graph\":[{\"@type\":\"Article\",\"@id\":\"https:\/\/www.ondernemendvenlo.nl\/meer-capaciteit-containervaart-rotterdam-limburg\/#article\",\"isPartOf\":{\"@id\":\"https:\/\/www.ondernemendvenlo.nl\/meer-capaciteit-containervaart-rotterdam-limburg\/\"},\"author\":{\"name\":\"admin\",\"@id\":\"https:\/\/www.ondernemendvenlo.nl\/#\/schema\/person\/347e935f8ad4c7030608ef74bb57aa6e\"},\"headline\":\"Meer capaciteit containervaart Rotterdam-Limburg\",\"datePublished\":\"2021-01-19T15:03:00+00:00\",\"mainEntityOfPage\":{\"@id\":\"https:\/\/www.ondernemendvenlo.nl\/meer-capaciteit-containervaart-rotterdam-limburg\/\"},\"wordCount\":318,\"publisher\":{\"@id\":\"https:\/\/www.ondernemendvenlo.nl\/#organization\"},\"image\":{\"@id\":\"https:\/\/www.ondernemendvenlo.nl\/meer-capaciteit-containervaart-rotterdam-limburg\/#primaryimage\"},\"thumbnailUrl\":\"https:\/\/www.ondernemendvenlo.nl\/wp-content\/uploads\/2025\/04\/Schermafbeelding-2021-01-20-om-10.55.12.png\",\"articleSection\":[\"Nieuws\"],\"inLanguage\":\"fr-FR\"},{\"@type\":\"WebPage\",\"@id\":\"https:\/\/www.ondernemendvenlo.nl\/meer-capaciteit-containervaart-rotterdam-limburg\/\",\"url\":\"https:\/\/www.ondernemendvenlo.nl\/meer-capaciteit-containervaart-rotterdam-limburg\/\",\"name\":\"Meer capaciteit containervaart Rotterdam-Limburg - Ondernemend Venlo\",\"isPartOf\":{\"@id\":\"https:\/\/www.ondernemendvenlo.nl\/#website\"},\"primaryImageOfPage\":{\"@id\":\"https:\/\/www.ondernemendvenlo.nl\/meer-capaciteit-containervaart-rotterdam-limburg\/#primaryimage\"},\"image\":{\"@id\":\"https:\/\/www.ondernemendvenlo.nl\/meer-capaciteit-containervaart-rotterdam-limburg\/#primaryimage\"},\"thumbnailUrl\":\"https:\/\/www.ondernemendvenlo.nl\/wp-content\/uploads\/2025\/04\/Schermafbeelding-2021-01-20-om-10.55.12.png\",\"datePublished\":\"2021-01-19T15:03:00+00:00\",\"breadcrumb\":{\"@id\":\"https:\/\/www.ondernemendvenlo.nl\/meer-capaciteit-containervaart-rotterdam-limburg\/#breadcrumb\"},\"inLanguage\":\"fr-FR\",\"potentialAction\":[{\"@type\":\"ReadAction\",\"target\":[\"https:\/\/www.ondernemendvenlo.nl\/meer-capaciteit-containervaart-rotterdam-limburg\/\"]}]},{\"@type\":\"ImageObject\",\"inLanguage\":\"fr-FR\",\"@id\":\"https:\/\/www.ondernemendvenlo.nl\/meer-capaciteit-containervaart-rotterdam-limburg\/#primaryimage\",\"url\":\"https:\/\/www.ondernemendvenlo.nl\/wp-content\/uploads\/2025\/04\/Schermafbeelding-2021-01-20-om-10.55.12.png\",\"contentUrl\":\"https:\/\/www.ondernemendvenlo.nl\/wp-content\/uploads\/2025\/04\/Schermafbeelding-2021-01-20-om-10.55.12.png\",\"width\":2522,\"height\":1228},{\"@type\":\"BreadcrumbList\",\"@id\":\"https:\/\/www.ondernemendvenlo.nl\/meer-capaciteit-containervaart-rotterdam-limburg\/#breadcrumb\",\"itemListElement\":[{\"@type\":\"ListItem\",\"position\":1,\"name\":\"Ondernemend Venlo\",\"item\":\"https:\/\/www.ondernemendvenlo.nl\/\"},{\"@type\":\"ListItem\",\"position\":2,\"name\":\"Nieuws\",\"item\":\"https:\/\/www.ondernemendvenlo.nl\/categorie\/nieuws\/\"},{\"@type\":\"ListItem\",\"position\":3,\"name\":\"Meer capaciteit containervaart Rotterdam-Limburg\"}]},{\"@type\":\"WebSite\",\"@id\":\"https:\/\/www.ondernemendvenlo.nl\/#website\",\"url\":\"https:\/\/www.ondernemendvenlo.nl\/\",\"name\":\"Ondernemend Venlo\",\"description\":\"Samen succesvol ondernemen\",\"publisher\":{\"@id\":\"https:\/\/www.ondernemendvenlo.nl\/#organization\"},\"potentialAction\":[{\"@type\":\"SearchAction\",\"target\":{\"@type\":\"EntryPoint\",\"urlTemplate\":\"https:\/\/www.ondernemendvenlo.nl\/?s={search_term_string}\"},\"query-input\":{\"@type\":\"PropertyValueSpecification\",\"valueRequired\":true,\"valueName\":\"search_term_string\"}}],\"inLanguage\":\"fr-FR\"},{\"@type\":\"Organization\",\"@id\":\"https:\/\/www.ondernemendvenlo.nl\/#organization\",\"name\":\"Ondernemend Venlo\",\"url\":\"https:\/\/www.ondernemendvenlo.nl\/\",\"logo\":{\"@type\":\"ImageObject\",\"inLanguage\":\"fr-FR\",\"@id\":\"https:\/\/www.ondernemendvenlo.nl\/#\/schema\/logo\/image\/\",\"url\":\"https:\/\/www.ondernemendvenlo.nl\/wp-content\/uploads\/2025\/02\/Ondernemend-Venlo-logo-scaled.webp\",\"contentUrl\":\"https:\/\/www.ondernemendvenlo.nl\/wp-content\/uploads\/2025\/02\/Ondernemend-Venlo-logo-scaled.webp\",\"width\":2560,\"height\":1010,\"caption\":\"Ondernemend Venlo\"},\"image\":{\"@id\":\"https:\/\/www.ondernemendvenlo.nl\/#\/schema\/logo\/image\/\"},\"sameAs\":[\"https:\/\/www.linkedin.com\/company\/ondernemend-venlo\/\"]},{\"@type\":\"Person\",\"@id\":\"https:\/\/www.ondernemendvenlo.nl\/#\/schema\/person\/347e935f8ad4c7030608ef74bb57aa6e\",\"name\":\"admin\",\"image\":{\"@type\":\"ImageObject\",\"inLanguage\":\"fr-FR\",\"@id\":\"https:\/\/www.ondernemendvenlo.nl\/#\/schema\/person\/image\/\",\"url\":\"https:\/\/www.ondernemendvenlo.nl\/wp-content\/litespeed\/avatar\/720af750b037aecf6e33e12833479059.jpg?ver=1777382954\",\"contentUrl\":\"https:\/\/www.ondernemendvenlo.nl\/wp-content\/litespeed\/avatar\/720af750b037aecf6e33e12833479059.jpg?ver=1777382954\",\"caption\":\"admin\"},\"sameAs\":[\"https:\/\/www.ondernemendvenlo.nl\"]}]}<\/script>\n<!-- \/ Yoast SEO plugin. -->","yoast_head_json":{"title":"Meer capaciteit containervaart Rotterdam-Limburg - Ondernemend Venlo","robots":{"index":"index","follow":"follow","max-snippet":"max-snippet:-1","max-image-preview":"max-image-preview:large","max-video-preview":"max-video-preview:-1"},"canonical":"https:\/\/www.ondernemendvenlo.nl\/fr\/meer-capaciteit-containervaart-rotterdam-limburg\/","og_locale":"fr_FR","og_type":"article","og_title":"Meer capaciteit containervaart Rotterdam-Limburg - Ondernemend Venlo","og_description":"VENLO &#8211; Op de site van De Limburger lazen we een bericht over een samenwerking van drie partijen die hun binnenvaartverbinding uitbreiden tussen de Rotterdamse havens en de haventerminals in Venlo en Born. Hierdoor wordt goederenvervoer via trucks verminderd. Tussen Rotterdam en Limburg wordt de capaciteit voor containertransport per binnenvaartschip uitgebreid, waardoor er minder trucks [&hellip;]","og_url":"https:\/\/www.ondernemendvenlo.nl\/fr\/meer-capaciteit-containervaart-rotterdam-limburg\/","og_site_name":"Ondernemend Venlo","article_published_time":"2021-01-19T15:03:00+00:00","og_image":[{"width":2522,"height":1228,"url":"https:\/\/www.ondernemendvenlo.nl\/wp-content\/uploads\/2025\/04\/Schermafbeelding-2021-01-20-om-10.55.12.png","type":"image\/png"}],"author":"admin","twitter_card":"summary_large_image","twitter_misc":{"\u00c9crit par":"admin","Dur\u00e9e de lecture estim\u00e9e":"2 minutes"},"schema":{"@context":"https:\/\/schema.org","@graph":[{"@type":"Article","@id":"https:\/\/www.ondernemendvenlo.nl\/meer-capaciteit-containervaart-rotterdam-limburg\/#article","isPartOf":{"@id":"https:\/\/www.ondernemendvenlo.nl\/meer-capaciteit-containervaart-rotterdam-limburg\/"},"author":{"name":"admin","@id":"https:\/\/www.ondernemendvenlo.nl\/#\/schema\/person\/347e935f8ad4c7030608ef74bb57aa6e"},"headline":"Meer capaciteit containervaart Rotterdam-Limburg","datePublished":"2021-01-19T15:03:00+00:00","mainEntityOfPage":{"@id":"https:\/\/www.ondernemendvenlo.nl\/meer-capaciteit-containervaart-rotterdam-limburg\/"},"wordCount":318,"publisher":{"@id":"https:\/\/www.ondernemendvenlo.nl\/#organization"},"image":{"@id":"https:\/\/www.ondernemendvenlo.nl\/meer-capaciteit-containervaart-rotterdam-limburg\/#primaryimage"},"thumbnailUrl":"https:\/\/www.ondernemendvenlo.nl\/wp-content\/uploads\/2025\/04\/Schermafbeelding-2021-01-20-om-10.55.12.png","articleSection":["Nieuws"],"inLanguage":"fr-FR"},{"@type":"WebPage","@id":"https:\/\/www.ondernemendvenlo.nl\/meer-capaciteit-containervaart-rotterdam-limburg\/","url":"https:\/\/www.ondernemendvenlo.nl\/meer-capaciteit-containervaart-rotterdam-limburg\/","name":"Meer capaciteit containervaart Rotterdam-Limburg - Ondernemend Venlo","isPartOf":{"@id":"https:\/\/www.ondernemendvenlo.nl\/#website"},"primaryImageOfPage":{"@id":"https:\/\/www.ondernemendvenlo.nl\/meer-capaciteit-containervaart-rotterdam-limburg\/#primaryimage"},"image":{"@id":"https:\/\/www.ondernemendvenlo.nl\/meer-capaciteit-containervaart-rotterdam-limburg\/#primaryimage"},"thumbnailUrl":"https:\/\/www.ondernemendvenlo.nl\/wp-content\/uploads\/2025\/04\/Schermafbeelding-2021-01-20-om-10.55.12.png","datePublished":"2021-01-19T15:03:00+00:00","breadcrumb":{"@id":"https:\/\/www.ondernemendvenlo.nl\/meer-capaciteit-containervaart-rotterdam-limburg\/#breadcrumb"},"inLanguage":"fr-FR","potentialAction":[{"@type":"ReadAction","target":["https:\/\/www.ondernemendvenlo.nl\/meer-capaciteit-containervaart-rotterdam-limburg\/"]}]},{"@type":"ImageObject","inLanguage":"fr-FR","@id":"https:\/\/www.ondernemendvenlo.nl\/meer-capaciteit-containervaart-rotterdam-limburg\/#primaryimage","url":"https:\/\/www.ondernemendvenlo.nl\/wp-content\/uploads\/2025\/04\/Schermafbeelding-2021-01-20-om-10.55.12.png","contentUrl":"https:\/\/www.ondernemendvenlo.nl\/wp-content\/uploads\/2025\/04\/Schermafbeelding-2021-01-20-om-10.55.12.png","width":2522,"height":1228},{"@type":"BreadcrumbList","@id":"https:\/\/www.ondernemendvenlo.nl\/meer-capaciteit-containervaart-rotterdam-limburg\/#breadcrumb","itemListElement":[{"@type":"ListItem","position":1,"name":"Ondernemend Venlo","item":"https:\/\/www.ondernemendvenlo.nl\/"},{"@type":"ListItem","position":2,"name":"Nieuws","item":"https:\/\/www.ondernemendvenlo.nl\/categorie\/nieuws\/"},{"@type":"ListItem","position":3,"name":"Meer capaciteit containervaart Rotterdam-Limburg"}]},{"@type":"WebSite","@id":"https:\/\/www.ondernemendvenlo.nl\/#website","url":"https:\/\/www.ondernemendvenlo.nl\/","name":"Venlo entrepreneurial","description":"Travailler ensemble avec succ\u00e8s","publisher":{"@id":"https:\/\/www.ondernemendvenlo.nl\/#organization"},"potentialAction":[{"@type":"SearchAction","target":{"@type":"EntryPoint","urlTemplate":"https:\/\/www.ondernemendvenlo.nl\/?s={search_term_string}"},"query-input":{"@type":"PropertyValueSpecification","valueRequired":true,"valueName":"search_term_string"}}],"inLanguage":"fr-FR"},{"@type":"Organization","@id":"https:\/\/www.ondernemendvenlo.nl\/#organization","name":"Venlo entrepreneurial","url":"https:\/\/www.ondernemendvenlo.nl\/","logo":{"@type":"ImageObject","inLanguage":"fr-FR","@id":"https:\/\/www.ondernemendvenlo.nl\/#\/schema\/logo\/image\/","url":"https:\/\/www.ondernemendvenlo.nl\/wp-content\/uploads\/2025\/02\/Ondernemend-Venlo-logo-scaled.webp","contentUrl":"https:\/\/www.ondernemendvenlo.nl\/wp-content\/uploads\/2025\/02\/Ondernemend-Venlo-logo-scaled.webp","width":2560,"height":1010,"caption":"Ondernemend Venlo"},"image":{"@id":"https:\/\/www.ondernemendvenlo.nl\/#\/schema\/logo\/image\/"},"sameAs":["https:\/\/www.linkedin.com\/company\/ondernemend-venlo\/"]},{"@type":"Person","@id":"https:\/\/www.ondernemendvenlo.nl\/#\/schema\/person\/347e935f8ad4c7030608ef74bb57aa6e","name":"admin","image":{"@type":"ImageObject","inLanguage":"fr-FR","@id":"https:\/\/www.ondernemendvenlo.nl\/#\/schema\/person\/image\/","url":"https:\/\/www.ondernemendvenlo.nl\/wp-content\/litespeed\/avatar\/720af750b037aecf6e33e12833479059.jpg?ver=1777382954","contentUrl":"https:\/\/www.ondernemendvenlo.nl\/wp-content\/litespeed\/avatar\/720af750b037aecf6e33e12833479059.jpg?ver=1777382954","caption":"admin"},"sameAs":["https:\/\/www.ondernemendvenlo.nl"]}]}},"_links":{"self":[{"href":"https:\/\/www.ondernemendvenlo.nl\/fr\/wp-json\/wp\/v2\/posts\/2384","targetHints":{"allow":["GET"]}}],"collection":[{"href":"https:\/\/www.ondernemendvenlo.nl\/fr\/wp-json\/wp\/v2\/posts"}],"about":[{"href":"https:\/\/www.ondernemendvenlo.nl\/fr\/wp-json\/wp\/v2\/types\/post"}],"author":[{"embeddable":true,"href":"https:\/\/www.ondernemendvenlo.nl\/fr\/wp-json\/wp\/v2\/users\/1"}],"replies":[{"embeddable":true,"href":"https:\/\/www.ondernemendvenlo.nl\/fr\/wp-json\/wp\/v2\/comments?post=2384"}],"version-history":[{"count":0,"href":"https:\/\/www.ondernemendvenlo.nl\/fr\/wp-json\/wp\/v2\/posts\/2384\/revisions"}],"wp:featuredmedia":[{"embeddable":true,"href":"https:\/\/www.ondernemendvenlo.nl\/fr\/wp-json\/wp\/v2\/media\/2385"}],"wp:attachment":[{"href":"https:\/\/www.ondernemendvenlo.nl\/fr\/wp-json\/wp\/v2\/media?parent=2384"}],"wp:term":[{"taxonomy":"category","embeddable":true,"href":"https:\/\/www.ondernemendvenlo.nl\/fr\/wp-json\/wp\/v2\/categories?post=2384"},{"taxonomy":"post_tag","embeddable":true,"href":"https:\/\/www.ondernemendvenlo.nl\/fr\/wp-json\/wp\/v2\/tags?post=2384"}],"curies":[{"name":"wp","href":"https:\/\/api.w.org\/{rel}","templated":true}]}}