{"id":2430,"date":"2021-03-10T15:52:16","date_gmt":"2021-03-10T14:52:16","guid":{"rendered":"https:\/\/www.ondernemendvenlo.nl\/stikstofaanpak-sterkere-natuur-perspectief-voor-ondernemers\/"},"modified":"2021-03-10T15:52:16","modified_gmt":"2021-03-10T14:52:16","slug":"stikstofaanpak-sterkere-natuur-perspectief-voor-ondernemers","status":"publish","type":"post","link":"https:\/\/www.ondernemendvenlo.nl\/fr\/stikstofaanpak-sterkere-natuur-perspectief-voor-ondernemers\/","title":{"rendered":"L'approche de l'azote : une nature plus forte, des perspectives pour les entrepreneurs"},"content":{"rendered":"<p><strong>De Eerste Kamer is akkoord gegaan met het wetsvoorstel van co\u00f6rdinerend minister Schouten van Landbouw, Natuur en Voedselkwaliteit om de stikstofuitstoot te verlagen en de natuur te verbeteren. Het kabinet zorgt er met deze wet voor dat de natuur sterker wordt en de stikstofuitstoot en -neerslag omlaag gaat. De stikstofuitstoot en -neerslag moet in 2030 zo laag zijn dat dan de helft van de Natura 2000-natuurgebieden onder de kritische depositiewaarde (KDW) zit.<\/strong><\/p>\n<p>In de wet zit een systeem van monitoring en bijsturing: het effect van de bronmaatregelen om de <a href=\"https:\/\/www.aanpakstikstof.nl\/waarom-is-er-een-stikstofprobleem\/maatregelen\" class=\"external\" target=\"_blank\" rel=\"noopener\">stikstofuitstoot<\/a> van landbouw, verkeer, bouw en industrie te verminderen wordt jaarlijks getoetst en het herstel van de natuur elke twee jaar. De wet legt daarnaast vast dat PAS-meldingen (meldingen van activiteiten waar voor de uitspraak van de Raad van State geen vergunning voor nodig was) en meldingsvrije activiteiten gelegaliseerd worden. Verder worden maatregelen die nodig zijn om de stikstofuitstoot in een specifiek gebied te verlagen opgenomen in een provinciaal gebiedsplan.<\/p>\n<p><strong>Wat betekent deze wet?<\/strong><br \/>\nHet kabinet legt met deze wet vast dat de natuur sterker wordt en de stikstofdepositie omlaag gaat. <a href=\"https:\/\/www.rijksoverheid.nl\/onderwerpen\/aanpak-stikstof\" class=\"external\" target=\"_blank\" rel=\"noopener\">Uitgangspunt<\/a> is eerst stikstofruimte winnen, pas dan weer beperkt uitgeven aan maatschappelijke en economische activiteiten. Er komt tot 2030 bijna drie miljard euro beschikbaar voor natuurherstel en -versterking en circa twee miljard euro voor (bron-) maatregelen. Elke sector levert een bijdrage en kan rekenen op financi\u00eble ondersteuning.<\/p>\n<p><strong>Landbouw<\/strong><br \/>\nVoor de landbouw betekent dit een omslag naar toekomstbestendige (kringloop)landbouw met zo min mogelijk emissies. Er komen middelen voor investeringen in duurzame stallen, minder eiwit in veevoer en betere mestaanwending. Er komt een Omschakelprogramma duurzame landbouw van 175 miljoen euro om boeren te helpen deze stappen te zetten. Voor boeren die vrijwillig willen stoppen komt ook geld beschikbaar.<\/p>\n<p><strong>Bouw<\/strong><br \/>\nHet wetsvoorstel bevat een gedeeltelijke vrijstelling van de natuurvergunningsplicht voor de bouwsector. De vrijstelling geldt voor bouwactiviteiten in de bouw-, aanleg- en sloopfase, waarin emissies tijdelijk en beperkt zijn. Deze vrijstelling maakt vergunningverlening voor de aanleg\/bouw van onder andere woningen, utiliteitsbouw, energieprojecten en activiteiten in de grond-, weg- en waterbouw makkelijker. Om deze vrijstelling mogelijk te maken reserveert het kabinet in de periode 2021-2030 500 miljoen euro voor stikstofreductie in de bouw en 500 miljoen euro voor aanvullende maatregelen binnen of buiten de bouw. Het Rijk maakt afspraken met de bouwsector over deze reductie en bijbehorende maatregelen, gericht op emissiearme werk- en voertuigen. De maatregelen worden onderdeel van de structurele aanpak stikstof. Het kabinet benadrukt dat de (stikstof) effecten van de bouwvrijstelling periodiek worden gemonitord, zodat tijdig kan worden bijgestuurd indien nodig.<\/p>\n<p><strong>Industrie, luchtvaart en binnenvaart<\/strong><br \/>\nEr is geld om bovenop de wettelijke verplichting te investeren in de best beschikbare technologie voor emissie- en stikstofreductie in de industrie. Ook investeert het kabinet in schonere bouwmachines, elektrisch taxi\u00ebn van vliegtuigen en in katalysatoren en walstroomvoorzieningen.<\/p>\n<p>&nbsp;<\/p>","protected":false},"excerpt":{"rendered":"<p>De Eerste Kamer is akkoord gegaan met het wetsvoorstel van co\u00f6rdinerend minister Schouten van Landbouw, Natuur en Voedselkwaliteit om de stikstofuitstoot te verlagen en de natuur te verbeteren. Het kabinet zorgt er met deze wet voor dat de natuur sterker wordt en de stikstofuitstoot en -neerslag omlaag gaat. De stikstofuitstoot en -neerslag moet in 2030 [&hellip;]<\/p>","protected":false},"author":1,"featured_media":2431,"comment_status":"closed","ping_status":"open","sticky":false,"template":"","format":"standard","meta":{"_acf_changed":false,"footnotes":""},"categories":[8],"tags":[],"class_list":["post-2430","post","type-post","status-publish","format-standard","has-post-thumbnail","hentry","category-nieuws"],"acf":[],"yoast_head":"<!-- This site is optimized with the Yoast SEO plugin v26.3 - https:\/\/yoast.com\/wordpress\/plugins\/seo\/ -->\n<title>Stikstofaanpak: sterkere natuur, perspectief voor ondernemers - Ondernemend Venlo<\/title>\n<meta name=\"robots\" content=\"index, follow, max-snippet:-1, max-image-preview:large, max-video-preview:-1\" \/>\n<link rel=\"canonical\" href=\"https:\/\/www.ondernemendvenlo.nl\/fr\/stikstofaanpak-sterkere-natuur-perspectief-voor-ondernemers\/\" \/>\n<meta property=\"og:locale\" content=\"fr_FR\" \/>\n<meta property=\"og:type\" content=\"article\" \/>\n<meta property=\"og:title\" content=\"Stikstofaanpak: sterkere natuur, perspectief voor ondernemers - Ondernemend Venlo\" \/>\n<meta property=\"og:description\" content=\"De Eerste Kamer is akkoord gegaan met het wetsvoorstel van co\u00f6rdinerend minister Schouten van Landbouw, Natuur en Voedselkwaliteit om de stikstofuitstoot te verlagen en de natuur te verbeteren. Het kabinet zorgt er met deze wet voor dat de natuur sterker wordt en de stikstofuitstoot en -neerslag omlaag gaat. De stikstofuitstoot en -neerslag moet in 2030 [&hellip;]\" \/>\n<meta property=\"og:url\" content=\"https:\/\/www.ondernemendvenlo.nl\/fr\/stikstofaanpak-sterkere-natuur-perspectief-voor-ondernemers\/\" \/>\n<meta property=\"og:site_name\" content=\"Ondernemend Venlo\" \/>\n<meta property=\"article:published_time\" content=\"2021-03-10T14:52:16+00:00\" \/>\n<meta property=\"og:image\" content=\"https:\/\/www.ondernemendvenlo.nl\/wp-content\/uploads\/2025\/04\/pexels-lukas-hartmann-1276237-scaled-1.jpg\" \/>\n\t<meta property=\"og:image:width\" content=\"2560\" \/>\n\t<meta property=\"og:image:height\" content=\"1707\" \/>\n\t<meta property=\"og:image:type\" content=\"image\/jpeg\" \/>\n<meta name=\"author\" content=\"admin\" \/>\n<meta name=\"twitter:card\" content=\"summary_large_image\" \/>\n<meta name=\"twitter:label1\" content=\"\u00c9crit par\" \/>\n\t<meta name=\"twitter:data1\" content=\"admin\" \/>\n\t<meta name=\"twitter:label2\" content=\"Dur\u00e9e de lecture estim\u00e9e\" \/>\n\t<meta name=\"twitter:data2\" content=\"2 minutes\" \/>\n<script type=\"application\/ld+json\" class=\"yoast-schema-graph\">{\"@context\":\"https:\/\/schema.org\",\"@graph\":[{\"@type\":\"Article\",\"@id\":\"https:\/\/www.ondernemendvenlo.nl\/stikstofaanpak-sterkere-natuur-perspectief-voor-ondernemers\/#article\",\"isPartOf\":{\"@id\":\"https:\/\/www.ondernemendvenlo.nl\/stikstofaanpak-sterkere-natuur-perspectief-voor-ondernemers\/\"},\"author\":{\"name\":\"admin\",\"@id\":\"https:\/\/www.ondernemendvenlo.nl\/#\/schema\/person\/347e935f8ad4c7030608ef74bb57aa6e\"},\"headline\":\"Stikstofaanpak: sterkere natuur, perspectief voor ondernemers\",\"datePublished\":\"2021-03-10T14:52:16+00:00\",\"mainEntityOfPage\":{\"@id\":\"https:\/\/www.ondernemendvenlo.nl\/stikstofaanpak-sterkere-natuur-perspectief-voor-ondernemers\/\"},\"wordCount\":468,\"publisher\":{\"@id\":\"https:\/\/www.ondernemendvenlo.nl\/#organization\"},\"image\":{\"@id\":\"https:\/\/www.ondernemendvenlo.nl\/stikstofaanpak-sterkere-natuur-perspectief-voor-ondernemers\/#primaryimage\"},\"thumbnailUrl\":\"https:\/\/www.ondernemendvenlo.nl\/wp-content\/uploads\/2025\/04\/pexels-lukas-hartmann-1276237-scaled-1.jpg\",\"articleSection\":[\"Nieuws\"],\"inLanguage\":\"fr-FR\"},{\"@type\":\"WebPage\",\"@id\":\"https:\/\/www.ondernemendvenlo.nl\/stikstofaanpak-sterkere-natuur-perspectief-voor-ondernemers\/\",\"url\":\"https:\/\/www.ondernemendvenlo.nl\/stikstofaanpak-sterkere-natuur-perspectief-voor-ondernemers\/\",\"name\":\"Stikstofaanpak: sterkere natuur, perspectief voor ondernemers - Ondernemend Venlo\",\"isPartOf\":{\"@id\":\"https:\/\/www.ondernemendvenlo.nl\/#website\"},\"primaryImageOfPage\":{\"@id\":\"https:\/\/www.ondernemendvenlo.nl\/stikstofaanpak-sterkere-natuur-perspectief-voor-ondernemers\/#primaryimage\"},\"image\":{\"@id\":\"https:\/\/www.ondernemendvenlo.nl\/stikstofaanpak-sterkere-natuur-perspectief-voor-ondernemers\/#primaryimage\"},\"thumbnailUrl\":\"https:\/\/www.ondernemendvenlo.nl\/wp-content\/uploads\/2025\/04\/pexels-lukas-hartmann-1276237-scaled-1.jpg\",\"datePublished\":\"2021-03-10T14:52:16+00:00\",\"breadcrumb\":{\"@id\":\"https:\/\/www.ondernemendvenlo.nl\/stikstofaanpak-sterkere-natuur-perspectief-voor-ondernemers\/#breadcrumb\"},\"inLanguage\":\"fr-FR\",\"potentialAction\":[{\"@type\":\"ReadAction\",\"target\":[\"https:\/\/www.ondernemendvenlo.nl\/stikstofaanpak-sterkere-natuur-perspectief-voor-ondernemers\/\"]}]},{\"@type\":\"ImageObject\",\"inLanguage\":\"fr-FR\",\"@id\":\"https:\/\/www.ondernemendvenlo.nl\/stikstofaanpak-sterkere-natuur-perspectief-voor-ondernemers\/#primaryimage\",\"url\":\"https:\/\/www.ondernemendvenlo.nl\/wp-content\/uploads\/2025\/04\/pexels-lukas-hartmann-1276237-scaled-1.jpg\",\"contentUrl\":\"https:\/\/www.ondernemendvenlo.nl\/wp-content\/uploads\/2025\/04\/pexels-lukas-hartmann-1276237-scaled-1.jpg\",\"width\":2560,\"height\":1707},{\"@type\":\"BreadcrumbList\",\"@id\":\"https:\/\/www.ondernemendvenlo.nl\/stikstofaanpak-sterkere-natuur-perspectief-voor-ondernemers\/#breadcrumb\",\"itemListElement\":[{\"@type\":\"ListItem\",\"position\":1,\"name\":\"Ondernemend Venlo\",\"item\":\"https:\/\/www.ondernemendvenlo.nl\/\"},{\"@type\":\"ListItem\",\"position\":2,\"name\":\"Nieuws\",\"item\":\"https:\/\/www.ondernemendvenlo.nl\/categorie\/nieuws\/\"},{\"@type\":\"ListItem\",\"position\":3,\"name\":\"Stikstofaanpak: sterkere natuur, perspectief voor ondernemers\"}]},{\"@type\":\"WebSite\",\"@id\":\"https:\/\/www.ondernemendvenlo.nl\/#website\",\"url\":\"https:\/\/www.ondernemendvenlo.nl\/\",\"name\":\"Ondernemend Venlo\",\"description\":\"Samen succesvol ondernemen\",\"publisher\":{\"@id\":\"https:\/\/www.ondernemendvenlo.nl\/#organization\"},\"potentialAction\":[{\"@type\":\"SearchAction\",\"target\":{\"@type\":\"EntryPoint\",\"urlTemplate\":\"https:\/\/www.ondernemendvenlo.nl\/?s={search_term_string}\"},\"query-input\":{\"@type\":\"PropertyValueSpecification\",\"valueRequired\":true,\"valueName\":\"search_term_string\"}}],\"inLanguage\":\"fr-FR\"},{\"@type\":\"Organization\",\"@id\":\"https:\/\/www.ondernemendvenlo.nl\/#organization\",\"name\":\"Ondernemend Venlo\",\"url\":\"https:\/\/www.ondernemendvenlo.nl\/\",\"logo\":{\"@type\":\"ImageObject\",\"inLanguage\":\"fr-FR\",\"@id\":\"https:\/\/www.ondernemendvenlo.nl\/#\/schema\/logo\/image\/\",\"url\":\"https:\/\/www.ondernemendvenlo.nl\/wp-content\/uploads\/2025\/02\/Ondernemend-Venlo-logo-scaled.webp\",\"contentUrl\":\"https:\/\/www.ondernemendvenlo.nl\/wp-content\/uploads\/2025\/02\/Ondernemend-Venlo-logo-scaled.webp\",\"width\":2560,\"height\":1010,\"caption\":\"Ondernemend Venlo\"},\"image\":{\"@id\":\"https:\/\/www.ondernemendvenlo.nl\/#\/schema\/logo\/image\/\"},\"sameAs\":[\"https:\/\/www.linkedin.com\/company\/ondernemend-venlo\/\"]},{\"@type\":\"Person\",\"@id\":\"https:\/\/www.ondernemendvenlo.nl\/#\/schema\/person\/347e935f8ad4c7030608ef74bb57aa6e\",\"name\":\"admin\",\"image\":{\"@type\":\"ImageObject\",\"inLanguage\":\"fr-FR\",\"@id\":\"https:\/\/www.ondernemendvenlo.nl\/#\/schema\/person\/image\/\",\"url\":\"https:\/\/www.ondernemendvenlo.nl\/wp-content\/litespeed\/avatar\/720af750b037aecf6e33e12833479059.jpg?ver=1777382954\",\"contentUrl\":\"https:\/\/www.ondernemendvenlo.nl\/wp-content\/litespeed\/avatar\/720af750b037aecf6e33e12833479059.jpg?ver=1777382954\",\"caption\":\"admin\"},\"sameAs\":[\"https:\/\/www.ondernemendvenlo.nl\"]}]}<\/script>\n<!-- \/ Yoast SEO plugin. -->","yoast_head_json":{"title":"Stikstofaanpak: sterkere natuur, perspectief voor ondernemers - Ondernemend Venlo","robots":{"index":"index","follow":"follow","max-snippet":"max-snippet:-1","max-image-preview":"max-image-preview:large","max-video-preview":"max-video-preview:-1"},"canonical":"https:\/\/www.ondernemendvenlo.nl\/fr\/stikstofaanpak-sterkere-natuur-perspectief-voor-ondernemers\/","og_locale":"fr_FR","og_type":"article","og_title":"Stikstofaanpak: sterkere natuur, perspectief voor ondernemers - Ondernemend Venlo","og_description":"De Eerste Kamer is akkoord gegaan met het wetsvoorstel van co\u00f6rdinerend minister Schouten van Landbouw, Natuur en Voedselkwaliteit om de stikstofuitstoot te verlagen en de natuur te verbeteren. Het kabinet zorgt er met deze wet voor dat de natuur sterker wordt en de stikstofuitstoot en -neerslag omlaag gaat. De stikstofuitstoot en -neerslag moet in 2030 [&hellip;]","og_url":"https:\/\/www.ondernemendvenlo.nl\/fr\/stikstofaanpak-sterkere-natuur-perspectief-voor-ondernemers\/","og_site_name":"Ondernemend Venlo","article_published_time":"2021-03-10T14:52:16+00:00","og_image":[{"width":2560,"height":1707,"url":"https:\/\/www.ondernemendvenlo.nl\/wp-content\/uploads\/2025\/04\/pexels-lukas-hartmann-1276237-scaled-1.jpg","type":"image\/jpeg"}],"author":"admin","twitter_card":"summary_large_image","twitter_misc":{"\u00c9crit par":"admin","Dur\u00e9e de lecture estim\u00e9e":"2 minutes"},"schema":{"@context":"https:\/\/schema.org","@graph":[{"@type":"Article","@id":"https:\/\/www.ondernemendvenlo.nl\/stikstofaanpak-sterkere-natuur-perspectief-voor-ondernemers\/#article","isPartOf":{"@id":"https:\/\/www.ondernemendvenlo.nl\/stikstofaanpak-sterkere-natuur-perspectief-voor-ondernemers\/"},"author":{"name":"admin","@id":"https:\/\/www.ondernemendvenlo.nl\/#\/schema\/person\/347e935f8ad4c7030608ef74bb57aa6e"},"headline":"Stikstofaanpak: sterkere natuur, perspectief voor ondernemers","datePublished":"2021-03-10T14:52:16+00:00","mainEntityOfPage":{"@id":"https:\/\/www.ondernemendvenlo.nl\/stikstofaanpak-sterkere-natuur-perspectief-voor-ondernemers\/"},"wordCount":468,"publisher":{"@id":"https:\/\/www.ondernemendvenlo.nl\/#organization"},"image":{"@id":"https:\/\/www.ondernemendvenlo.nl\/stikstofaanpak-sterkere-natuur-perspectief-voor-ondernemers\/#primaryimage"},"thumbnailUrl":"https:\/\/www.ondernemendvenlo.nl\/wp-content\/uploads\/2025\/04\/pexels-lukas-hartmann-1276237-scaled-1.jpg","articleSection":["Nieuws"],"inLanguage":"fr-FR"},{"@type":"WebPage","@id":"https:\/\/www.ondernemendvenlo.nl\/stikstofaanpak-sterkere-natuur-perspectief-voor-ondernemers\/","url":"https:\/\/www.ondernemendvenlo.nl\/stikstofaanpak-sterkere-natuur-perspectief-voor-ondernemers\/","name":"Stikstofaanpak: sterkere natuur, perspectief voor ondernemers - Ondernemend Venlo","isPartOf":{"@id":"https:\/\/www.ondernemendvenlo.nl\/#website"},"primaryImageOfPage":{"@id":"https:\/\/www.ondernemendvenlo.nl\/stikstofaanpak-sterkere-natuur-perspectief-voor-ondernemers\/#primaryimage"},"image":{"@id":"https:\/\/www.ondernemendvenlo.nl\/stikstofaanpak-sterkere-natuur-perspectief-voor-ondernemers\/#primaryimage"},"thumbnailUrl":"https:\/\/www.ondernemendvenlo.nl\/wp-content\/uploads\/2025\/04\/pexels-lukas-hartmann-1276237-scaled-1.jpg","datePublished":"2021-03-10T14:52:16+00:00","breadcrumb":{"@id":"https:\/\/www.ondernemendvenlo.nl\/stikstofaanpak-sterkere-natuur-perspectief-voor-ondernemers\/#breadcrumb"},"inLanguage":"fr-FR","potentialAction":[{"@type":"ReadAction","target":["https:\/\/www.ondernemendvenlo.nl\/stikstofaanpak-sterkere-natuur-perspectief-voor-ondernemers\/"]}]},{"@type":"ImageObject","inLanguage":"fr-FR","@id":"https:\/\/www.ondernemendvenlo.nl\/stikstofaanpak-sterkere-natuur-perspectief-voor-ondernemers\/#primaryimage","url":"https:\/\/www.ondernemendvenlo.nl\/wp-content\/uploads\/2025\/04\/pexels-lukas-hartmann-1276237-scaled-1.jpg","contentUrl":"https:\/\/www.ondernemendvenlo.nl\/wp-content\/uploads\/2025\/04\/pexels-lukas-hartmann-1276237-scaled-1.jpg","width":2560,"height":1707},{"@type":"BreadcrumbList","@id":"https:\/\/www.ondernemendvenlo.nl\/stikstofaanpak-sterkere-natuur-perspectief-voor-ondernemers\/#breadcrumb","itemListElement":[{"@type":"ListItem","position":1,"name":"Ondernemend Venlo","item":"https:\/\/www.ondernemendvenlo.nl\/"},{"@type":"ListItem","position":2,"name":"Nieuws","item":"https:\/\/www.ondernemendvenlo.nl\/categorie\/nieuws\/"},{"@type":"ListItem","position":3,"name":"Stikstofaanpak: sterkere natuur, perspectief voor ondernemers"}]},{"@type":"WebSite","@id":"https:\/\/www.ondernemendvenlo.nl\/#website","url":"https:\/\/www.ondernemendvenlo.nl\/","name":"Venlo entrepreneurial","description":"Travailler ensemble avec succ\u00e8s","publisher":{"@id":"https:\/\/www.ondernemendvenlo.nl\/#organization"},"potentialAction":[{"@type":"SearchAction","target":{"@type":"EntryPoint","urlTemplate":"https:\/\/www.ondernemendvenlo.nl\/?s={search_term_string}"},"query-input":{"@type":"PropertyValueSpecification","valueRequired":true,"valueName":"search_term_string"}}],"inLanguage":"fr-FR"},{"@type":"Organization","@id":"https:\/\/www.ondernemendvenlo.nl\/#organization","name":"Venlo entrepreneurial","url":"https:\/\/www.ondernemendvenlo.nl\/","logo":{"@type":"ImageObject","inLanguage":"fr-FR","@id":"https:\/\/www.ondernemendvenlo.nl\/#\/schema\/logo\/image\/","url":"https:\/\/www.ondernemendvenlo.nl\/wp-content\/uploads\/2025\/02\/Ondernemend-Venlo-logo-scaled.webp","contentUrl":"https:\/\/www.ondernemendvenlo.nl\/wp-content\/uploads\/2025\/02\/Ondernemend-Venlo-logo-scaled.webp","width":2560,"height":1010,"caption":"Ondernemend Venlo"},"image":{"@id":"https:\/\/www.ondernemendvenlo.nl\/#\/schema\/logo\/image\/"},"sameAs":["https:\/\/www.linkedin.com\/company\/ondernemend-venlo\/"]},{"@type":"Person","@id":"https:\/\/www.ondernemendvenlo.nl\/#\/schema\/person\/347e935f8ad4c7030608ef74bb57aa6e","name":"admin","image":{"@type":"ImageObject","inLanguage":"fr-FR","@id":"https:\/\/www.ondernemendvenlo.nl\/#\/schema\/person\/image\/","url":"https:\/\/www.ondernemendvenlo.nl\/wp-content\/litespeed\/avatar\/720af750b037aecf6e33e12833479059.jpg?ver=1777382954","contentUrl":"https:\/\/www.ondernemendvenlo.nl\/wp-content\/litespeed\/avatar\/720af750b037aecf6e33e12833479059.jpg?ver=1777382954","caption":"admin"},"sameAs":["https:\/\/www.ondernemendvenlo.nl"]}]}},"_links":{"self":[{"href":"https:\/\/www.ondernemendvenlo.nl\/fr\/wp-json\/wp\/v2\/posts\/2430","targetHints":{"allow":["GET"]}}],"collection":[{"href":"https:\/\/www.ondernemendvenlo.nl\/fr\/wp-json\/wp\/v2\/posts"}],"about":[{"href":"https:\/\/www.ondernemendvenlo.nl\/fr\/wp-json\/wp\/v2\/types\/post"}],"author":[{"embeddable":true,"href":"https:\/\/www.ondernemendvenlo.nl\/fr\/wp-json\/wp\/v2\/users\/1"}],"replies":[{"embeddable":true,"href":"https:\/\/www.ondernemendvenlo.nl\/fr\/wp-json\/wp\/v2\/comments?post=2430"}],"version-history":[{"count":0,"href":"https:\/\/www.ondernemendvenlo.nl\/fr\/wp-json\/wp\/v2\/posts\/2430\/revisions"}],"wp:featuredmedia":[{"embeddable":true,"href":"https:\/\/www.ondernemendvenlo.nl\/fr\/wp-json\/wp\/v2\/media\/2431"}],"wp:attachment":[{"href":"https:\/\/www.ondernemendvenlo.nl\/fr\/wp-json\/wp\/v2\/media?parent=2430"}],"wp:term":[{"taxonomy":"category","embeddable":true,"href":"https:\/\/www.ondernemendvenlo.nl\/fr\/wp-json\/wp\/v2\/categories?post=2430"},{"taxonomy":"post_tag","embeddable":true,"href":"https:\/\/www.ondernemendvenlo.nl\/fr\/wp-json\/wp\/v2\/tags?post=2430"}],"curies":[{"name":"wp","href":"https:\/\/api.w.org\/{rel}","templated":true}]}}