{"id":2442,"date":"2021-03-15T10:50:00","date_gmt":"2021-03-15T09:50:00","guid":{"rendered":"https:\/\/www.ondernemendvenlo.nl\/verkiezing-topvrouw-limburg-op-22-maart\/"},"modified":"2021-03-15T10:50:00","modified_gmt":"2021-03-15T09:50:00","slug":"verkiezing-topvrouw-limburg-op-22-maart","status":"publish","type":"post","link":"https:\/\/www.ondernemendvenlo.nl\/fr\/verkiezing-topvrouw-limburg-op-22-maart\/","title":{"rendered":"\u00c9lection de Top Woman Limburg le 22 avril"},"content":{"rendered":"<p><strong>VENLO &#8211; Vorig jaar kon de verkiezing <a href=\"https:\/\/www.topvrouwenlimburg.nl\/\" target=\"_blank\" rel=\"noopener noreferrer\" class=\"external\">Topvrouw Limburg<\/a> op 28 mei door corona niet doorgaan. De verkiezing vindt nu definitief plaats op donderdag 22 april a.s., en wordt live vanuit de Muziekgieterij in Maastricht door de nieuwe mediapartner L1 uitgezonden.<\/strong><\/p>\n<p>De gekozen finalisten van vorig jaar blijven dat ook dit jaar:<br \/>\n&#8211; de Venlose advocaat Hayat Barrahmun van Boels Zanders Advocaten;<br \/>\n&#8211; Maria Jacobs, CEO van het Maastrichtse bestralingsinstituut Maastro en<br \/>\n&#8211; Esther Paulus-Maalst\u00e9, storemanager van De Bijenkorf Maastricht.<\/p>\n<p><strong>Waardevolle bijdrage<\/strong><br \/>\nTopvrouw Limburg\u2019 is een jaarlijks eerbetoon aan topvrouwen in Limburg die een waardevolle en opvallende bijdrage leveren aan het bedrijfsleven, gemeenschap, overheid of wetenschap.<\/p>\n<p>Wij wensen de kandidaten, en speciaal Hayat Barrahmun, veel succes.<\/p>","protected":false},"excerpt":{"rendered":"<p>VENLO &#8211; Vorig jaar kon de verkiezing Topvrouw Limburg op 28 mei door corona niet doorgaan. De verkiezing vindt nu definitief plaats op donderdag 22 april a.s., en wordt live vanuit de Muziekgieterij in Maastricht door de nieuwe mediapartner L1 uitgezonden. De gekozen finalisten van vorig jaar blijven dat ook dit jaar: &#8211; de Venlose [&hellip;]<\/p>","protected":false},"author":1,"featured_media":2443,"comment_status":"closed","ping_status":"open","sticky":false,"template":"","format":"standard","meta":{"_acf_changed":false,"footnotes":""},"categories":[8],"tags":[],"class_list":["post-2442","post","type-post","status-publish","format-standard","has-post-thumbnail","hentry","category-nieuws"],"acf":[],"yoast_head":"<!-- This site is optimized with the Yoast SEO plugin v26.3 - https:\/\/yoast.com\/wordpress\/plugins\/seo\/ -->\n<title>Verkiezing Topvrouw Limburg op 22 april - Ondernemend Venlo<\/title>\n<meta name=\"robots\" content=\"index, follow, max-snippet:-1, max-image-preview:large, max-video-preview:-1\" \/>\n<link rel=\"canonical\" href=\"https:\/\/www.ondernemendvenlo.nl\/fr\/verkiezing-topvrouw-limburg-op-22-maart\/\" \/>\n<meta property=\"og:locale\" content=\"fr_FR\" \/>\n<meta property=\"og:type\" content=\"article\" \/>\n<meta property=\"og:title\" content=\"Verkiezing Topvrouw Limburg op 22 april - Ondernemend Venlo\" \/>\n<meta property=\"og:description\" content=\"VENLO &#8211; Vorig jaar kon de verkiezing Topvrouw Limburg op 28 mei door corona niet doorgaan. De verkiezing vindt nu definitief plaats op donderdag 22 april a.s., en wordt live vanuit de Muziekgieterij in Maastricht door de nieuwe mediapartner L1 uitgezonden. De gekozen finalisten van vorig jaar blijven dat ook dit jaar: &#8211; de Venlose [&hellip;]\" \/>\n<meta property=\"og:url\" content=\"https:\/\/www.ondernemendvenlo.nl\/fr\/verkiezing-topvrouw-limburg-op-22-maart\/\" \/>\n<meta property=\"og:site_name\" content=\"Ondernemend Venlo\" \/>\n<meta property=\"article:published_time\" content=\"2021-03-15T09:50:00+00:00\" \/>\n<meta property=\"og:image\" content=\"https:\/\/www.ondernemendvenlo.nl\/wp-content\/uploads\/2025\/04\/Schermafbeelding-2021-03-15-om-12.28.52.png\" \/>\n\t<meta property=\"og:image:width\" content=\"836\" \/>\n\t<meta property=\"og:image:height\" content=\"471\" \/>\n\t<meta property=\"og:image:type\" content=\"image\/png\" \/>\n<meta name=\"author\" content=\"admin\" \/>\n<meta name=\"twitter:card\" content=\"summary_large_image\" \/>\n<meta name=\"twitter:label1\" content=\"\u00c9crit par\" \/>\n\t<meta name=\"twitter:data1\" content=\"admin\" \/>\n\t<meta name=\"twitter:label2\" content=\"Dur\u00e9e de lecture estim\u00e9e\" \/>\n\t<meta name=\"twitter:data2\" content=\"1 minute\" \/>\n<script type=\"application\/ld+json\" class=\"yoast-schema-graph\">{\"@context\":\"https:\/\/schema.org\",\"@graph\":[{\"@type\":\"Article\",\"@id\":\"https:\/\/www.ondernemendvenlo.nl\/verkiezing-topvrouw-limburg-op-22-maart\/#article\",\"isPartOf\":{\"@id\":\"https:\/\/www.ondernemendvenlo.nl\/verkiezing-topvrouw-limburg-op-22-maart\/\"},\"author\":{\"name\":\"admin\",\"@id\":\"https:\/\/www.ondernemendvenlo.nl\/#\/schema\/person\/347e935f8ad4c7030608ef74bb57aa6e\"},\"headline\":\"Verkiezing Topvrouw Limburg op 22 april\",\"datePublished\":\"2021-03-15T09:50:00+00:00\",\"mainEntityOfPage\":{\"@id\":\"https:\/\/www.ondernemendvenlo.nl\/verkiezing-topvrouw-limburg-op-22-maart\/\"},\"wordCount\":116,\"publisher\":{\"@id\":\"https:\/\/www.ondernemendvenlo.nl\/#organization\"},\"image\":{\"@id\":\"https:\/\/www.ondernemendvenlo.nl\/verkiezing-topvrouw-limburg-op-22-maart\/#primaryimage\"},\"thumbnailUrl\":\"https:\/\/www.ondernemendvenlo.nl\/wp-content\/uploads\/2025\/04\/Schermafbeelding-2021-03-15-om-12.28.52.png\",\"articleSection\":[\"Nieuws\"],\"inLanguage\":\"fr-FR\"},{\"@type\":\"WebPage\",\"@id\":\"https:\/\/www.ondernemendvenlo.nl\/verkiezing-topvrouw-limburg-op-22-maart\/\",\"url\":\"https:\/\/www.ondernemendvenlo.nl\/verkiezing-topvrouw-limburg-op-22-maart\/\",\"name\":\"Verkiezing Topvrouw Limburg op 22 april - Ondernemend Venlo\",\"isPartOf\":{\"@id\":\"https:\/\/www.ondernemendvenlo.nl\/#website\"},\"primaryImageOfPage\":{\"@id\":\"https:\/\/www.ondernemendvenlo.nl\/verkiezing-topvrouw-limburg-op-22-maart\/#primaryimage\"},\"image\":{\"@id\":\"https:\/\/www.ondernemendvenlo.nl\/verkiezing-topvrouw-limburg-op-22-maart\/#primaryimage\"},\"thumbnailUrl\":\"https:\/\/www.ondernemendvenlo.nl\/wp-content\/uploads\/2025\/04\/Schermafbeelding-2021-03-15-om-12.28.52.png\",\"datePublished\":\"2021-03-15T09:50:00+00:00\",\"breadcrumb\":{\"@id\":\"https:\/\/www.ondernemendvenlo.nl\/verkiezing-topvrouw-limburg-op-22-maart\/#breadcrumb\"},\"inLanguage\":\"fr-FR\",\"potentialAction\":[{\"@type\":\"ReadAction\",\"target\":[\"https:\/\/www.ondernemendvenlo.nl\/verkiezing-topvrouw-limburg-op-22-maart\/\"]}]},{\"@type\":\"ImageObject\",\"inLanguage\":\"fr-FR\",\"@id\":\"https:\/\/www.ondernemendvenlo.nl\/verkiezing-topvrouw-limburg-op-22-maart\/#primaryimage\",\"url\":\"https:\/\/www.ondernemendvenlo.nl\/wp-content\/uploads\/2025\/04\/Schermafbeelding-2021-03-15-om-12.28.52.png\",\"contentUrl\":\"https:\/\/www.ondernemendvenlo.nl\/wp-content\/uploads\/2025\/04\/Schermafbeelding-2021-03-15-om-12.28.52.png\",\"width\":836,\"height\":471},{\"@type\":\"BreadcrumbList\",\"@id\":\"https:\/\/www.ondernemendvenlo.nl\/verkiezing-topvrouw-limburg-op-22-maart\/#breadcrumb\",\"itemListElement\":[{\"@type\":\"ListItem\",\"position\":1,\"name\":\"Ondernemend Venlo\",\"item\":\"https:\/\/www.ondernemendvenlo.nl\/\"},{\"@type\":\"ListItem\",\"position\":2,\"name\":\"Nieuws\",\"item\":\"https:\/\/www.ondernemendvenlo.nl\/categorie\/nieuws\/\"},{\"@type\":\"ListItem\",\"position\":3,\"name\":\"Verkiezing Topvrouw Limburg op 22 april\"}]},{\"@type\":\"WebSite\",\"@id\":\"https:\/\/www.ondernemendvenlo.nl\/#website\",\"url\":\"https:\/\/www.ondernemendvenlo.nl\/\",\"name\":\"Ondernemend Venlo\",\"description\":\"Samen succesvol ondernemen\",\"publisher\":{\"@id\":\"https:\/\/www.ondernemendvenlo.nl\/#organization\"},\"potentialAction\":[{\"@type\":\"SearchAction\",\"target\":{\"@type\":\"EntryPoint\",\"urlTemplate\":\"https:\/\/www.ondernemendvenlo.nl\/?s={search_term_string}\"},\"query-input\":{\"@type\":\"PropertyValueSpecification\",\"valueRequired\":true,\"valueName\":\"search_term_string\"}}],\"inLanguage\":\"fr-FR\"},{\"@type\":\"Organization\",\"@id\":\"https:\/\/www.ondernemendvenlo.nl\/#organization\",\"name\":\"Ondernemend Venlo\",\"url\":\"https:\/\/www.ondernemendvenlo.nl\/\",\"logo\":{\"@type\":\"ImageObject\",\"inLanguage\":\"fr-FR\",\"@id\":\"https:\/\/www.ondernemendvenlo.nl\/#\/schema\/logo\/image\/\",\"url\":\"https:\/\/www.ondernemendvenlo.nl\/wp-content\/uploads\/2025\/02\/Ondernemend-Venlo-logo-scaled.webp\",\"contentUrl\":\"https:\/\/www.ondernemendvenlo.nl\/wp-content\/uploads\/2025\/02\/Ondernemend-Venlo-logo-scaled.webp\",\"width\":2560,\"height\":1010,\"caption\":\"Ondernemend Venlo\"},\"image\":{\"@id\":\"https:\/\/www.ondernemendvenlo.nl\/#\/schema\/logo\/image\/\"},\"sameAs\":[\"https:\/\/www.linkedin.com\/company\/ondernemend-venlo\/\"]},{\"@type\":\"Person\",\"@id\":\"https:\/\/www.ondernemendvenlo.nl\/#\/schema\/person\/347e935f8ad4c7030608ef74bb57aa6e\",\"name\":\"admin\",\"image\":{\"@type\":\"ImageObject\",\"inLanguage\":\"fr-FR\",\"@id\":\"https:\/\/www.ondernemendvenlo.nl\/#\/schema\/person\/image\/\",\"url\":\"https:\/\/www.ondernemendvenlo.nl\/wp-content\/litespeed\/avatar\/720af750b037aecf6e33e12833479059.jpg?ver=1777382954\",\"contentUrl\":\"https:\/\/www.ondernemendvenlo.nl\/wp-content\/litespeed\/avatar\/720af750b037aecf6e33e12833479059.jpg?ver=1777382954\",\"caption\":\"admin\"},\"sameAs\":[\"https:\/\/www.ondernemendvenlo.nl\"]}]}<\/script>\n<!-- \/ Yoast SEO plugin. -->","yoast_head_json":{"title":"Verkiezing Topvrouw Limburg op 22 april - Ondernemend Venlo","robots":{"index":"index","follow":"follow","max-snippet":"max-snippet:-1","max-image-preview":"max-image-preview:large","max-video-preview":"max-video-preview:-1"},"canonical":"https:\/\/www.ondernemendvenlo.nl\/fr\/verkiezing-topvrouw-limburg-op-22-maart\/","og_locale":"fr_FR","og_type":"article","og_title":"Verkiezing Topvrouw Limburg op 22 april - Ondernemend Venlo","og_description":"VENLO &#8211; Vorig jaar kon de verkiezing Topvrouw Limburg op 28 mei door corona niet doorgaan. De verkiezing vindt nu definitief plaats op donderdag 22 april a.s., en wordt live vanuit de Muziekgieterij in Maastricht door de nieuwe mediapartner L1 uitgezonden. De gekozen finalisten van vorig jaar blijven dat ook dit jaar: &#8211; de Venlose [&hellip;]","og_url":"https:\/\/www.ondernemendvenlo.nl\/fr\/verkiezing-topvrouw-limburg-op-22-maart\/","og_site_name":"Ondernemend Venlo","article_published_time":"2021-03-15T09:50:00+00:00","og_image":[{"width":836,"height":471,"url":"https:\/\/www.ondernemendvenlo.nl\/wp-content\/uploads\/2025\/04\/Schermafbeelding-2021-03-15-om-12.28.52.png","type":"image\/png"}],"author":"admin","twitter_card":"summary_large_image","twitter_misc":{"\u00c9crit par":"admin","Dur\u00e9e de lecture estim\u00e9e":"1 minute"},"schema":{"@context":"https:\/\/schema.org","@graph":[{"@type":"Article","@id":"https:\/\/www.ondernemendvenlo.nl\/verkiezing-topvrouw-limburg-op-22-maart\/#article","isPartOf":{"@id":"https:\/\/www.ondernemendvenlo.nl\/verkiezing-topvrouw-limburg-op-22-maart\/"},"author":{"name":"admin","@id":"https:\/\/www.ondernemendvenlo.nl\/#\/schema\/person\/347e935f8ad4c7030608ef74bb57aa6e"},"headline":"Verkiezing Topvrouw Limburg op 22 april","datePublished":"2021-03-15T09:50:00+00:00","mainEntityOfPage":{"@id":"https:\/\/www.ondernemendvenlo.nl\/verkiezing-topvrouw-limburg-op-22-maart\/"},"wordCount":116,"publisher":{"@id":"https:\/\/www.ondernemendvenlo.nl\/#organization"},"image":{"@id":"https:\/\/www.ondernemendvenlo.nl\/verkiezing-topvrouw-limburg-op-22-maart\/#primaryimage"},"thumbnailUrl":"https:\/\/www.ondernemendvenlo.nl\/wp-content\/uploads\/2025\/04\/Schermafbeelding-2021-03-15-om-12.28.52.png","articleSection":["Nieuws"],"inLanguage":"fr-FR"},{"@type":"WebPage","@id":"https:\/\/www.ondernemendvenlo.nl\/verkiezing-topvrouw-limburg-op-22-maart\/","url":"https:\/\/www.ondernemendvenlo.nl\/verkiezing-topvrouw-limburg-op-22-maart\/","name":"Verkiezing Topvrouw Limburg op 22 april - Ondernemend Venlo","isPartOf":{"@id":"https:\/\/www.ondernemendvenlo.nl\/#website"},"primaryImageOfPage":{"@id":"https:\/\/www.ondernemendvenlo.nl\/verkiezing-topvrouw-limburg-op-22-maart\/#primaryimage"},"image":{"@id":"https:\/\/www.ondernemendvenlo.nl\/verkiezing-topvrouw-limburg-op-22-maart\/#primaryimage"},"thumbnailUrl":"https:\/\/www.ondernemendvenlo.nl\/wp-content\/uploads\/2025\/04\/Schermafbeelding-2021-03-15-om-12.28.52.png","datePublished":"2021-03-15T09:50:00+00:00","breadcrumb":{"@id":"https:\/\/www.ondernemendvenlo.nl\/verkiezing-topvrouw-limburg-op-22-maart\/#breadcrumb"},"inLanguage":"fr-FR","potentialAction":[{"@type":"ReadAction","target":["https:\/\/www.ondernemendvenlo.nl\/verkiezing-topvrouw-limburg-op-22-maart\/"]}]},{"@type":"ImageObject","inLanguage":"fr-FR","@id":"https:\/\/www.ondernemendvenlo.nl\/verkiezing-topvrouw-limburg-op-22-maart\/#primaryimage","url":"https:\/\/www.ondernemendvenlo.nl\/wp-content\/uploads\/2025\/04\/Schermafbeelding-2021-03-15-om-12.28.52.png","contentUrl":"https:\/\/www.ondernemendvenlo.nl\/wp-content\/uploads\/2025\/04\/Schermafbeelding-2021-03-15-om-12.28.52.png","width":836,"height":471},{"@type":"BreadcrumbList","@id":"https:\/\/www.ondernemendvenlo.nl\/verkiezing-topvrouw-limburg-op-22-maart\/#breadcrumb","itemListElement":[{"@type":"ListItem","position":1,"name":"Ondernemend Venlo","item":"https:\/\/www.ondernemendvenlo.nl\/"},{"@type":"ListItem","position":2,"name":"Nieuws","item":"https:\/\/www.ondernemendvenlo.nl\/categorie\/nieuws\/"},{"@type":"ListItem","position":3,"name":"Verkiezing Topvrouw Limburg op 22 april"}]},{"@type":"WebSite","@id":"https:\/\/www.ondernemendvenlo.nl\/#website","url":"https:\/\/www.ondernemendvenlo.nl\/","name":"Venlo entrepreneurial","description":"Travailler ensemble avec succ\u00e8s","publisher":{"@id":"https:\/\/www.ondernemendvenlo.nl\/#organization"},"potentialAction":[{"@type":"SearchAction","target":{"@type":"EntryPoint","urlTemplate":"https:\/\/www.ondernemendvenlo.nl\/?s={search_term_string}"},"query-input":{"@type":"PropertyValueSpecification","valueRequired":true,"valueName":"search_term_string"}}],"inLanguage":"fr-FR"},{"@type":"Organization","@id":"https:\/\/www.ondernemendvenlo.nl\/#organization","name":"Venlo entrepreneurial","url":"https:\/\/www.ondernemendvenlo.nl\/","logo":{"@type":"ImageObject","inLanguage":"fr-FR","@id":"https:\/\/www.ondernemendvenlo.nl\/#\/schema\/logo\/image\/","url":"https:\/\/www.ondernemendvenlo.nl\/wp-content\/uploads\/2025\/02\/Ondernemend-Venlo-logo-scaled.webp","contentUrl":"https:\/\/www.ondernemendvenlo.nl\/wp-content\/uploads\/2025\/02\/Ondernemend-Venlo-logo-scaled.webp","width":2560,"height":1010,"caption":"Ondernemend Venlo"},"image":{"@id":"https:\/\/www.ondernemendvenlo.nl\/#\/schema\/logo\/image\/"},"sameAs":["https:\/\/www.linkedin.com\/company\/ondernemend-venlo\/"]},{"@type":"Person","@id":"https:\/\/www.ondernemendvenlo.nl\/#\/schema\/person\/347e935f8ad4c7030608ef74bb57aa6e","name":"admin","image":{"@type":"ImageObject","inLanguage":"fr-FR","@id":"https:\/\/www.ondernemendvenlo.nl\/#\/schema\/person\/image\/","url":"https:\/\/www.ondernemendvenlo.nl\/wp-content\/litespeed\/avatar\/720af750b037aecf6e33e12833479059.jpg?ver=1777382954","contentUrl":"https:\/\/www.ondernemendvenlo.nl\/wp-content\/litespeed\/avatar\/720af750b037aecf6e33e12833479059.jpg?ver=1777382954","caption":"admin"},"sameAs":["https:\/\/www.ondernemendvenlo.nl"]}]}},"_links":{"self":[{"href":"https:\/\/www.ondernemendvenlo.nl\/fr\/wp-json\/wp\/v2\/posts\/2442","targetHints":{"allow":["GET"]}}],"collection":[{"href":"https:\/\/www.ondernemendvenlo.nl\/fr\/wp-json\/wp\/v2\/posts"}],"about":[{"href":"https:\/\/www.ondernemendvenlo.nl\/fr\/wp-json\/wp\/v2\/types\/post"}],"author":[{"embeddable":true,"href":"https:\/\/www.ondernemendvenlo.nl\/fr\/wp-json\/wp\/v2\/users\/1"}],"replies":[{"embeddable":true,"href":"https:\/\/www.ondernemendvenlo.nl\/fr\/wp-json\/wp\/v2\/comments?post=2442"}],"version-history":[{"count":0,"href":"https:\/\/www.ondernemendvenlo.nl\/fr\/wp-json\/wp\/v2\/posts\/2442\/revisions"}],"wp:featuredmedia":[{"embeddable":true,"href":"https:\/\/www.ondernemendvenlo.nl\/fr\/wp-json\/wp\/v2\/media\/2443"}],"wp:attachment":[{"href":"https:\/\/www.ondernemendvenlo.nl\/fr\/wp-json\/wp\/v2\/media?parent=2442"}],"wp:term":[{"taxonomy":"category","embeddable":true,"href":"https:\/\/www.ondernemendvenlo.nl\/fr\/wp-json\/wp\/v2\/categories?post=2442"},{"taxonomy":"post_tag","embeddable":true,"href":"https:\/\/www.ondernemendvenlo.nl\/fr\/wp-json\/wp\/v2\/tags?post=2442"}],"curies":[{"name":"wp","href":"https:\/\/api.w.org\/{rel}","templated":true}]}}