{"id":2466,"date":"2021-04-14T07:30:01","date_gmt":"2021-04-14T05:30:01","guid":{"rendered":"https:\/\/www.ondernemendvenlo.nl\/ondernemersorganisaties-lwv-uitblijven-versoepelingen-opnieuw-teleurstelling-voor-ondernemers\/"},"modified":"2021-04-14T07:30:01","modified_gmt":"2021-04-14T05:30:01","slug":"ondernemersorganisaties-lwv-uitblijven-versoepelingen-opnieuw-teleurstelling-voor-ondernemers","status":"publish","type":"post","link":"https:\/\/www.ondernemendvenlo.nl\/fr\/ondernemersorganisaties-lwv-uitblijven-versoepelingen-opnieuw-teleurstelling-voor-ondernemers\/","title":{"rendered":"Ondernemersorganisaties (LWV): \u2018Uitblijven versoepelingen opnieuw teleurstelling voor ondernemers\u2019"},"content":{"rendered":"<p><strong>\u2018Na 18 weken lockdown is het uitblijven van enige versoepeling van de coronamaatregelen per 21 april opnieuw een bittere pil voor ondernemers in onder meer de horeca en de detailhandel. Juist nu het draagvlak voor de maatregelen afneemt en tegelijk het aantal besmettingen oploopt, kunnen bijvoorbeeld horecaondernemers -met protocollen om veilig de terrassen te openen- onderdeel van de oplossing zijn\u2019, aldus LWV\/VNO-NCW en MKB-Nederland in navolging van het pleidooi van de burgemeesters van de grote steden. \u2018We pleiten hier al maanden voor en dit kan verantwoord hebben ondernemers laten zien.\u2019<\/p>\n<p><\/strong>Blij\u00a0zijn de ondernemersorganisaties dat de buitenschoolse opvang\u00a0vanaf aanstaande maandag\u00a0weer opengaat. \u2018Dit maakt het leven van veel werkende ouders\u00a0weer\u00a0een stukje\u00a0makkelijker.\u2019<\/p>\n<p>Het is verder volgens de ondernemersorganisaties goed dat er nu een stappenplan komt naar de zomer hoe we weer sectoren gaan openen en in welke stappen.\u2019 Al laten de afgelopen weken zien hoe snel daarbij te hoge verwachtingen worden gewekt. Ook over de fasering hebben we de nodige vragen. Zo is belangrijk dat sectoren gelijkwaardig worden behandeld \u00e9n hoe dit alles zich verhoudt tot de eerder gepresenteerde routekaart, de sectorplannen en de pilots met testen,\u2019 aldus de organisaties.<\/p>\n<p><strong>Inkomenssteun ondernemers\u00a0is noodzaak<br \/>\n<\/strong>Volgens LWV\/VNO-NCW en MKB-Nederland wordt de situatie voor veel ondernemers in Nederland\u00a0ondertussen\u00a0met de dag nijpender.\u00a0\u2018Veel ondernemers in de evenementen, de horeca, de reisbranche\u00a0en de detailhandel\u00a0hebben\u00a0al\u00a0een jaar\u00a0nauwelijks een\u00a0inkomen.\u2019\u00a0De organisaties\u00a0vinden het\u00a0daarom\u00a0belangrijk\u00a0dat ook ondernemers\u00a0in hun inkomen worden gecompenseerd.\u00a0Aanstaande donderdag zullen ze hier opnieuw aandacht voor vragen in het periodiek overleg met het kabinet.<\/p>\n<p><strong>Trek steun door naar einde jaar<br \/>\n<\/strong>Daarnaast is vanwege alle onzekerheid in de economie inmiddels glashelder dat het steunpakket zal moeten worden doorgetrokken tot eind dit jaar.\u00a0Ook vraagt de onzekere economische situatie om een stevig herstelpakket en is het belangrijk dat we vaart houden in het vaccineren. \u2018Vaccineren is de enige echte oplossing om uit de penarie te komen. Dat laten verschillende landen nu zien.\u2019<\/p>\n<p><strong>\u00a0<\/strong><\/p>","protected":false},"excerpt":{"rendered":"<p>\u2018Na 18 weken lockdown is het uitblijven van enige versoepeling van de coronamaatregelen per 21 april opnieuw een bittere pil voor ondernemers in onder meer de horeca en de detailhandel. Juist nu het draagvlak voor de maatregelen afneemt en tegelijk het aantal besmettingen oploopt, kunnen bijvoorbeeld horecaondernemers -met protocollen om veilig de terrassen te openen- [&hellip;]<\/p>","protected":false},"author":1,"featured_media":2467,"comment_status":"closed","ping_status":"open","sticky":false,"template":"","format":"standard","meta":{"_acf_changed":false,"footnotes":""},"categories":[8],"tags":[],"class_list":["post-2466","post","type-post","status-publish","format-standard","has-post-thumbnail","hentry","category-nieuws"],"acf":[],"yoast_head":"<!-- This site is optimized with the Yoast SEO plugin v26.3 - https:\/\/yoast.com\/wordpress\/plugins\/seo\/ -->\n<title>Ondernemersorganisaties (LWV): \u2018Uitblijven versoepelingen opnieuw teleurstelling voor ondernemers\u2019 - Ondernemend Venlo<\/title>\n<meta name=\"robots\" content=\"index, follow, max-snippet:-1, max-image-preview:large, max-video-preview:-1\" \/>\n<link rel=\"canonical\" href=\"https:\/\/www.ondernemendvenlo.nl\/fr\/ondernemersorganisaties-lwv-uitblijven-versoepelingen-opnieuw-teleurstelling-voor-ondernemers\/\" \/>\n<meta property=\"og:locale\" content=\"fr_FR\" \/>\n<meta property=\"og:type\" content=\"article\" \/>\n<meta property=\"og:title\" content=\"Ondernemersorganisaties (LWV): \u2018Uitblijven versoepelingen opnieuw teleurstelling voor ondernemers\u2019 - Ondernemend Venlo\" \/>\n<meta property=\"og:description\" content=\"\u2018Na 18 weken lockdown is het uitblijven van enige versoepeling van de coronamaatregelen per 21 april opnieuw een bittere pil voor ondernemers in onder meer de horeca en de detailhandel. Juist nu het draagvlak voor de maatregelen afneemt en tegelijk het aantal besmettingen oploopt, kunnen bijvoorbeeld horecaondernemers -met protocollen om veilig de terrassen te openen- [&hellip;]\" \/>\n<meta property=\"og:url\" content=\"https:\/\/www.ondernemendvenlo.nl\/fr\/ondernemersorganisaties-lwv-uitblijven-versoepelingen-opnieuw-teleurstelling-voor-ondernemers\/\" \/>\n<meta property=\"og:site_name\" content=\"Ondernemend Venlo\" \/>\n<meta property=\"article:published_time\" content=\"2021-04-14T05:30:01+00:00\" \/>\n<meta property=\"og:image\" content=\"https:\/\/www.ondernemendvenlo.nl\/wp-content\/uploads\/2025\/04\/pexels-polina-tankilevitch-3735780-scaled-1.jpg\" \/>\n\t<meta property=\"og:image:width\" content=\"2560\" \/>\n\t<meta property=\"og:image:height\" content=\"1706\" \/>\n\t<meta property=\"og:image:type\" content=\"image\/jpeg\" \/>\n<meta name=\"author\" content=\"admin\" \/>\n<meta name=\"twitter:card\" content=\"summary_large_image\" \/>\n<meta name=\"twitter:label1\" content=\"\u00c9crit par\" \/>\n\t<meta name=\"twitter:data1\" content=\"admin\" \/>\n\t<meta name=\"twitter:label2\" content=\"Dur\u00e9e de lecture estim\u00e9e\" \/>\n\t<meta name=\"twitter:data2\" content=\"2 minutes\" \/>\n<script type=\"application\/ld+json\" class=\"yoast-schema-graph\">{\"@context\":\"https:\/\/schema.org\",\"@graph\":[{\"@type\":\"Article\",\"@id\":\"https:\/\/www.ondernemendvenlo.nl\/ondernemersorganisaties-lwv-uitblijven-versoepelingen-opnieuw-teleurstelling-voor-ondernemers\/#article\",\"isPartOf\":{\"@id\":\"https:\/\/www.ondernemendvenlo.nl\/ondernemersorganisaties-lwv-uitblijven-versoepelingen-opnieuw-teleurstelling-voor-ondernemers\/\"},\"author\":{\"name\":\"admin\",\"@id\":\"https:\/\/www.ondernemendvenlo.nl\/#\/schema\/person\/347e935f8ad4c7030608ef74bb57aa6e\"},\"headline\":\"Ondernemersorganisaties (LWV): \u2018Uitblijven versoepelingen opnieuw teleurstelling voor ondernemers\u2019\",\"datePublished\":\"2021-04-14T05:30:01+00:00\",\"mainEntityOfPage\":{\"@id\":\"https:\/\/www.ondernemendvenlo.nl\/ondernemersorganisaties-lwv-uitblijven-versoepelingen-opnieuw-teleurstelling-voor-ondernemers\/\"},\"wordCount\":337,\"publisher\":{\"@id\":\"https:\/\/www.ondernemendvenlo.nl\/#organization\"},\"image\":{\"@id\":\"https:\/\/www.ondernemendvenlo.nl\/ondernemersorganisaties-lwv-uitblijven-versoepelingen-opnieuw-teleurstelling-voor-ondernemers\/#primaryimage\"},\"thumbnailUrl\":\"https:\/\/www.ondernemendvenlo.nl\/wp-content\/uploads\/2025\/04\/pexels-polina-tankilevitch-3735780-scaled-1.jpg\",\"articleSection\":[\"Nieuws\"],\"inLanguage\":\"fr-FR\"},{\"@type\":\"WebPage\",\"@id\":\"https:\/\/www.ondernemendvenlo.nl\/ondernemersorganisaties-lwv-uitblijven-versoepelingen-opnieuw-teleurstelling-voor-ondernemers\/\",\"url\":\"https:\/\/www.ondernemendvenlo.nl\/ondernemersorganisaties-lwv-uitblijven-versoepelingen-opnieuw-teleurstelling-voor-ondernemers\/\",\"name\":\"Ondernemersorganisaties (LWV): \u2018Uitblijven versoepelingen opnieuw teleurstelling voor ondernemers\u2019 - Ondernemend Venlo\",\"isPartOf\":{\"@id\":\"https:\/\/www.ondernemendvenlo.nl\/#website\"},\"primaryImageOfPage\":{\"@id\":\"https:\/\/www.ondernemendvenlo.nl\/ondernemersorganisaties-lwv-uitblijven-versoepelingen-opnieuw-teleurstelling-voor-ondernemers\/#primaryimage\"},\"image\":{\"@id\":\"https:\/\/www.ondernemendvenlo.nl\/ondernemersorganisaties-lwv-uitblijven-versoepelingen-opnieuw-teleurstelling-voor-ondernemers\/#primaryimage\"},\"thumbnailUrl\":\"https:\/\/www.ondernemendvenlo.nl\/wp-content\/uploads\/2025\/04\/pexels-polina-tankilevitch-3735780-scaled-1.jpg\",\"datePublished\":\"2021-04-14T05:30:01+00:00\",\"breadcrumb\":{\"@id\":\"https:\/\/www.ondernemendvenlo.nl\/ondernemersorganisaties-lwv-uitblijven-versoepelingen-opnieuw-teleurstelling-voor-ondernemers\/#breadcrumb\"},\"inLanguage\":\"fr-FR\",\"potentialAction\":[{\"@type\":\"ReadAction\",\"target\":[\"https:\/\/www.ondernemendvenlo.nl\/ondernemersorganisaties-lwv-uitblijven-versoepelingen-opnieuw-teleurstelling-voor-ondernemers\/\"]}]},{\"@type\":\"ImageObject\",\"inLanguage\":\"fr-FR\",\"@id\":\"https:\/\/www.ondernemendvenlo.nl\/ondernemersorganisaties-lwv-uitblijven-versoepelingen-opnieuw-teleurstelling-voor-ondernemers\/#primaryimage\",\"url\":\"https:\/\/www.ondernemendvenlo.nl\/wp-content\/uploads\/2025\/04\/pexels-polina-tankilevitch-3735780-scaled-1.jpg\",\"contentUrl\":\"https:\/\/www.ondernemendvenlo.nl\/wp-content\/uploads\/2025\/04\/pexels-polina-tankilevitch-3735780-scaled-1.jpg\",\"width\":2560,\"height\":1706},{\"@type\":\"BreadcrumbList\",\"@id\":\"https:\/\/www.ondernemendvenlo.nl\/ondernemersorganisaties-lwv-uitblijven-versoepelingen-opnieuw-teleurstelling-voor-ondernemers\/#breadcrumb\",\"itemListElement\":[{\"@type\":\"ListItem\",\"position\":1,\"name\":\"Ondernemend Venlo\",\"item\":\"https:\/\/www.ondernemendvenlo.nl\/\"},{\"@type\":\"ListItem\",\"position\":2,\"name\":\"Nieuws\",\"item\":\"https:\/\/www.ondernemendvenlo.nl\/categorie\/nieuws\/\"},{\"@type\":\"ListItem\",\"position\":3,\"name\":\"Ondernemersorganisaties (LWV): \u2018Uitblijven versoepelingen opnieuw teleurstelling voor ondernemers\u2019\"}]},{\"@type\":\"WebSite\",\"@id\":\"https:\/\/www.ondernemendvenlo.nl\/#website\",\"url\":\"https:\/\/www.ondernemendvenlo.nl\/\",\"name\":\"Ondernemend Venlo\",\"description\":\"Samen succesvol ondernemen\",\"publisher\":{\"@id\":\"https:\/\/www.ondernemendvenlo.nl\/#organization\"},\"potentialAction\":[{\"@type\":\"SearchAction\",\"target\":{\"@type\":\"EntryPoint\",\"urlTemplate\":\"https:\/\/www.ondernemendvenlo.nl\/?s={search_term_string}\"},\"query-input\":{\"@type\":\"PropertyValueSpecification\",\"valueRequired\":true,\"valueName\":\"search_term_string\"}}],\"inLanguage\":\"fr-FR\"},{\"@type\":\"Organization\",\"@id\":\"https:\/\/www.ondernemendvenlo.nl\/#organization\",\"name\":\"Ondernemend Venlo\",\"url\":\"https:\/\/www.ondernemendvenlo.nl\/\",\"logo\":{\"@type\":\"ImageObject\",\"inLanguage\":\"fr-FR\",\"@id\":\"https:\/\/www.ondernemendvenlo.nl\/#\/schema\/logo\/image\/\",\"url\":\"https:\/\/www.ondernemendvenlo.nl\/wp-content\/uploads\/2025\/02\/Ondernemend-Venlo-logo-scaled.webp\",\"contentUrl\":\"https:\/\/www.ondernemendvenlo.nl\/wp-content\/uploads\/2025\/02\/Ondernemend-Venlo-logo-scaled.webp\",\"width\":2560,\"height\":1010,\"caption\":\"Ondernemend Venlo\"},\"image\":{\"@id\":\"https:\/\/www.ondernemendvenlo.nl\/#\/schema\/logo\/image\/\"},\"sameAs\":[\"https:\/\/www.linkedin.com\/company\/ondernemend-venlo\/\"]},{\"@type\":\"Person\",\"@id\":\"https:\/\/www.ondernemendvenlo.nl\/#\/schema\/person\/347e935f8ad4c7030608ef74bb57aa6e\",\"name\":\"admin\",\"image\":{\"@type\":\"ImageObject\",\"inLanguage\":\"fr-FR\",\"@id\":\"https:\/\/www.ondernemendvenlo.nl\/#\/schema\/person\/image\/\",\"url\":\"https:\/\/www.ondernemendvenlo.nl\/wp-content\/litespeed\/avatar\/720af750b037aecf6e33e12833479059.jpg?ver=1777382954\",\"contentUrl\":\"https:\/\/www.ondernemendvenlo.nl\/wp-content\/litespeed\/avatar\/720af750b037aecf6e33e12833479059.jpg?ver=1777382954\",\"caption\":\"admin\"},\"sameAs\":[\"https:\/\/www.ondernemendvenlo.nl\"]}]}<\/script>\n<!-- \/ Yoast SEO plugin. -->","yoast_head_json":{"title":"Ondernemersorganisaties (LWV): \u2018Uitblijven versoepelingen opnieuw teleurstelling voor ondernemers\u2019 - Ondernemend Venlo","robots":{"index":"index","follow":"follow","max-snippet":"max-snippet:-1","max-image-preview":"max-image-preview:large","max-video-preview":"max-video-preview:-1"},"canonical":"https:\/\/www.ondernemendvenlo.nl\/fr\/ondernemersorganisaties-lwv-uitblijven-versoepelingen-opnieuw-teleurstelling-voor-ondernemers\/","og_locale":"fr_FR","og_type":"article","og_title":"Ondernemersorganisaties (LWV): \u2018Uitblijven versoepelingen opnieuw teleurstelling voor ondernemers\u2019 - Ondernemend Venlo","og_description":"\u2018Na 18 weken lockdown is het uitblijven van enige versoepeling van de coronamaatregelen per 21 april opnieuw een bittere pil voor ondernemers in onder meer de horeca en de detailhandel. Juist nu het draagvlak voor de maatregelen afneemt en tegelijk het aantal besmettingen oploopt, kunnen bijvoorbeeld horecaondernemers -met protocollen om veilig de terrassen te openen- [&hellip;]","og_url":"https:\/\/www.ondernemendvenlo.nl\/fr\/ondernemersorganisaties-lwv-uitblijven-versoepelingen-opnieuw-teleurstelling-voor-ondernemers\/","og_site_name":"Ondernemend Venlo","article_published_time":"2021-04-14T05:30:01+00:00","og_image":[{"width":2560,"height":1706,"url":"https:\/\/www.ondernemendvenlo.nl\/wp-content\/uploads\/2025\/04\/pexels-polina-tankilevitch-3735780-scaled-1.jpg","type":"image\/jpeg"}],"author":"admin","twitter_card":"summary_large_image","twitter_misc":{"\u00c9crit par":"admin","Dur\u00e9e de lecture estim\u00e9e":"2 minutes"},"schema":{"@context":"https:\/\/schema.org","@graph":[{"@type":"Article","@id":"https:\/\/www.ondernemendvenlo.nl\/ondernemersorganisaties-lwv-uitblijven-versoepelingen-opnieuw-teleurstelling-voor-ondernemers\/#article","isPartOf":{"@id":"https:\/\/www.ondernemendvenlo.nl\/ondernemersorganisaties-lwv-uitblijven-versoepelingen-opnieuw-teleurstelling-voor-ondernemers\/"},"author":{"name":"admin","@id":"https:\/\/www.ondernemendvenlo.nl\/#\/schema\/person\/347e935f8ad4c7030608ef74bb57aa6e"},"headline":"Ondernemersorganisaties (LWV): \u2018Uitblijven versoepelingen opnieuw teleurstelling voor ondernemers\u2019","datePublished":"2021-04-14T05:30:01+00:00","mainEntityOfPage":{"@id":"https:\/\/www.ondernemendvenlo.nl\/ondernemersorganisaties-lwv-uitblijven-versoepelingen-opnieuw-teleurstelling-voor-ondernemers\/"},"wordCount":337,"publisher":{"@id":"https:\/\/www.ondernemendvenlo.nl\/#organization"},"image":{"@id":"https:\/\/www.ondernemendvenlo.nl\/ondernemersorganisaties-lwv-uitblijven-versoepelingen-opnieuw-teleurstelling-voor-ondernemers\/#primaryimage"},"thumbnailUrl":"https:\/\/www.ondernemendvenlo.nl\/wp-content\/uploads\/2025\/04\/pexels-polina-tankilevitch-3735780-scaled-1.jpg","articleSection":["Nieuws"],"inLanguage":"fr-FR"},{"@type":"WebPage","@id":"https:\/\/www.ondernemendvenlo.nl\/ondernemersorganisaties-lwv-uitblijven-versoepelingen-opnieuw-teleurstelling-voor-ondernemers\/","url":"https:\/\/www.ondernemendvenlo.nl\/ondernemersorganisaties-lwv-uitblijven-versoepelingen-opnieuw-teleurstelling-voor-ondernemers\/","name":"Ondernemersorganisaties (LWV): \u2018Uitblijven versoepelingen opnieuw teleurstelling voor ondernemers\u2019 - Ondernemend Venlo","isPartOf":{"@id":"https:\/\/www.ondernemendvenlo.nl\/#website"},"primaryImageOfPage":{"@id":"https:\/\/www.ondernemendvenlo.nl\/ondernemersorganisaties-lwv-uitblijven-versoepelingen-opnieuw-teleurstelling-voor-ondernemers\/#primaryimage"},"image":{"@id":"https:\/\/www.ondernemendvenlo.nl\/ondernemersorganisaties-lwv-uitblijven-versoepelingen-opnieuw-teleurstelling-voor-ondernemers\/#primaryimage"},"thumbnailUrl":"https:\/\/www.ondernemendvenlo.nl\/wp-content\/uploads\/2025\/04\/pexels-polina-tankilevitch-3735780-scaled-1.jpg","datePublished":"2021-04-14T05:30:01+00:00","breadcrumb":{"@id":"https:\/\/www.ondernemendvenlo.nl\/ondernemersorganisaties-lwv-uitblijven-versoepelingen-opnieuw-teleurstelling-voor-ondernemers\/#breadcrumb"},"inLanguage":"fr-FR","potentialAction":[{"@type":"ReadAction","target":["https:\/\/www.ondernemendvenlo.nl\/ondernemersorganisaties-lwv-uitblijven-versoepelingen-opnieuw-teleurstelling-voor-ondernemers\/"]}]},{"@type":"ImageObject","inLanguage":"fr-FR","@id":"https:\/\/www.ondernemendvenlo.nl\/ondernemersorganisaties-lwv-uitblijven-versoepelingen-opnieuw-teleurstelling-voor-ondernemers\/#primaryimage","url":"https:\/\/www.ondernemendvenlo.nl\/wp-content\/uploads\/2025\/04\/pexels-polina-tankilevitch-3735780-scaled-1.jpg","contentUrl":"https:\/\/www.ondernemendvenlo.nl\/wp-content\/uploads\/2025\/04\/pexels-polina-tankilevitch-3735780-scaled-1.jpg","width":2560,"height":1706},{"@type":"BreadcrumbList","@id":"https:\/\/www.ondernemendvenlo.nl\/ondernemersorganisaties-lwv-uitblijven-versoepelingen-opnieuw-teleurstelling-voor-ondernemers\/#breadcrumb","itemListElement":[{"@type":"ListItem","position":1,"name":"Ondernemend Venlo","item":"https:\/\/www.ondernemendvenlo.nl\/"},{"@type":"ListItem","position":2,"name":"Nieuws","item":"https:\/\/www.ondernemendvenlo.nl\/categorie\/nieuws\/"},{"@type":"ListItem","position":3,"name":"Ondernemersorganisaties (LWV): \u2018Uitblijven versoepelingen opnieuw teleurstelling voor ondernemers\u2019"}]},{"@type":"WebSite","@id":"https:\/\/www.ondernemendvenlo.nl\/#website","url":"https:\/\/www.ondernemendvenlo.nl\/","name":"Venlo entrepreneurial","description":"Travailler ensemble avec succ\u00e8s","publisher":{"@id":"https:\/\/www.ondernemendvenlo.nl\/#organization"},"potentialAction":[{"@type":"SearchAction","target":{"@type":"EntryPoint","urlTemplate":"https:\/\/www.ondernemendvenlo.nl\/?s={search_term_string}"},"query-input":{"@type":"PropertyValueSpecification","valueRequired":true,"valueName":"search_term_string"}}],"inLanguage":"fr-FR"},{"@type":"Organization","@id":"https:\/\/www.ondernemendvenlo.nl\/#organization","name":"Venlo entrepreneurial","url":"https:\/\/www.ondernemendvenlo.nl\/","logo":{"@type":"ImageObject","inLanguage":"fr-FR","@id":"https:\/\/www.ondernemendvenlo.nl\/#\/schema\/logo\/image\/","url":"https:\/\/www.ondernemendvenlo.nl\/wp-content\/uploads\/2025\/02\/Ondernemend-Venlo-logo-scaled.webp","contentUrl":"https:\/\/www.ondernemendvenlo.nl\/wp-content\/uploads\/2025\/02\/Ondernemend-Venlo-logo-scaled.webp","width":2560,"height":1010,"caption":"Ondernemend Venlo"},"image":{"@id":"https:\/\/www.ondernemendvenlo.nl\/#\/schema\/logo\/image\/"},"sameAs":["https:\/\/www.linkedin.com\/company\/ondernemend-venlo\/"]},{"@type":"Person","@id":"https:\/\/www.ondernemendvenlo.nl\/#\/schema\/person\/347e935f8ad4c7030608ef74bb57aa6e","name":"admin","image":{"@type":"ImageObject","inLanguage":"fr-FR","@id":"https:\/\/www.ondernemendvenlo.nl\/#\/schema\/person\/image\/","url":"https:\/\/www.ondernemendvenlo.nl\/wp-content\/litespeed\/avatar\/720af750b037aecf6e33e12833479059.jpg?ver=1777382954","contentUrl":"https:\/\/www.ondernemendvenlo.nl\/wp-content\/litespeed\/avatar\/720af750b037aecf6e33e12833479059.jpg?ver=1777382954","caption":"admin"},"sameAs":["https:\/\/www.ondernemendvenlo.nl"]}]}},"_links":{"self":[{"href":"https:\/\/www.ondernemendvenlo.nl\/fr\/wp-json\/wp\/v2\/posts\/2466","targetHints":{"allow":["GET"]}}],"collection":[{"href":"https:\/\/www.ondernemendvenlo.nl\/fr\/wp-json\/wp\/v2\/posts"}],"about":[{"href":"https:\/\/www.ondernemendvenlo.nl\/fr\/wp-json\/wp\/v2\/types\/post"}],"author":[{"embeddable":true,"href":"https:\/\/www.ondernemendvenlo.nl\/fr\/wp-json\/wp\/v2\/users\/1"}],"replies":[{"embeddable":true,"href":"https:\/\/www.ondernemendvenlo.nl\/fr\/wp-json\/wp\/v2\/comments?post=2466"}],"version-history":[{"count":0,"href":"https:\/\/www.ondernemendvenlo.nl\/fr\/wp-json\/wp\/v2\/posts\/2466\/revisions"}],"wp:featuredmedia":[{"embeddable":true,"href":"https:\/\/www.ondernemendvenlo.nl\/fr\/wp-json\/wp\/v2\/media\/2467"}],"wp:attachment":[{"href":"https:\/\/www.ondernemendvenlo.nl\/fr\/wp-json\/wp\/v2\/media?parent=2466"}],"wp:term":[{"taxonomy":"category","embeddable":true,"href":"https:\/\/www.ondernemendvenlo.nl\/fr\/wp-json\/wp\/v2\/categories?post=2466"},{"taxonomy":"post_tag","embeddable":true,"href":"https:\/\/www.ondernemendvenlo.nl\/fr\/wp-json\/wp\/v2\/tags?post=2466"}],"curies":[{"name":"wp","href":"https:\/\/api.w.org\/{rel}","templated":true}]}}