{"id":2498,"date":"2021-05-18T15:11:00","date_gmt":"2021-05-18T13:11:00","guid":{"rendered":"https:\/\/www.ondernemendvenlo.nl\/koning-en-koningin-brengen-streekbezoek-aan-noord-limburg\/"},"modified":"2021-05-18T15:11:00","modified_gmt":"2021-05-18T13:11:00","slug":"koning-en-koningin-brengen-streekbezoek-aan-noord-limburg","status":"publish","type":"post","link":"https:\/\/www.ondernemendvenlo.nl\/fr\/koning-en-koningin-brengen-streekbezoek-aan-noord-limburg\/","title":{"rendered":"Le roi et la reine effectuent une visite r\u00e9gionale dans le nord du Limbourg"},"content":{"rendered":"<div class=\"grid-blok grid_8 rol-inleiding type-inhoud\" data-layout=\"{&quot;columns&quot;:8,&quot;DimSiz&quot;:800}\">\n<div class=\"grid-element\">\n<div class=\"grid-edge\" data-id=\"PagVld_82802\">\n<div class=\"grid-inside\">\n<div class=\"iprox-rich-content iprox-content\">\n<p><strong>Sa Majest\u00e9 le Roi Willem-Alexander et Sa Majest\u00e9 la Reine M\u00e1xima effectueront une visite r\u00e9gionale dans le nord du Limbourg le jeudi 27 mai. Le couple royal se rendra dans les municipalit\u00e9s de Venlo, Bergen et Venray. Le th\u00e8me de la visite r\u00e9gionale est la sant\u00e9 positive. L'influence de Corona sur la r\u00e9gion au cours de l'ann\u00e9e \u00e9coul\u00e9e sera \u00e9galement abord\u00e9e.<\/strong><\/p>\n<p>La r\u00e9gion du Limbourg du Nord s'est fix\u00e9 pour objectif de devenir la r\u00e9gion la plus saine des Pays-Bas. Cet objectif est inscrit dans la RegioVisie pour les 20 prochaines ann\u00e9es. L'ambition est que la communaut\u00e9 soit en bonne sant\u00e9 physique et mentale, qu'elle dispose d'un cadre de vie s\u00fbr et d'une bonne qualit\u00e9 de vie et de travail. L'attention est port\u00e9e sur une alimentation saine, une nature suffisante, mais aussi sur un \u00e9quilibre sain entre vie professionnelle et vie priv\u00e9e, avec de la place pour les loisirs, la culture et le sens. Toutes ces facettes sont r\u00e9sum\u00e9es dans le terme \"sant\u00e9 positive\".<\/p>\n<p><strong>Municipalit\u00e9 de Venlo<\/strong><br \/>\nLe couple royal se rendra d'abord dans la municipalit\u00e9 de Venlo, o\u00f9 le concept de sant\u00e9 positive sera expliqu\u00e9 plus en d\u00e9tail par des repr\u00e9sentants du gouvernement r\u00e9gional, des entreprises, des soins de sant\u00e9 et de la science de la r\u00e9gion. Au cours d'un march\u00e9 de l'alimentation saine et de l'agriculture innovante, le couple royal s'entretiendra avec des entreprises et des organisations de la r\u00e9gion. Ensuite, le roi Willem-Alexander et la reine M\u00e1xima rencontreront plusieurs habitants. Ils leur parleront du sens et de la culture et de leur importance pour leur sant\u00e9. Le r\u00f4le du b\u00e9n\u00e9volat sera \u00e9galement abord\u00e9.<\/p>\n<p>Une promenade dans la municipalit\u00e9 de Bergen met l'accent sur l'importance de la relaxation et de la nature. Les employ\u00e9s du Paysage du Limbourg informent sur la gestion de la nature et le d\u00e9veloppement des zones dans la r\u00e9gion. Les habitants parlent \u00e9galement de la qualit\u00e9 de vie et de la s\u00e9curit\u00e9 sur les rives de la Meuse. Enfin, le couple royal a visit\u00e9 la commune de Venray. Ici, la sant\u00e9 mentale et la r\u00e9silience des jeunes est le th\u00e8me central. Des professionnels ont mis en lumi\u00e8re les tabous qui entourent la sant\u00e9 mentale et ont expliqu\u00e9 comment ils aident les jeunes \u00e0 y faire face. Enfin, des jeunes racontent au Roi Willem-Alexander et \u00e0 la Reine M\u00e1xima comment ils apprennent \u00e0 parler de leurs probl\u00e8mes mentaux et comment cela contribue \u00e0 leur bonne sant\u00e9.<\/p>\n<p>Au cours de la visite de la zone, les lignes directrices g\u00e9n\u00e9ralement applicables en mati\u00e8re de contr\u00f4le des coronavirus sont respect\u00e9es. Les sites visit\u00e9s ne sont pas annonc\u00e9s \u00e0 l'avance afin d'\u00e9viter la formation de groupes et de garantir une distance d'un m\u00e8tre et demi.<\/p>\n<\/div>\n<\/div>\n<\/div>\n<\/div>\n<\/div>","protected":false},"excerpt":{"rendered":"<p>Zijne Majesteit Koning Willem-Alexander en Hare Majesteit Koningin M\u00e1xima brengen donderdag 27 mei een streekbezoek aan Noord-Limburg. Het Koninklijk Paar bezoekt de gemeenten Venlo, Bergen en Venray. Het streekbezoek staat in het teken van positieve gezondheid. Tevens komt de invloed van corona op de streek gedurende het afgelopen jaar ter sprake. De regio Noord-Limburg heeft [&hellip;]<\/p>","protected":false},"author":1,"featured_media":2499,"comment_status":"closed","ping_status":"open","sticky":false,"template":"","format":"standard","meta":{"_acf_changed":false,"footnotes":""},"categories":[8],"tags":[],"class_list":["post-2498","post","type-post","status-publish","format-standard","has-post-thumbnail","hentry","category-nieuws"],"acf":[],"yoast_head":"<!-- This site is optimized with the Yoast SEO plugin v26.3 - https:\/\/yoast.com\/wordpress\/plugins\/seo\/ -->\n<title>Ko\u00adning en Ko\u00adnin\u00adgin bren\u00adgen streek\u00adbe\u00adzoek aan Noord-Lim\u00adburg - Ondernemend Venlo<\/title>\n<meta name=\"robots\" content=\"index, follow, max-snippet:-1, max-image-preview:large, max-video-preview:-1\" \/>\n<link rel=\"canonical\" href=\"https:\/\/www.ondernemendvenlo.nl\/fr\/koning-en-koningin-brengen-streekbezoek-aan-noord-limburg\/\" \/>\n<meta property=\"og:locale\" content=\"fr_FR\" \/>\n<meta property=\"og:type\" content=\"article\" \/>\n<meta property=\"og:title\" content=\"Ko\u00adning en Ko\u00adnin\u00adgin bren\u00adgen streek\u00adbe\u00adzoek aan Noord-Lim\u00adburg - Ondernemend Venlo\" \/>\n<meta property=\"og:description\" content=\"Zijne Majesteit Koning Willem-Alexander en Hare Majesteit Koningin M\u00e1xima brengen donderdag 27 mei een streekbezoek aan Noord-Limburg. Het Koninklijk Paar bezoekt de gemeenten Venlo, Bergen en Venray. Het streekbezoek staat in het teken van positieve gezondheid. Tevens komt de invloed van corona op de streek gedurende het afgelopen jaar ter sprake. De regio Noord-Limburg heeft [&hellip;]\" \/>\n<meta property=\"og:url\" content=\"https:\/\/www.ondernemendvenlo.nl\/fr\/koning-en-koningin-brengen-streekbezoek-aan-noord-limburg\/\" \/>\n<meta property=\"og:site_name\" content=\"Ondernemend Venlo\" \/>\n<meta property=\"article:published_time\" content=\"2021-05-18T13:11:00+00:00\" \/>\n<meta property=\"og:image\" content=\"https:\/\/www.ondernemendvenlo.nl\/wp-content\/uploads\/2025\/04\/KoningWANiedererer_1378193.jpg\" \/>\n\t<meta property=\"og:image:width\" content=\"1600\" \/>\n\t<meta property=\"og:image:height\" content=\"1141\" \/>\n\t<meta property=\"og:image:type\" content=\"image\/jpeg\" \/>\n<meta name=\"author\" content=\"admin\" \/>\n<meta name=\"twitter:card\" content=\"summary_large_image\" \/>\n<meta name=\"twitter:label1\" content=\"\u00c9crit par\" \/>\n\t<meta name=\"twitter:data1\" content=\"admin\" \/>\n\t<meta name=\"twitter:label2\" content=\"Dur\u00e9e de lecture estim\u00e9e\" \/>\n\t<meta name=\"twitter:data2\" content=\"2 minutes\" \/>\n<script type=\"application\/ld+json\" class=\"yoast-schema-graph\">{\"@context\":\"https:\/\/schema.org\",\"@graph\":[{\"@type\":\"Article\",\"@id\":\"https:\/\/www.ondernemendvenlo.nl\/koning-en-koningin-brengen-streekbezoek-aan-noord-limburg\/#article\",\"isPartOf\":{\"@id\":\"https:\/\/www.ondernemendvenlo.nl\/koning-en-koningin-brengen-streekbezoek-aan-noord-limburg\/\"},\"author\":{\"name\":\"admin\",\"@id\":\"https:\/\/www.ondernemendvenlo.nl\/#\/schema\/person\/347e935f8ad4c7030608ef74bb57aa6e\"},\"headline\":\"Ko\u00adning en Ko\u00adnin\u00adgin bren\u00adgen streek\u00adbe\u00adzoek aan Noord-Lim\u00adburg\",\"datePublished\":\"2021-05-18T13:11:00+00:00\",\"mainEntityOfPage\":{\"@id\":\"https:\/\/www.ondernemendvenlo.nl\/koning-en-koningin-brengen-streekbezoek-aan-noord-limburg\/\"},\"wordCount\":392,\"publisher\":{\"@id\":\"https:\/\/www.ondernemendvenlo.nl\/#organization\"},\"image\":{\"@id\":\"https:\/\/www.ondernemendvenlo.nl\/koning-en-koningin-brengen-streekbezoek-aan-noord-limburg\/#primaryimage\"},\"thumbnailUrl\":\"https:\/\/www.ondernemendvenlo.nl\/wp-content\/uploads\/2025\/04\/KoningWANiedererer_1378193.jpg\",\"articleSection\":[\"Nieuws\"],\"inLanguage\":\"fr-FR\"},{\"@type\":\"WebPage\",\"@id\":\"https:\/\/www.ondernemendvenlo.nl\/koning-en-koningin-brengen-streekbezoek-aan-noord-limburg\/\",\"url\":\"https:\/\/www.ondernemendvenlo.nl\/koning-en-koningin-brengen-streekbezoek-aan-noord-limburg\/\",\"name\":\"Ko\u00adning en Ko\u00adnin\u00adgin bren\u00adgen streek\u00adbe\u00adzoek aan Noord-Lim\u00adburg - Ondernemend Venlo\",\"isPartOf\":{\"@id\":\"https:\/\/www.ondernemendvenlo.nl\/#website\"},\"primaryImageOfPage\":{\"@id\":\"https:\/\/www.ondernemendvenlo.nl\/koning-en-koningin-brengen-streekbezoek-aan-noord-limburg\/#primaryimage\"},\"image\":{\"@id\":\"https:\/\/www.ondernemendvenlo.nl\/koning-en-koningin-brengen-streekbezoek-aan-noord-limburg\/#primaryimage\"},\"thumbnailUrl\":\"https:\/\/www.ondernemendvenlo.nl\/wp-content\/uploads\/2025\/04\/KoningWANiedererer_1378193.jpg\",\"datePublished\":\"2021-05-18T13:11:00+00:00\",\"breadcrumb\":{\"@id\":\"https:\/\/www.ondernemendvenlo.nl\/koning-en-koningin-brengen-streekbezoek-aan-noord-limburg\/#breadcrumb\"},\"inLanguage\":\"fr-FR\",\"potentialAction\":[{\"@type\":\"ReadAction\",\"target\":[\"https:\/\/www.ondernemendvenlo.nl\/koning-en-koningin-brengen-streekbezoek-aan-noord-limburg\/\"]}]},{\"@type\":\"ImageObject\",\"inLanguage\":\"fr-FR\",\"@id\":\"https:\/\/www.ondernemendvenlo.nl\/koning-en-koningin-brengen-streekbezoek-aan-noord-limburg\/#primaryimage\",\"url\":\"https:\/\/www.ondernemendvenlo.nl\/wp-content\/uploads\/2025\/04\/KoningWANiedererer_1378193.jpg\",\"contentUrl\":\"https:\/\/www.ondernemendvenlo.nl\/wp-content\/uploads\/2025\/04\/KoningWANiedererer_1378193.jpg\",\"width\":1600,\"height\":1141},{\"@type\":\"BreadcrumbList\",\"@id\":\"https:\/\/www.ondernemendvenlo.nl\/koning-en-koningin-brengen-streekbezoek-aan-noord-limburg\/#breadcrumb\",\"itemListElement\":[{\"@type\":\"ListItem\",\"position\":1,\"name\":\"Ondernemend Venlo\",\"item\":\"https:\/\/www.ondernemendvenlo.nl\/\"},{\"@type\":\"ListItem\",\"position\":2,\"name\":\"Nieuws\",\"item\":\"https:\/\/www.ondernemendvenlo.nl\/categorie\/nieuws\/\"},{\"@type\":\"ListItem\",\"position\":3,\"name\":\"Ko\u00adning en Ko\u00adnin\u00adgin bren\u00adgen streek\u00adbe\u00adzoek aan Noord-Lim\u00adburg\"}]},{\"@type\":\"WebSite\",\"@id\":\"https:\/\/www.ondernemendvenlo.nl\/#website\",\"url\":\"https:\/\/www.ondernemendvenlo.nl\/\",\"name\":\"Ondernemend Venlo\",\"description\":\"Samen succesvol ondernemen\",\"publisher\":{\"@id\":\"https:\/\/www.ondernemendvenlo.nl\/#organization\"},\"potentialAction\":[{\"@type\":\"SearchAction\",\"target\":{\"@type\":\"EntryPoint\",\"urlTemplate\":\"https:\/\/www.ondernemendvenlo.nl\/?s={search_term_string}\"},\"query-input\":{\"@type\":\"PropertyValueSpecification\",\"valueRequired\":true,\"valueName\":\"search_term_string\"}}],\"inLanguage\":\"fr-FR\"},{\"@type\":\"Organization\",\"@id\":\"https:\/\/www.ondernemendvenlo.nl\/#organization\",\"name\":\"Ondernemend Venlo\",\"url\":\"https:\/\/www.ondernemendvenlo.nl\/\",\"logo\":{\"@type\":\"ImageObject\",\"inLanguage\":\"fr-FR\",\"@id\":\"https:\/\/www.ondernemendvenlo.nl\/#\/schema\/logo\/image\/\",\"url\":\"https:\/\/www.ondernemendvenlo.nl\/wp-content\/uploads\/2025\/02\/Ondernemend-Venlo-logo-scaled.webp\",\"contentUrl\":\"https:\/\/www.ondernemendvenlo.nl\/wp-content\/uploads\/2025\/02\/Ondernemend-Venlo-logo-scaled.webp\",\"width\":2560,\"height\":1010,\"caption\":\"Ondernemend Venlo\"},\"image\":{\"@id\":\"https:\/\/www.ondernemendvenlo.nl\/#\/schema\/logo\/image\/\"},\"sameAs\":[\"https:\/\/www.linkedin.com\/company\/ondernemend-venlo\/\"]},{\"@type\":\"Person\",\"@id\":\"https:\/\/www.ondernemendvenlo.nl\/#\/schema\/person\/347e935f8ad4c7030608ef74bb57aa6e\",\"name\":\"admin\",\"image\":{\"@type\":\"ImageObject\",\"inLanguage\":\"fr-FR\",\"@id\":\"https:\/\/www.ondernemendvenlo.nl\/#\/schema\/person\/image\/\",\"url\":\"https:\/\/www.ondernemendvenlo.nl\/wp-content\/litespeed\/avatar\/720af750b037aecf6e33e12833479059.jpg?ver=1777382954\",\"contentUrl\":\"https:\/\/www.ondernemendvenlo.nl\/wp-content\/litespeed\/avatar\/720af750b037aecf6e33e12833479059.jpg?ver=1777382954\",\"caption\":\"admin\"},\"sameAs\":[\"https:\/\/www.ondernemendvenlo.nl\"]}]}<\/script>\n<!-- \/ Yoast SEO plugin. -->","yoast_head_json":{"title":"Ko\u00adning en Ko\u00adnin\u00adgin bren\u00adgen streek\u00adbe\u00adzoek aan Noord-Lim\u00adburg - Ondernemend Venlo","robots":{"index":"index","follow":"follow","max-snippet":"max-snippet:-1","max-image-preview":"max-image-preview:large","max-video-preview":"max-video-preview:-1"},"canonical":"https:\/\/www.ondernemendvenlo.nl\/fr\/koning-en-koningin-brengen-streekbezoek-aan-noord-limburg\/","og_locale":"fr_FR","og_type":"article","og_title":"Ko\u00adning en Ko\u00adnin\u00adgin bren\u00adgen streek\u00adbe\u00adzoek aan Noord-Lim\u00adburg - Ondernemend Venlo","og_description":"Zijne Majesteit Koning Willem-Alexander en Hare Majesteit Koningin M\u00e1xima brengen donderdag 27 mei een streekbezoek aan Noord-Limburg. Het Koninklijk Paar bezoekt de gemeenten Venlo, Bergen en Venray. Het streekbezoek staat in het teken van positieve gezondheid. Tevens komt de invloed van corona op de streek gedurende het afgelopen jaar ter sprake. De regio Noord-Limburg heeft [&hellip;]","og_url":"https:\/\/www.ondernemendvenlo.nl\/fr\/koning-en-koningin-brengen-streekbezoek-aan-noord-limburg\/","og_site_name":"Ondernemend Venlo","article_published_time":"2021-05-18T13:11:00+00:00","og_image":[{"width":1600,"height":1141,"url":"https:\/\/www.ondernemendvenlo.nl\/wp-content\/uploads\/2025\/04\/KoningWANiedererer_1378193.jpg","type":"image\/jpeg"}],"author":"admin","twitter_card":"summary_large_image","twitter_misc":{"\u00c9crit par":"admin","Dur\u00e9e de lecture estim\u00e9e":"2 minutes"},"schema":{"@context":"https:\/\/schema.org","@graph":[{"@type":"Article","@id":"https:\/\/www.ondernemendvenlo.nl\/koning-en-koningin-brengen-streekbezoek-aan-noord-limburg\/#article","isPartOf":{"@id":"https:\/\/www.ondernemendvenlo.nl\/koning-en-koningin-brengen-streekbezoek-aan-noord-limburg\/"},"author":{"name":"admin","@id":"https:\/\/www.ondernemendvenlo.nl\/#\/schema\/person\/347e935f8ad4c7030608ef74bb57aa6e"},"headline":"Ko\u00adning en Ko\u00adnin\u00adgin bren\u00adgen streek\u00adbe\u00adzoek aan Noord-Lim\u00adburg","datePublished":"2021-05-18T13:11:00+00:00","mainEntityOfPage":{"@id":"https:\/\/www.ondernemendvenlo.nl\/koning-en-koningin-brengen-streekbezoek-aan-noord-limburg\/"},"wordCount":392,"publisher":{"@id":"https:\/\/www.ondernemendvenlo.nl\/#organization"},"image":{"@id":"https:\/\/www.ondernemendvenlo.nl\/koning-en-koningin-brengen-streekbezoek-aan-noord-limburg\/#primaryimage"},"thumbnailUrl":"https:\/\/www.ondernemendvenlo.nl\/wp-content\/uploads\/2025\/04\/KoningWANiedererer_1378193.jpg","articleSection":["Nieuws"],"inLanguage":"fr-FR"},{"@type":"WebPage","@id":"https:\/\/www.ondernemendvenlo.nl\/koning-en-koningin-brengen-streekbezoek-aan-noord-limburg\/","url":"https:\/\/www.ondernemendvenlo.nl\/koning-en-koningin-brengen-streekbezoek-aan-noord-limburg\/","name":"Ko\u00adning en Ko\u00adnin\u00adgin bren\u00adgen streek\u00adbe\u00adzoek aan Noord-Lim\u00adburg - Ondernemend Venlo","isPartOf":{"@id":"https:\/\/www.ondernemendvenlo.nl\/#website"},"primaryImageOfPage":{"@id":"https:\/\/www.ondernemendvenlo.nl\/koning-en-koningin-brengen-streekbezoek-aan-noord-limburg\/#primaryimage"},"image":{"@id":"https:\/\/www.ondernemendvenlo.nl\/koning-en-koningin-brengen-streekbezoek-aan-noord-limburg\/#primaryimage"},"thumbnailUrl":"https:\/\/www.ondernemendvenlo.nl\/wp-content\/uploads\/2025\/04\/KoningWANiedererer_1378193.jpg","datePublished":"2021-05-18T13:11:00+00:00","breadcrumb":{"@id":"https:\/\/www.ondernemendvenlo.nl\/koning-en-koningin-brengen-streekbezoek-aan-noord-limburg\/#breadcrumb"},"inLanguage":"fr-FR","potentialAction":[{"@type":"ReadAction","target":["https:\/\/www.ondernemendvenlo.nl\/koning-en-koningin-brengen-streekbezoek-aan-noord-limburg\/"]}]},{"@type":"ImageObject","inLanguage":"fr-FR","@id":"https:\/\/www.ondernemendvenlo.nl\/koning-en-koningin-brengen-streekbezoek-aan-noord-limburg\/#primaryimage","url":"https:\/\/www.ondernemendvenlo.nl\/wp-content\/uploads\/2025\/04\/KoningWANiedererer_1378193.jpg","contentUrl":"https:\/\/www.ondernemendvenlo.nl\/wp-content\/uploads\/2025\/04\/KoningWANiedererer_1378193.jpg","width":1600,"height":1141},{"@type":"BreadcrumbList","@id":"https:\/\/www.ondernemendvenlo.nl\/koning-en-koningin-brengen-streekbezoek-aan-noord-limburg\/#breadcrumb","itemListElement":[{"@type":"ListItem","position":1,"name":"Ondernemend Venlo","item":"https:\/\/www.ondernemendvenlo.nl\/"},{"@type":"ListItem","position":2,"name":"Nieuws","item":"https:\/\/www.ondernemendvenlo.nl\/categorie\/nieuws\/"},{"@type":"ListItem","position":3,"name":"Ko\u00adning en Ko\u00adnin\u00adgin bren\u00adgen streek\u00adbe\u00adzoek aan Noord-Lim\u00adburg"}]},{"@type":"WebSite","@id":"https:\/\/www.ondernemendvenlo.nl\/#website","url":"https:\/\/www.ondernemendvenlo.nl\/","name":"Venlo entrepreneurial","description":"Travailler ensemble avec succ\u00e8s","publisher":{"@id":"https:\/\/www.ondernemendvenlo.nl\/#organization"},"potentialAction":[{"@type":"SearchAction","target":{"@type":"EntryPoint","urlTemplate":"https:\/\/www.ondernemendvenlo.nl\/?s={search_term_string}"},"query-input":{"@type":"PropertyValueSpecification","valueRequired":true,"valueName":"search_term_string"}}],"inLanguage":"fr-FR"},{"@type":"Organization","@id":"https:\/\/www.ondernemendvenlo.nl\/#organization","name":"Venlo entrepreneurial","url":"https:\/\/www.ondernemendvenlo.nl\/","logo":{"@type":"ImageObject","inLanguage":"fr-FR","@id":"https:\/\/www.ondernemendvenlo.nl\/#\/schema\/logo\/image\/","url":"https:\/\/www.ondernemendvenlo.nl\/wp-content\/uploads\/2025\/02\/Ondernemend-Venlo-logo-scaled.webp","contentUrl":"https:\/\/www.ondernemendvenlo.nl\/wp-content\/uploads\/2025\/02\/Ondernemend-Venlo-logo-scaled.webp","width":2560,"height":1010,"caption":"Ondernemend Venlo"},"image":{"@id":"https:\/\/www.ondernemendvenlo.nl\/#\/schema\/logo\/image\/"},"sameAs":["https:\/\/www.linkedin.com\/company\/ondernemend-venlo\/"]},{"@type":"Person","@id":"https:\/\/www.ondernemendvenlo.nl\/#\/schema\/person\/347e935f8ad4c7030608ef74bb57aa6e","name":"admin","image":{"@type":"ImageObject","inLanguage":"fr-FR","@id":"https:\/\/www.ondernemendvenlo.nl\/#\/schema\/person\/image\/","url":"https:\/\/www.ondernemendvenlo.nl\/wp-content\/litespeed\/avatar\/720af750b037aecf6e33e12833479059.jpg?ver=1777382954","contentUrl":"https:\/\/www.ondernemendvenlo.nl\/wp-content\/litespeed\/avatar\/720af750b037aecf6e33e12833479059.jpg?ver=1777382954","caption":"admin"},"sameAs":["https:\/\/www.ondernemendvenlo.nl"]}]}},"_links":{"self":[{"href":"https:\/\/www.ondernemendvenlo.nl\/fr\/wp-json\/wp\/v2\/posts\/2498","targetHints":{"allow":["GET"]}}],"collection":[{"href":"https:\/\/www.ondernemendvenlo.nl\/fr\/wp-json\/wp\/v2\/posts"}],"about":[{"href":"https:\/\/www.ondernemendvenlo.nl\/fr\/wp-json\/wp\/v2\/types\/post"}],"author":[{"embeddable":true,"href":"https:\/\/www.ondernemendvenlo.nl\/fr\/wp-json\/wp\/v2\/users\/1"}],"replies":[{"embeddable":true,"href":"https:\/\/www.ondernemendvenlo.nl\/fr\/wp-json\/wp\/v2\/comments?post=2498"}],"version-history":[{"count":0,"href":"https:\/\/www.ondernemendvenlo.nl\/fr\/wp-json\/wp\/v2\/posts\/2498\/revisions"}],"wp:featuredmedia":[{"embeddable":true,"href":"https:\/\/www.ondernemendvenlo.nl\/fr\/wp-json\/wp\/v2\/media\/2499"}],"wp:attachment":[{"href":"https:\/\/www.ondernemendvenlo.nl\/fr\/wp-json\/wp\/v2\/media?parent=2498"}],"wp:term":[{"taxonomy":"category","embeddable":true,"href":"https:\/\/www.ondernemendvenlo.nl\/fr\/wp-json\/wp\/v2\/categories?post=2498"},{"taxonomy":"post_tag","embeddable":true,"href":"https:\/\/www.ondernemendvenlo.nl\/fr\/wp-json\/wp\/v2\/tags?post=2498"}],"curies":[{"name":"wp","href":"https:\/\/api.w.org\/{rel}","templated":true}]}}