{"id":2514,"date":"2021-06-11T09:15:00","date_gmt":"2021-06-11T07:15:00","guid":{"rendered":"https:\/\/www.ondernemendvenlo.nl\/cursus-contract-leveranciersmanagement-op-15-september\/"},"modified":"2021-06-11T09:15:00","modified_gmt":"2021-06-11T07:15:00","slug":"cursus-contract-leveranciersmanagement-op-15-september","status":"publish","type":"post","link":"https:\/\/www.ondernemendvenlo.nl\/fr\/cursus-contract-leveranciersmanagement-op-15-september\/","title":{"rendered":"Cours sur la gestion des contrats et des fournisseurs le 15 septembre"},"content":{"rendered":"<p><strong>VENLO - Par l'interm\u00e9diaire de votre gestionnaire de parc, vous pouvez b\u00e9n\u00e9ficier de ce cours organis\u00e9 \u00e0 Maastricht \u00e0 un tarif r\u00e9duit.<\/strong><\/p>\n<p>M. Robert Coolen, de Coordinate Purchasing Management, dispense avec succ\u00e8s le cours de gestion des contrats et des fournisseurs pour SIM depuis de nombreuses ann\u00e9es.<br \/>\nDe plus en plus, les activit\u00e9s sont confi\u00e9es \u00e0 des entreprises sp\u00e9cialis\u00e9es dans ce domaine. Les fournisseurs ont alors un impact majeur sur la r\u00e9alisation des objectifs de l'organisation. Une gestion professionnelle des contrats et des fournisseurs est un facteur de r\u00e9ussite essentiel pour atteindre les objectifs en termes de r\u00e9duction des co\u00fbts, d'assurance de la qualit\u00e9 et des risques et de cr\u00e9ation de valeur pendant la dur\u00e9e de l'accord !<\/p>\n<p>La d\u00e9termination de la bonne strat\u00e9gie d'achat, l'\u00e9laboration d'un cahier des charges de qualit\u00e9, la s\u00e9lection des fournisseurs et la traduction de ce cahier des charges en un contrat ad\u00e9quat requi\u00e8rent l'expertise n\u00e9cessaire. Mais ce n'est qu'ensuite que commence le \"jeu\", o\u00f9 il s'agit surtout d'une question de billes !<\/p>\n<p>Ce cours pratique interactif traite des \"achats professionnels\" dans les phases pr\u00e9c\u00e9dant, suivant et suivant la phase de passation des march\u00e9s. Il couvre les principes de base du processus de passation des march\u00e9s, en mettant l'accent sur la gestion des contrats et des fournisseurs pour chaque phase.<\/p>\n<p><strong>Date :<\/strong> Mercredi 15 septembre 2021<br \/>\n<strong>Calendrier :<\/strong> 09:00 - 16:30<\/p>\n<p><strong>Localisation :<\/strong><br \/>\nSalle de formation SIM<br \/>\nThomas Regout International<br \/>\nRoute industrielle 40<br \/>\n6219 NR Maastricht<\/p>\n<p><strong>Mat\u00e9riel de cours :<\/strong><br \/>\nM. Coolen est co-auteur du livre \"Contract and Supplier Management, working together on relationship and performance\". Vous recevrez ce livre et le dossier de cours au d\u00e9but de la formation.<\/p>\n<p><strong>Pour qui.<\/strong><br \/>\nCe cours s'adresse \u00e0 l'acheteur, au gestionnaire de contrat et au gestionnaire (d'installations) qui joue le r\u00f4le de client pour les services externalis\u00e9s.<\/p>\n<p><strong>Co\u00fbts et inscription<\/strong><br \/>\nLes inscriptions avant le 1er ao\u00fbt 2021 b\u00e9n\u00e9ficieront d'une r\u00e9duction de 50 euros !<br \/>\nLe co\u00fbt de cette formation (1 jour) est de 649,00 \u20ac HT, d\u00e9jeuner compris.<br \/>\nFaites vite, le nombre de places est limit\u00e9 !<br \/>\nLes candidatures sont \u00e0 adresser \u00e0 Lidy Rutten, gestionnaire du parc : <a href=\"mailto:info@parkmanagementvenlo.nl\" target=\"_blank\" rel=\"noopener noreferrer\">info@parkmanagementvenlo.nl<\/a><\/p>\n<p>Si vous ne pouvez toujours pas assister au cours apr\u00e8s vous \u00eatre inscrit, veuillez nous en informer par \u00e9crit avant le 1er septembre 2021. Pass\u00e9 ce d\u00e9lai, nous serons malheureusement contraints de vous facturer le cours (vous pouvez toutefois envoyer un rempla\u00e7ant pour ce cours).<\/p>","protected":false},"excerpt":{"rendered":"<p>VENLO &#8211; Via uw parkmanager kunt u tegen gereduceerd tarief gebruik maken deze cursus die gehouden wordt in Maastricht. De heer Robert Coolen van Coordinate Inkoopmanagement verzorgt al vele jaren met succes de cursus Contract &amp; Leveranciersmanagement voor SIM. Steeds vaker worden activiteiten uitbesteed aan bedrijven die daarin gespecialiseerd zijn. Leveranciers hebben dan een grote [&hellip;]<\/p>","protected":false},"author":1,"featured_media":2515,"comment_status":"closed","ping_status":"open","sticky":false,"template":"","format":"standard","meta":{"_acf_changed":false,"footnotes":""},"categories":[8],"tags":[],"class_list":["post-2514","post","type-post","status-publish","format-standard","has-post-thumbnail","hentry","category-nieuws"],"acf":[],"yoast_head":"<!-- This site is optimized with the Yoast SEO plugin v26.3 - https:\/\/yoast.com\/wordpress\/plugins\/seo\/ -->\n<title>Cursus Contract- &#038; Leveranciersmanagement op 15 september - Ondernemend Venlo<\/title>\n<meta name=\"robots\" content=\"index, follow, max-snippet:-1, max-image-preview:large, max-video-preview:-1\" \/>\n<link rel=\"canonical\" href=\"https:\/\/www.ondernemendvenlo.nl\/fr\/cursus-contract-leveranciersmanagement-op-15-september\/\" \/>\n<meta property=\"og:locale\" content=\"fr_FR\" \/>\n<meta property=\"og:type\" content=\"article\" \/>\n<meta property=\"og:title\" content=\"Cursus Contract- &#038; Leveranciersmanagement op 15 september - Ondernemend Venlo\" \/>\n<meta property=\"og:description\" content=\"VENLO &#8211; Via uw parkmanager kunt u tegen gereduceerd tarief gebruik maken deze cursus die gehouden wordt in Maastricht. De heer Robert Coolen van Coordinate Inkoopmanagement verzorgt al vele jaren met succes de cursus Contract &amp; Leveranciersmanagement voor SIM. Steeds vaker worden activiteiten uitbesteed aan bedrijven die daarin gespecialiseerd zijn. Leveranciers hebben dan een grote [&hellip;]\" \/>\n<meta property=\"og:url\" content=\"https:\/\/www.ondernemendvenlo.nl\/fr\/cursus-contract-leveranciersmanagement-op-15-september\/\" \/>\n<meta property=\"og:site_name\" content=\"Ondernemend Venlo\" \/>\n<meta property=\"article:published_time\" content=\"2021-06-11T07:15:00+00:00\" \/>\n<meta property=\"og:image\" content=\"https:\/\/www.ondernemendvenlo.nl\/wp-content\/uploads\/2025\/04\/Schermafbeelding-2021-06-14-om-10.41.53-1024x746.png\" \/>\n\t<meta property=\"og:image:width\" content=\"1024\" \/>\n\t<meta property=\"og:image:height\" content=\"746\" \/>\n\t<meta property=\"og:image:type\" content=\"image\/png\" \/>\n<meta name=\"author\" content=\"admin\" \/>\n<meta name=\"twitter:card\" content=\"summary_large_image\" \/>\n<meta name=\"twitter:label1\" content=\"\u00c9crit par\" \/>\n\t<meta name=\"twitter:data1\" content=\"admin\" \/>\n\t<meta name=\"twitter:label2\" content=\"Dur\u00e9e de lecture estim\u00e9e\" \/>\n\t<meta name=\"twitter:data2\" content=\"2 minutes\" \/>\n<script type=\"application\/ld+json\" class=\"yoast-schema-graph\">{\"@context\":\"https:\/\/schema.org\",\"@graph\":[{\"@type\":\"Article\",\"@id\":\"https:\/\/www.ondernemendvenlo.nl\/cursus-contract-leveranciersmanagement-op-15-september\/#article\",\"isPartOf\":{\"@id\":\"https:\/\/www.ondernemendvenlo.nl\/cursus-contract-leveranciersmanagement-op-15-september\/\"},\"author\":{\"name\":\"admin\",\"@id\":\"https:\/\/www.ondernemendvenlo.nl\/#\/schema\/person\/347e935f8ad4c7030608ef74bb57aa6e\"},\"headline\":\"Cursus Contract- &#038; Leveranciersmanagement op 15 september\",\"datePublished\":\"2021-06-11T07:15:00+00:00\",\"mainEntityOfPage\":{\"@id\":\"https:\/\/www.ondernemendvenlo.nl\/cursus-contract-leveranciersmanagement-op-15-september\/\"},\"wordCount\":323,\"publisher\":{\"@id\":\"https:\/\/www.ondernemendvenlo.nl\/#organization\"},\"image\":{\"@id\":\"https:\/\/www.ondernemendvenlo.nl\/cursus-contract-leveranciersmanagement-op-15-september\/#primaryimage\"},\"thumbnailUrl\":\"https:\/\/www.ondernemendvenlo.nl\/wp-content\/uploads\/2025\/04\/Schermafbeelding-2021-06-14-om-10.41.53.png\",\"articleSection\":[\"Nieuws\"],\"inLanguage\":\"fr-FR\"},{\"@type\":\"WebPage\",\"@id\":\"https:\/\/www.ondernemendvenlo.nl\/cursus-contract-leveranciersmanagement-op-15-september\/\",\"url\":\"https:\/\/www.ondernemendvenlo.nl\/cursus-contract-leveranciersmanagement-op-15-september\/\",\"name\":\"Cursus Contract- &#038; Leveranciersmanagement op 15 september - Ondernemend Venlo\",\"isPartOf\":{\"@id\":\"https:\/\/www.ondernemendvenlo.nl\/#website\"},\"primaryImageOfPage\":{\"@id\":\"https:\/\/www.ondernemendvenlo.nl\/cursus-contract-leveranciersmanagement-op-15-september\/#primaryimage\"},\"image\":{\"@id\":\"https:\/\/www.ondernemendvenlo.nl\/cursus-contract-leveranciersmanagement-op-15-september\/#primaryimage\"},\"thumbnailUrl\":\"https:\/\/www.ondernemendvenlo.nl\/wp-content\/uploads\/2025\/04\/Schermafbeelding-2021-06-14-om-10.41.53.png\",\"datePublished\":\"2021-06-11T07:15:00+00:00\",\"breadcrumb\":{\"@id\":\"https:\/\/www.ondernemendvenlo.nl\/cursus-contract-leveranciersmanagement-op-15-september\/#breadcrumb\"},\"inLanguage\":\"fr-FR\",\"potentialAction\":[{\"@type\":\"ReadAction\",\"target\":[\"https:\/\/www.ondernemendvenlo.nl\/cursus-contract-leveranciersmanagement-op-15-september\/\"]}]},{\"@type\":\"ImageObject\",\"inLanguage\":\"fr-FR\",\"@id\":\"https:\/\/www.ondernemendvenlo.nl\/cursus-contract-leveranciersmanagement-op-15-september\/#primaryimage\",\"url\":\"https:\/\/www.ondernemendvenlo.nl\/wp-content\/uploads\/2025\/04\/Schermafbeelding-2021-06-14-om-10.41.53.png\",\"contentUrl\":\"https:\/\/www.ondernemendvenlo.nl\/wp-content\/uploads\/2025\/04\/Schermafbeelding-2021-06-14-om-10.41.53.png\",\"width\":1057,\"height\":770},{\"@type\":\"BreadcrumbList\",\"@id\":\"https:\/\/www.ondernemendvenlo.nl\/cursus-contract-leveranciersmanagement-op-15-september\/#breadcrumb\",\"itemListElement\":[{\"@type\":\"ListItem\",\"position\":1,\"name\":\"Ondernemend Venlo\",\"item\":\"https:\/\/www.ondernemendvenlo.nl\/\"},{\"@type\":\"ListItem\",\"position\":2,\"name\":\"Nieuws\",\"item\":\"https:\/\/www.ondernemendvenlo.nl\/categorie\/nieuws\/\"},{\"@type\":\"ListItem\",\"position\":3,\"name\":\"Cursus Contract- &#038; Leveranciersmanagement op 15 september\"}]},{\"@type\":\"WebSite\",\"@id\":\"https:\/\/www.ondernemendvenlo.nl\/#website\",\"url\":\"https:\/\/www.ondernemendvenlo.nl\/\",\"name\":\"Ondernemend Venlo\",\"description\":\"Samen succesvol ondernemen\",\"publisher\":{\"@id\":\"https:\/\/www.ondernemendvenlo.nl\/#organization\"},\"potentialAction\":[{\"@type\":\"SearchAction\",\"target\":{\"@type\":\"EntryPoint\",\"urlTemplate\":\"https:\/\/www.ondernemendvenlo.nl\/?s={search_term_string}\"},\"query-input\":{\"@type\":\"PropertyValueSpecification\",\"valueRequired\":true,\"valueName\":\"search_term_string\"}}],\"inLanguage\":\"fr-FR\"},{\"@type\":\"Organization\",\"@id\":\"https:\/\/www.ondernemendvenlo.nl\/#organization\",\"name\":\"Ondernemend Venlo\",\"url\":\"https:\/\/www.ondernemendvenlo.nl\/\",\"logo\":{\"@type\":\"ImageObject\",\"inLanguage\":\"fr-FR\",\"@id\":\"https:\/\/www.ondernemendvenlo.nl\/#\/schema\/logo\/image\/\",\"url\":\"https:\/\/www.ondernemendvenlo.nl\/wp-content\/uploads\/2025\/02\/Ondernemend-Venlo-logo-scaled.webp\",\"contentUrl\":\"https:\/\/www.ondernemendvenlo.nl\/wp-content\/uploads\/2025\/02\/Ondernemend-Venlo-logo-scaled.webp\",\"width\":2560,\"height\":1010,\"caption\":\"Ondernemend Venlo\"},\"image\":{\"@id\":\"https:\/\/www.ondernemendvenlo.nl\/#\/schema\/logo\/image\/\"},\"sameAs\":[\"https:\/\/www.linkedin.com\/company\/ondernemend-venlo\/\"]},{\"@type\":\"Person\",\"@id\":\"https:\/\/www.ondernemendvenlo.nl\/#\/schema\/person\/347e935f8ad4c7030608ef74bb57aa6e\",\"name\":\"admin\",\"image\":{\"@type\":\"ImageObject\",\"inLanguage\":\"fr-FR\",\"@id\":\"https:\/\/www.ondernemendvenlo.nl\/#\/schema\/person\/image\/\",\"url\":\"https:\/\/www.ondernemendvenlo.nl\/wp-content\/litespeed\/avatar\/720af750b037aecf6e33e12833479059.jpg?ver=1777382954\",\"contentUrl\":\"https:\/\/www.ondernemendvenlo.nl\/wp-content\/litespeed\/avatar\/720af750b037aecf6e33e12833479059.jpg?ver=1777382954\",\"caption\":\"admin\"},\"sameAs\":[\"https:\/\/www.ondernemendvenlo.nl\"]}]}<\/script>\n<!-- \/ Yoast SEO plugin. -->","yoast_head_json":{"title":"Cursus Contract- &#038; Leveranciersmanagement op 15 september - Ondernemend Venlo","robots":{"index":"index","follow":"follow","max-snippet":"max-snippet:-1","max-image-preview":"max-image-preview:large","max-video-preview":"max-video-preview:-1"},"canonical":"https:\/\/www.ondernemendvenlo.nl\/fr\/cursus-contract-leveranciersmanagement-op-15-september\/","og_locale":"fr_FR","og_type":"article","og_title":"Cursus Contract- &#038; Leveranciersmanagement op 15 september - Ondernemend Venlo","og_description":"VENLO &#8211; Via uw parkmanager kunt u tegen gereduceerd tarief gebruik maken deze cursus die gehouden wordt in Maastricht. De heer Robert Coolen van Coordinate Inkoopmanagement verzorgt al vele jaren met succes de cursus Contract &amp; Leveranciersmanagement voor SIM. Steeds vaker worden activiteiten uitbesteed aan bedrijven die daarin gespecialiseerd zijn. Leveranciers hebben dan een grote [&hellip;]","og_url":"https:\/\/www.ondernemendvenlo.nl\/fr\/cursus-contract-leveranciersmanagement-op-15-september\/","og_site_name":"Ondernemend Venlo","article_published_time":"2021-06-11T07:15:00+00:00","og_image":[{"width":1024,"height":746,"url":"https:\/\/www.ondernemendvenlo.nl\/wp-content\/uploads\/2025\/04\/Schermafbeelding-2021-06-14-om-10.41.53-1024x746.png","type":"image\/png"}],"author":"admin","twitter_card":"summary_large_image","twitter_misc":{"\u00c9crit par":"admin","Dur\u00e9e de lecture estim\u00e9e":"2 minutes"},"schema":{"@context":"https:\/\/schema.org","@graph":[{"@type":"Article","@id":"https:\/\/www.ondernemendvenlo.nl\/cursus-contract-leveranciersmanagement-op-15-september\/#article","isPartOf":{"@id":"https:\/\/www.ondernemendvenlo.nl\/cursus-contract-leveranciersmanagement-op-15-september\/"},"author":{"name":"admin","@id":"https:\/\/www.ondernemendvenlo.nl\/#\/schema\/person\/347e935f8ad4c7030608ef74bb57aa6e"},"headline":"Cursus Contract- &#038; Leveranciersmanagement op 15 september","datePublished":"2021-06-11T07:15:00+00:00","mainEntityOfPage":{"@id":"https:\/\/www.ondernemendvenlo.nl\/cursus-contract-leveranciersmanagement-op-15-september\/"},"wordCount":323,"publisher":{"@id":"https:\/\/www.ondernemendvenlo.nl\/#organization"},"image":{"@id":"https:\/\/www.ondernemendvenlo.nl\/cursus-contract-leveranciersmanagement-op-15-september\/#primaryimage"},"thumbnailUrl":"https:\/\/www.ondernemendvenlo.nl\/wp-content\/uploads\/2025\/04\/Schermafbeelding-2021-06-14-om-10.41.53.png","articleSection":["Nieuws"],"inLanguage":"fr-FR"},{"@type":"WebPage","@id":"https:\/\/www.ondernemendvenlo.nl\/cursus-contract-leveranciersmanagement-op-15-september\/","url":"https:\/\/www.ondernemendvenlo.nl\/cursus-contract-leveranciersmanagement-op-15-september\/","name":"Cursus Contract- &#038; Leveranciersmanagement op 15 september - Ondernemend Venlo","isPartOf":{"@id":"https:\/\/www.ondernemendvenlo.nl\/#website"},"primaryImageOfPage":{"@id":"https:\/\/www.ondernemendvenlo.nl\/cursus-contract-leveranciersmanagement-op-15-september\/#primaryimage"},"image":{"@id":"https:\/\/www.ondernemendvenlo.nl\/cursus-contract-leveranciersmanagement-op-15-september\/#primaryimage"},"thumbnailUrl":"https:\/\/www.ondernemendvenlo.nl\/wp-content\/uploads\/2025\/04\/Schermafbeelding-2021-06-14-om-10.41.53.png","datePublished":"2021-06-11T07:15:00+00:00","breadcrumb":{"@id":"https:\/\/www.ondernemendvenlo.nl\/cursus-contract-leveranciersmanagement-op-15-september\/#breadcrumb"},"inLanguage":"fr-FR","potentialAction":[{"@type":"ReadAction","target":["https:\/\/www.ondernemendvenlo.nl\/cursus-contract-leveranciersmanagement-op-15-september\/"]}]},{"@type":"ImageObject","inLanguage":"fr-FR","@id":"https:\/\/www.ondernemendvenlo.nl\/cursus-contract-leveranciersmanagement-op-15-september\/#primaryimage","url":"https:\/\/www.ondernemendvenlo.nl\/wp-content\/uploads\/2025\/04\/Schermafbeelding-2021-06-14-om-10.41.53.png","contentUrl":"https:\/\/www.ondernemendvenlo.nl\/wp-content\/uploads\/2025\/04\/Schermafbeelding-2021-06-14-om-10.41.53.png","width":1057,"height":770},{"@type":"BreadcrumbList","@id":"https:\/\/www.ondernemendvenlo.nl\/cursus-contract-leveranciersmanagement-op-15-september\/#breadcrumb","itemListElement":[{"@type":"ListItem","position":1,"name":"Ondernemend Venlo","item":"https:\/\/www.ondernemendvenlo.nl\/"},{"@type":"ListItem","position":2,"name":"Nieuws","item":"https:\/\/www.ondernemendvenlo.nl\/categorie\/nieuws\/"},{"@type":"ListItem","position":3,"name":"Cursus Contract- &#038; Leveranciersmanagement op 15 september"}]},{"@type":"WebSite","@id":"https:\/\/www.ondernemendvenlo.nl\/#website","url":"https:\/\/www.ondernemendvenlo.nl\/","name":"Venlo entrepreneurial","description":"Travailler ensemble avec succ\u00e8s","publisher":{"@id":"https:\/\/www.ondernemendvenlo.nl\/#organization"},"potentialAction":[{"@type":"SearchAction","target":{"@type":"EntryPoint","urlTemplate":"https:\/\/www.ondernemendvenlo.nl\/?s={search_term_string}"},"query-input":{"@type":"PropertyValueSpecification","valueRequired":true,"valueName":"search_term_string"}}],"inLanguage":"fr-FR"},{"@type":"Organization","@id":"https:\/\/www.ondernemendvenlo.nl\/#organization","name":"Venlo entrepreneurial","url":"https:\/\/www.ondernemendvenlo.nl\/","logo":{"@type":"ImageObject","inLanguage":"fr-FR","@id":"https:\/\/www.ondernemendvenlo.nl\/#\/schema\/logo\/image\/","url":"https:\/\/www.ondernemendvenlo.nl\/wp-content\/uploads\/2025\/02\/Ondernemend-Venlo-logo-scaled.webp","contentUrl":"https:\/\/www.ondernemendvenlo.nl\/wp-content\/uploads\/2025\/02\/Ondernemend-Venlo-logo-scaled.webp","width":2560,"height":1010,"caption":"Ondernemend Venlo"},"image":{"@id":"https:\/\/www.ondernemendvenlo.nl\/#\/schema\/logo\/image\/"},"sameAs":["https:\/\/www.linkedin.com\/company\/ondernemend-venlo\/"]},{"@type":"Person","@id":"https:\/\/www.ondernemendvenlo.nl\/#\/schema\/person\/347e935f8ad4c7030608ef74bb57aa6e","name":"admin","image":{"@type":"ImageObject","inLanguage":"fr-FR","@id":"https:\/\/www.ondernemendvenlo.nl\/#\/schema\/person\/image\/","url":"https:\/\/www.ondernemendvenlo.nl\/wp-content\/litespeed\/avatar\/720af750b037aecf6e33e12833479059.jpg?ver=1777382954","contentUrl":"https:\/\/www.ondernemendvenlo.nl\/wp-content\/litespeed\/avatar\/720af750b037aecf6e33e12833479059.jpg?ver=1777382954","caption":"admin"},"sameAs":["https:\/\/www.ondernemendvenlo.nl"]}]}},"_links":{"self":[{"href":"https:\/\/www.ondernemendvenlo.nl\/fr\/wp-json\/wp\/v2\/posts\/2514","targetHints":{"allow":["GET"]}}],"collection":[{"href":"https:\/\/www.ondernemendvenlo.nl\/fr\/wp-json\/wp\/v2\/posts"}],"about":[{"href":"https:\/\/www.ondernemendvenlo.nl\/fr\/wp-json\/wp\/v2\/types\/post"}],"author":[{"embeddable":true,"href":"https:\/\/www.ondernemendvenlo.nl\/fr\/wp-json\/wp\/v2\/users\/1"}],"replies":[{"embeddable":true,"href":"https:\/\/www.ondernemendvenlo.nl\/fr\/wp-json\/wp\/v2\/comments?post=2514"}],"version-history":[{"count":0,"href":"https:\/\/www.ondernemendvenlo.nl\/fr\/wp-json\/wp\/v2\/posts\/2514\/revisions"}],"wp:featuredmedia":[{"embeddable":true,"href":"https:\/\/www.ondernemendvenlo.nl\/fr\/wp-json\/wp\/v2\/media\/2515"}],"wp:attachment":[{"href":"https:\/\/www.ondernemendvenlo.nl\/fr\/wp-json\/wp\/v2\/media?parent=2514"}],"wp:term":[{"taxonomy":"category","embeddable":true,"href":"https:\/\/www.ondernemendvenlo.nl\/fr\/wp-json\/wp\/v2\/categories?post=2514"},{"taxonomy":"post_tag","embeddable":true,"href":"https:\/\/www.ondernemendvenlo.nl\/fr\/wp-json\/wp\/v2\/tags?post=2514"}],"curies":[{"name":"wp","href":"https:\/\/api.w.org\/{rel}","templated":true}]}}