{"id":2528,"date":"2021-06-21T11:53:00","date_gmt":"2021-06-21T09:53:00","guid":{"rendered":"https:\/\/www.ondernemendvenlo.nl\/op-het-veld-uit-belfeld-bestaat-een-eeuw\/"},"modified":"2021-06-21T11:53:00","modified_gmt":"2021-06-21T09:53:00","slug":"op-het-veld-uit-belfeld-bestaat-een-eeuw","status":"publish","type":"post","link":"https:\/\/www.ondernemendvenlo.nl\/fr\/op-het-veld-uit-belfeld-bestaat-een-eeuw\/","title":{"rendered":"La soci\u00e9t\u00e9 Op het Veld, bas\u00e9e \u00e0 Belfeld, c\u00e9l\u00e8bre un si\u00e8cle d'existence"},"content":{"rendered":"<p><strong>BELFELD - Le 21 juin 1921, Jeu op het Veld s'inscrit \u00e0 la Chambre de commerce en tant qu'\"entrepreneur ind\u00e9pendant\", apr\u00e8s quoi il installe sa forge et sa sup\u00e9rette dans la Stationstraat \u00e0 Belfeld. \u00c0 l'\u00e9poque, il ne se doutait certainement pas que cette entreprise existerait encore 100 ans plus tard. Aujourd'hui, le 21 juin 2021, nous avons franchi cette \u00e9tape. Aujourd'hui, avec nos 35 employ\u00e9s, nous c\u00e9l\u00e9brons notre 100e anniversaire.<\/strong><\/p>\n<p>Jeu gagnait sa vie gr\u00e2ce \u00e0 sa forge et \u00e0 la sup\u00e9rette qu'il cr\u00e9a des ann\u00e9es plus tard. Ce n'est pas ce qu'Op het Veld fait encore aujourd'hui, mais \u00e0 l'\u00e9poque, les fondations de l'entreprise actuelle ont \u00e9t\u00e9 pos\u00e9es. Il a fourni l'infrastructure et veill\u00e9 \u00e0 ce que les maisons soient raccord\u00e9es au r\u00e9seau a\u00e9rien.<\/p>\n<p><strong>Entreprise familiale<br \/>\n<\/strong>Depuis, nous avons fait beaucoup de choses. Nous avions la forge, nous vendions des lampes, des articles m\u00e9nagers et m\u00eame des bicyclettes Op het Veld qui sont encore en circulation aujourd'hui. Nous fabriquions des machines de forage et nous \u00e9tions une entreprise d'installation \u00e9lectrique. Aujourd'hui, cette derni\u00e8re existe toujours ; nous sommes une entreprise d'installation technique qui r\u00e9alise des installations \u00e9lectriques et m\u00e9caniques. La troisi\u00e8me g\u00e9n\u00e9ration, G\u00e9rard op het Veld, est aux commandes depuis 1985, Marie-Louise op het Veld travaille \u00e0 l'administration, Math op het Veld (fils a\u00een\u00e9 de Sjraar) s'occupe des finances et la quatri\u00e8me g\u00e9n\u00e9ration, Dion op het Veld, fait partie d'Op het Veld depuis septembre 2020.<\/p>\n<p><strong>Que faisons-nous maintenant ?<br \/>\n<\/strong>Du conseil et de la budg\u00e9tisation \u00e0 l'appel d'offres, en passant par l'ing\u00e9nierie et la conception : nous nous chargeons de la mise en \u0153uvre compl\u00e8te (avec nos partenaires). Ensuite, nous assurons la gestion de l'\u00e9nergie par le suivi, les inspections (certifi\u00e9es) et l'entretien. L'objectif est de maintenir les installations en parfait \u00e9tat \u00e0 long terme, ce qui permet \u00e0 l'utilisateur du b\u00e2timent de se concentrer sur ses propres activit\u00e9s. Gr\u00e2ce \u00e0 notre forte pr\u00e9sence dans la phase pr\u00e9liminaire, nous d\u00e9chargeons le client final et l'entrepreneur principal de toutes les questions techniques li\u00e9es \u00e0 l'installation. Il n'y a qu'un seul point de contact pour toutes les disciplines de l'installation technique. C'est en partie pour cette raison qu'il y a une synergie entre les diff\u00e9rentes installations.<\/p>\n<p>Les disciplines que nous traitons quotidiennement sont les suivantes : G\u00e9nie \u00e9lectrique, G\u00e9nie m\u00e9canique, S\u00e9curit\u00e9, Automatisation des b\u00e2timents, \u00c9nergies renouvelables, Gestion de l'\u00e9nergie, Inspections techniques et Service et maintenance.<\/p>\n<p><strong>Un d\u00e9veloppement durable pour l'avenir<br \/>\n<\/strong>Notre b\u00e2timent est 100% \u00e9nerg\u00e9tiquement neutre : pas de raccordement au gaz, le toit est rempli de panneaux solaires et nous contr\u00f4lons le climat int\u00e9rieur \u00e0 l'aide de pompes \u00e0 chaleur. Cela nous permet de r\u00e9pondre \u00e0 l'un des th\u00e8mes les plus importants des ann\u00e9es \u00e0 venir, la durabilit\u00e9.<\/p>\n<p>Le fait que les installations doivent \u00eatre durables n'est pas une question, mais une n\u00e9cessit\u00e9. Les clients veulent un certificat de durabilit\u00e9 et l'ensemble de la cha\u00eene de construction doit collaborer pour y parvenir. Nous nous en chargeons pour toutes les installations techniques li\u00e9es au b\u00e2timent, depuis les conseils et la conception jusqu'\u00e0 la mise en \u0153uvre. Et le suivi. C'est notre force.<\/p>","protected":false},"excerpt":{"rendered":"<p>BELFELD &#8211; Op 21 juni 1921 schreef Jeu op het Veld zich in bij de KvK als \u2018zelfstandig ondernemer\u2019, waarna hij zijn smederij &amp; buurtwinkel heeft opgezet op de Stationstraat in Belfeld. Hij zal zich destijds zeker niet hebben gerealiseerd dat dit bedrijf 100 jaar later nog steeds zou bestaan. Vandaag, op 21 juni 2021, [&hellip;]<\/p>","protected":false},"author":1,"featured_media":2529,"comment_status":"closed","ping_status":"open","sticky":false,"template":"","format":"standard","meta":{"_acf_changed":false,"footnotes":""},"categories":[8],"tags":[],"class_list":["post-2528","post","type-post","status-publish","format-standard","has-post-thumbnail","hentry","category-nieuws"],"acf":[],"yoast_head":"<!-- This site is optimized with the Yoast SEO plugin v26.3 - https:\/\/yoast.com\/wordpress\/plugins\/seo\/ -->\n<title>Op het Veld uit Belfeld bestaat een eeuw - Ondernemend Venlo<\/title>\n<meta name=\"robots\" content=\"index, follow, max-snippet:-1, max-image-preview:large, max-video-preview:-1\" \/>\n<link rel=\"canonical\" href=\"https:\/\/www.ondernemendvenlo.nl\/fr\/op-het-veld-uit-belfeld-bestaat-een-eeuw\/\" \/>\n<meta property=\"og:locale\" content=\"fr_FR\" \/>\n<meta property=\"og:type\" content=\"article\" \/>\n<meta property=\"og:title\" content=\"Op het Veld uit Belfeld bestaat een eeuw - Ondernemend Venlo\" \/>\n<meta property=\"og:description\" content=\"BELFELD &#8211; Op 21 juni 1921 schreef Jeu op het Veld zich in bij de KvK als \u2018zelfstandig ondernemer\u2019, waarna hij zijn smederij &amp; buurtwinkel heeft opgezet op de Stationstraat in Belfeld. Hij zal zich destijds zeker niet hebben gerealiseerd dat dit bedrijf 100 jaar later nog steeds zou bestaan. Vandaag, op 21 juni 2021, [&hellip;]\" \/>\n<meta property=\"og:url\" content=\"https:\/\/www.ondernemendvenlo.nl\/fr\/op-het-veld-uit-belfeld-bestaat-een-eeuw\/\" \/>\n<meta property=\"og:site_name\" content=\"Ondernemend Venlo\" \/>\n<meta property=\"article:published_time\" content=\"2021-06-21T09:53:00+00:00\" \/>\n<meta property=\"og:image\" content=\"https:\/\/www.ondernemendvenlo.nl\/wp-content\/uploads\/2025\/04\/2021-06-21_60d07f03807a6_210621BedrijfspandOphetVeldDSC00365-scaled-1.jpg\" \/>\n\t<meta property=\"og:image:width\" content=\"2560\" \/>\n\t<meta property=\"og:image:height\" content=\"1153\" \/>\n\t<meta property=\"og:image:type\" content=\"image\/jpeg\" \/>\n<meta name=\"author\" content=\"admin\" \/>\n<meta name=\"twitter:card\" content=\"summary_large_image\" \/>\n<meta name=\"twitter:label1\" content=\"\u00c9crit par\" \/>\n\t<meta name=\"twitter:data1\" content=\"admin\" \/>\n\t<meta name=\"twitter:label2\" content=\"Dur\u00e9e de lecture estim\u00e9e\" \/>\n\t<meta name=\"twitter:data2\" content=\"2 minutes\" \/>\n<script type=\"application\/ld+json\" class=\"yoast-schema-graph\">{\"@context\":\"https:\/\/schema.org\",\"@graph\":[{\"@type\":\"Article\",\"@id\":\"https:\/\/www.ondernemendvenlo.nl\/op-het-veld-uit-belfeld-bestaat-een-eeuw\/#article\",\"isPartOf\":{\"@id\":\"https:\/\/www.ondernemendvenlo.nl\/op-het-veld-uit-belfeld-bestaat-een-eeuw\/\"},\"author\":{\"name\":\"admin\",\"@id\":\"https:\/\/www.ondernemendvenlo.nl\/#\/schema\/person\/347e935f8ad4c7030608ef74bb57aa6e\"},\"headline\":\"Op het Veld uit Belfeld bestaat een eeuw\",\"datePublished\":\"2021-06-21T09:53:00+00:00\",\"mainEntityOfPage\":{\"@id\":\"https:\/\/www.ondernemendvenlo.nl\/op-het-veld-uit-belfeld-bestaat-een-eeuw\/\"},\"wordCount\":448,\"publisher\":{\"@id\":\"https:\/\/www.ondernemendvenlo.nl\/#organization\"},\"image\":{\"@id\":\"https:\/\/www.ondernemendvenlo.nl\/op-het-veld-uit-belfeld-bestaat-een-eeuw\/#primaryimage\"},\"thumbnailUrl\":\"https:\/\/www.ondernemendvenlo.nl\/wp-content\/uploads\/2025\/04\/2021-06-21_60d07f03807a6_210621BedrijfspandOphetVeldDSC00365-scaled-1.jpg\",\"articleSection\":[\"Nieuws\"],\"inLanguage\":\"fr-FR\"},{\"@type\":\"WebPage\",\"@id\":\"https:\/\/www.ondernemendvenlo.nl\/op-het-veld-uit-belfeld-bestaat-een-eeuw\/\",\"url\":\"https:\/\/www.ondernemendvenlo.nl\/op-het-veld-uit-belfeld-bestaat-een-eeuw\/\",\"name\":\"Op het Veld uit Belfeld bestaat een eeuw - Ondernemend Venlo\",\"isPartOf\":{\"@id\":\"https:\/\/www.ondernemendvenlo.nl\/#website\"},\"primaryImageOfPage\":{\"@id\":\"https:\/\/www.ondernemendvenlo.nl\/op-het-veld-uit-belfeld-bestaat-een-eeuw\/#primaryimage\"},\"image\":{\"@id\":\"https:\/\/www.ondernemendvenlo.nl\/op-het-veld-uit-belfeld-bestaat-een-eeuw\/#primaryimage\"},\"thumbnailUrl\":\"https:\/\/www.ondernemendvenlo.nl\/wp-content\/uploads\/2025\/04\/2021-06-21_60d07f03807a6_210621BedrijfspandOphetVeldDSC00365-scaled-1.jpg\",\"datePublished\":\"2021-06-21T09:53:00+00:00\",\"breadcrumb\":{\"@id\":\"https:\/\/www.ondernemendvenlo.nl\/op-het-veld-uit-belfeld-bestaat-een-eeuw\/#breadcrumb\"},\"inLanguage\":\"fr-FR\",\"potentialAction\":[{\"@type\":\"ReadAction\",\"target\":[\"https:\/\/www.ondernemendvenlo.nl\/op-het-veld-uit-belfeld-bestaat-een-eeuw\/\"]}]},{\"@type\":\"ImageObject\",\"inLanguage\":\"fr-FR\",\"@id\":\"https:\/\/www.ondernemendvenlo.nl\/op-het-veld-uit-belfeld-bestaat-een-eeuw\/#primaryimage\",\"url\":\"https:\/\/www.ondernemendvenlo.nl\/wp-content\/uploads\/2025\/04\/2021-06-21_60d07f03807a6_210621BedrijfspandOphetVeldDSC00365-scaled-1.jpg\",\"contentUrl\":\"https:\/\/www.ondernemendvenlo.nl\/wp-content\/uploads\/2025\/04\/2021-06-21_60d07f03807a6_210621BedrijfspandOphetVeldDSC00365-scaled-1.jpg\",\"width\":2560,\"height\":1153},{\"@type\":\"BreadcrumbList\",\"@id\":\"https:\/\/www.ondernemendvenlo.nl\/op-het-veld-uit-belfeld-bestaat-een-eeuw\/#breadcrumb\",\"itemListElement\":[{\"@type\":\"ListItem\",\"position\":1,\"name\":\"Ondernemend Venlo\",\"item\":\"https:\/\/www.ondernemendvenlo.nl\/\"},{\"@type\":\"ListItem\",\"position\":2,\"name\":\"Nieuws\",\"item\":\"https:\/\/www.ondernemendvenlo.nl\/categorie\/nieuws\/\"},{\"@type\":\"ListItem\",\"position\":3,\"name\":\"Op het Veld uit Belfeld bestaat een eeuw\"}]},{\"@type\":\"WebSite\",\"@id\":\"https:\/\/www.ondernemendvenlo.nl\/#website\",\"url\":\"https:\/\/www.ondernemendvenlo.nl\/\",\"name\":\"Ondernemend Venlo\",\"description\":\"Samen succesvol ondernemen\",\"publisher\":{\"@id\":\"https:\/\/www.ondernemendvenlo.nl\/#organization\"},\"potentialAction\":[{\"@type\":\"SearchAction\",\"target\":{\"@type\":\"EntryPoint\",\"urlTemplate\":\"https:\/\/www.ondernemendvenlo.nl\/?s={search_term_string}\"},\"query-input\":{\"@type\":\"PropertyValueSpecification\",\"valueRequired\":true,\"valueName\":\"search_term_string\"}}],\"inLanguage\":\"fr-FR\"},{\"@type\":\"Organization\",\"@id\":\"https:\/\/www.ondernemendvenlo.nl\/#organization\",\"name\":\"Ondernemend Venlo\",\"url\":\"https:\/\/www.ondernemendvenlo.nl\/\",\"logo\":{\"@type\":\"ImageObject\",\"inLanguage\":\"fr-FR\",\"@id\":\"https:\/\/www.ondernemendvenlo.nl\/#\/schema\/logo\/image\/\",\"url\":\"https:\/\/www.ondernemendvenlo.nl\/wp-content\/uploads\/2025\/02\/Ondernemend-Venlo-logo-scaled.webp\",\"contentUrl\":\"https:\/\/www.ondernemendvenlo.nl\/wp-content\/uploads\/2025\/02\/Ondernemend-Venlo-logo-scaled.webp\",\"width\":2560,\"height\":1010,\"caption\":\"Ondernemend Venlo\"},\"image\":{\"@id\":\"https:\/\/www.ondernemendvenlo.nl\/#\/schema\/logo\/image\/\"},\"sameAs\":[\"https:\/\/www.linkedin.com\/company\/ondernemend-venlo\/\"]},{\"@type\":\"Person\",\"@id\":\"https:\/\/www.ondernemendvenlo.nl\/#\/schema\/person\/347e935f8ad4c7030608ef74bb57aa6e\",\"name\":\"admin\",\"image\":{\"@type\":\"ImageObject\",\"inLanguage\":\"fr-FR\",\"@id\":\"https:\/\/www.ondernemendvenlo.nl\/#\/schema\/person\/image\/\",\"url\":\"https:\/\/www.ondernemendvenlo.nl\/wp-content\/litespeed\/avatar\/720af750b037aecf6e33e12833479059.jpg?ver=1777382954\",\"contentUrl\":\"https:\/\/www.ondernemendvenlo.nl\/wp-content\/litespeed\/avatar\/720af750b037aecf6e33e12833479059.jpg?ver=1777382954\",\"caption\":\"admin\"},\"sameAs\":[\"https:\/\/www.ondernemendvenlo.nl\"]}]}<\/script>\n<!-- \/ Yoast SEO plugin. -->","yoast_head_json":{"title":"Op het Veld uit Belfeld bestaat een eeuw - Ondernemend Venlo","robots":{"index":"index","follow":"follow","max-snippet":"max-snippet:-1","max-image-preview":"max-image-preview:large","max-video-preview":"max-video-preview:-1"},"canonical":"https:\/\/www.ondernemendvenlo.nl\/fr\/op-het-veld-uit-belfeld-bestaat-een-eeuw\/","og_locale":"fr_FR","og_type":"article","og_title":"Op het Veld uit Belfeld bestaat een eeuw - Ondernemend Venlo","og_description":"BELFELD &#8211; Op 21 juni 1921 schreef Jeu op het Veld zich in bij de KvK als \u2018zelfstandig ondernemer\u2019, waarna hij zijn smederij &amp; buurtwinkel heeft opgezet op de Stationstraat in Belfeld. Hij zal zich destijds zeker niet hebben gerealiseerd dat dit bedrijf 100 jaar later nog steeds zou bestaan. Vandaag, op 21 juni 2021, [&hellip;]","og_url":"https:\/\/www.ondernemendvenlo.nl\/fr\/op-het-veld-uit-belfeld-bestaat-een-eeuw\/","og_site_name":"Ondernemend Venlo","article_published_time":"2021-06-21T09:53:00+00:00","og_image":[{"width":2560,"height":1153,"url":"https:\/\/www.ondernemendvenlo.nl\/wp-content\/uploads\/2025\/04\/2021-06-21_60d07f03807a6_210621BedrijfspandOphetVeldDSC00365-scaled-1.jpg","type":"image\/jpeg"}],"author":"admin","twitter_card":"summary_large_image","twitter_misc":{"\u00c9crit par":"admin","Dur\u00e9e de lecture estim\u00e9e":"2 minutes"},"schema":{"@context":"https:\/\/schema.org","@graph":[{"@type":"Article","@id":"https:\/\/www.ondernemendvenlo.nl\/op-het-veld-uit-belfeld-bestaat-een-eeuw\/#article","isPartOf":{"@id":"https:\/\/www.ondernemendvenlo.nl\/op-het-veld-uit-belfeld-bestaat-een-eeuw\/"},"author":{"name":"admin","@id":"https:\/\/www.ondernemendvenlo.nl\/#\/schema\/person\/347e935f8ad4c7030608ef74bb57aa6e"},"headline":"Op het Veld uit Belfeld bestaat een eeuw","datePublished":"2021-06-21T09:53:00+00:00","mainEntityOfPage":{"@id":"https:\/\/www.ondernemendvenlo.nl\/op-het-veld-uit-belfeld-bestaat-een-eeuw\/"},"wordCount":448,"publisher":{"@id":"https:\/\/www.ondernemendvenlo.nl\/#organization"},"image":{"@id":"https:\/\/www.ondernemendvenlo.nl\/op-het-veld-uit-belfeld-bestaat-een-eeuw\/#primaryimage"},"thumbnailUrl":"https:\/\/www.ondernemendvenlo.nl\/wp-content\/uploads\/2025\/04\/2021-06-21_60d07f03807a6_210621BedrijfspandOphetVeldDSC00365-scaled-1.jpg","articleSection":["Nieuws"],"inLanguage":"fr-FR"},{"@type":"WebPage","@id":"https:\/\/www.ondernemendvenlo.nl\/op-het-veld-uit-belfeld-bestaat-een-eeuw\/","url":"https:\/\/www.ondernemendvenlo.nl\/op-het-veld-uit-belfeld-bestaat-een-eeuw\/","name":"Op het Veld uit Belfeld bestaat een eeuw - Ondernemend Venlo","isPartOf":{"@id":"https:\/\/www.ondernemendvenlo.nl\/#website"},"primaryImageOfPage":{"@id":"https:\/\/www.ondernemendvenlo.nl\/op-het-veld-uit-belfeld-bestaat-een-eeuw\/#primaryimage"},"image":{"@id":"https:\/\/www.ondernemendvenlo.nl\/op-het-veld-uit-belfeld-bestaat-een-eeuw\/#primaryimage"},"thumbnailUrl":"https:\/\/www.ondernemendvenlo.nl\/wp-content\/uploads\/2025\/04\/2021-06-21_60d07f03807a6_210621BedrijfspandOphetVeldDSC00365-scaled-1.jpg","datePublished":"2021-06-21T09:53:00+00:00","breadcrumb":{"@id":"https:\/\/www.ondernemendvenlo.nl\/op-het-veld-uit-belfeld-bestaat-een-eeuw\/#breadcrumb"},"inLanguage":"fr-FR","potentialAction":[{"@type":"ReadAction","target":["https:\/\/www.ondernemendvenlo.nl\/op-het-veld-uit-belfeld-bestaat-een-eeuw\/"]}]},{"@type":"ImageObject","inLanguage":"fr-FR","@id":"https:\/\/www.ondernemendvenlo.nl\/op-het-veld-uit-belfeld-bestaat-een-eeuw\/#primaryimage","url":"https:\/\/www.ondernemendvenlo.nl\/wp-content\/uploads\/2025\/04\/2021-06-21_60d07f03807a6_210621BedrijfspandOphetVeldDSC00365-scaled-1.jpg","contentUrl":"https:\/\/www.ondernemendvenlo.nl\/wp-content\/uploads\/2025\/04\/2021-06-21_60d07f03807a6_210621BedrijfspandOphetVeldDSC00365-scaled-1.jpg","width":2560,"height":1153},{"@type":"BreadcrumbList","@id":"https:\/\/www.ondernemendvenlo.nl\/op-het-veld-uit-belfeld-bestaat-een-eeuw\/#breadcrumb","itemListElement":[{"@type":"ListItem","position":1,"name":"Ondernemend Venlo","item":"https:\/\/www.ondernemendvenlo.nl\/"},{"@type":"ListItem","position":2,"name":"Nieuws","item":"https:\/\/www.ondernemendvenlo.nl\/categorie\/nieuws\/"},{"@type":"ListItem","position":3,"name":"Op het Veld uit Belfeld bestaat een eeuw"}]},{"@type":"WebSite","@id":"https:\/\/www.ondernemendvenlo.nl\/#website","url":"https:\/\/www.ondernemendvenlo.nl\/","name":"Venlo entrepreneurial","description":"Travailler ensemble avec succ\u00e8s","publisher":{"@id":"https:\/\/www.ondernemendvenlo.nl\/#organization"},"potentialAction":[{"@type":"SearchAction","target":{"@type":"EntryPoint","urlTemplate":"https:\/\/www.ondernemendvenlo.nl\/?s={search_term_string}"},"query-input":{"@type":"PropertyValueSpecification","valueRequired":true,"valueName":"search_term_string"}}],"inLanguage":"fr-FR"},{"@type":"Organization","@id":"https:\/\/www.ondernemendvenlo.nl\/#organization","name":"Venlo entrepreneurial","url":"https:\/\/www.ondernemendvenlo.nl\/","logo":{"@type":"ImageObject","inLanguage":"fr-FR","@id":"https:\/\/www.ondernemendvenlo.nl\/#\/schema\/logo\/image\/","url":"https:\/\/www.ondernemendvenlo.nl\/wp-content\/uploads\/2025\/02\/Ondernemend-Venlo-logo-scaled.webp","contentUrl":"https:\/\/www.ondernemendvenlo.nl\/wp-content\/uploads\/2025\/02\/Ondernemend-Venlo-logo-scaled.webp","width":2560,"height":1010,"caption":"Ondernemend Venlo"},"image":{"@id":"https:\/\/www.ondernemendvenlo.nl\/#\/schema\/logo\/image\/"},"sameAs":["https:\/\/www.linkedin.com\/company\/ondernemend-venlo\/"]},{"@type":"Person","@id":"https:\/\/www.ondernemendvenlo.nl\/#\/schema\/person\/347e935f8ad4c7030608ef74bb57aa6e","name":"admin","image":{"@type":"ImageObject","inLanguage":"fr-FR","@id":"https:\/\/www.ondernemendvenlo.nl\/#\/schema\/person\/image\/","url":"https:\/\/www.ondernemendvenlo.nl\/wp-content\/litespeed\/avatar\/720af750b037aecf6e33e12833479059.jpg?ver=1777382954","contentUrl":"https:\/\/www.ondernemendvenlo.nl\/wp-content\/litespeed\/avatar\/720af750b037aecf6e33e12833479059.jpg?ver=1777382954","caption":"admin"},"sameAs":["https:\/\/www.ondernemendvenlo.nl"]}]}},"_links":{"self":[{"href":"https:\/\/www.ondernemendvenlo.nl\/fr\/wp-json\/wp\/v2\/posts\/2528","targetHints":{"allow":["GET"]}}],"collection":[{"href":"https:\/\/www.ondernemendvenlo.nl\/fr\/wp-json\/wp\/v2\/posts"}],"about":[{"href":"https:\/\/www.ondernemendvenlo.nl\/fr\/wp-json\/wp\/v2\/types\/post"}],"author":[{"embeddable":true,"href":"https:\/\/www.ondernemendvenlo.nl\/fr\/wp-json\/wp\/v2\/users\/1"}],"replies":[{"embeddable":true,"href":"https:\/\/www.ondernemendvenlo.nl\/fr\/wp-json\/wp\/v2\/comments?post=2528"}],"version-history":[{"count":0,"href":"https:\/\/www.ondernemendvenlo.nl\/fr\/wp-json\/wp\/v2\/posts\/2528\/revisions"}],"wp:featuredmedia":[{"embeddable":true,"href":"https:\/\/www.ondernemendvenlo.nl\/fr\/wp-json\/wp\/v2\/media\/2529"}],"wp:attachment":[{"href":"https:\/\/www.ondernemendvenlo.nl\/fr\/wp-json\/wp\/v2\/media?parent=2528"}],"wp:term":[{"taxonomy":"category","embeddable":true,"href":"https:\/\/www.ondernemendvenlo.nl\/fr\/wp-json\/wp\/v2\/categories?post=2528"},{"taxonomy":"post_tag","embeddable":true,"href":"https:\/\/www.ondernemendvenlo.nl\/fr\/wp-json\/wp\/v2\/tags?post=2528"}],"curies":[{"name":"wp","href":"https:\/\/api.w.org\/{rel}","templated":true}]}}