{"id":2536,"date":"2021-06-30T09:41:09","date_gmt":"2021-06-30T07:41:09","guid":{"rendered":"https:\/\/www.ondernemendvenlo.nl\/doet-u-mee-met-camera-in-beeld\/"},"modified":"2021-06-30T09:41:09","modified_gmt":"2021-06-30T07:41:09","slug":"doet-u-mee-met-camera-in-beeld","status":"publish","type":"post","link":"https:\/\/www.ondernemendvenlo.nl\/fr\/doet-u-mee-met-camera-in-beeld\/","title":{"rendered":"Participez-vous \u00e0 Cam\u00e9ra en images ?"},"content":{"rendered":"<p><strong>Contribuez \u00e0 rendre votre parc d'activit\u00e9s plus s\u00fbr. Signalez votre cam\u00e9ra <a href=\"https:\/\/www.politie.nl\/onderwerpen\/camera-in-beeld.html\">\u00e0<\/a> sur.<\/strong><\/p>\n<p>Camera in Picture est un syst\u00e8me policier qui affiche toutes les cam\u00e9ras (priv\u00e9es et publiques) sur une carte. Cela permet \u00e0 la police de savoir quelles cam\u00e9ras sont accroch\u00e9es \u00e0 quel endroit et o\u00f9 elles enregistrent. Par exemple, si un cambriolage a eu lieu dans votre quartier, la police consultera le syst\u00e8me pour voir o\u00f9 se trouvent les cam\u00e9ras susceptibles de montrer quelque chose et contactera ensuite le propri\u00e9taire de ces cam\u00e9ras. La police ne regarde donc pas les images en direct.<\/p>\n<p>Par exemple, lors d'un vol, d'un vol de rue ou d'un cambriolage, la police peut tr\u00e8s rapidement voir sur la carte s'il y a des cam\u00e9ras pr\u00e9sentes, qui peuvent avoir enregistr\u00e9 des images de l'incident. Si c'est le cas, la police contactera le propri\u00e9taire de la cam\u00e9ra concern\u00e9e. Camera in Picture permet donc \u00e0 la police de r\u00e9soudre plus rapidement un plus grand nombre d'incidents.<\/p>","protected":false},"excerpt":{"rendered":"<p>Help mee om uw bedrijventerrein veiliger te maken. Meld uw camera aan op. Camera in Beeld is een politiesysteem, die alle (particuliere en overheids-)camera\u2019s op een kaart weergeeft. Zo heeft de politie overzicht van welke camera\u2019s waar hangen en waar zij opnames van maken. Mocht er bijvoorbeeld een inbraak zijn gepleegd in uw wijk, kijkt [&hellip;]<\/p>","protected":false},"author":1,"featured_media":2537,"comment_status":"closed","ping_status":"open","sticky":false,"template":"","format":"standard","meta":{"_acf_changed":false,"footnotes":""},"categories":[8],"tags":[],"class_list":["post-2536","post","type-post","status-publish","format-standard","has-post-thumbnail","hentry","category-nieuws"],"acf":[],"yoast_head":"<!-- This site is optimized with the Yoast SEO plugin v26.3 - https:\/\/yoast.com\/wordpress\/plugins\/seo\/ -->\n<title>Doet u mee met Camera in Beeld? - Ondernemend Venlo<\/title>\n<meta name=\"robots\" content=\"index, follow, max-snippet:-1, max-image-preview:large, max-video-preview:-1\" \/>\n<link rel=\"canonical\" href=\"https:\/\/www.ondernemendvenlo.nl\/fr\/doet-u-mee-met-camera-in-beeld\/\" \/>\n<meta property=\"og:locale\" content=\"fr_FR\" \/>\n<meta property=\"og:type\" content=\"article\" \/>\n<meta property=\"og:title\" content=\"Doet u mee met Camera in Beeld? - Ondernemend Venlo\" \/>\n<meta property=\"og:description\" content=\"Help mee om uw bedrijventerrein veiliger te maken. Meld uw camera aan op. Camera in Beeld is een politiesysteem, die alle (particuliere en overheids-)camera\u2019s op een kaart weergeeft. Zo heeft de politie overzicht van welke camera\u2019s waar hangen en waar zij opnames van maken. Mocht er bijvoorbeeld een inbraak zijn gepleegd in uw wijk, kijkt [&hellip;]\" \/>\n<meta property=\"og:url\" content=\"https:\/\/www.ondernemendvenlo.nl\/fr\/doet-u-mee-met-camera-in-beeld\/\" \/>\n<meta property=\"og:site_name\" content=\"Ondernemend Venlo\" \/>\n<meta property=\"article:published_time\" content=\"2021-06-30T07:41:09+00:00\" \/>\n<meta property=\"og:image\" content=\"https:\/\/www.ondernemendvenlo.nl\/wp-content\/uploads\/2025\/04\/IMG_6504.jpg\" \/>\n\t<meta property=\"og:image:width\" content=\"849\" \/>\n\t<meta property=\"og:image:height\" content=\"565\" \/>\n\t<meta property=\"og:image:type\" content=\"image\/jpeg\" \/>\n<meta name=\"author\" content=\"admin\" \/>\n<meta name=\"twitter:card\" content=\"summary_large_image\" \/>\n<meta name=\"twitter:label1\" content=\"\u00c9crit par\" \/>\n\t<meta name=\"twitter:data1\" content=\"admin\" \/>\n\t<meta name=\"twitter:label2\" content=\"Dur\u00e9e de lecture estim\u00e9e\" \/>\n\t<meta name=\"twitter:data2\" content=\"1 minute\" \/>\n<script type=\"application\/ld+json\" class=\"yoast-schema-graph\">{\"@context\":\"https:\/\/schema.org\",\"@graph\":[{\"@type\":\"Article\",\"@id\":\"https:\/\/www.ondernemendvenlo.nl\/doet-u-mee-met-camera-in-beeld\/#article\",\"isPartOf\":{\"@id\":\"https:\/\/www.ondernemendvenlo.nl\/doet-u-mee-met-camera-in-beeld\/\"},\"author\":{\"name\":\"admin\",\"@id\":\"https:\/\/www.ondernemendvenlo.nl\/#\/schema\/person\/347e935f8ad4c7030608ef74bb57aa6e\"},\"headline\":\"Doet u mee met Camera in Beeld?\",\"datePublished\":\"2021-06-30T07:41:09+00:00\",\"mainEntityOfPage\":{\"@id\":\"https:\/\/www.ondernemendvenlo.nl\/doet-u-mee-met-camera-in-beeld\/\"},\"wordCount\":168,\"publisher\":{\"@id\":\"https:\/\/www.ondernemendvenlo.nl\/#organization\"},\"image\":{\"@id\":\"https:\/\/www.ondernemendvenlo.nl\/doet-u-mee-met-camera-in-beeld\/#primaryimage\"},\"thumbnailUrl\":\"https:\/\/www.ondernemendvenlo.nl\/wp-content\/uploads\/2025\/04\/IMG_6504.jpg\",\"articleSection\":[\"Nieuws\"],\"inLanguage\":\"fr-FR\"},{\"@type\":\"WebPage\",\"@id\":\"https:\/\/www.ondernemendvenlo.nl\/doet-u-mee-met-camera-in-beeld\/\",\"url\":\"https:\/\/www.ondernemendvenlo.nl\/doet-u-mee-met-camera-in-beeld\/\",\"name\":\"Doet u mee met Camera in Beeld? - Ondernemend Venlo\",\"isPartOf\":{\"@id\":\"https:\/\/www.ondernemendvenlo.nl\/#website\"},\"primaryImageOfPage\":{\"@id\":\"https:\/\/www.ondernemendvenlo.nl\/doet-u-mee-met-camera-in-beeld\/#primaryimage\"},\"image\":{\"@id\":\"https:\/\/www.ondernemendvenlo.nl\/doet-u-mee-met-camera-in-beeld\/#primaryimage\"},\"thumbnailUrl\":\"https:\/\/www.ondernemendvenlo.nl\/wp-content\/uploads\/2025\/04\/IMG_6504.jpg\",\"datePublished\":\"2021-06-30T07:41:09+00:00\",\"breadcrumb\":{\"@id\":\"https:\/\/www.ondernemendvenlo.nl\/doet-u-mee-met-camera-in-beeld\/#breadcrumb\"},\"inLanguage\":\"fr-FR\",\"potentialAction\":[{\"@type\":\"ReadAction\",\"target\":[\"https:\/\/www.ondernemendvenlo.nl\/doet-u-mee-met-camera-in-beeld\/\"]}]},{\"@type\":\"ImageObject\",\"inLanguage\":\"fr-FR\",\"@id\":\"https:\/\/www.ondernemendvenlo.nl\/doet-u-mee-met-camera-in-beeld\/#primaryimage\",\"url\":\"https:\/\/www.ondernemendvenlo.nl\/wp-content\/uploads\/2025\/04\/IMG_6504.jpg\",\"contentUrl\":\"https:\/\/www.ondernemendvenlo.nl\/wp-content\/uploads\/2025\/04\/IMG_6504.jpg\",\"width\":849,\"height\":565},{\"@type\":\"BreadcrumbList\",\"@id\":\"https:\/\/www.ondernemendvenlo.nl\/doet-u-mee-met-camera-in-beeld\/#breadcrumb\",\"itemListElement\":[{\"@type\":\"ListItem\",\"position\":1,\"name\":\"Ondernemend Venlo\",\"item\":\"https:\/\/www.ondernemendvenlo.nl\/\"},{\"@type\":\"ListItem\",\"position\":2,\"name\":\"Nieuws\",\"item\":\"https:\/\/www.ondernemendvenlo.nl\/categorie\/nieuws\/\"},{\"@type\":\"ListItem\",\"position\":3,\"name\":\"Doet u mee met Camera in Beeld?\"}]},{\"@type\":\"WebSite\",\"@id\":\"https:\/\/www.ondernemendvenlo.nl\/#website\",\"url\":\"https:\/\/www.ondernemendvenlo.nl\/\",\"name\":\"Ondernemend Venlo\",\"description\":\"Samen succesvol ondernemen\",\"publisher\":{\"@id\":\"https:\/\/www.ondernemendvenlo.nl\/#organization\"},\"potentialAction\":[{\"@type\":\"SearchAction\",\"target\":{\"@type\":\"EntryPoint\",\"urlTemplate\":\"https:\/\/www.ondernemendvenlo.nl\/?s={search_term_string}\"},\"query-input\":{\"@type\":\"PropertyValueSpecification\",\"valueRequired\":true,\"valueName\":\"search_term_string\"}}],\"inLanguage\":\"fr-FR\"},{\"@type\":\"Organization\",\"@id\":\"https:\/\/www.ondernemendvenlo.nl\/#organization\",\"name\":\"Ondernemend Venlo\",\"url\":\"https:\/\/www.ondernemendvenlo.nl\/\",\"logo\":{\"@type\":\"ImageObject\",\"inLanguage\":\"fr-FR\",\"@id\":\"https:\/\/www.ondernemendvenlo.nl\/#\/schema\/logo\/image\/\",\"url\":\"https:\/\/www.ondernemendvenlo.nl\/wp-content\/uploads\/2025\/02\/Ondernemend-Venlo-logo-scaled.webp\",\"contentUrl\":\"https:\/\/www.ondernemendvenlo.nl\/wp-content\/uploads\/2025\/02\/Ondernemend-Venlo-logo-scaled.webp\",\"width\":2560,\"height\":1010,\"caption\":\"Ondernemend Venlo\"},\"image\":{\"@id\":\"https:\/\/www.ondernemendvenlo.nl\/#\/schema\/logo\/image\/\"},\"sameAs\":[\"https:\/\/www.linkedin.com\/company\/ondernemend-venlo\/\"]},{\"@type\":\"Person\",\"@id\":\"https:\/\/www.ondernemendvenlo.nl\/#\/schema\/person\/347e935f8ad4c7030608ef74bb57aa6e\",\"name\":\"admin\",\"image\":{\"@type\":\"ImageObject\",\"inLanguage\":\"fr-FR\",\"@id\":\"https:\/\/www.ondernemendvenlo.nl\/#\/schema\/person\/image\/\",\"url\":\"https:\/\/www.ondernemendvenlo.nl\/wp-content\/litespeed\/avatar\/720af750b037aecf6e33e12833479059.jpg?ver=1777382954\",\"contentUrl\":\"https:\/\/www.ondernemendvenlo.nl\/wp-content\/litespeed\/avatar\/720af750b037aecf6e33e12833479059.jpg?ver=1777382954\",\"caption\":\"admin\"},\"sameAs\":[\"https:\/\/www.ondernemendvenlo.nl\"]}]}<\/script>\n<!-- \/ Yoast SEO plugin. -->","yoast_head_json":{"title":"Doet u mee met Camera in Beeld? - Ondernemend Venlo","robots":{"index":"index","follow":"follow","max-snippet":"max-snippet:-1","max-image-preview":"max-image-preview:large","max-video-preview":"max-video-preview:-1"},"canonical":"https:\/\/www.ondernemendvenlo.nl\/fr\/doet-u-mee-met-camera-in-beeld\/","og_locale":"fr_FR","og_type":"article","og_title":"Doet u mee met Camera in Beeld? - Ondernemend Venlo","og_description":"Help mee om uw bedrijventerrein veiliger te maken. Meld uw camera aan op. Camera in Beeld is een politiesysteem, die alle (particuliere en overheids-)camera\u2019s op een kaart weergeeft. Zo heeft de politie overzicht van welke camera\u2019s waar hangen en waar zij opnames van maken. Mocht er bijvoorbeeld een inbraak zijn gepleegd in uw wijk, kijkt [&hellip;]","og_url":"https:\/\/www.ondernemendvenlo.nl\/fr\/doet-u-mee-met-camera-in-beeld\/","og_site_name":"Ondernemend Venlo","article_published_time":"2021-06-30T07:41:09+00:00","og_image":[{"width":849,"height":565,"url":"https:\/\/www.ondernemendvenlo.nl\/wp-content\/uploads\/2025\/04\/IMG_6504.jpg","type":"image\/jpeg"}],"author":"admin","twitter_card":"summary_large_image","twitter_misc":{"\u00c9crit par":"admin","Dur\u00e9e de lecture estim\u00e9e":"1 minute"},"schema":{"@context":"https:\/\/schema.org","@graph":[{"@type":"Article","@id":"https:\/\/www.ondernemendvenlo.nl\/doet-u-mee-met-camera-in-beeld\/#article","isPartOf":{"@id":"https:\/\/www.ondernemendvenlo.nl\/doet-u-mee-met-camera-in-beeld\/"},"author":{"name":"admin","@id":"https:\/\/www.ondernemendvenlo.nl\/#\/schema\/person\/347e935f8ad4c7030608ef74bb57aa6e"},"headline":"Doet u mee met Camera in Beeld?","datePublished":"2021-06-30T07:41:09+00:00","mainEntityOfPage":{"@id":"https:\/\/www.ondernemendvenlo.nl\/doet-u-mee-met-camera-in-beeld\/"},"wordCount":168,"publisher":{"@id":"https:\/\/www.ondernemendvenlo.nl\/#organization"},"image":{"@id":"https:\/\/www.ondernemendvenlo.nl\/doet-u-mee-met-camera-in-beeld\/#primaryimage"},"thumbnailUrl":"https:\/\/www.ondernemendvenlo.nl\/wp-content\/uploads\/2025\/04\/IMG_6504.jpg","articleSection":["Nieuws"],"inLanguage":"fr-FR"},{"@type":"WebPage","@id":"https:\/\/www.ondernemendvenlo.nl\/doet-u-mee-met-camera-in-beeld\/","url":"https:\/\/www.ondernemendvenlo.nl\/doet-u-mee-met-camera-in-beeld\/","name":"Doet u mee met Camera in Beeld? - Ondernemend Venlo","isPartOf":{"@id":"https:\/\/www.ondernemendvenlo.nl\/#website"},"primaryImageOfPage":{"@id":"https:\/\/www.ondernemendvenlo.nl\/doet-u-mee-met-camera-in-beeld\/#primaryimage"},"image":{"@id":"https:\/\/www.ondernemendvenlo.nl\/doet-u-mee-met-camera-in-beeld\/#primaryimage"},"thumbnailUrl":"https:\/\/www.ondernemendvenlo.nl\/wp-content\/uploads\/2025\/04\/IMG_6504.jpg","datePublished":"2021-06-30T07:41:09+00:00","breadcrumb":{"@id":"https:\/\/www.ondernemendvenlo.nl\/doet-u-mee-met-camera-in-beeld\/#breadcrumb"},"inLanguage":"fr-FR","potentialAction":[{"@type":"ReadAction","target":["https:\/\/www.ondernemendvenlo.nl\/doet-u-mee-met-camera-in-beeld\/"]}]},{"@type":"ImageObject","inLanguage":"fr-FR","@id":"https:\/\/www.ondernemendvenlo.nl\/doet-u-mee-met-camera-in-beeld\/#primaryimage","url":"https:\/\/www.ondernemendvenlo.nl\/wp-content\/uploads\/2025\/04\/IMG_6504.jpg","contentUrl":"https:\/\/www.ondernemendvenlo.nl\/wp-content\/uploads\/2025\/04\/IMG_6504.jpg","width":849,"height":565},{"@type":"BreadcrumbList","@id":"https:\/\/www.ondernemendvenlo.nl\/doet-u-mee-met-camera-in-beeld\/#breadcrumb","itemListElement":[{"@type":"ListItem","position":1,"name":"Ondernemend Venlo","item":"https:\/\/www.ondernemendvenlo.nl\/"},{"@type":"ListItem","position":2,"name":"Nieuws","item":"https:\/\/www.ondernemendvenlo.nl\/categorie\/nieuws\/"},{"@type":"ListItem","position":3,"name":"Doet u mee met Camera in Beeld?"}]},{"@type":"WebSite","@id":"https:\/\/www.ondernemendvenlo.nl\/#website","url":"https:\/\/www.ondernemendvenlo.nl\/","name":"Venlo entrepreneurial","description":"Travailler ensemble avec succ\u00e8s","publisher":{"@id":"https:\/\/www.ondernemendvenlo.nl\/#organization"},"potentialAction":[{"@type":"SearchAction","target":{"@type":"EntryPoint","urlTemplate":"https:\/\/www.ondernemendvenlo.nl\/?s={search_term_string}"},"query-input":{"@type":"PropertyValueSpecification","valueRequired":true,"valueName":"search_term_string"}}],"inLanguage":"fr-FR"},{"@type":"Organization","@id":"https:\/\/www.ondernemendvenlo.nl\/#organization","name":"Venlo entrepreneurial","url":"https:\/\/www.ondernemendvenlo.nl\/","logo":{"@type":"ImageObject","inLanguage":"fr-FR","@id":"https:\/\/www.ondernemendvenlo.nl\/#\/schema\/logo\/image\/","url":"https:\/\/www.ondernemendvenlo.nl\/wp-content\/uploads\/2025\/02\/Ondernemend-Venlo-logo-scaled.webp","contentUrl":"https:\/\/www.ondernemendvenlo.nl\/wp-content\/uploads\/2025\/02\/Ondernemend-Venlo-logo-scaled.webp","width":2560,"height":1010,"caption":"Ondernemend Venlo"},"image":{"@id":"https:\/\/www.ondernemendvenlo.nl\/#\/schema\/logo\/image\/"},"sameAs":["https:\/\/www.linkedin.com\/company\/ondernemend-venlo\/"]},{"@type":"Person","@id":"https:\/\/www.ondernemendvenlo.nl\/#\/schema\/person\/347e935f8ad4c7030608ef74bb57aa6e","name":"admin","image":{"@type":"ImageObject","inLanguage":"fr-FR","@id":"https:\/\/www.ondernemendvenlo.nl\/#\/schema\/person\/image\/","url":"https:\/\/www.ondernemendvenlo.nl\/wp-content\/litespeed\/avatar\/720af750b037aecf6e33e12833479059.jpg?ver=1777382954","contentUrl":"https:\/\/www.ondernemendvenlo.nl\/wp-content\/litespeed\/avatar\/720af750b037aecf6e33e12833479059.jpg?ver=1777382954","caption":"admin"},"sameAs":["https:\/\/www.ondernemendvenlo.nl"]}]}},"_links":{"self":[{"href":"https:\/\/www.ondernemendvenlo.nl\/fr\/wp-json\/wp\/v2\/posts\/2536","targetHints":{"allow":["GET"]}}],"collection":[{"href":"https:\/\/www.ondernemendvenlo.nl\/fr\/wp-json\/wp\/v2\/posts"}],"about":[{"href":"https:\/\/www.ondernemendvenlo.nl\/fr\/wp-json\/wp\/v2\/types\/post"}],"author":[{"embeddable":true,"href":"https:\/\/www.ondernemendvenlo.nl\/fr\/wp-json\/wp\/v2\/users\/1"}],"replies":[{"embeddable":true,"href":"https:\/\/www.ondernemendvenlo.nl\/fr\/wp-json\/wp\/v2\/comments?post=2536"}],"version-history":[{"count":0,"href":"https:\/\/www.ondernemendvenlo.nl\/fr\/wp-json\/wp\/v2\/posts\/2536\/revisions"}],"wp:featuredmedia":[{"embeddable":true,"href":"https:\/\/www.ondernemendvenlo.nl\/fr\/wp-json\/wp\/v2\/media\/2537"}],"wp:attachment":[{"href":"https:\/\/www.ondernemendvenlo.nl\/fr\/wp-json\/wp\/v2\/media?parent=2536"}],"wp:term":[{"taxonomy":"category","embeddable":true,"href":"https:\/\/www.ondernemendvenlo.nl\/fr\/wp-json\/wp\/v2\/categories?post=2536"},{"taxonomy":"post_tag","embeddable":true,"href":"https:\/\/www.ondernemendvenlo.nl\/fr\/wp-json\/wp\/v2\/tags?post=2536"}],"curies":[{"name":"wp","href":"https:\/\/api.w.org\/{rel}","templated":true}]}}